{"id":41292,"date":"2025-07-11T00:11:10","date_gmt":"2025-07-11T05:11:10","guid":{"rendered":"https:\/\/transformarqroo.com\/?p=41292"},"modified":"2025-07-24T00:28:45","modified_gmt":"2025-07-24T05:28:45","slug":"invitan-al-curso-de-verano-mis-vacaciones-en-la-biblioteca-2025-para-ninas-y-ninos-de-playa-del-carmen","status":"publish","type":"post","link":"https:\/\/transformarqroo.com\/index.php\/2025\/07\/11\/invitan-al-curso-de-verano-mis-vacaciones-en-la-biblioteca-2025-para-ninas-y-ninos-de-playa-del-carmen\/","title":{"rendered":"INVITAN AL CURSO DE VERANO \u201cMIS VACACIONES EN LA BIBLIOTECA 2025\u201d PARA NI\u00d1AS Y NI\u00d1OS DE PLAYA DEL CARMEN"},"content":{"rendered":"\t\t<div data-elementor-type=\"wp-post\" data-elementor-id=\"41292\" class=\"elementor elementor-41292\" data-elementor-post-type=\"post\">\n\t\t\t\t\t\t<section class=\"elementor-section elementor-top-section elementor-element elementor-element-1447ca1 elementor-section-boxed elementor-section-height-default elementor-section-height-default\" data-id=\"1447ca1\" data-element_type=\"section\">\n\t\t\t\t\t\t<div class=\"elementor-container elementor-column-gap-default\">\n\t\t\t\t\t<div class=\"elementor-column elementor-col-100 elementor-top-column elementor-element elementor-element-150f8044\" data-id=\"150f8044\" data-element_type=\"column\">\n\t\t\t<div class=\"elementor-widget-wrap elementor-element-populated\">\n\t\t\t\t\t\t<div class=\"elementor-element elementor-element-3fc40673 elementor-widget elementor-widget-premium-addon-banner\" data-id=\"3fc40673\" data-element_type=\"widget\" data-widget_type=\"premium-addon-banner.default\">\n\t\t\t\t<div class=\"elementor-widget-container\">\n\t\t\t\t\t<div class=\"premium-banner-ib premium-banner-min-height premium-banner-animation7 none\">\r\n\t\t\t\t\t\t\t<div class=\"premium-banner-border\">\r\n\t\t\t\t\t<div class=\"premium-banner-br premium-banner-bleft premium-banner-brlr\"><\/div>\r\n\t\t\t\t\t<div class=\"premium-banner-br premium-banner-bright premium-banner-brlr\"><\/div>\r\n\t\t\t\t\t<div class=\"premium-banner-br premium-banner-btop premium-banner-brtb\"><\/div>\r\n\t\t\t\t\t<div class=\"premium-banner-br premium-banner-bottom premium-banner-brtb\"><\/div>\r\n\t\t\t\t<\/div>\r\n\t\t\t\t\t\t\t\t\t\t\t\t\t\t\t<img fetchpriority=\"high\" decoding=\"async\" width=\"768\" height=\"960\" src=\"https:\/\/transformarqroo.com\/wp-content\/uploads\/2025\/07\/Playa-11_Jul.jpg\" class=\"attachment-full size-full wp-image-41293\" alt=\"\" srcset=\"https:\/\/transformarqroo.com\/wp-content\/uploads\/2025\/07\/Playa-11_Jul.jpg 768w, https:\/\/transformarqroo.com\/wp-content\/uploads\/2025\/07\/Playa-11_Jul-240x300.jpg 240w, https:\/\/transformarqroo.com\/wp-content\/uploads\/2025\/07\/Playa-11_Jul-100x125.jpg 100w\" sizes=\"(max-width: 768px) 100vw, 768px\" \/>\t\t\t\t\t\t\t\t\t\t<div class=\"premium-banner-ib-desc\">\r\n\t\t\t\t\t\t\t\t\t<div class=\"premium-banner-desc-centered\">\r\n\t\t\t\t\t\t\t\t\t<h3 class=\"premium-banner-ib-title premium_banner_title\"><\/h3>\t\t\t\t\t\t\t\t\t\t\t\t\t<\/div>\r\n\t\t\t\t\t\t\t<\/div>\r\n\t\t\t\t\t<\/div>\r\n\t\t\t\t\t\t<\/div>\n\t\t\t\t<\/div>\n\t\t\t\t\t<\/div>\n\t\t<\/div>\n\t\t\t\t\t<\/div>\n\t\t<\/section>\n\t\t\t\t<section class=\"elementor-section elementor-top-section elementor-element elementor-element-7d673344 elementor-section-boxed elementor-section-height-default elementor-section-height-default\" data-id=\"7d673344\" data-element_type=\"section\" data-settings=\"{&quot;background_background&quot;:&quot;classic&quot;}\">\n\t\t\t\t\t\t<div class=\"elementor-container elementor-column-gap-default\">\n\t\t\t\t\t<div class=\"elementor-column elementor-col-100 elementor-top-column elementor-element elementor-element-6ada0119\" data-id=\"6ada0119\" data-element_type=\"column\">\n\t\t\t<div class=\"elementor-widget-wrap elementor-element-populated\">\n\t\t\t\t\t\t<div class=\"elementor-element elementor-element-540ce449 premium-title-icon-row premium-title-color elementor-widget elementor-widget-premium-addon-title\" data-id=\"540ce449\" data-element_type=\"widget\" data-widget_type=\"premium-addon-title.default\">\n\t\t\t\t<div class=\"elementor-widget-container\">\n\t\t\t\r\n\t\t<div class=\"premium-title-container style2\">\r\n\t\t\t<h5 class=\"premium-title-header premium-title-style2\">\r\n\t\t\t\t\r\n\t\t\t\t\t\t\t\t\t\t\t\t\t\t\t<div class=\"premium-title-icon premium-lottie-animation\" data-lottie-url=\"https:\/\/assets8.lottiefiles.com\/packages\/lf20_pcfclxy8.json\" data-lottie-loop=\"true\" data-lottie-reverse=\"\"><\/div>\r\n\t\t\t\t\t\t\t\t\t\r\n\t\t\t\t\t\t\t\t\t\t\t\t<span class=\"premium-title-text\" >\r\n\t\t\t\t\t\t\t\t\t<\/span>\r\n\t\t\t\t\t\r\n\t\t\t\t\t\t\t\t\t\t\t<\/h5>\r\n\t\t<\/div>\r\n\r\n\t\t\t\t<\/div>\n\t\t\t\t<\/div>\n\t\t\t\t\t<\/div>\n\t\t<\/div>\n\t\t\t\t\t<\/div>\n\t\t<\/section>\n\t\t\t\t<section class=\"elementor-section elementor-top-section elementor-element elementor-element-4d51ee95 elementor-section-boxed elementor-section-height-default elementor-section-height-default\" data-id=\"4d51ee95\" data-element_type=\"section\">\n\t\t\t\t\t\t<div class=\"elementor-container elementor-column-gap-default\">\n\t\t\t\t\t<div class=\"elementor-column elementor-col-100 elementor-top-column elementor-element elementor-element-31ad5075\" data-id=\"31ad5075\" data-element_type=\"column\">\n\t\t\t<div class=\"elementor-widget-wrap elementor-element-populated\">\n\t\t\t\t\t\t<div class=\"elementor-element elementor-element-77f51341 elementor-widget elementor-widget-text-editor\" data-id=\"77f51341\" data-element_type=\"widget\" data-widget_type=\"text-editor.default\">\n\t\t\t\t<div class=\"elementor-widget-container\">\n\t\t\t\t\t\t\t<p><span style=\"font-weight: 400;\">Playa del Carmen, Quintana Roo, 11 de julio de 2025. \u2014 Con el objetivo de ofrecer espacios seguros, creativos y formativos durante el receso escolar, el Gobierno Municipal que encabeza la presidenta Estefan\u00eda Mercado invita a todas las ni\u00f1as y ni\u00f1os de entre 6 y 12 a\u00f1os a participar en el tradicional curso de verano \u201cMis Vacaciones en la Biblioteca 2025\u201d, que dar\u00e1 inicio el pr\u00f3ximo 21 de julio en las tres bibliotecas p\u00fablicas del municipio.<\/span><\/p><p>\u00a0<\/p><p><span style=\"font-weight: 400;\">Este programa gratuito, organizado por la Direcci\u00f3n de Educaci\u00f3n, Desarrollo Humano y Bibliotecas P\u00fablicas, busca fomentar el amor por la lectura a trav\u00e9s de actividades l\u00fadicas, culturales y art\u00edsticas que despiertan la imaginaci\u00f3n, fortalecen el pensamiento creativo y promueven valores como la cooperaci\u00f3n y el respeto.<\/span><\/p><p>\u00a0<\/p><p><span style=\"font-weight: 400;\">El curso se llevar\u00e1 a cabo de lunes a viernes, de 9:00 a 12:00 horas, con una duraci\u00f3n de tres semanas. Al respecto, el director de la dependencia, Manuel Jes\u00fas Lizama Guerrero, explic\u00f3 que las y los participantes podr\u00e1n disfrutar de talleres de creatividad literaria, juegos tradicionales, refranes, pintura, manualidades, m\u00fasica, baile, narraciones orales y muchas otras din\u00e1micas dise\u00f1adas especialmente para estimular su desarrollo integral en un entorno de convivencia sana y divertida.<\/span><\/p><p>\u00a0<\/p><p><span style=\"font-weight: 400;\">Las inscripciones est\u00e1n abiertas hasta el 18 de julio, y deben realizarse de forma presencial en la recepci\u00f3n de cada biblioteca, en horario de 8:30 a 20:30 horas, de lunes a viernes. El cupo es limitado, por lo que se recomienda a madres, padres y tutores acudir con anticipaci\u00f3n.<\/span><\/p><p>\u00a0<\/p><p><span style=\"font-weight: 400;\">Sedes del curso:<\/span><\/p><ul><li><span style=\"font-weight: 400;\">Biblioteca \u201cJaime Torres Bodet\u201d: Avenida 30 entre calles 76 y 78, colonia Luis Donaldo Colosio.<\/span><\/li><li><span style=\"font-weight: 400;\">Biblioteca \u201cLeona Vicario\u201d: Calle 15 entre Avenida Ju\u00e1rez y 2 Norte, colonia Centro.<\/span><\/li><li><span style=\"font-weight: 400;\">Biblioteca \u201c\u00c1ngeles Mastreta\u201d: Calle Chech\u00e9n esquina calle Ciricote, alcald\u00eda de Puerto Aventuras.<\/span><\/li><\/ul><p>\u00a0<\/p><p><span style=\"font-weight: 400;\">Con estas acciones, el Gobierno Municipal de Playa del Carmen reafirma su compromiso con el impulso a la educaci\u00f3n, el arte y la cultura, generando oportunidades de aprendizaje durante el verano para las nuevas generaciones.<\/span><\/p>\t\t\t\t\t\t<\/div>\n\t\t\t\t<\/div>\n\t\t\t\t\t<\/div>\n\t\t<\/div>\n\t\t\t\t\t<\/div>\n\t\t<\/section>\n\t\t\t\t<section class=\"elementor-section elementor-top-section elementor-element elementor-element-12723485 elementor-section-boxed elementor-section-height-default elementor-section-height-default\" data-id=\"12723485\" data-element_type=\"section\">\n\t\t\t\t\t\t<div class=\"elementor-container elementor-column-gap-default\">\n\t\t\t\t\t<div class=\"elementor-column elementor-col-100 elementor-top-column elementor-element elementor-element-6685ab83\" data-id=\"6685ab83\" data-element_type=\"column\">\n\t\t\t<div class=\"elementor-widget-wrap elementor-element-populated\">\n\t\t\t\t\t\t<div class=\"elementor-element elementor-element-25627000 elementor-widget elementor-widget-gallery\" data-id=\"25627000\" data-element_type=\"widget\" data-settings=\"{&quot;gallery_layout&quot;:&quot;justified&quot;,&quot;lazyload&quot;:&quot;yes&quot;,&quot;ideal_row_height&quot;:{&quot;unit&quot;:&quot;px&quot;,&quot;size&quot;:200,&quot;sizes&quot;:[]},&quot;ideal_row_height_tablet&quot;:{&quot;unit&quot;:&quot;px&quot;,&quot;size&quot;:150,&quot;sizes&quot;:[]},&quot;ideal_row_height_mobile&quot;:{&quot;unit&quot;:&quot;px&quot;,&quot;size&quot;:150,&quot;sizes&quot;:[]},&quot;gap&quot;:{&quot;unit&quot;:&quot;px&quot;,&quot;size&quot;:10,&quot;sizes&quot;:[]},&quot;gap_tablet&quot;:{&quot;unit&quot;:&quot;px&quot;,&quot;size&quot;:10,&quot;sizes&quot;:[]},&quot;gap_mobile&quot;:{&quot;unit&quot;:&quot;px&quot;,&quot;size&quot;:10,&quot;sizes&quot;:[]},&quot;link_to&quot;:&quot;file&quot;,&quot;overlay_background&quot;:&quot;yes&quot;,&quot;content_hover_animation&quot;:&quot;fade-in&quot;}\" data-widget_type=\"gallery.default\">\n\t\t\t\t<div class=\"elementor-widget-container\">\n\t\t\t\t\t<div class=\"elementor-gallery__container\">\n\t\t\t\t\t\t\t<a class=\"e-gallery-item elementor-gallery-item elementor-animated-content\" href=\"https:\/\/transformarqroo.com\/wp-content\/uploads\/2025\/07\/Playa-11_Jul.jpg\" data-elementor-open-lightbox=\"yes\" data-elementor-lightbox-slideshow=\"25627000\" data-elementor-lightbox-title=\"Playa 11_Jul\" data-e-action-hash=\"#elementor-action%3Aaction%3Dlightbox%26settings%3DeyJpZCI6NDEyOTMsInVybCI6Imh0dHBzOlwvXC90cmFuc2Zvcm1hcnFyb28uY29tXC93cC1jb250ZW50XC91cGxvYWRzXC8yMDI1XC8wN1wvUGxheWEtMTFfSnVsLmpwZyIsInNsaWRlc2hvdyI6IjI1NjI3MDAwIn0%3D\">\n\t\t\t\t\t<div class=\"e-gallery-image elementor-gallery-item__image\" data-thumbnail=\"https:\/\/transformarqroo.com\/wp-content\/uploads\/2025\/07\/Playa-11_Jul.jpg\" data-width=\"768\" data-height=\"960\" aria-label=\"\" role=\"img\" ><\/div>\n\t\t\t\t\t\t\t\t\t\t\t<div class=\"elementor-gallery-item__overlay\"><\/div>\n\t\t\t\t\t\t\t\t\t\t\t\t\t\t<\/a>\n\t\t\t\t\t<\/div>\n\t\t\t<\/div>\n\t\t\t\t<\/div>\n\t\t\t\t\t<\/div>\n\t\t<\/div>\n\t\t\t\t\t<\/div>\n\t\t<\/section>\n\t\t\t\t<\/div>\n\t\t","protected":false},"excerpt":{"rendered":"<p>Playa del Carmen, Quintana Roo, 11 de julio de 2025. \u2014 Con el objetivo de ofrecer espacios seguros, creativos y formativos durante el receso escolar, el Gobierno Municipal que encabeza la presidenta Estefan\u00eda Mercado invita a todas las ni\u00f1as y ni\u00f1os de entre 6 y 12 a\u00f1os a participar en el tradicional curso de verano [&hellip;]<\/p>\n","protected":false},"author":1,"featured_media":41293,"comment_status":"closed","ping_status":"closed","sticky":false,"template":"","format":"standard","meta":{"_FSMCFIC_featured_image_caption":"","_FSMCFIC_featured_image_nocaption":"","_FSMCFIC_featured_image_hide":"","footnotes":""},"categories":[32,30],"tags":[],"class_list":["post-41292","post","type-post","status-publish","format-standard","has-post-thumbnail","hentry","category-municipios","category-solidaridad"],"aioseo_notices":[],"_links":{"self":[{"href":"https:\/\/transformarqroo.com\/index.php\/wp-json\/wp\/v2\/posts\/41292","targetHints":{"allow":["GET"]}}],"collection":[{"href":"https:\/\/transformarqroo.com\/index.php\/wp-json\/wp\/v2\/posts"}],"about":[{"href":"https:\/\/transformarqroo.com\/index.php\/wp-json\/wp\/v2\/types\/post"}],"author":[{"embeddable":true,"href":"https:\/\/transformarqroo.com\/index.php\/wp-json\/wp\/v2\/users\/1"}],"replies":[{"embeddable":true,"href":"https:\/\/transformarqroo.com\/index.php\/wp-json\/wp\/v2\/comments?post=41292"}],"version-history":[{"count":4,"href":"https:\/\/transformarqroo.com\/index.php\/wp-json\/wp\/v2\/posts\/41292\/revisions"}],"predecessor-version":[{"id":41310,"href":"https:\/\/transformarqroo.com\/index.php\/wp-json\/wp\/v2\/posts\/41292\/revisions\/41310"}],"wp:featuredmedia":[{"embeddable":true,"href":"https:\/\/transformarqroo.com\/index.php\/wp-json\/wp\/v2\/media\/41293"}],"wp:attachment":[{"href":"https:\/\/transformarqroo.com\/index.php\/wp-json\/wp\/v2\/media?parent=41292"}],"wp:term":[{"taxonomy":"category","embeddable":true,"href":"https:\/\/transformarqroo.com\/index.php\/wp-json\/wp\/v2\/categories?post=41292"},{"taxonomy":"post_tag","embeddable":true,"href":"https:\/\/transformarqroo.com\/index.php\/wp-json\/wp\/v2\/tags?post=41292"}],"curies":[{"name":"wp","href":"https:\/\/api.w.org\/{rel}","templated":true}]}}