{"id":41492,"date":"2025-07-29T20:00:15","date_gmt":"2025-07-30T01:00:15","guid":{"rendered":"https:\/\/transformarqroo.com\/?p=41492"},"modified":"2025-07-31T20:20:13","modified_gmt":"2025-08-01T01:20:13","slug":"en-audiencia-la-voz-del-pueblo-mara-lezama-transforma-vidas-proporciona-bienestar-y-justicia-social-en-bacalar","status":"publish","type":"post","link":"https:\/\/transformarqroo.com\/index.php\/2025\/07\/29\/en-audiencia-la-voz-del-pueblo-mara-lezama-transforma-vidas-proporciona-bienestar-y-justicia-social-en-bacalar\/","title":{"rendered":"EN AUDIENCIA \u201cLA VOZ DEL PUEBLO\u201d, MARA LEZAMA TRANSFORMA VIDAS, PROPORCIONA BIENESTAR Y JUSTICIA SOCIAL EN BACALAR"},"content":{"rendered":"\t\t<div data-elementor-type=\"wp-post\" data-elementor-id=\"41492\" class=\"elementor elementor-41492\" data-elementor-post-type=\"post\">\n\t\t\t\t\t\t<section class=\"elementor-section elementor-top-section elementor-element elementor-element-8998c7e elementor-section-boxed elementor-section-height-default elementor-section-height-default\" data-id=\"8998c7e\" data-element_type=\"section\">\n\t\t\t\t\t\t<div class=\"elementor-container elementor-column-gap-default\">\n\t\t\t\t\t<div class=\"elementor-column elementor-col-100 elementor-top-column elementor-element elementor-element-1fc3c907\" data-id=\"1fc3c907\" data-element_type=\"column\">\n\t\t\t<div class=\"elementor-widget-wrap elementor-element-populated\">\n\t\t\t\t\t\t<div class=\"elementor-element elementor-element-797eb5ad elementor-widget elementor-widget-premium-addon-banner\" data-id=\"797eb5ad\" data-element_type=\"widget\" data-widget_type=\"premium-addon-banner.default\">\n\t\t\t\t<div class=\"elementor-widget-container\">\n\t\t\t\t\t<div class=\"premium-banner-ib premium-banner-min-height premium-banner-animation7 none\">\r\n\t\t\t\t\t\t\t<div class=\"premium-banner-border\">\r\n\t\t\t\t\t<div class=\"premium-banner-br premium-banner-bleft premium-banner-brlr\"><\/div>\r\n\t\t\t\t\t<div class=\"premium-banner-br premium-banner-bright premium-banner-brlr\"><\/div>\r\n\t\t\t\t\t<div class=\"premium-banner-br premium-banner-btop premium-banner-brtb\"><\/div>\r\n\t\t\t\t\t<div class=\"premium-banner-br premium-banner-bottom premium-banner-brtb\"><\/div>\r\n\t\t\t\t<\/div>\r\n\t\t\t\t\t\t\t\t\t\t\t\t\t\t\t<img fetchpriority=\"high\" decoding=\"async\" width=\"2560\" height=\"1707\" src=\"https:\/\/transformarqroo.com\/wp-content\/uploads\/2025\/07\/GOB-29_Jul-scaled.jpg\" class=\"attachment-full size-full wp-image-41528\" alt=\"\" srcset=\"https:\/\/transformarqroo.com\/wp-content\/uploads\/2025\/07\/GOB-29_Jul-scaled.jpg 2560w, https:\/\/transformarqroo.com\/wp-content\/uploads\/2025\/07\/GOB-29_Jul-300x200.jpg 300w, https:\/\/transformarqroo.com\/wp-content\/uploads\/2025\/07\/GOB-29_Jul-1024x683.jpg 1024w, https:\/\/transformarqroo.com\/wp-content\/uploads\/2025\/07\/GOB-29_Jul-768x512.jpg 768w, https:\/\/transformarqroo.com\/wp-content\/uploads\/2025\/07\/GOB-29_Jul-100x67.jpg 100w, https:\/\/transformarqroo.com\/wp-content\/uploads\/2025\/07\/GOB-29_Jul-1536x1024.jpg 1536w, https:\/\/transformarqroo.com\/wp-content\/uploads\/2025\/07\/GOB-29_Jul-2048x1366.jpg 2048w\" sizes=\"(max-width: 2560px) 100vw, 2560px\" \/>\t\t\t\t\t\t\t\t\t\t<div class=\"premium-banner-ib-desc\">\r\n\t\t\t\t\t\t\t\t\t<div class=\"premium-banner-desc-centered\">\r\n\t\t\t\t\t\t\t\t\t<h3 class=\"premium-banner-ib-title premium_banner_title\"><\/h3>\t\t\t\t\t\t\t\t\t\t\t\t\t<\/div>\r\n\t\t\t\t\t\t\t<\/div>\r\n\t\t\t\t\t<\/div>\r\n\t\t\t\t\t\t<\/div>\n\t\t\t\t<\/div>\n\t\t\t\t\t<\/div>\n\t\t<\/div>\n\t\t\t\t\t<\/div>\n\t\t<\/section>\n\t\t\t\t<section class=\"elementor-section elementor-top-section elementor-element elementor-element-6315882 elementor-section-boxed elementor-section-height-default elementor-section-height-default\" data-id=\"6315882\" data-element_type=\"section\" data-settings=\"{&quot;background_background&quot;:&quot;classic&quot;}\">\n\t\t\t\t\t\t<div class=\"elementor-container elementor-column-gap-default\">\n\t\t\t\t\t<div class=\"elementor-column elementor-col-100 elementor-top-column elementor-element elementor-element-57991f78\" data-id=\"57991f78\" data-element_type=\"column\">\n\t\t\t<div class=\"elementor-widget-wrap elementor-element-populated\">\n\t\t\t\t\t\t<div class=\"elementor-element elementor-element-104be1b8 premium-title-icon-row premium-title-color elementor-widget elementor-widget-premium-addon-title\" data-id=\"104be1b8\" data-element_type=\"widget\" data-widget_type=\"premium-addon-title.default\">\n\t\t\t\t<div class=\"elementor-widget-container\">\n\t\t\t\r\n\t\t<div class=\"premium-title-container style2\">\r\n\t\t\t<h5 class=\"premium-title-header premium-title-style2\">\r\n\t\t\t\t\r\n\t\t\t\t\t\t\t\t\t\t\t\t\t\t\t<div class=\"premium-title-icon premium-lottie-animation\" data-lottie-url=\"https:\/\/assets8.lottiefiles.com\/packages\/lf20_pcfclxy8.json\" data-lottie-loop=\"true\" data-lottie-reverse=\"\"><\/div>\r\n\t\t\t\t\t\t\t\t\t\r\n\t\t\t\t\t\t\t\t\t\t\t\t<span class=\"premium-title-text\" >\r\n\t\t\t\t\t\t\t\t\t<\/span>\r\n\t\t\t\t\t\r\n\t\t\t\t\t\t\t\t\t\t\t<\/h5>\r\n\t\t<\/div>\r\n\r\n\t\t\t\t<\/div>\n\t\t\t\t<\/div>\n\t\t\t\t\t<\/div>\n\t\t<\/div>\n\t\t\t\t\t<\/div>\n\t\t<\/section>\n\t\t\t\t<section class=\"elementor-section elementor-top-section elementor-element elementor-element-4acf4712 elementor-section-boxed elementor-section-height-default elementor-section-height-default\" data-id=\"4acf4712\" data-element_type=\"section\">\n\t\t\t\t\t\t<div class=\"elementor-container elementor-column-gap-default\">\n\t\t\t\t\t<div class=\"elementor-column elementor-col-100 elementor-top-column elementor-element elementor-element-18a1fe7a\" data-id=\"18a1fe7a\" data-element_type=\"column\">\n\t\t\t<div class=\"elementor-widget-wrap elementor-element-populated\">\n\t\t\t\t\t\t<div class=\"elementor-element elementor-element-7408e64e elementor-widget elementor-widget-text-editor\" data-id=\"7408e64e\" data-element_type=\"widget\" data-widget_type=\"text-editor.default\">\n\t\t\t\t<div class=\"elementor-widget-container\">\n\t\t\t\t\t\t\t<p><span style=\"font-weight: 400;\">Bacalar.- Durante la d\u00e9cima audiencia p\u00fablica \u201cLa Voz del Pueblo\u201d, que se llev\u00f3 a cabo en Bacalar, la gobernadora Mara Lezama Espinosa escuch\u00f3, atendi\u00f3 y resolvi\u00f3 personalmente solicitudes que le hicieron y que permiten transformar la calidad de vida de las personas, prioridad de este gobierno diferente, humanista con coraz\u00f3n feminista.<\/span><\/p><p>\u00a0<\/p><p><span style=\"font-weight: 400;\">En el domo de la unidad deportiva Serapio Flota Mass, la titular del Ejecutivo, acompa\u00f1ada de la presidenta honoraria del DIF Quintana Roo, Ver\u00f3nica Lezama Espinosa, y todo el aparato del gobierno del estado, la participaci\u00f3n de dependencias del gobierno federal y del ayuntamiento de Bacalar, atendieron a 943 personas, 70% mujeres y 30% hombres, con atenciones en materia de salud, bolsa de trabajo, educaci\u00f3n, licencias, infraestructura y apoyos.<\/span><\/p><p>\u00a0<\/p><p><span style=\"font-weight: 400;\">En un hecho in\u00e9dito, en esta audiencia p\u00fablica \u201cLa Voz del Pueblo\u201d se celebr\u00f3 una boda a cargo del Registro Civil, como parte de los servicios que se ofreden a las personas. Luis Enrique y Estefannye, ambos de Playa del Carmen, solicitaron y tuvieron este servicio a cargo de la directora general Lizbet Jim\u00e9nez Cordero.\u00a0<\/span><\/p><p>\u00a0<\/p><p><span style=\"font-weight: 400;\">La pareja ten\u00eda 5 a\u00f1os de vivir juntos y decidieron darle certeza jur\u00eddica a su uni\u00f3n, lo que sucedi\u00f3 con la presencia de la gobernadora Mara Lezama, la presidenta honoraria del DIF Quintana Roo, Ver\u00f3nica Lezama Espinosa, el presidente municipal Jos\u00e9 Alfredo Contreras M\u00e9ndez, y todos quienes asistieron a esta audiencia.<\/span><\/p><p>\u00a0<\/p><p><span style=\"font-weight: 400;\">La gobernadora Mara Lezama y la presidenta honoraria del DIF, Ver\u00f3nica Lezama, con la presencia del magistrado Heyden Cebada Rivas, presidente del Tribunal Superior de Justicia, entregaron tres auxiliares auditivos de alta tecnolog\u00eda que le transforma la vida, con mayor bienestar, a los beneficiarios.<\/span><\/p><p>\u00a0<\/p><p><span style=\"font-weight: 400;\">Frida Sof\u00eda, de 20 a\u00f1os de edad, ya escucha y es una realidad. Ella tuvo un implante coclear y por alguna raz\u00f3n no funcion\u00f3. Junto con su mam\u00e1 Carmen, solicit\u00f3 apoyo a la gobernadora Mara Lezama en la audiencia p\u00fablica celebrada en Playa del Carmen.<\/span><\/p><p>\u00a0<\/p><p><span style=\"font-weight: 400;\">Hoy, a trav\u00e9s del DIF Quintana Roo, se le entreg\u00f3 y coloc\u00f3 un par de auxiliares auditivos muy especializados, con tecnolog\u00eda de \u00faltima generaci\u00f3n que le permite no solo controlar lo que escucha, sino tambi\u00e9n enlazarse con otros aparatos v\u00eda bluetooth.<\/span><\/p><p>\u00a0<\/p><p><span style=\"font-weight: 400;\">\u201cFrida Sof\u00eda ya escucha bien con este aparato auditivo muy especializado. De esto se trata el Nuevo Acuerdo por el Bienestar y Desarrollo de Quintana Roo, que el dinero del pueblo regrese al pueblo\u201d expres\u00f3 la titular del Ejecutivo durante la colocaci\u00f3n de estos auxiliares.<\/span><\/p><p>\u00a0<\/p><p><span style=\"font-weight: 400;\">Asimismo, en la misma audiencia, la Gobernadora y la presidenta del DIF Quintana Roo le respondieron a Jes\u00fas Javier Xool Cetz, de un a\u00f1o con 10 meses, con la entrega de aparatos auditivos tambi\u00e9n de alta tecnolog\u00eda que le transformar\u00e1 totalmente su desarrollo.<\/span><\/p><p>\u00a0<\/p><p><span style=\"font-weight: 400;\">Los padres Jos\u00e9 y F\u00e1tima, de Chunhuhub, comunidad de Felipe Carrillo Puerto, solicitaron a la gobernadora Mara Lezama apoyo para que el menor tenga una mejor calidad de vida. Tiene hipoacusia severa profunda en ambos o\u00eddos y ahora ya puede escuchar, y es una realidad.<\/span><\/p><p>\u00a0<\/p><p><span style=\"font-weight: 400;\">Alexa Milagros de Dios Altamirano, de 5 a\u00f1os de edad, tambi\u00e9n fue beneficiada con estos aparatos auditivos y la ayuda en su padecimiento de hipoacusia severa profunda. Ella y su familia son de Felipe Carrillo Puerto.<\/span><\/p><p>\u00a0<\/p><p><span style=\"font-weight: 400;\">Tambi\u00e9n, para transformarle la vida a las personas, Mara y Ver\u00f3niza Lezama entregaron pr\u00f3tesis a Mar\u00eda Br\u00edgida Uicab Tamay, Juan Bar\u00f3n, Maura Saucillo Vijarro, Jes\u00fas Enrique Varela Forte, Pedro Gonz\u00e1lez Canto y a Mario Germ\u00e1n Herrera Herrera.<\/span><\/p><p>\u00a0<\/p><p><span style=\"font-weight: 400;\">El caso de Jes\u00fas Enrique, de 54 a\u00f1os de edad, de Chetumal, que recibi\u00f3 una pr\u00f3tesis transfemoral izquierda a trav\u00e9s del sistema DIF Quintana Roo, fue destacado por Mara Lezama, pues una vecina fue la que lo gestion\u00f3 a trav\u00e9s de las redes sociales de la Gobernadora, quien felicit\u00f3 y agradeci\u00f3 a Teresa por hacer Comunidad.<\/span><\/p><p>\u00a0<\/p><p><span style=\"font-weight: 400;\">Fueron much\u00edsimas las atenciones, de diversa \u00edndole. Por ejemplo, a Evangelina le entregaron su acta de nacimiento que nunca tuvo despu\u00e9s de 39 a\u00f1os. Ella es de Vallehermoso, Bacalar, para donde pidi\u00f3 que llegue una caravana de salud.<\/span><\/p><p>\u00a0<\/p><p><span style=\"font-weight: 400;\">Antonio Marcelino Yam Moo, de Manuel \u00c1vila Camacho, Bacalar, solicit\u00f3 un camino sacacosechas.<\/span><\/p><p>\u00a0<\/p><p><span style=\"font-weight: 400;\">Teodoro Mexicano y Magdalena Z\u00e1rate, de San Ram\u00f3n Bacalar, recibieron sendos tinacos de Apoyos del Bienestar para reponerse de las afectaciones que sufrieron por las pasadas inundaciones.<\/span><\/p><p>\u00a0<\/p><p><span style=\"font-weight: 400;\">Diez mujeres de Vallehermoso, Piedras Negras y San Rom\u00e1n, de Bacalar, recibieron sus m\u00e1quinas de coser para que puedan tener mas ingresos a trav\u00e9s del autoempleo, en tanto que Teresa Mart\u00ednez, Catrina Pascual y Abel Vargas obtuvieron sus triciclos para trabajar.<\/span><\/p><p>\u00a0<\/p><p><span style=\"font-weight: 400;\">Viviana, vecina de Chacchoben, de Bacalar, solicit\u00f3 material y mobiliario para la Casa de la Cultura, el cual ser\u00e1 entregado en dos d\u00edas por el Instituto de la Cultura y las Artes (ICA).<\/span><\/p><p>\u00a0<\/p><p><span style=\"font-weight: 400;\">Como parte de las atenci\u00f3nes en esta jornada, Mara Lezama entreg\u00f3 a Maricarmen C\u00e1rdenas Hern\u00e1ndez su t\u00edtulo de propiedad, promesa que le hizo en la pasada audiencia p\u00fablica. De 72 a\u00f1os de edad y vecina de Puerto Morelos, tuvo que esperar 15 a\u00f1os para tener la certeza de su propiedad, y hoy la Gobernadora se lo hizo realidad. El tr\u00e1mite se hizo a trav\u00e9s de la AGEPRO. \u201cYa no hace falta esperar; esto hacemos los gobiernos diferentes de la Cuarta Transformaci\u00f3n\u201d, dijo la titular del Ejecutivo.<\/span><\/p><p>\u00a0<\/p><p><span style=\"font-weight: 400;\">Por otra parte, 10 familias de igual n\u00famero de comunidades recibieron paquetes de 10 l\u00e1minas para el mejoramiento de vivienda.<\/span><\/p><p>\u00a0<\/p><p><span style=\"font-weight: 400;\">La pr\u00f3xima audiencia \u201cLa Voz del Pueblo\u201d se realizar\u00e1 el mi\u00e9rcoles 13 de agosto en Jos\u00e9 Mar\u00eda Morelos, con el que se cierra la primera ronda en los 11 municipios.<\/span><\/p>\t\t\t\t\t\t<\/div>\n\t\t\t\t<\/div>\n\t\t\t\t\t<\/div>\n\t\t<\/div>\n\t\t\t\t\t<\/div>\n\t\t<\/section>\n\t\t\t\t<section class=\"elementor-section elementor-top-section elementor-element elementor-element-126f0ef8 elementor-section-boxed elementor-section-height-default elementor-section-height-default\" data-id=\"126f0ef8\" data-element_type=\"section\">\n\t\t\t\t\t\t<div class=\"elementor-container elementor-column-gap-default\">\n\t\t\t\t\t<div class=\"elementor-column elementor-col-100 elementor-top-column elementor-element elementor-element-42364833\" data-id=\"42364833\" data-element_type=\"column\">\n\t\t\t<div class=\"elementor-widget-wrap elementor-element-populated\">\n\t\t\t\t\t\t<div class=\"elementor-element elementor-element-68955731 elementor-widget elementor-widget-gallery\" data-id=\"68955731\" data-element_type=\"widget\" data-settings=\"{&quot;gallery_layout&quot;:&quot;justified&quot;,&quot;lazyload&quot;:&quot;yes&quot;,&quot;ideal_row_height&quot;:{&quot;unit&quot;:&quot;px&quot;,&quot;size&quot;:200,&quot;sizes&quot;:[]},&quot;ideal_row_height_tablet&quot;:{&quot;unit&quot;:&quot;px&quot;,&quot;size&quot;:150,&quot;sizes&quot;:[]},&quot;ideal_row_height_mobile&quot;:{&quot;unit&quot;:&quot;px&quot;,&quot;size&quot;:150,&quot;sizes&quot;:[]},&quot;gap&quot;:{&quot;unit&quot;:&quot;px&quot;,&quot;size&quot;:10,&quot;sizes&quot;:[]},&quot;gap_tablet&quot;:{&quot;unit&quot;:&quot;px&quot;,&quot;size&quot;:10,&quot;sizes&quot;:[]},&quot;gap_mobile&quot;:{&quot;unit&quot;:&quot;px&quot;,&quot;size&quot;:10,&quot;sizes&quot;:[]},&quot;link_to&quot;:&quot;file&quot;,&quot;overlay_background&quot;:&quot;yes&quot;,&quot;content_hover_animation&quot;:&quot;fade-in&quot;}\" data-widget_type=\"gallery.default\">\n\t\t\t\t<div class=\"elementor-widget-container\">\n\t\t\t\t\t<div class=\"elementor-gallery__container\">\n\t\t\t\t\t\t\t<a class=\"e-gallery-item elementor-gallery-item elementor-animated-content\" href=\"https:\/\/transformarqroo.com\/wp-content\/uploads\/2025\/07\/GOB-29_Jul1-scaled.jpg\" data-elementor-open-lightbox=\"yes\" data-elementor-lightbox-slideshow=\"68955731\" data-elementor-lightbox-title=\"GOB 29_Jul(1)\" data-e-action-hash=\"#elementor-action%3Aaction%3Dlightbox%26settings%3DeyJpZCI6NDE1MjIsInVybCI6Imh0dHBzOlwvXC90cmFuc2Zvcm1hcnFyb28uY29tXC93cC1jb250ZW50XC91cGxvYWRzXC8yMDI1XC8wN1wvR09CLTI5X0p1bDEtc2NhbGVkLmpwZyIsInNsaWRlc2hvdyI6IjY4OTU1NzMxIn0%3D\">\n\t\t\t\t\t<div class=\"e-gallery-image elementor-gallery-item__image\" data-thumbnail=\"https:\/\/transformarqroo.com\/wp-content\/uploads\/2025\/07\/GOB-29_Jul1-scaled.jpg\" data-width=\"2560\" data-height=\"1707\" aria-label=\"\" role=\"img\" ><\/div>\n\t\t\t\t\t\t\t\t\t\t\t<div class=\"elementor-gallery-item__overlay\"><\/div>\n\t\t\t\t\t\t\t\t\t\t\t\t\t\t<\/a>\n\t\t\t\t\t\t\t<a class=\"e-gallery-item elementor-gallery-item elementor-animated-content\" href=\"https:\/\/transformarqroo.com\/wp-content\/uploads\/2025\/07\/GOB-29_Jul2-scaled.jpg\" data-elementor-open-lightbox=\"yes\" data-elementor-lightbox-slideshow=\"68955731\" data-elementor-lightbox-title=\"GOB 29_Jul(2)\" data-e-action-hash=\"#elementor-action%3Aaction%3Dlightbox%26settings%3DeyJpZCI6NDE1MjMsInVybCI6Imh0dHBzOlwvXC90cmFuc2Zvcm1hcnFyb28uY29tXC93cC1jb250ZW50XC91cGxvYWRzXC8yMDI1XC8wN1wvR09CLTI5X0p1bDItc2NhbGVkLmpwZyIsInNsaWRlc2hvdyI6IjY4OTU1NzMxIn0%3D\">\n\t\t\t\t\t<div class=\"e-gallery-image elementor-gallery-item__image\" data-thumbnail=\"https:\/\/transformarqroo.com\/wp-content\/uploads\/2025\/07\/GOB-29_Jul2-scaled.jpg\" data-width=\"2560\" data-height=\"1707\" aria-label=\"\" role=\"img\" ><\/div>\n\t\t\t\t\t\t\t\t\t\t\t<div class=\"elementor-gallery-item__overlay\"><\/div>\n\t\t\t\t\t\t\t\t\t\t\t\t\t\t<\/a>\n\t\t\t\t\t\t\t<a class=\"e-gallery-item elementor-gallery-item elementor-animated-content\" href=\"https:\/\/transformarqroo.com\/wp-content\/uploads\/2025\/07\/GOB-29_Jul3-scaled.jpg\" data-elementor-open-lightbox=\"yes\" data-elementor-lightbox-slideshow=\"68955731\" data-elementor-lightbox-title=\"GOB 29_Jul(3)\" data-e-action-hash=\"#elementor-action%3Aaction%3Dlightbox%26settings%3DeyJpZCI6NDE1MjQsInVybCI6Imh0dHBzOlwvXC90cmFuc2Zvcm1hcnFyb28uY29tXC93cC1jb250ZW50XC91cGxvYWRzXC8yMDI1XC8wN1wvR09CLTI5X0p1bDMtc2NhbGVkLmpwZyIsInNsaWRlc2hvdyI6IjY4OTU1NzMxIn0%3D\">\n\t\t\t\t\t<div class=\"e-gallery-image elementor-gallery-item__image\" data-thumbnail=\"https:\/\/transformarqroo.com\/wp-content\/uploads\/2025\/07\/GOB-29_Jul3-scaled.jpg\" data-width=\"2560\" data-height=\"1706\" aria-label=\"\" role=\"img\" ><\/div>\n\t\t\t\t\t\t\t\t\t\t\t<div class=\"elementor-gallery-item__overlay\"><\/div>\n\t\t\t\t\t\t\t\t\t\t\t\t\t\t<\/a>\n\t\t\t\t\t\t\t<a class=\"e-gallery-item elementor-gallery-item elementor-animated-content\" href=\"https:\/\/transformarqroo.com\/wp-content\/uploads\/2025\/07\/GOB-29_Jul4-scaled.jpg\" data-elementor-open-lightbox=\"yes\" data-elementor-lightbox-slideshow=\"68955731\" data-elementor-lightbox-title=\"GOB 29_Jul(4)\" data-e-action-hash=\"#elementor-action%3Aaction%3Dlightbox%26settings%3DeyJpZCI6NDE1MjYsInVybCI6Imh0dHBzOlwvXC90cmFuc2Zvcm1hcnFyb28uY29tXC93cC1jb250ZW50XC91cGxvYWRzXC8yMDI1XC8wN1wvR09CLTI5X0p1bDQtc2NhbGVkLmpwZyIsInNsaWRlc2hvdyI6IjY4OTU1NzMxIn0%3D\">\n\t\t\t\t\t<div class=\"e-gallery-image elementor-gallery-item__image\" data-thumbnail=\"https:\/\/transformarqroo.com\/wp-content\/uploads\/2025\/07\/GOB-29_Jul4-scaled.jpg\" data-width=\"2560\" data-height=\"1707\" aria-label=\"\" role=\"img\" ><\/div>\n\t\t\t\t\t\t\t\t\t\t\t<div class=\"elementor-gallery-item__overlay\"><\/div>\n\t\t\t\t\t\t\t\t\t\t\t\t\t\t<\/a>\n\t\t\t\t\t\t\t<a class=\"e-gallery-item elementor-gallery-item elementor-animated-content\" href=\"https:\/\/transformarqroo.com\/wp-content\/uploads\/2025\/07\/GOB-29_Jul-scaled.jpg\" data-elementor-open-lightbox=\"yes\" data-elementor-lightbox-slideshow=\"68955731\" data-elementor-lightbox-title=\"GOB 29_Jul\" data-e-action-hash=\"#elementor-action%3Aaction%3Dlightbox%26settings%3DeyJpZCI6NDE1MjgsInVybCI6Imh0dHBzOlwvXC90cmFuc2Zvcm1hcnFyb28uY29tXC93cC1jb250ZW50XC91cGxvYWRzXC8yMDI1XC8wN1wvR09CLTI5X0p1bC1zY2FsZWQuanBnIiwic2xpZGVzaG93IjoiNjg5NTU3MzEifQ%3D%3D\">\n\t\t\t\t\t<div class=\"e-gallery-image elementor-gallery-item__image\" data-thumbnail=\"https:\/\/transformarqroo.com\/wp-content\/uploads\/2025\/07\/GOB-29_Jul-scaled.jpg\" data-width=\"2560\" data-height=\"1707\" aria-label=\"\" role=\"img\" ><\/div>\n\t\t\t\t\t\t\t\t\t\t\t<div class=\"elementor-gallery-item__overlay\"><\/div>\n\t\t\t\t\t\t\t\t\t\t\t\t\t\t<\/a>\n\t\t\t\t\t<\/div>\n\t\t\t<\/div>\n\t\t\t\t<\/div>\n\t\t\t\t\t<\/div>\n\t\t<\/div>\n\t\t\t\t\t<\/div>\n\t\t<\/section>\n\t\t\t\t<\/div>\n\t\t","protected":false},"excerpt":{"rendered":"<p>Bacalar.- Durante la d\u00e9cima audiencia p\u00fablica \u201cLa Voz del Pueblo\u201d, que se llev\u00f3 a cabo en Bacalar, la gobernadora Mara Lezama Espinosa escuch\u00f3, atendi\u00f3 y resolvi\u00f3 personalmente solicitudes que le hicieron y que permiten transformar la calidad de vida de las personas, prioridad de este gobierno diferente, humanista con coraz\u00f3n feminista. \u00a0 En el domo [&hellip;]<\/p>\n","protected":false},"author":1,"featured_media":41528,"comment_status":"closed","ping_status":"closed","sticky":false,"template":"","format":"standard","meta":{"_FSMCFIC_featured_image_caption":"","_FSMCFIC_featured_image_nocaption":"","_FSMCFIC_featured_image_hide":"","footnotes":""},"categories":[38,32],"tags":[],"class_list":["post-41492","post","type-post","status-publish","format-standard","has-post-thumbnail","hentry","category-gobierno-del-estado","category-municipios"],"aioseo_notices":[],"_links":{"self":[{"href":"https:\/\/transformarqroo.com\/index.php\/wp-json\/wp\/v2\/posts\/41492","targetHints":{"allow":["GET"]}}],"collection":[{"href":"https:\/\/transformarqroo.com\/index.php\/wp-json\/wp\/v2\/posts"}],"about":[{"href":"https:\/\/transformarqroo.com\/index.php\/wp-json\/wp\/v2\/types\/post"}],"author":[{"embeddable":true,"href":"https:\/\/transformarqroo.com\/index.php\/wp-json\/wp\/v2\/users\/1"}],"replies":[{"embeddable":true,"href":"https:\/\/transformarqroo.com\/index.php\/wp-json\/wp\/v2\/comments?post=41492"}],"version-history":[{"count":4,"href":"https:\/\/transformarqroo.com\/index.php\/wp-json\/wp\/v2\/posts\/41492\/revisions"}],"predecessor-version":[{"id":41532,"href":"https:\/\/transformarqroo.com\/index.php\/wp-json\/wp\/v2\/posts\/41492\/revisions\/41532"}],"wp:featuredmedia":[{"embeddable":true,"href":"https:\/\/transformarqroo.com\/index.php\/wp-json\/wp\/v2\/media\/41528"}],"wp:attachment":[{"href":"https:\/\/transformarqroo.com\/index.php\/wp-json\/wp\/v2\/media?parent=41492"}],"wp:term":[{"taxonomy":"category","embeddable":true,"href":"https:\/\/transformarqroo.com\/index.php\/wp-json\/wp\/v2\/categories?post=41492"},{"taxonomy":"post_tag","embeddable":true,"href":"https:\/\/transformarqroo.com\/index.php\/wp-json\/wp\/v2\/tags?post=41492"}],"curies":[{"name":"wp","href":"https:\/\/api.w.org\/{rel}","templated":true}]}}