{"id":41494,"date":"2025-07-26T20:00:18","date_gmt":"2025-07-27T01:00:18","guid":{"rendered":"https:\/\/transformarqroo.com\/?p=41494"},"modified":"2025-07-31T20:11:27","modified_gmt":"2025-08-01T01:11:27","slug":"mara-lezama-abre-puertas-en-florida-para-que-productores-artesanos-y-emprendedores-de-quintana-roo-lleguen-al-mercado-internacional","status":"publish","type":"post","link":"https:\/\/transformarqroo.com\/index.php\/2025\/07\/26\/mara-lezama-abre-puertas-en-florida-para-que-productores-artesanos-y-emprendedores-de-quintana-roo-lleguen-al-mercado-internacional\/","title":{"rendered":"MARA LEZAMA ABRE PUERTAS EN FLORIDA PARA QUE PRODUCTORES, ARTESANOS Y EMPRENDEDORES DE QUINTANA ROO LLEGUEN AL MERCADO INTERNACIONAL"},"content":{"rendered":"\t\t<div data-elementor-type=\"wp-post\" data-elementor-id=\"41494\" class=\"elementor elementor-41494\" data-elementor-post-type=\"post\">\n\t\t\t\t\t\t<section class=\"elementor-section elementor-top-section elementor-element elementor-element-63b947f1 elementor-section-boxed elementor-section-height-default elementor-section-height-default\" data-id=\"63b947f1\" data-element_type=\"section\">\n\t\t\t\t\t\t<div class=\"elementor-container elementor-column-gap-default\">\n\t\t\t\t\t<div class=\"elementor-column elementor-col-100 elementor-top-column elementor-element elementor-element-ad68aac\" data-id=\"ad68aac\" data-element_type=\"column\">\n\t\t\t<div class=\"elementor-widget-wrap elementor-element-populated\">\n\t\t\t\t\t\t<div class=\"elementor-element elementor-element-352691a5 elementor-widget elementor-widget-premium-addon-banner\" data-id=\"352691a5\" data-element_type=\"widget\" data-widget_type=\"premium-addon-banner.default\">\n\t\t\t\t<div class=\"elementor-widget-container\">\n\t\t\t\t\t<div class=\"premium-banner-ib premium-banner-min-height premium-banner-animation7 none\">\r\n\t\t\t\t\t\t\t<div class=\"premium-banner-border\">\r\n\t\t\t\t\t<div class=\"premium-banner-br premium-banner-bleft premium-banner-brlr\"><\/div>\r\n\t\t\t\t\t<div class=\"premium-banner-br premium-banner-bright premium-banner-brlr\"><\/div>\r\n\t\t\t\t\t<div class=\"premium-banner-br premium-banner-btop premium-banner-brtb\"><\/div>\r\n\t\t\t\t\t<div class=\"premium-banner-br premium-banner-bottom premium-banner-brtb\"><\/div>\r\n\t\t\t\t<\/div>\r\n\t\t\t\t\t\t\t\t\t\t\t\t\t\t\t<img fetchpriority=\"high\" decoding=\"async\" width=\"2560\" height=\"1707\" src=\"https:\/\/transformarqroo.com\/wp-content\/uploads\/2025\/07\/GOB-26_Jul-scaled.jpg\" class=\"attachment-full size-full wp-image-41508\" alt=\"\" srcset=\"https:\/\/transformarqroo.com\/wp-content\/uploads\/2025\/07\/GOB-26_Jul-scaled.jpg 2560w, https:\/\/transformarqroo.com\/wp-content\/uploads\/2025\/07\/GOB-26_Jul-300x200.jpg 300w, https:\/\/transformarqroo.com\/wp-content\/uploads\/2025\/07\/GOB-26_Jul-1024x683.jpg 1024w, https:\/\/transformarqroo.com\/wp-content\/uploads\/2025\/07\/GOB-26_Jul-768x512.jpg 768w, https:\/\/transformarqroo.com\/wp-content\/uploads\/2025\/07\/GOB-26_Jul-100x67.jpg 100w, https:\/\/transformarqroo.com\/wp-content\/uploads\/2025\/07\/GOB-26_Jul-1536x1024.jpg 1536w, https:\/\/transformarqroo.com\/wp-content\/uploads\/2025\/07\/GOB-26_Jul-2048x1365.jpg 2048w\" sizes=\"(max-width: 2560px) 100vw, 2560px\" \/>\t\t\t\t\t\t\t\t\t\t<div class=\"premium-banner-ib-desc\">\r\n\t\t\t\t\t\t\t\t\t<div class=\"premium-banner-desc-centered\">\r\n\t\t\t\t\t\t\t\t\t<h3 class=\"premium-banner-ib-title premium_banner_title\"><\/h3>\t\t\t\t\t\t\t\t\t\t\t\t\t<\/div>\r\n\t\t\t\t\t\t\t<\/div>\r\n\t\t\t\t\t<\/div>\r\n\t\t\t\t\t\t<\/div>\n\t\t\t\t<\/div>\n\t\t\t\t\t<\/div>\n\t\t<\/div>\n\t\t\t\t\t<\/div>\n\t\t<\/section>\n\t\t\t\t<section class=\"elementor-section elementor-top-section elementor-element elementor-element-6c8abcc4 elementor-section-boxed elementor-section-height-default elementor-section-height-default\" data-id=\"6c8abcc4\" data-element_type=\"section\" data-settings=\"{&quot;background_background&quot;:&quot;classic&quot;}\">\n\t\t\t\t\t\t<div class=\"elementor-container elementor-column-gap-default\">\n\t\t\t\t\t<div class=\"elementor-column elementor-col-100 elementor-top-column elementor-element elementor-element-6728f881\" data-id=\"6728f881\" data-element_type=\"column\">\n\t\t\t<div class=\"elementor-widget-wrap elementor-element-populated\">\n\t\t\t\t\t\t<div class=\"elementor-element elementor-element-4c27f432 premium-title-icon-row premium-title-color elementor-widget elementor-widget-premium-addon-title\" data-id=\"4c27f432\" data-element_type=\"widget\" data-widget_type=\"premium-addon-title.default\">\n\t\t\t\t<div class=\"elementor-widget-container\">\n\t\t\t\r\n\t\t<div class=\"premium-title-container style2\">\r\n\t\t\t<h5 class=\"premium-title-header premium-title-style2\">\r\n\t\t\t\t\r\n\t\t\t\t\t\t\t\t\t\t\t\t\t\t\t<div class=\"premium-title-icon premium-lottie-animation\" data-lottie-url=\"https:\/\/assets8.lottiefiles.com\/packages\/lf20_pcfclxy8.json\" data-lottie-loop=\"true\" data-lottie-reverse=\"\"><\/div>\r\n\t\t\t\t\t\t\t\t\t\r\n\t\t\t\t\t\t\t\t\t\t\t\t<span class=\"premium-title-text\" >\r\n\t\t\t\t\t\t\t\t\t<\/span>\r\n\t\t\t\t\t\r\n\t\t\t\t\t\t\t\t\t\t\t<\/h5>\r\n\t\t<\/div>\r\n\r\n\t\t\t\t<\/div>\n\t\t\t\t<\/div>\n\t\t\t\t\t<\/div>\n\t\t<\/div>\n\t\t\t\t\t<\/div>\n\t\t<\/section>\n\t\t\t\t<section class=\"elementor-section elementor-top-section elementor-element elementor-element-26570d53 elementor-section-boxed elementor-section-height-default elementor-section-height-default\" data-id=\"26570d53\" data-element_type=\"section\">\n\t\t\t\t\t\t<div class=\"elementor-container elementor-column-gap-default\">\n\t\t\t\t\t<div class=\"elementor-column elementor-col-100 elementor-top-column elementor-element elementor-element-11b36285\" data-id=\"11b36285\" data-element_type=\"column\">\n\t\t\t<div class=\"elementor-widget-wrap elementor-element-populated\">\n\t\t\t\t\t\t<div class=\"elementor-element elementor-element-fba4c42 elementor-widget elementor-widget-text-editor\" data-id=\"fba4c42\" data-element_type=\"widget\" data-widget_type=\"text-editor.default\">\n\t\t\t\t<div class=\"elementor-widget-container\">\n\t\t\t\t\t\t\t<p><span style=\"font-weight: 400;\">Canc\u00fan.- Al firmar el Memor\u00e1ndum de Entendimiento entre la C\u00e1mara de Comercio M\u00e9xico-Americana de Florida, la gobernadora Mara Lezama Espinosa expres\u00f3 que es una oportunidad para convertir nuestra ubicaci\u00f3n en una ventaja competitiva para que Quintana Roo se proyecte como un estado abierto al comercio, a la inversi\u00f3n, al intercambio de ideas y de talentos.<\/span><\/p><p>\u00a0<\/p><p><span style=\"font-weight: 400;\">Este memor\u00e1ndum, firmado entre la C\u00e1mara de Comercio M\u00e9xico-Americana de Florida, ante la presencia de la Presidenta y CEO Alma Aguilar, con la Secretar\u00eda de Desarrollo Econ\u00f3mico, permitir\u00e1 consolidar una alianza estrat\u00e9gica binacional para promover la internalizaci\u00f3n de empresas quintanarroenses en Florida, mediante impulso a la oferta exportable de productos locales.<\/span><\/p><p>\u00a0<\/p><p><span style=\"font-weight: 400;\">\u201cLo que hoy firmamos con la C\u00e1mara de Comercio M\u00e9xico-Americana de Florida es un paso firme dentro del Nuevo Acuerdo por el Bienestar y Desarrollo de Quintana Roo, un nuevo pacto social que se firma en la vida cotidiana de la gente, en los nuevos mercados comerciales que se abren, en los productos que cruzan fronteras, en las inversiones que transforman comunidades para llevarles prosperidad compartida\u201d expres\u00f3 Mara Lezama acompa\u00f1ada de la CEO Alma Aguilar.<\/span><\/p><p>\u00a0<\/p><p><span style=\"font-weight: 400;\">De acuerdo con el titular de la SEDE, Paul Carrillo de C\u00e1ceres, el acuerdo establece mecanismos conjuntos para la promoci\u00f3n comercial de 250 productos con el distintivo Hecho en Quintana Roo, como miel, chicle, salsas, bebidas espirituosas, productos agr\u00edcolas y mazapanes, listos para exportarse, as\u00ed como capacitaci\u00f3n en internacionalizaci\u00f3n de empresas, acceso a redes de comercializaci\u00f3n y acompa\u00f1amiento t\u00e9cnico para el soft landing en Florida.\u00a0<\/span><\/p><p>\u00a0<\/p><p><span style=\"font-weight: 400;\">Esta alianza responde a la necesidad de diversificar la econom\u00eda estatal m\u00e1s all\u00e1 del turismo, generar una cadena de productividad y comercial enfocado al impulso del campo, productores y artesanos, la actividad industrial, log\u00edstica y comercial en beneficio de las regiones hist\u00f3ricamente rezagadas del estado, a\u00f1adi\u00f3.<\/span><\/p><p>\u00a0<\/p><p><span style=\"font-weight: 400;\">En relaci\u00f3n con la firma, la Presidenta y CEO de la C\u00e1mara de Comercio M\u00e9xico-Americana de Florida, Alma Garc\u00eda, expres\u00f3 su satisfacci\u00f3n por colaborar, intercambiar comercio y ayudar a los empresarios quintanarroenses. \u201cFlorida y Quintana Roo est\u00e1n muy conectados, no solamente en el \u00e1rea del comercio, sino tambi\u00e9n en la ingenier\u00eda y la manufactura\u201d, dijo.<\/span><\/p><p>\u00a0<\/p><p><span style=\"font-weight: 400;\">A\u00f1adi\u00f3 que esta oportunidad abre la puerta para el hermanamiento con Orlando y Miami, principales ciudades a negociar. Destac\u00f3 que el departamento de Salud de Estados Unidos quiere tener productos naturales, lo que abre la posibilidad de impulsar la producci\u00f3n de miel, pi\u00f1a, y el sector agroalimentario.<\/span><\/p><p>\u00a0<\/p><p><span style=\"font-weight: 400;\">Destac\u00f3 tambi\u00e9n que a trav\u00e9s de esta iniciativa se tiene la oportunidad de que las personas puedan entrar legalmente a los Estados Unidos con diferentes visas, de agricultor, hotelera y de estudiantes.<\/span><\/p><p>\u00a0<\/p><p><span style=\"font-weight: 400;\">Participaron en esta firma Gabriel Parra, Business Legal &amp; Trade Operations; Genero Gim\u00e9nez Barrag\u00e1n, empresario inmobiliario; Arturo Fern\u00e1ndez, Sonora Global; los empresario Derek Valencia Beltr\u00e1n y Aron Webb; Xochitl L\u00f3pez Sansores, directora de Desarrollo de Productos Tur\u00edsticos de la Secretar\u00eda de Turismo; Jorge Villanueva, director general del Fondo para el Desarrollo Econ\u00f3mico de Quintana Roo; Irving Valencia, VMI Insulati\u00f3n; Juan Reyes, Ay Sonora Mexican Group, y Juli\u00e1n P\u00e9rez Navarrete, director de Proyectos de IDEFIN.<\/span><\/p>\t\t\t\t\t\t<\/div>\n\t\t\t\t<\/div>\n\t\t\t\t\t<\/div>\n\t\t<\/div>\n\t\t\t\t\t<\/div>\n\t\t<\/section>\n\t\t\t\t<section class=\"elementor-section elementor-top-section elementor-element elementor-element-6e0fd29b elementor-section-boxed elementor-section-height-default elementor-section-height-default\" data-id=\"6e0fd29b\" data-element_type=\"section\">\n\t\t\t\t\t\t<div class=\"elementor-container elementor-column-gap-default\">\n\t\t\t\t\t<div class=\"elementor-column elementor-col-100 elementor-top-column elementor-element elementor-element-2b80de40\" data-id=\"2b80de40\" data-element_type=\"column\">\n\t\t\t<div class=\"elementor-widget-wrap elementor-element-populated\">\n\t\t\t\t\t\t<div class=\"elementor-element elementor-element-2dc40714 elementor-widget elementor-widget-gallery\" data-id=\"2dc40714\" data-element_type=\"widget\" data-settings=\"{&quot;gallery_layout&quot;:&quot;justified&quot;,&quot;lazyload&quot;:&quot;yes&quot;,&quot;ideal_row_height&quot;:{&quot;unit&quot;:&quot;px&quot;,&quot;size&quot;:200,&quot;sizes&quot;:[]},&quot;ideal_row_height_tablet&quot;:{&quot;unit&quot;:&quot;px&quot;,&quot;size&quot;:150,&quot;sizes&quot;:[]},&quot;ideal_row_height_mobile&quot;:{&quot;unit&quot;:&quot;px&quot;,&quot;size&quot;:150,&quot;sizes&quot;:[]},&quot;gap&quot;:{&quot;unit&quot;:&quot;px&quot;,&quot;size&quot;:10,&quot;sizes&quot;:[]},&quot;gap_tablet&quot;:{&quot;unit&quot;:&quot;px&quot;,&quot;size&quot;:10,&quot;sizes&quot;:[]},&quot;gap_mobile&quot;:{&quot;unit&quot;:&quot;px&quot;,&quot;size&quot;:10,&quot;sizes&quot;:[]},&quot;link_to&quot;:&quot;file&quot;,&quot;overlay_background&quot;:&quot;yes&quot;,&quot;content_hover_animation&quot;:&quot;fade-in&quot;}\" data-widget_type=\"gallery.default\">\n\t\t\t\t<div class=\"elementor-widget-container\">\n\t\t\t\t\t<div class=\"elementor-gallery__container\">\n\t\t\t\t\t\t\t<a class=\"e-gallery-item elementor-gallery-item elementor-animated-content\" href=\"https:\/\/transformarqroo.com\/wp-content\/uploads\/2025\/07\/GOB-26_Jul1-scaled.jpg\" data-elementor-open-lightbox=\"yes\" data-elementor-lightbox-slideshow=\"2dc40714\" data-elementor-lightbox-title=\"GOB 26_Jul(1)\" data-e-action-hash=\"#elementor-action%3Aaction%3Dlightbox%26settings%3DeyJpZCI6NDE1MDUsInVybCI6Imh0dHBzOlwvXC90cmFuc2Zvcm1hcnFyb28uY29tXC93cC1jb250ZW50XC91cGxvYWRzXC8yMDI1XC8wN1wvR09CLTI2X0p1bDEtc2NhbGVkLmpwZyIsInNsaWRlc2hvdyI6IjJkYzQwNzE0In0%3D\">\n\t\t\t\t\t<div class=\"e-gallery-image elementor-gallery-item__image\" data-thumbnail=\"https:\/\/transformarqroo.com\/wp-content\/uploads\/2025\/07\/GOB-26_Jul1-scaled.jpg\" data-width=\"2560\" data-height=\"1707\" aria-label=\"\" role=\"img\" ><\/div>\n\t\t\t\t\t\t\t\t\t\t\t<div class=\"elementor-gallery-item__overlay\"><\/div>\n\t\t\t\t\t\t\t\t\t\t\t\t\t\t<\/a>\n\t\t\t\t\t\t\t<a class=\"e-gallery-item elementor-gallery-item elementor-animated-content\" href=\"https:\/\/transformarqroo.com\/wp-content\/uploads\/2025\/07\/GOB-26_Jul2-scaled.jpg\" data-elementor-open-lightbox=\"yes\" data-elementor-lightbox-slideshow=\"2dc40714\" data-elementor-lightbox-title=\"GOB 26_Jul(2)\" data-e-action-hash=\"#elementor-action%3Aaction%3Dlightbox%26settings%3DeyJpZCI6NDE1MDYsInVybCI6Imh0dHBzOlwvXC90cmFuc2Zvcm1hcnFyb28uY29tXC93cC1jb250ZW50XC91cGxvYWRzXC8yMDI1XC8wN1wvR09CLTI2X0p1bDItc2NhbGVkLmpwZyIsInNsaWRlc2hvdyI6IjJkYzQwNzE0In0%3D\">\n\t\t\t\t\t<div class=\"e-gallery-image elementor-gallery-item__image\" data-thumbnail=\"https:\/\/transformarqroo.com\/wp-content\/uploads\/2025\/07\/GOB-26_Jul2-scaled.jpg\" data-width=\"2560\" data-height=\"1707\" aria-label=\"\" role=\"img\" ><\/div>\n\t\t\t\t\t\t\t\t\t\t\t<div class=\"elementor-gallery-item__overlay\"><\/div>\n\t\t\t\t\t\t\t\t\t\t\t\t\t\t<\/a>\n\t\t\t\t\t\t\t<a class=\"e-gallery-item elementor-gallery-item elementor-animated-content\" href=\"https:\/\/transformarqroo.com\/wp-content\/uploads\/2025\/07\/GOB-26_Jul3-scaled.jpg\" data-elementor-open-lightbox=\"yes\" data-elementor-lightbox-slideshow=\"2dc40714\" data-elementor-lightbox-title=\"GOB 26_Jul(3)\" data-e-action-hash=\"#elementor-action%3Aaction%3Dlightbox%26settings%3DeyJpZCI6NDE1MDcsInVybCI6Imh0dHBzOlwvXC90cmFuc2Zvcm1hcnFyb28uY29tXC93cC1jb250ZW50XC91cGxvYWRzXC8yMDI1XC8wN1wvR09CLTI2X0p1bDMtc2NhbGVkLmpwZyIsInNsaWRlc2hvdyI6IjJkYzQwNzE0In0%3D\">\n\t\t\t\t\t<div class=\"e-gallery-image elementor-gallery-item__image\" data-thumbnail=\"https:\/\/transformarqroo.com\/wp-content\/uploads\/2025\/07\/GOB-26_Jul3-scaled.jpg\" data-width=\"2560\" data-height=\"1707\" aria-label=\"\" role=\"img\" ><\/div>\n\t\t\t\t\t\t\t\t\t\t\t<div class=\"elementor-gallery-item__overlay\"><\/div>\n\t\t\t\t\t\t\t\t\t\t\t\t\t\t<\/a>\n\t\t\t\t\t\t\t<a class=\"e-gallery-item elementor-gallery-item elementor-animated-content\" href=\"https:\/\/transformarqroo.com\/wp-content\/uploads\/2025\/07\/GOB-26_Jul-scaled.jpg\" data-elementor-open-lightbox=\"yes\" data-elementor-lightbox-slideshow=\"2dc40714\" data-elementor-lightbox-title=\"GOB 26_Jul\" data-e-action-hash=\"#elementor-action%3Aaction%3Dlightbox%26settings%3DeyJpZCI6NDE1MDgsInVybCI6Imh0dHBzOlwvXC90cmFuc2Zvcm1hcnFyb28uY29tXC93cC1jb250ZW50XC91cGxvYWRzXC8yMDI1XC8wN1wvR09CLTI2X0p1bC1zY2FsZWQuanBnIiwic2xpZGVzaG93IjoiMmRjNDA3MTQifQ%3D%3D\">\n\t\t\t\t\t<div class=\"e-gallery-image elementor-gallery-item__image\" data-thumbnail=\"https:\/\/transformarqroo.com\/wp-content\/uploads\/2025\/07\/GOB-26_Jul-scaled.jpg\" data-width=\"2560\" data-height=\"1707\" aria-label=\"\" role=\"img\" ><\/div>\n\t\t\t\t\t\t\t\t\t\t\t<div class=\"elementor-gallery-item__overlay\"><\/div>\n\t\t\t\t\t\t\t\t\t\t\t\t\t\t<\/a>\n\t\t\t\t\t<\/div>\n\t\t\t<\/div>\n\t\t\t\t<\/div>\n\t\t\t\t\t<\/div>\n\t\t<\/div>\n\t\t\t\t\t<\/div>\n\t\t<\/section>\n\t\t\t\t<\/div>\n\t\t","protected":false},"excerpt":{"rendered":"<p>Canc\u00fan.- Al firmar el Memor\u00e1ndum de Entendimiento entre la C\u00e1mara de Comercio M\u00e9xico-Americana de Florida, la gobernadora Mara Lezama Espinosa expres\u00f3 que es una oportunidad para convertir nuestra ubicaci\u00f3n en una ventaja competitiva para que Quintana Roo se proyecte como un estado abierto al comercio, a la inversi\u00f3n, al intercambio de ideas y de talentos. [&hellip;]<\/p>\n","protected":false},"author":1,"featured_media":41508,"comment_status":"closed","ping_status":"closed","sticky":false,"template":"","format":"standard","meta":{"_FSMCFIC_featured_image_caption":"","_FSMCFIC_featured_image_nocaption":"","_FSMCFIC_featured_image_hide":"","footnotes":""},"categories":[38,32],"tags":[],"class_list":["post-41494","post","type-post","status-publish","format-standard","has-post-thumbnail","hentry","category-gobierno-del-estado","category-municipios"],"aioseo_notices":[],"_links":{"self":[{"href":"https:\/\/transformarqroo.com\/index.php\/wp-json\/wp\/v2\/posts\/41494","targetHints":{"allow":["GET"]}}],"collection":[{"href":"https:\/\/transformarqroo.com\/index.php\/wp-json\/wp\/v2\/posts"}],"about":[{"href":"https:\/\/transformarqroo.com\/index.php\/wp-json\/wp\/v2\/types\/post"}],"author":[{"embeddable":true,"href":"https:\/\/transformarqroo.com\/index.php\/wp-json\/wp\/v2\/users\/1"}],"replies":[{"embeddable":true,"href":"https:\/\/transformarqroo.com\/index.php\/wp-json\/wp\/v2\/comments?post=41494"}],"version-history":[{"count":4,"href":"https:\/\/transformarqroo.com\/index.php\/wp-json\/wp\/v2\/posts\/41494\/revisions"}],"predecessor-version":[{"id":41512,"href":"https:\/\/transformarqroo.com\/index.php\/wp-json\/wp\/v2\/posts\/41494\/revisions\/41512"}],"wp:featuredmedia":[{"embeddable":true,"href":"https:\/\/transformarqroo.com\/index.php\/wp-json\/wp\/v2\/media\/41508"}],"wp:attachment":[{"href":"https:\/\/transformarqroo.com\/index.php\/wp-json\/wp\/v2\/media?parent=41494"}],"wp:term":[{"taxonomy":"category","embeddable":true,"href":"https:\/\/transformarqroo.com\/index.php\/wp-json\/wp\/v2\/categories?post=41494"},{"taxonomy":"post_tag","embeddable":true,"href":"https:\/\/transformarqroo.com\/index.php\/wp-json\/wp\/v2\/tags?post=41494"}],"curies":[{"name":"wp","href":"https:\/\/api.w.org\/{rel}","templated":true}]}}