{"id":41537,"date":"2025-07-29T20:22:48","date_gmt":"2025-07-30T01:22:48","guid":{"rendered":"https:\/\/transformarqroo.com\/?p=41537"},"modified":"2025-07-31T20:32:16","modified_gmt":"2025-08-01T01:32:16","slug":"estefania-mercado-anuncia-mil-becas-educativas-en-alianza-con-la-diputada-jimena-lasa-y-la-red-educativa-mexico","status":"publish","type":"post","link":"https:\/\/transformarqroo.com\/index.php\/2025\/07\/29\/estefania-mercado-anuncia-mil-becas-educativas-en-alianza-con-la-diputada-jimena-lasa-y-la-red-educativa-mexico\/","title":{"rendered":"ESTEFAN\u00cdA MERCADO ANUNCIA MIL BECAS EDUCATIVAS EN ALIANZA CON LA DIPUTADA JIMENA LASA Y LA RED EDUCATIVA M\u00c9XICO"},"content":{"rendered":"\t\t<div data-elementor-type=\"wp-post\" data-elementor-id=\"41537\" class=\"elementor elementor-41537\" data-elementor-post-type=\"post\">\n\t\t\t\t\t\t<section class=\"elementor-section elementor-top-section elementor-element elementor-element-78a62ed8 elementor-section-boxed elementor-section-height-default elementor-section-height-default\" data-id=\"78a62ed8\" data-element_type=\"section\">\n\t\t\t\t\t\t<div class=\"elementor-container elementor-column-gap-default\">\n\t\t\t\t\t<div class=\"elementor-column elementor-col-100 elementor-top-column elementor-element elementor-element-22fe6447\" data-id=\"22fe6447\" data-element_type=\"column\">\n\t\t\t<div class=\"elementor-widget-wrap elementor-element-populated\">\n\t\t\t\t\t\t<div class=\"elementor-element elementor-element-5e789337 elementor-widget elementor-widget-premium-addon-banner\" data-id=\"5e789337\" data-element_type=\"widget\" data-widget_type=\"premium-addon-banner.default\">\n\t\t\t\t<div class=\"elementor-widget-container\">\n\t\t\t\t\t<div class=\"premium-banner-ib premium-banner-min-height premium-banner-animation7 none\">\r\n\t\t\t\t\t\t\t<div class=\"premium-banner-border\">\r\n\t\t\t\t\t<div class=\"premium-banner-br premium-banner-bleft premium-banner-brlr\"><\/div>\r\n\t\t\t\t\t<div class=\"premium-banner-br premium-banner-bright premium-banner-brlr\"><\/div>\r\n\t\t\t\t\t<div class=\"premium-banner-br premium-banner-btop premium-banner-brtb\"><\/div>\r\n\t\t\t\t\t<div class=\"premium-banner-br premium-banner-bottom premium-banner-brtb\"><\/div>\r\n\t\t\t\t<\/div>\r\n\t\t\t\t\t\t\t\t\t\t\t\t\t\t\t<img fetchpriority=\"high\" decoding=\"async\" width=\"1280\" height=\"853\" src=\"https:\/\/transformarqroo.com\/wp-content\/uploads\/2025\/07\/Playa-29_Jul.jpg\" class=\"attachment-full size-full wp-image-41562\" alt=\"\" srcset=\"https:\/\/transformarqroo.com\/wp-content\/uploads\/2025\/07\/Playa-29_Jul.jpg 1280w, https:\/\/transformarqroo.com\/wp-content\/uploads\/2025\/07\/Playa-29_Jul-300x200.jpg 300w, https:\/\/transformarqroo.com\/wp-content\/uploads\/2025\/07\/Playa-29_Jul-1024x682.jpg 1024w, https:\/\/transformarqroo.com\/wp-content\/uploads\/2025\/07\/Playa-29_Jul-768x512.jpg 768w, https:\/\/transformarqroo.com\/wp-content\/uploads\/2025\/07\/Playa-29_Jul-100x67.jpg 100w\" sizes=\"(max-width: 1280px) 100vw, 1280px\" \/>\t\t\t\t\t\t\t\t\t\t<div class=\"premium-banner-ib-desc\">\r\n\t\t\t\t\t\t\t\t\t<div class=\"premium-banner-desc-centered\">\r\n\t\t\t\t\t\t\t\t\t<h3 class=\"premium-banner-ib-title premium_banner_title\"><\/h3>\t\t\t\t\t\t\t\t\t\t\t\t\t<\/div>\r\n\t\t\t\t\t\t\t<\/div>\r\n\t\t\t\t\t<\/div>\r\n\t\t\t\t\t\t<\/div>\n\t\t\t\t<\/div>\n\t\t\t\t\t<\/div>\n\t\t<\/div>\n\t\t\t\t\t<\/div>\n\t\t<\/section>\n\t\t\t\t<section class=\"elementor-section elementor-top-section elementor-element elementor-element-67c517ff elementor-section-boxed elementor-section-height-default elementor-section-height-default\" data-id=\"67c517ff\" data-element_type=\"section\" data-settings=\"{&quot;background_background&quot;:&quot;classic&quot;}\">\n\t\t\t\t\t\t<div class=\"elementor-container elementor-column-gap-default\">\n\t\t\t\t\t<div class=\"elementor-column elementor-col-100 elementor-top-column elementor-element elementor-element-7e415d54\" data-id=\"7e415d54\" data-element_type=\"column\">\n\t\t\t<div class=\"elementor-widget-wrap elementor-element-populated\">\n\t\t\t\t\t\t<div class=\"elementor-element elementor-element-102c27bf premium-title-icon-row premium-title-color elementor-widget elementor-widget-premium-addon-title\" data-id=\"102c27bf\" data-element_type=\"widget\" data-widget_type=\"premium-addon-title.default\">\n\t\t\t\t<div class=\"elementor-widget-container\">\n\t\t\t\r\n\t\t<div class=\"premium-title-container style2\">\r\n\t\t\t<h5 class=\"premium-title-header premium-title-style2\">\r\n\t\t\t\t\r\n\t\t\t\t\t\t\t\t\t\t\t\t\t\t\t<div class=\"premium-title-icon premium-lottie-animation\" data-lottie-url=\"https:\/\/assets8.lottiefiles.com\/packages\/lf20_pcfclxy8.json\" data-lottie-loop=\"true\" data-lottie-reverse=\"\"><\/div>\r\n\t\t\t\t\t\t\t\t\t\r\n\t\t\t\t\t\t\t\t\t\t\t\t<span class=\"premium-title-text\" >\r\n\t\t\t\t\t\t\t\t\t<\/span>\r\n\t\t\t\t\t\r\n\t\t\t\t\t\t\t\t\t\t\t<\/h5>\r\n\t\t<\/div>\r\n\r\n\t\t\t\t<\/div>\n\t\t\t\t<\/div>\n\t\t\t\t\t<\/div>\n\t\t<\/div>\n\t\t\t\t\t<\/div>\n\t\t<\/section>\n\t\t\t\t<section class=\"elementor-section elementor-top-section elementor-element elementor-element-2f94222 elementor-section-boxed elementor-section-height-default elementor-section-height-default\" data-id=\"2f94222\" data-element_type=\"section\">\n\t\t\t\t\t\t<div class=\"elementor-container elementor-column-gap-default\">\n\t\t\t\t\t<div class=\"elementor-column elementor-col-100 elementor-top-column elementor-element elementor-element-46e09dbb\" data-id=\"46e09dbb\" data-element_type=\"column\">\n\t\t\t<div class=\"elementor-widget-wrap elementor-element-populated\">\n\t\t\t\t\t\t<div class=\"elementor-element elementor-element-254cb910 elementor-widget elementor-widget-text-editor\" data-id=\"254cb910\" data-element_type=\"widget\" data-widget_type=\"text-editor.default\">\n\t\t\t\t<div class=\"elementor-widget-container\">\n\t\t\t\t\t\t\t<p><span style=\"font-weight: 400;\">Playa del Carmen, Quintana Roo, 29 de julio de 2025.\u2014El Ayuntamiento de Playa del Carmen, que encabeza la presidenta municipal Estefan\u00eda Mercado, anunci\u00f3 una nueva acci\u00f3n a favor de la justicia educativa, con la entrega de mil becas del 50% para mujeres y hombres mayores de 25 a\u00f1os que deseen titularse en distintas carreras universitarias.<\/span><\/p><p>\u00a0<\/p><p><span style=\"font-weight: 400;\">Esta iniciativa es posible gracias a la alianza entre el Ayuntamiento de Playa del Carmen, la diputada Jimena Lasa \u2014en su calidad de Presidenta Honoraria de la Universidad de la Mujer Quintanarroense (UMQ)\u2014 y la Red Educativa M\u00e9xico. Adem\u00e1s, cuenta con el respaldo de la gobernadora Mara Lezama, quien ha impulsado con firmeza el acceso a la educaci\u00f3n como motor de transformaci\u00f3n social en Quintana Roo.<\/span><\/p><p>\u00a0<\/p><p><span style=\"font-weight: 400;\">Las becas est\u00e1n dirigidas a personas que cumplan con los siguientes requisitos:<\/span><\/p><ul><li><span style=\"font-weight: 400;\">Tener 25 a\u00f1os o m\u00e1s.<\/span><\/li><li><span style=\"font-weight: 400;\">Contar con al menos 3 a\u00f1os de experiencia laboral comprobable.<\/span><\/li><li><span style=\"font-weight: 400;\">Residir actualmente en el estado de Quintana Roo.<\/span><\/li><\/ul><p>\u00a0<\/p><p><span style=\"font-weight: 400;\">Las carreras disponibles incluyen: Educaci\u00f3n Preescolar, Pedagog\u00eda, Administraci\u00f3n P\u00fablica, Derecho, Contabilidad, Administraci\u00f3n General, Ingenier\u00eda Industrial, Ingenier\u00eda en Sistemas, Comunicaci\u00f3n y Mercadotecnia.<\/span><\/p><p>\u00a0<\/p><p><span style=\"font-weight: 400;\">Todos los programas se impartir\u00e1n en modalidad 100% en l\u00ednea, lo cual permite estudiar desde casa y compatibilizar la formaci\u00f3n acad\u00e9mica con las responsabilidades laborales y familiares.<\/span><\/p><p>\u00a0<\/p><p><span style=\"font-weight: 400;\">Adem\u00e1s, las y los beneficiarios acceder\u00e1n a:<\/span><\/p><ul><li><span style=\"font-weight: 400;\">Un m\u00f3dulo de ingl\u00e9s b\u00e1sico orientado a la atenci\u00f3n al cliente, clave para el desarrollo profesional en un entorno tur\u00edstico.<\/span><\/li><li><span style=\"font-weight: 400;\">Una conferencia magistral sobre prevenci\u00f3n de la violencia de g\u00e9nero, que forma parte del enfoque integral de este programa.<\/span><\/li><\/ul><p>\u00a0<\/p><p><span style=\"font-weight: 400;\">\u201cCon esta alianza, estamos abriendo oportunidades reales para que m\u00e1s personas puedan avanzar en su formaci\u00f3n profesional, mejorar sus condiciones de vida y acceder a empleos mejor remunerados. La educaci\u00f3n transforma vidas, y con estas becas, estamos dando pasos firmes hacia un municipio m\u00e1s justo, m\u00e1s preparado y m\u00e1s humano\u201d, afirm\u00f3 Estefan\u00eda Mercado.<\/span><\/p><p>\u00a0<\/p><p><span style=\"font-weight: 400;\">Para m\u00e1s informaci\u00f3n sobre la convocatoria y el proceso de inscripci\u00f3n, las personas interesadas pueden visitar: www. umqroo.org y en el siguiente formulario https:\/\/zfrmz.com\/aqVjwJerKtp0iIeNjYKj.<\/span><\/p>\t\t\t\t\t\t<\/div>\n\t\t\t\t<\/div>\n\t\t\t\t\t<\/div>\n\t\t<\/div>\n\t\t\t\t\t<\/div>\n\t\t<\/section>\n\t\t\t\t<section class=\"elementor-section elementor-top-section elementor-element elementor-element-2fb13d5c elementor-section-boxed elementor-section-height-default elementor-section-height-default\" data-id=\"2fb13d5c\" data-element_type=\"section\">\n\t\t\t\t\t\t<div class=\"elementor-container elementor-column-gap-default\">\n\t\t\t\t\t<div class=\"elementor-column elementor-col-100 elementor-top-column elementor-element elementor-element-40da540b\" data-id=\"40da540b\" data-element_type=\"column\">\n\t\t\t<div class=\"elementor-widget-wrap elementor-element-populated\">\n\t\t\t\t\t\t<div class=\"elementor-element elementor-element-3101ec26 elementor-widget elementor-widget-gallery\" data-id=\"3101ec26\" data-element_type=\"widget\" data-settings=\"{&quot;gallery_layout&quot;:&quot;justified&quot;,&quot;lazyload&quot;:&quot;yes&quot;,&quot;ideal_row_height&quot;:{&quot;unit&quot;:&quot;px&quot;,&quot;size&quot;:200,&quot;sizes&quot;:[]},&quot;ideal_row_height_tablet&quot;:{&quot;unit&quot;:&quot;px&quot;,&quot;size&quot;:150,&quot;sizes&quot;:[]},&quot;ideal_row_height_mobile&quot;:{&quot;unit&quot;:&quot;px&quot;,&quot;size&quot;:150,&quot;sizes&quot;:[]},&quot;gap&quot;:{&quot;unit&quot;:&quot;px&quot;,&quot;size&quot;:10,&quot;sizes&quot;:[]},&quot;gap_tablet&quot;:{&quot;unit&quot;:&quot;px&quot;,&quot;size&quot;:10,&quot;sizes&quot;:[]},&quot;gap_mobile&quot;:{&quot;unit&quot;:&quot;px&quot;,&quot;size&quot;:10,&quot;sizes&quot;:[]},&quot;link_to&quot;:&quot;file&quot;,&quot;overlay_background&quot;:&quot;yes&quot;,&quot;content_hover_animation&quot;:&quot;fade-in&quot;}\" data-widget_type=\"gallery.default\">\n\t\t\t\t<div class=\"elementor-widget-container\">\n\t\t\t\t\t<div class=\"elementor-gallery__container\">\n\t\t\t\t\t\t\t<a class=\"e-gallery-item elementor-gallery-item elementor-animated-content\" href=\"https:\/\/transformarqroo.com\/wp-content\/uploads\/2025\/07\/Playa-29_Jul1.jpg\" data-elementor-open-lightbox=\"yes\" data-elementor-lightbox-slideshow=\"3101ec26\" data-elementor-lightbox-title=\"Playa 29_Jul(1)\" data-e-action-hash=\"#elementor-action%3Aaction%3Dlightbox%26settings%3DeyJpZCI6NDE1NjEsInVybCI6Imh0dHBzOlwvXC90cmFuc2Zvcm1hcnFyb28uY29tXC93cC1jb250ZW50XC91cGxvYWRzXC8yMDI1XC8wN1wvUGxheWEtMjlfSnVsMS5qcGciLCJzbGlkZXNob3ciOiIzMTAxZWMyNiJ9\">\n\t\t\t\t\t<div class=\"e-gallery-image elementor-gallery-item__image\" data-thumbnail=\"https:\/\/transformarqroo.com\/wp-content\/uploads\/2025\/07\/Playa-29_Jul1.jpg\" data-width=\"1600\" data-height=\"1066\" aria-label=\"\" role=\"img\" ><\/div>\n\t\t\t\t\t\t\t\t\t\t\t<div class=\"elementor-gallery-item__overlay\"><\/div>\n\t\t\t\t\t\t\t\t\t\t\t\t\t\t<\/a>\n\t\t\t\t\t\t\t<a class=\"e-gallery-item elementor-gallery-item elementor-animated-content\" href=\"https:\/\/transformarqroo.com\/wp-content\/uploads\/2025\/07\/Playa-29_Jul.jpg\" data-elementor-open-lightbox=\"yes\" data-elementor-lightbox-slideshow=\"3101ec26\" data-elementor-lightbox-title=\"Playa 29_Jul\" data-e-action-hash=\"#elementor-action%3Aaction%3Dlightbox%26settings%3DeyJpZCI6NDE1NjIsInVybCI6Imh0dHBzOlwvXC90cmFuc2Zvcm1hcnFyb28uY29tXC93cC1jb250ZW50XC91cGxvYWRzXC8yMDI1XC8wN1wvUGxheWEtMjlfSnVsLmpwZyIsInNsaWRlc2hvdyI6IjMxMDFlYzI2In0%3D\">\n\t\t\t\t\t<div class=\"e-gallery-image elementor-gallery-item__image\" data-thumbnail=\"https:\/\/transformarqroo.com\/wp-content\/uploads\/2025\/07\/Playa-29_Jul.jpg\" data-width=\"1280\" data-height=\"853\" aria-label=\"\" role=\"img\" ><\/div>\n\t\t\t\t\t\t\t\t\t\t\t<div class=\"elementor-gallery-item__overlay\"><\/div>\n\t\t\t\t\t\t\t\t\t\t\t\t\t\t<\/a>\n\t\t\t\t\t<\/div>\n\t\t\t<\/div>\n\t\t\t\t<\/div>\n\t\t\t\t\t<\/div>\n\t\t<\/div>\n\t\t\t\t\t<\/div>\n\t\t<\/section>\n\t\t\t\t<\/div>\n\t\t","protected":false},"excerpt":{"rendered":"<p>Playa del Carmen, Quintana Roo, 29 de julio de 2025.\u2014El Ayuntamiento de Playa del Carmen, que encabeza la presidenta municipal Estefan\u00eda Mercado, anunci\u00f3 una nueva acci\u00f3n a favor de la justicia educativa, con la entrega de mil becas del 50% para mujeres y hombres mayores de 25 a\u00f1os que deseen titularse en distintas carreras universitarias. [&hellip;]<\/p>\n","protected":false},"author":1,"featured_media":41562,"comment_status":"closed","ping_status":"closed","sticky":false,"template":"","format":"standard","meta":{"_FSMCFIC_featured_image_caption":"","_FSMCFIC_featured_image_nocaption":"","_FSMCFIC_featured_image_hide":"","footnotes":""},"categories":[32,30],"tags":[],"class_list":["post-41537","post","type-post","status-publish","format-standard","has-post-thumbnail","hentry","category-municipios","category-solidaridad"],"aioseo_notices":[],"_links":{"self":[{"href":"https:\/\/transformarqroo.com\/index.php\/wp-json\/wp\/v2\/posts\/41537","targetHints":{"allow":["GET"]}}],"collection":[{"href":"https:\/\/transformarqroo.com\/index.php\/wp-json\/wp\/v2\/posts"}],"about":[{"href":"https:\/\/transformarqroo.com\/index.php\/wp-json\/wp\/v2\/types\/post"}],"author":[{"embeddable":true,"href":"https:\/\/transformarqroo.com\/index.php\/wp-json\/wp\/v2\/users\/1"}],"replies":[{"embeddable":true,"href":"https:\/\/transformarqroo.com\/index.php\/wp-json\/wp\/v2\/comments?post=41537"}],"version-history":[{"count":4,"href":"https:\/\/transformarqroo.com\/index.php\/wp-json\/wp\/v2\/posts\/41537\/revisions"}],"predecessor-version":[{"id":41570,"href":"https:\/\/transformarqroo.com\/index.php\/wp-json\/wp\/v2\/posts\/41537\/revisions\/41570"}],"wp:featuredmedia":[{"embeddable":true,"href":"https:\/\/transformarqroo.com\/index.php\/wp-json\/wp\/v2\/media\/41562"}],"wp:attachment":[{"href":"https:\/\/transformarqroo.com\/index.php\/wp-json\/wp\/v2\/media?parent=41537"}],"wp:term":[{"taxonomy":"category","embeddable":true,"href":"https:\/\/transformarqroo.com\/index.php\/wp-json\/wp\/v2\/categories?post=41537"},{"taxonomy":"post_tag","embeddable":true,"href":"https:\/\/transformarqroo.com\/index.php\/wp-json\/wp\/v2\/tags?post=41537"}],"curies":[{"name":"wp","href":"https:\/\/api.w.org\/{rel}","templated":true}]}}