{"id":41539,"date":"2025-07-26T20:22:54","date_gmt":"2025-07-27T01:22:54","guid":{"rendered":"https:\/\/transformarqroo.com\/?p=41539"},"modified":"2025-07-31T20:27:07","modified_gmt":"2025-08-01T01:27:07","slug":"ninas-y-ninos-pintores-de-playa-del-carmen-destacan-con-sus-obras-a-nivel-nacional","status":"publish","type":"post","link":"https:\/\/transformarqroo.com\/index.php\/2025\/07\/26\/ninas-y-ninos-pintores-de-playa-del-carmen-destacan-con-sus-obras-a-nivel-nacional\/","title":{"rendered":"NI\u00d1AS Y NI\u00d1OS PINTORES DE PLAYA DEL CARMEN DESTACAN CON SUS OBRAS A NIVEL NACIONAL"},"content":{"rendered":"\t\t<div data-elementor-type=\"wp-post\" data-elementor-id=\"41539\" class=\"elementor elementor-41539\" data-elementor-post-type=\"post\">\n\t\t\t\t\t\t<section class=\"elementor-section elementor-top-section elementor-element elementor-element-2904aa80 elementor-section-boxed elementor-section-height-default elementor-section-height-default\" data-id=\"2904aa80\" data-element_type=\"section\">\n\t\t\t\t\t\t<div class=\"elementor-container elementor-column-gap-default\">\n\t\t\t\t\t<div class=\"elementor-column elementor-col-100 elementor-top-column elementor-element elementor-element-39233d5f\" data-id=\"39233d5f\" data-element_type=\"column\">\n\t\t\t<div class=\"elementor-widget-wrap elementor-element-populated\">\n\t\t\t\t\t\t<div class=\"elementor-element elementor-element-35e8499a elementor-widget elementor-widget-premium-addon-banner\" data-id=\"35e8499a\" data-element_type=\"widget\" data-widget_type=\"premium-addon-banner.default\">\n\t\t\t\t<div class=\"elementor-widget-container\">\n\t\t\t\t\t<div class=\"premium-banner-ib premium-banner-min-height premium-banner-animation7 none\">\r\n\t\t\t\t\t\t\t<div class=\"premium-banner-border\">\r\n\t\t\t\t\t<div class=\"premium-banner-br premium-banner-bleft premium-banner-brlr\"><\/div>\r\n\t\t\t\t\t<div class=\"premium-banner-br premium-banner-bright premium-banner-brlr\"><\/div>\r\n\t\t\t\t\t<div class=\"premium-banner-br premium-banner-btop premium-banner-brtb\"><\/div>\r\n\t\t\t\t\t<div class=\"premium-banner-br premium-banner-bottom premium-banner-brtb\"><\/div>\r\n\t\t\t\t<\/div>\r\n\t\t\t\t\t\t\t\t\t\t\t\t\t\t\t<img fetchpriority=\"high\" decoding=\"async\" width=\"960\" height=\"720\" src=\"https:\/\/transformarqroo.com\/wp-content\/uploads\/2025\/07\/Playa-26_Jul.jpg\" class=\"attachment-full size-full wp-image-41547\" alt=\"\" srcset=\"https:\/\/transformarqroo.com\/wp-content\/uploads\/2025\/07\/Playa-26_Jul.jpg 960w, https:\/\/transformarqroo.com\/wp-content\/uploads\/2025\/07\/Playa-26_Jul-300x225.jpg 300w, https:\/\/transformarqroo.com\/wp-content\/uploads\/2025\/07\/Playa-26_Jul-768x576.jpg 768w, https:\/\/transformarqroo.com\/wp-content\/uploads\/2025\/07\/Playa-26_Jul-100x75.jpg 100w\" sizes=\"(max-width: 960px) 100vw, 960px\" \/>\t\t\t\t\t\t\t\t\t\t<div class=\"premium-banner-ib-desc\">\r\n\t\t\t\t\t\t\t\t\t<div class=\"premium-banner-desc-centered\">\r\n\t\t\t\t\t\t\t\t\t<h3 class=\"premium-banner-ib-title premium_banner_title\"><\/h3>\t\t\t\t\t\t\t\t\t\t\t\t\t<\/div>\r\n\t\t\t\t\t\t\t<\/div>\r\n\t\t\t\t\t<\/div>\r\n\t\t\t\t\t\t<\/div>\n\t\t\t\t<\/div>\n\t\t\t\t\t<\/div>\n\t\t<\/div>\n\t\t\t\t\t<\/div>\n\t\t<\/section>\n\t\t\t\t<section class=\"elementor-section elementor-top-section elementor-element elementor-element-60790d50 elementor-section-boxed elementor-section-height-default elementor-section-height-default\" data-id=\"60790d50\" data-element_type=\"section\" data-settings=\"{&quot;background_background&quot;:&quot;classic&quot;}\">\n\t\t\t\t\t\t<div class=\"elementor-container elementor-column-gap-default\">\n\t\t\t\t\t<div class=\"elementor-column elementor-col-100 elementor-top-column elementor-element elementor-element-7cd5904c\" data-id=\"7cd5904c\" data-element_type=\"column\">\n\t\t\t<div class=\"elementor-widget-wrap elementor-element-populated\">\n\t\t\t\t\t\t<div class=\"elementor-element elementor-element-54c57114 premium-title-icon-row premium-title-color elementor-widget elementor-widget-premium-addon-title\" data-id=\"54c57114\" data-element_type=\"widget\" data-widget_type=\"premium-addon-title.default\">\n\t\t\t\t<div class=\"elementor-widget-container\">\n\t\t\t\r\n\t\t<div class=\"premium-title-container style2\">\r\n\t\t\t<h5 class=\"premium-title-header premium-title-style2\">\r\n\t\t\t\t\r\n\t\t\t\t\t\t\t\t\t\t\t\t\t\t\t<div class=\"premium-title-icon premium-lottie-animation\" data-lottie-url=\"https:\/\/assets8.lottiefiles.com\/packages\/lf20_pcfclxy8.json\" data-lottie-loop=\"true\" data-lottie-reverse=\"\"><\/div>\r\n\t\t\t\t\t\t\t\t\t\r\n\t\t\t\t\t\t\t\t\t\t\t\t<span class=\"premium-title-text\" >\r\n\t\t\t\t\t\t\t\t\t<\/span>\r\n\t\t\t\t\t\r\n\t\t\t\t\t\t\t\t\t\t\t<\/h5>\r\n\t\t<\/div>\r\n\r\n\t\t\t\t<\/div>\n\t\t\t\t<\/div>\n\t\t\t\t\t<\/div>\n\t\t<\/div>\n\t\t\t\t\t<\/div>\n\t\t<\/section>\n\t\t\t\t<section class=\"elementor-section elementor-top-section elementor-element elementor-element-ab6f369 elementor-section-boxed elementor-section-height-default elementor-section-height-default\" data-id=\"ab6f369\" data-element_type=\"section\">\n\t\t\t\t\t\t<div class=\"elementor-container elementor-column-gap-default\">\n\t\t\t\t\t<div class=\"elementor-column elementor-col-100 elementor-top-column elementor-element elementor-element-4c445d17\" data-id=\"4c445d17\" data-element_type=\"column\">\n\t\t\t<div class=\"elementor-widget-wrap elementor-element-populated\">\n\t\t\t\t\t\t<div class=\"elementor-element elementor-element-1dfa73a5 elementor-widget elementor-widget-text-editor\" data-id=\"1dfa73a5\" data-element_type=\"widget\" data-widget_type=\"text-editor.default\">\n\t\t\t\t<div class=\"elementor-widget-container\">\n\t\t\t\t\t\t\t<p><span style=\"font-weight: 400;\">Playa del Carmen, Quintana Roo, 26 de julio de 2025.- La Escuela de Iniciaci\u00f3n Art\u00edstica asociada al Instituto Nacional de Bellas Artes y Literatura (INBAL), inform\u00f3 que su alumna Mar\u00eda Patricia Valdivieso Uc de 14 a\u00f1os y su pintura \u201cEl nahual eres t\u00fa mismo\u201d, gan\u00f3 la Tercera Convocatoria de Dibujo y Pintura Infantil y Juvenil \u201cM\u00e9xico y su historia\u201d, cuya tem\u00e1tica fue \u201cLas Leyendas de M\u00e9xico\u201d.<\/span><\/p><p>\u00a0<\/p><p><span style=\"font-weight: 400;\">Ernesto Santiago Mart\u00ednez Cu\u00e9llar, director general del Instituto Municipal de la Cultura y las Artes de Playa del Carmen, anunci\u00f3 que adem\u00e1s de este galard\u00f3n, 19 obras de estudiantes de este centro formativo, fueron seleccionadas para el cat\u00e1logo del INBAL en diferentes categor\u00edas.\u00a0<\/span><\/p><p>\u00a0<\/p><p><span style=\"font-weight: 400;\">\u201cTenemos a Mar\u00eda Patricia, pero tambi\u00e9n Mar\u00eda Ximena Morales Ruiz, Nicol\u00e1s Santoyo Zum\u00e1rraga, Samantha Leveille Blanco Moreno, Iris Paola Hern\u00e1ndez S\u00e1nchez, Aleah Jazm\u00edn Propst Zaragoza, Alma Tonatzin Maza Blancarte y Giulana Danielle Sosa de los Santos, y sus pinturas tendr\u00e1n un lugar en esta publicaci\u00f3n que es conocida en todo el pa\u00eds\u201d, indic\u00f3.\u00a0<\/span><\/p><p>\u00a0<\/p><p><span style=\"font-weight: 400;\">En la duod\u00e9cima Convocatoria de Dibujo y Pintura Infantil y Juvenil \u201cChina en mi imaginaci\u00f3n\u201d, con la tem\u00e1tica \u201cLa Nao de China\u201d, 12 obras playenses fueron seleccionadas dentro de un total de 408 trabajos recibidos.<\/span><\/p><p>\u00a0<\/p><p><span style=\"font-weight: 400;\">Se trata de Nicol\u00e1s C\u00f3rdova Flota, Jude Lennon Denault Mora, Mar\u00eda Jimena Morales Ruiz, Nicol\u00e1s Santoyo Zum\u00e1rraga, Samantha Leveille Blanco Moreno, Aleah Jazm\u00edn Propst Zaragoza, Allison Michele Contreras Hern\u00e1ndez, Alma Tonatzin Maza Blancarte, Khaleesi D\u00e1valos Morales, Mar\u00eda Patricia Valdivieso Uc, Natalia Flores Gotay y Giullana Danielle Sosa de los Santos.<\/span><\/p><p>\u00a0<\/p><p><span style=\"font-weight: 400;\">Ernesto Mart\u00ednez Cu\u00e9llar destac\u00f3 que estos nombres se suman al de la violinista Priscila S\u00e1nchez Gamboa, quien integra la Orquesta Sinf\u00f3nica Infantil Nacional (OSIM), y Jude Lennon Denault Mora, ganador de la Primera Bienal de Arte Gr\u00e1fico Infantil \u201cRayar, un mundo mejor con imaginaci\u00f3n\u201d, como ejemplos de los logros obtenidos en este 2025.<\/span><\/p>\t\t\t\t\t\t<\/div>\n\t\t\t\t<\/div>\n\t\t\t\t\t<\/div>\n\t\t<\/div>\n\t\t\t\t\t<\/div>\n\t\t<\/section>\n\t\t\t\t<section class=\"elementor-section elementor-top-section elementor-element elementor-element-4fe14491 elementor-section-boxed elementor-section-height-default elementor-section-height-default\" data-id=\"4fe14491\" data-element_type=\"section\">\n\t\t\t\t\t\t<div class=\"elementor-container elementor-column-gap-default\">\n\t\t\t\t\t<div class=\"elementor-column elementor-col-100 elementor-top-column elementor-element elementor-element-21b8c792\" data-id=\"21b8c792\" data-element_type=\"column\">\n\t\t\t<div class=\"elementor-widget-wrap elementor-element-populated\">\n\t\t\t\t\t\t<div class=\"elementor-element elementor-element-5f7b7633 elementor-widget elementor-widget-gallery\" data-id=\"5f7b7633\" data-element_type=\"widget\" data-settings=\"{&quot;gallery_layout&quot;:&quot;justified&quot;,&quot;lazyload&quot;:&quot;yes&quot;,&quot;ideal_row_height&quot;:{&quot;unit&quot;:&quot;px&quot;,&quot;size&quot;:200,&quot;sizes&quot;:[]},&quot;ideal_row_height_tablet&quot;:{&quot;unit&quot;:&quot;px&quot;,&quot;size&quot;:150,&quot;sizes&quot;:[]},&quot;ideal_row_height_mobile&quot;:{&quot;unit&quot;:&quot;px&quot;,&quot;size&quot;:150,&quot;sizes&quot;:[]},&quot;gap&quot;:{&quot;unit&quot;:&quot;px&quot;,&quot;size&quot;:10,&quot;sizes&quot;:[]},&quot;gap_tablet&quot;:{&quot;unit&quot;:&quot;px&quot;,&quot;size&quot;:10,&quot;sizes&quot;:[]},&quot;gap_mobile&quot;:{&quot;unit&quot;:&quot;px&quot;,&quot;size&quot;:10,&quot;sizes&quot;:[]},&quot;link_to&quot;:&quot;file&quot;,&quot;overlay_background&quot;:&quot;yes&quot;,&quot;content_hover_animation&quot;:&quot;fade-in&quot;}\" data-widget_type=\"gallery.default\">\n\t\t\t\t<div class=\"elementor-widget-container\">\n\t\t\t\t\t<div class=\"elementor-gallery__container\">\n\t\t\t\t\t\t\t<a class=\"e-gallery-item elementor-gallery-item elementor-animated-content\" href=\"https:\/\/transformarqroo.com\/wp-content\/uploads\/2025\/07\/Playa-26_Jul1.jpg\" data-elementor-open-lightbox=\"yes\" data-elementor-lightbox-slideshow=\"5f7b7633\" data-elementor-lightbox-title=\"Playa 26_Jul(1)\" data-e-action-hash=\"#elementor-action%3Aaction%3Dlightbox%26settings%3DeyJpZCI6NDE1NDQsInVybCI6Imh0dHBzOlwvXC90cmFuc2Zvcm1hcnFyb28uY29tXC93cC1jb250ZW50XC91cGxvYWRzXC8yMDI1XC8wN1wvUGxheWEtMjZfSnVsMS5qcGciLCJzbGlkZXNob3ciOiI1ZjdiNzYzMyJ9\">\n\t\t\t\t\t<div class=\"e-gallery-image elementor-gallery-item__image\" data-thumbnail=\"https:\/\/transformarqroo.com\/wp-content\/uploads\/2025\/07\/Playa-26_Jul1.jpg\" data-width=\"1236\" data-height=\"1600\" aria-label=\"\" role=\"img\" ><\/div>\n\t\t\t\t\t\t\t\t\t\t\t<div class=\"elementor-gallery-item__overlay\"><\/div>\n\t\t\t\t\t\t\t\t\t\t\t\t\t\t<\/a>\n\t\t\t\t\t\t\t<a class=\"e-gallery-item elementor-gallery-item elementor-animated-content\" href=\"https:\/\/transformarqroo.com\/wp-content\/uploads\/2025\/07\/Playa-26_Jul2.jpg\" data-elementor-open-lightbox=\"yes\" data-elementor-lightbox-slideshow=\"5f7b7633\" data-elementor-lightbox-title=\"Playa 26_Jul(2)\" data-e-action-hash=\"#elementor-action%3Aaction%3Dlightbox%26settings%3DeyJpZCI6NDE1NDUsInVybCI6Imh0dHBzOlwvXC90cmFuc2Zvcm1hcnFyb28uY29tXC93cC1jb250ZW50XC91cGxvYWRzXC8yMDI1XC8wN1wvUGxheWEtMjZfSnVsMi5qcGciLCJzbGlkZXNob3ciOiI1ZjdiNzYzMyJ9\">\n\t\t\t\t\t<div class=\"e-gallery-image elementor-gallery-item__image\" data-thumbnail=\"https:\/\/transformarqroo.com\/wp-content\/uploads\/2025\/07\/Playa-26_Jul2.jpg\" data-width=\"1080\" data-height=\"1080\" aria-label=\"\" role=\"img\" ><\/div>\n\t\t\t\t\t\t\t\t\t\t\t<div class=\"elementor-gallery-item__overlay\"><\/div>\n\t\t\t\t\t\t\t\t\t\t\t\t\t\t<\/a>\n\t\t\t\t\t\t\t<a class=\"e-gallery-item elementor-gallery-item elementor-animated-content\" href=\"https:\/\/transformarqroo.com\/wp-content\/uploads\/2025\/07\/Playa-26_Jul3.jpg\" data-elementor-open-lightbox=\"yes\" data-elementor-lightbox-slideshow=\"5f7b7633\" data-elementor-lightbox-title=\"Playa 26_Jul(3)\" data-e-action-hash=\"#elementor-action%3Aaction%3Dlightbox%26settings%3DeyJpZCI6NDE1NDYsInVybCI6Imh0dHBzOlwvXC90cmFuc2Zvcm1hcnFyb28uY29tXC93cC1jb250ZW50XC91cGxvYWRzXC8yMDI1XC8wN1wvUGxheWEtMjZfSnVsMy5qcGciLCJzbGlkZXNob3ciOiI1ZjdiNzYzMyJ9\">\n\t\t\t\t\t<div class=\"e-gallery-image elementor-gallery-item__image\" data-thumbnail=\"https:\/\/transformarqroo.com\/wp-content\/uploads\/2025\/07\/Playa-26_Jul3.jpg\" data-width=\"1080\" data-height=\"1080\" aria-label=\"\" role=\"img\" ><\/div>\n\t\t\t\t\t\t\t\t\t\t\t<div class=\"elementor-gallery-item__overlay\"><\/div>\n\t\t\t\t\t\t\t\t\t\t\t\t\t\t<\/a>\n\t\t\t\t\t\t\t<a class=\"e-gallery-item elementor-gallery-item elementor-animated-content\" href=\"https:\/\/transformarqroo.com\/wp-content\/uploads\/2025\/07\/Playa-26_Jul.jpg\" data-elementor-open-lightbox=\"yes\" data-elementor-lightbox-slideshow=\"5f7b7633\" data-elementor-lightbox-title=\"Playa 26_Jul\" data-e-action-hash=\"#elementor-action%3Aaction%3Dlightbox%26settings%3DeyJpZCI6NDE1NDcsInVybCI6Imh0dHBzOlwvXC90cmFuc2Zvcm1hcnFyb28uY29tXC93cC1jb250ZW50XC91cGxvYWRzXC8yMDI1XC8wN1wvUGxheWEtMjZfSnVsLmpwZyIsInNsaWRlc2hvdyI6IjVmN2I3NjMzIn0%3D\">\n\t\t\t\t\t<div class=\"e-gallery-image elementor-gallery-item__image\" data-thumbnail=\"https:\/\/transformarqroo.com\/wp-content\/uploads\/2025\/07\/Playa-26_Jul.jpg\" data-width=\"960\" data-height=\"720\" aria-label=\"\" role=\"img\" ><\/div>\n\t\t\t\t\t\t\t\t\t\t\t<div class=\"elementor-gallery-item__overlay\"><\/div>\n\t\t\t\t\t\t\t\t\t\t\t\t\t\t<\/a>\n\t\t\t\t\t<\/div>\n\t\t\t<\/div>\n\t\t\t\t<\/div>\n\t\t\t\t\t<\/div>\n\t\t<\/div>\n\t\t\t\t\t<\/div>\n\t\t<\/section>\n\t\t\t\t<\/div>\n\t\t","protected":false},"excerpt":{"rendered":"<p>Playa del Carmen, Quintana Roo, 26 de julio de 2025.- La Escuela de Iniciaci\u00f3n Art\u00edstica asociada al Instituto Nacional de Bellas Artes y Literatura (INBAL), inform\u00f3 que su alumna Mar\u00eda Patricia Valdivieso Uc de 14 a\u00f1os y su pintura \u201cEl nahual eres t\u00fa mismo\u201d, gan\u00f3 la Tercera Convocatoria de Dibujo y Pintura Infantil y Juvenil [&hellip;]<\/p>\n","protected":false},"author":1,"featured_media":41547,"comment_status":"closed","ping_status":"closed","sticky":false,"template":"","format":"standard","meta":{"_FSMCFIC_featured_image_caption":"","_FSMCFIC_featured_image_nocaption":"","_FSMCFIC_featured_image_hide":"","footnotes":""},"categories":[32,30],"tags":[],"class_list":["post-41539","post","type-post","status-publish","format-standard","has-post-thumbnail","hentry","category-municipios","category-solidaridad"],"aioseo_notices":[],"_links":{"self":[{"href":"https:\/\/transformarqroo.com\/index.php\/wp-json\/wp\/v2\/posts\/41539","targetHints":{"allow":["GET"]}}],"collection":[{"href":"https:\/\/transformarqroo.com\/index.php\/wp-json\/wp\/v2\/posts"}],"about":[{"href":"https:\/\/transformarqroo.com\/index.php\/wp-json\/wp\/v2\/types\/post"}],"author":[{"embeddable":true,"href":"https:\/\/transformarqroo.com\/index.php\/wp-json\/wp\/v2\/users\/1"}],"replies":[{"embeddable":true,"href":"https:\/\/transformarqroo.com\/index.php\/wp-json\/wp\/v2\/comments?post=41539"}],"version-history":[{"count":4,"href":"https:\/\/transformarqroo.com\/index.php\/wp-json\/wp\/v2\/posts\/41539\/revisions"}],"predecessor-version":[{"id":41555,"href":"https:\/\/transformarqroo.com\/index.php\/wp-json\/wp\/v2\/posts\/41539\/revisions\/41555"}],"wp:featuredmedia":[{"embeddable":true,"href":"https:\/\/transformarqroo.com\/index.php\/wp-json\/wp\/v2\/media\/41547"}],"wp:attachment":[{"href":"https:\/\/transformarqroo.com\/index.php\/wp-json\/wp\/v2\/media?parent=41539"}],"wp:term":[{"taxonomy":"category","embeddable":true,"href":"https:\/\/transformarqroo.com\/index.php\/wp-json\/wp\/v2\/categories?post=41539"},{"taxonomy":"post_tag","embeddable":true,"href":"https:\/\/transformarqroo.com\/index.php\/wp-json\/wp\/v2\/tags?post=41539"}],"curies":[{"name":"wp","href":"https:\/\/api.w.org\/{rel}","templated":true}]}}