{"id":41844,"date":"2025-08-10T22:45:57","date_gmt":"2025-08-11T03:45:57","guid":{"rendered":"https:\/\/transformarqroo.com\/?p=41844"},"modified":"2025-08-10T22:46:07","modified_gmt":"2025-08-11T03:46:07","slug":"gobierno-municipal-invita-a-celebrar-el-cierre-de-las-fiestas-de-fundacion-2025-de-isla-mujeres-con-tradicion-cultura-y-union-familiar","status":"publish","type":"post","link":"https:\/\/transformarqroo.com\/index.php\/2025\/08\/10\/gobierno-municipal-invita-a-celebrar-el-cierre-de-las-fiestas-de-fundacion-2025-de-isla-mujeres-con-tradicion-cultura-y-union-familiar\/","title":{"rendered":"GOBIERNO MUNICIPAL INVITA A CELEBRAR EL CIERRE DE LAS FIESTAS DE FUNDACI\u00d3N 2025 DE ISLA MUJERES CON TRADICI\u00d3N, CULTURA Y UNI\u00d3N FAMILIAR"},"content":{"rendered":"\t\t<div data-elementor-type=\"wp-post\" data-elementor-id=\"41844\" class=\"elementor elementor-41844\" data-elementor-post-type=\"post\">\n\t\t\t\t\t\t<section class=\"elementor-section elementor-top-section elementor-element elementor-element-cbdca97 elementor-section-boxed elementor-section-height-default elementor-section-height-default\" data-id=\"cbdca97\" data-element_type=\"section\">\n\t\t\t\t\t\t<div class=\"elementor-container elementor-column-gap-default\">\n\t\t\t\t\t<div class=\"elementor-column elementor-col-100 elementor-top-column elementor-element elementor-element-16e868e0\" data-id=\"16e868e0\" data-element_type=\"column\">\n\t\t\t<div class=\"elementor-widget-wrap elementor-element-populated\">\n\t\t\t\t\t\t<div class=\"elementor-element elementor-element-38261643 elementor-widget elementor-widget-premium-addon-banner\" data-id=\"38261643\" data-element_type=\"widget\" data-widget_type=\"premium-addon-banner.default\">\n\t\t\t\t<div class=\"elementor-widget-container\">\n\t\t\t\t\t<div class=\"premium-banner-ib premium-banner-min-height premium-banner-animation7 none\">\r\n\t\t\t\t\t\t\t<div class=\"premium-banner-border\">\r\n\t\t\t\t\t<div class=\"premium-banner-br premium-banner-bleft premium-banner-brlr\"><\/div>\r\n\t\t\t\t\t<div class=\"premium-banner-br premium-banner-bright premium-banner-brlr\"><\/div>\r\n\t\t\t\t\t<div class=\"premium-banner-br premium-banner-btop premium-banner-brtb\"><\/div>\r\n\t\t\t\t\t<div class=\"premium-banner-br premium-banner-bottom premium-banner-brtb\"><\/div>\r\n\t\t\t\t<\/div>\r\n\t\t\t\t\t\t\t\t\t\t\t\t\t\t\t<img fetchpriority=\"high\" decoding=\"async\" width=\"828\" height=\"1280\" src=\"https:\/\/transformarqroo.com\/wp-content\/uploads\/2025\/08\/Isla-10_Ago.jpg\" class=\"attachment-full size-full wp-image-41854\" alt=\"\" srcset=\"https:\/\/transformarqroo.com\/wp-content\/uploads\/2025\/08\/Isla-10_Ago.jpg 828w, https:\/\/transformarqroo.com\/wp-content\/uploads\/2025\/08\/Isla-10_Ago-194x300.jpg 194w, https:\/\/transformarqroo.com\/wp-content\/uploads\/2025\/08\/Isla-10_Ago-662x1024.jpg 662w, https:\/\/transformarqroo.com\/wp-content\/uploads\/2025\/08\/Isla-10_Ago-768x1187.jpg 768w, https:\/\/transformarqroo.com\/wp-content\/uploads\/2025\/08\/Isla-10_Ago-100x155.jpg 100w\" sizes=\"(max-width: 828px) 100vw, 828px\" \/>\t\t\t\t\t\t\t\t\t\t<div class=\"premium-banner-ib-desc\">\r\n\t\t\t\t\t\t\t\t\t<div class=\"premium-banner-desc-centered\">\r\n\t\t\t\t\t\t\t\t\t<h3 class=\"premium-banner-ib-title premium_banner_title\"><\/h3>\t\t\t\t\t\t\t\t\t\t\t\t\t<\/div>\r\n\t\t\t\t\t\t\t<\/div>\r\n\t\t\t\t\t<\/div>\r\n\t\t\t\t\t\t<\/div>\n\t\t\t\t<\/div>\n\t\t\t\t\t<\/div>\n\t\t<\/div>\n\t\t\t\t\t<\/div>\n\t\t<\/section>\n\t\t\t\t<section class=\"elementor-section elementor-top-section elementor-element elementor-element-3800deae elementor-section-boxed elementor-section-height-default elementor-section-height-default\" data-id=\"3800deae\" data-element_type=\"section\" data-settings=\"{&quot;background_background&quot;:&quot;classic&quot;}\">\n\t\t\t\t\t\t<div class=\"elementor-container elementor-column-gap-default\">\n\t\t\t\t\t<div class=\"elementor-column elementor-col-100 elementor-top-column elementor-element elementor-element-10e0cf8\" data-id=\"10e0cf8\" data-element_type=\"column\">\n\t\t\t<div class=\"elementor-widget-wrap elementor-element-populated\">\n\t\t\t\t\t\t<div class=\"elementor-element elementor-element-69909b4a premium-title-icon-row premium-title-color elementor-widget elementor-widget-premium-addon-title\" data-id=\"69909b4a\" data-element_type=\"widget\" data-widget_type=\"premium-addon-title.default\">\n\t\t\t\t<div class=\"elementor-widget-container\">\n\t\t\t\r\n\t\t<div class=\"premium-title-container style2\">\r\n\t\t\t<h5 class=\"premium-title-header premium-title-style2\">\r\n\t\t\t\t\r\n\t\t\t\t\t\t\t\t\t\t\t\t\t\t\t<div class=\"premium-title-icon premium-lottie-animation\" data-lottie-url=\"https:\/\/assets8.lottiefiles.com\/packages\/lf20_pcfclxy8.json\" data-lottie-loop=\"true\" data-lottie-reverse=\"\"><\/div>\r\n\t\t\t\t\t\t\t\t\t\r\n\t\t\t\t\t\t\t\t\t\t\t\t<span class=\"premium-title-text\" >\r\n\t\t\t\t\t\t\t\t\t<\/span>\r\n\t\t\t\t\t\r\n\t\t\t\t\t\t\t\t\t\t\t<\/h5>\r\n\t\t<\/div>\r\n\r\n\t\t\t\t<\/div>\n\t\t\t\t<\/div>\n\t\t\t\t\t<\/div>\n\t\t<\/div>\n\t\t\t\t\t<\/div>\n\t\t<\/section>\n\t\t\t\t<section class=\"elementor-section elementor-top-section elementor-element elementor-element-5a5437f2 elementor-section-boxed elementor-section-height-default elementor-section-height-default\" data-id=\"5a5437f2\" data-element_type=\"section\">\n\t\t\t\t\t\t<div class=\"elementor-container elementor-column-gap-default\">\n\t\t\t\t\t<div class=\"elementor-column elementor-col-100 elementor-top-column elementor-element elementor-element-47d83463\" data-id=\"47d83463\" data-element_type=\"column\">\n\t\t\t<div class=\"elementor-widget-wrap elementor-element-populated\">\n\t\t\t\t\t\t<div class=\"elementor-element elementor-element-7b07dceb elementor-widget elementor-widget-text-editor\" data-id=\"7b07dceb\" data-element_type=\"widget\" data-widget_type=\"text-editor.default\">\n\t\t\t\t<div class=\"elementor-widget-container\">\n\t\t\t\t\t\t\t<p><span style=\"font-weight: 400;\">Isla Mujeres, Quintana Roo a 10 de agosto de 2025.- El Gobierno de Isla Mujeres, que encabeza la Presidenta Municipal, Atenea G\u00f3mez Ricalde, invita a las familias isle\u00f1as y a todos los visitantes a sumarse a las actividades de cierre de las Fiestas de Fundaci\u00f3n 2025.<\/span><\/p><p>\u00a0<\/p><p><span style=\"font-weight: 400;\">Durante cuatro d\u00edas, se desarrollar\u00e1n eventos que unir\u00e1n la historia, la fe, la m\u00fasica, el arte y la alegr\u00eda, para que tanto las familias isle\u00f1as como los turistas, vivan momentos de orgullo y convivencia.\u00a0<\/span><\/p><p>\u00a0<\/p><p><span style=\"font-weight: 400;\">Atenea G\u00f3mez, destac\u00f3 que estas celebraciones tienen como objetivo principal honrar los 175 a\u00f1os de la fundaci\u00f3n de Isla Mujeres, reconociendo el esfuerzo y la herencia de quienes construyeron este municipio, as\u00ed como promover la participaci\u00f3n ciudadana y el turismo cultural.<\/span><\/p><p>\u00a0<\/p><p><span style=\"font-weight: 400;\">El jueves 14, a las 18:00 horas, en el Malec\u00f3n Caribe, frente a la colonia Ampliaci\u00f3n La Gloria, se llevar\u00e1 a cabo la develaci\u00f3n de la escultura Mujer Isle\u00f1a, un homenaje que enaltecer\u00e1 el papel hist\u00f3rico y actual de la mujer en la comunidad.<\/span><\/p><p>\u00a0<\/p><p><span style=\"font-weight: 400;\">El viernes 15, las actividades se vivir\u00e1n con un profundo sentido religioso y cultural. A las 19:00 horas se celebrar\u00e1 la Misa de la Subida de la Virgen de la Asunci\u00f3n en la Parroquia de la Inmaculada Concepci\u00f3n y a las 20:00 horas se realizar\u00e1 la procesi\u00f3n por las calles del centro, donde familias enteras acompa\u00f1ar\u00e1n a la patrona del pueblo. Al concluir, la Explanada Municipal se llenar\u00e1 de m\u00fasica y tradici\u00f3n con la Vaquer\u00eda, amenizada por la Orquesta Jaranera Royat.<\/span><\/p><p>\u00a0<\/p><p><span style=\"font-weight: 400;\">El s\u00e1bado 16 comenzar\u00e1 a las 07:30 horas con la tradicional ofrenda floral en la Cruz de la Bah\u00eda, partiendo desde el muelle de madera para recordar a quienes han dejado huella en el crecimiento del municipio.<\/span><\/p><p><br \/><br \/><\/p><p><span style=\"font-weight: 400;\">Por la noche, a las 19:00 horas, en la Explanada Municipal, se realizar\u00e1 el Concurso de la Bebida Isle\u00f1a, para impulsar la mixolog\u00eda y el rescate de sabores que forman parte de nuestra identidad gastron\u00f3mica. Como gran cierre de la jornada, a las 22:00 horas, se presentar\u00e1 el reconocido grupo Edwin Luna y La Trakalosa de Monterrey.<\/span><\/p><p>\u00a0<\/p><p><span style=\"font-weight: 400;\">Finalmente, el domingo 17, a las 19:30 horas, se celebrar\u00e1 la Sesi\u00f3n P\u00fablica y Solemne por el 175 aniversario de la fundaci\u00f3n de Isla Mujeres. La m\u00fasica continuar\u00e1 a las 22:00 horas con la presentaci\u00f3n de Trovadoras del Mayab, que llenar\u00e1n de romanticismo y tradici\u00f3n el coraz\u00f3n del pueblo.<\/span><\/p><p>\u00a0<\/p><p><span style=\"font-weight: 400;\">La Presidenta Municipal, destac\u00f3 que este cierre de las Fiestas de Fundaci\u00f3n 2025 buscan mantener vivas las costumbres y valores que nos distinguen y tambi\u00e9n fortalecer la uni\u00f3n, incentivar el turismo responsable y proyectar a Isla Mujeres como un destino cultural y tur\u00edstico de excelencia.<\/span><\/p>\t\t\t\t\t\t<\/div>\n\t\t\t\t<\/div>\n\t\t\t\t\t<\/div>\n\t\t<\/div>\n\t\t\t\t\t<\/div>\n\t\t<\/section>\n\t\t\t\t<section class=\"elementor-section elementor-top-section elementor-element elementor-element-6dd20549 elementor-section-boxed elementor-section-height-default elementor-section-height-default\" data-id=\"6dd20549\" data-element_type=\"section\">\n\t\t\t\t\t\t<div class=\"elementor-container elementor-column-gap-default\">\n\t\t\t\t\t<div class=\"elementor-column elementor-col-100 elementor-top-column elementor-element elementor-element-4db29e9e\" data-id=\"4db29e9e\" data-element_type=\"column\">\n\t\t\t<div class=\"elementor-widget-wrap elementor-element-populated\">\n\t\t\t\t\t\t<div class=\"elementor-element elementor-element-7bf47382 elementor-widget elementor-widget-gallery\" data-id=\"7bf47382\" data-element_type=\"widget\" data-settings=\"{&quot;gallery_layout&quot;:&quot;justified&quot;,&quot;lazyload&quot;:&quot;yes&quot;,&quot;ideal_row_height&quot;:{&quot;unit&quot;:&quot;px&quot;,&quot;size&quot;:200,&quot;sizes&quot;:[]},&quot;ideal_row_height_tablet&quot;:{&quot;unit&quot;:&quot;px&quot;,&quot;size&quot;:150,&quot;sizes&quot;:[]},&quot;ideal_row_height_mobile&quot;:{&quot;unit&quot;:&quot;px&quot;,&quot;size&quot;:150,&quot;sizes&quot;:[]},&quot;gap&quot;:{&quot;unit&quot;:&quot;px&quot;,&quot;size&quot;:10,&quot;sizes&quot;:[]},&quot;gap_tablet&quot;:{&quot;unit&quot;:&quot;px&quot;,&quot;size&quot;:10,&quot;sizes&quot;:[]},&quot;gap_mobile&quot;:{&quot;unit&quot;:&quot;px&quot;,&quot;size&quot;:10,&quot;sizes&quot;:[]},&quot;link_to&quot;:&quot;file&quot;,&quot;overlay_background&quot;:&quot;yes&quot;,&quot;content_hover_animation&quot;:&quot;fade-in&quot;}\" data-widget_type=\"gallery.default\">\n\t\t\t\t<div class=\"elementor-widget-container\">\n\t\t\t\t\t<div class=\"elementor-gallery__container\">\n\t\t\t\t\t\t\t<a class=\"e-gallery-item elementor-gallery-item elementor-animated-content\" href=\"https:\/\/transformarqroo.com\/wp-content\/uploads\/2025\/08\/Isla-10_Ago.jpg\" data-elementor-open-lightbox=\"yes\" data-elementor-lightbox-slideshow=\"7bf47382\" data-elementor-lightbox-title=\"Isla 10_Ago\" data-e-action-hash=\"#elementor-action%3Aaction%3Dlightbox%26settings%3DeyJpZCI6NDE4NTQsInVybCI6Imh0dHBzOlwvXC90cmFuc2Zvcm1hcnFyb28uY29tXC93cC1jb250ZW50XC91cGxvYWRzXC8yMDI1XC8wOFwvSXNsYS0xMF9BZ28uanBnIiwic2xpZGVzaG93IjoiN2JmNDczODIifQ%3D%3D\">\n\t\t\t\t\t<div class=\"e-gallery-image elementor-gallery-item__image\" data-thumbnail=\"https:\/\/transformarqroo.com\/wp-content\/uploads\/2025\/08\/Isla-10_Ago.jpg\" data-width=\"828\" data-height=\"1280\" aria-label=\"\" role=\"img\" ><\/div>\n\t\t\t\t\t\t\t\t\t\t\t<div class=\"elementor-gallery-item__overlay\"><\/div>\n\t\t\t\t\t\t\t\t\t\t\t\t\t\t<\/a>\n\t\t\t\t\t<\/div>\n\t\t\t<\/div>\n\t\t\t\t<\/div>\n\t\t\t\t\t<\/div>\n\t\t<\/div>\n\t\t\t\t\t<\/div>\n\t\t<\/section>\n\t\t\t\t<\/div>\n\t\t","protected":false},"excerpt":{"rendered":"<p>Isla Mujeres, Quintana Roo a 10 de agosto de 2025.- El Gobierno de Isla Mujeres, que encabeza la Presidenta Municipal, Atenea G\u00f3mez Ricalde, invita a las familias isle\u00f1as y a todos los visitantes a sumarse a las actividades de cierre de las Fiestas de Fundaci\u00f3n 2025. \u00a0 Durante cuatro d\u00edas, se desarrollar\u00e1n eventos que unir\u00e1n [&hellip;]<\/p>\n","protected":false},"author":1,"featured_media":41854,"comment_status":"closed","ping_status":"closed","sticky":false,"template":"","format":"standard","meta":{"_FSMCFIC_featured_image_caption":"","_FSMCFIC_featured_image_nocaption":"","_FSMCFIC_featured_image_hide":"","footnotes":""},"categories":[32,25],"tags":[],"class_list":["post-41844","post","type-post","status-publish","format-standard","has-post-thumbnail","hentry","category-municipios","category-isla-mujeres"],"aioseo_notices":[],"_links":{"self":[{"href":"https:\/\/transformarqroo.com\/index.php\/wp-json\/wp\/v2\/posts\/41844","targetHints":{"allow":["GET"]}}],"collection":[{"href":"https:\/\/transformarqroo.com\/index.php\/wp-json\/wp\/v2\/posts"}],"about":[{"href":"https:\/\/transformarqroo.com\/index.php\/wp-json\/wp\/v2\/types\/post"}],"author":[{"embeddable":true,"href":"https:\/\/transformarqroo.com\/index.php\/wp-json\/wp\/v2\/users\/1"}],"replies":[{"embeddable":true,"href":"https:\/\/transformarqroo.com\/index.php\/wp-json\/wp\/v2\/comments?post=41844"}],"version-history":[{"count":4,"href":"https:\/\/transformarqroo.com\/index.php\/wp-json\/wp\/v2\/posts\/41844\/revisions"}],"predecessor-version":[{"id":41866,"href":"https:\/\/transformarqroo.com\/index.php\/wp-json\/wp\/v2\/posts\/41844\/revisions\/41866"}],"wp:featuredmedia":[{"embeddable":true,"href":"https:\/\/transformarqroo.com\/index.php\/wp-json\/wp\/v2\/media\/41854"}],"wp:attachment":[{"href":"https:\/\/transformarqroo.com\/index.php\/wp-json\/wp\/v2\/media?parent=41844"}],"wp:term":[{"taxonomy":"category","embeddable":true,"href":"https:\/\/transformarqroo.com\/index.php\/wp-json\/wp\/v2\/categories?post=41844"},{"taxonomy":"post_tag","embeddable":true,"href":"https:\/\/transformarqroo.com\/index.php\/wp-json\/wp\/v2\/tags?post=41844"}],"curies":[{"name":"wp","href":"https:\/\/api.w.org\/{rel}","templated":true}]}}