{"id":41956,"date":"2025-08-21T20:19:00","date_gmt":"2025-08-22T01:19:00","guid":{"rendered":"https:\/\/transformarqroo.com\/?p=41956"},"modified":"2025-09-01T20:21:59","modified_gmt":"2025-09-02T01:21:59","slug":"gobierno-de-isla-mujeres-lanza-convocatoria-para-la-tercera-edicion-del-concurso-cantale-a-mexico-con-el-corazon","status":"publish","type":"post","link":"https:\/\/transformarqroo.com\/index.php\/2025\/08\/21\/gobierno-de-isla-mujeres-lanza-convocatoria-para-la-tercera-edicion-del-concurso-cantale-a-mexico-con-el-corazon\/","title":{"rendered":"GOBIERNO DE ISLA MUJERES LANZA CONVOCATORIA PARA LA TERCERA EDICI\u00d3N DEL CONCURSO C\u00c1NTALE A M\u00c9XICO CON EL CORAZ\u00d3N"},"content":{"rendered":"\t\t<div data-elementor-type=\"wp-post\" data-elementor-id=\"41956\" class=\"elementor elementor-41956\" data-elementor-post-type=\"post\">\n\t\t\t\t\t\t<section class=\"elementor-section elementor-top-section elementor-element elementor-element-3d174b56 elementor-section-boxed elementor-section-height-default elementor-section-height-default\" data-id=\"3d174b56\" data-element_type=\"section\">\n\t\t\t\t\t\t<div class=\"elementor-container elementor-column-gap-default\">\n\t\t\t\t\t<div class=\"elementor-column elementor-col-100 elementor-top-column elementor-element elementor-element-216141cd\" data-id=\"216141cd\" data-element_type=\"column\">\n\t\t\t<div class=\"elementor-widget-wrap elementor-element-populated\">\n\t\t\t\t\t\t<div class=\"elementor-element elementor-element-34fc6005 elementor-widget elementor-widget-premium-addon-banner\" data-id=\"34fc6005\" data-element_type=\"widget\" data-widget_type=\"premium-addon-banner.default\">\n\t\t\t\t<div class=\"elementor-widget-container\">\n\t\t\t\t\t<div class=\"premium-banner-ib premium-banner-min-height premium-banner-animation7 none\">\r\n\t\t\t\t\t\t\t<div class=\"premium-banner-border\">\r\n\t\t\t\t\t<div class=\"premium-banner-br premium-banner-bleft premium-banner-brlr\"><\/div>\r\n\t\t\t\t\t<div class=\"premium-banner-br premium-banner-bright premium-banner-brlr\"><\/div>\r\n\t\t\t\t\t<div class=\"premium-banner-br premium-banner-btop premium-banner-brtb\"><\/div>\r\n\t\t\t\t\t<div class=\"premium-banner-br premium-banner-bottom premium-banner-brtb\"><\/div>\r\n\t\t\t\t<\/div>\r\n\t\t\t\t\t\t\t\t\t\t\t\t\t\t\t<img fetchpriority=\"high\" decoding=\"async\" width=\"1036\" height=\"1600\" src=\"https:\/\/transformarqroo.com\/wp-content\/uploads\/2025\/09\/Isla-21_Ago.jpg\" class=\"attachment-full size-full wp-image-41957\" alt=\"\" srcset=\"https:\/\/transformarqroo.com\/wp-content\/uploads\/2025\/09\/Isla-21_Ago.jpg 1036w, https:\/\/transformarqroo.com\/wp-content\/uploads\/2025\/09\/Isla-21_Ago-194x300.jpg 194w, https:\/\/transformarqroo.com\/wp-content\/uploads\/2025\/09\/Isla-21_Ago-663x1024.jpg 663w, https:\/\/transformarqroo.com\/wp-content\/uploads\/2025\/09\/Isla-21_Ago-768x1186.jpg 768w, https:\/\/transformarqroo.com\/wp-content\/uploads\/2025\/09\/Isla-21_Ago-100x154.jpg 100w, https:\/\/transformarqroo.com\/wp-content\/uploads\/2025\/09\/Isla-21_Ago-995x1536.jpg 995w\" sizes=\"(max-width: 1036px) 100vw, 1036px\" \/>\t\t\t\t\t\t\t\t\t\t<div class=\"premium-banner-ib-desc\">\r\n\t\t\t\t\t\t\t\t\t<div class=\"premium-banner-desc-centered\">\r\n\t\t\t\t\t\t\t\t\t<h3 class=\"premium-banner-ib-title premium_banner_title\"><\/h3>\t\t\t\t\t\t\t\t\t\t\t\t\t<\/div>\r\n\t\t\t\t\t\t\t<\/div>\r\n\t\t\t\t\t<\/div>\r\n\t\t\t\t\t\t<\/div>\n\t\t\t\t<\/div>\n\t\t\t\t\t<\/div>\n\t\t<\/div>\n\t\t\t\t\t<\/div>\n\t\t<\/section>\n\t\t\t\t<section class=\"elementor-section elementor-top-section elementor-element elementor-element-547e2cfd elementor-section-boxed elementor-section-height-default elementor-section-height-default\" data-id=\"547e2cfd\" data-element_type=\"section\" data-settings=\"{&quot;background_background&quot;:&quot;classic&quot;}\">\n\t\t\t\t\t\t<div class=\"elementor-container elementor-column-gap-default\">\n\t\t\t\t\t<div class=\"elementor-column elementor-col-100 elementor-top-column elementor-element elementor-element-36437997\" data-id=\"36437997\" data-element_type=\"column\">\n\t\t\t<div class=\"elementor-widget-wrap elementor-element-populated\">\n\t\t\t\t\t\t<div class=\"elementor-element elementor-element-3d711483 premium-title-icon-row premium-title-color elementor-widget elementor-widget-premium-addon-title\" data-id=\"3d711483\" data-element_type=\"widget\" data-widget_type=\"premium-addon-title.default\">\n\t\t\t\t<div class=\"elementor-widget-container\">\n\t\t\t\r\n\t\t<div class=\"premium-title-container style2\">\r\n\t\t\t<h5 class=\"premium-title-header premium-title-style2\">\r\n\t\t\t\t\r\n\t\t\t\t\t\t\t\t\t\t\t\t\t\t\t<div class=\"premium-title-icon premium-lottie-animation\" data-lottie-url=\"https:\/\/assets8.lottiefiles.com\/packages\/lf20_pcfclxy8.json\" data-lottie-loop=\"true\" data-lottie-reverse=\"\"><\/div>\r\n\t\t\t\t\t\t\t\t\t\r\n\t\t\t\t\t\t\t\t\t\t\t\t<span class=\"premium-title-text\" >\r\n\t\t\t\t\t\t\t\t\t<\/span>\r\n\t\t\t\t\t\r\n\t\t\t\t\t\t\t\t\t\t\t<\/h5>\r\n\t\t<\/div>\r\n\r\n\t\t\t\t<\/div>\n\t\t\t\t<\/div>\n\t\t\t\t\t<\/div>\n\t\t<\/div>\n\t\t\t\t\t<\/div>\n\t\t<\/section>\n\t\t\t\t<section class=\"elementor-section elementor-top-section elementor-element elementor-element-4531a111 elementor-section-boxed elementor-section-height-default elementor-section-height-default\" data-id=\"4531a111\" data-element_type=\"section\">\n\t\t\t\t\t\t<div class=\"elementor-container elementor-column-gap-default\">\n\t\t\t\t\t<div class=\"elementor-column elementor-col-100 elementor-top-column elementor-element elementor-element-4b3aeffc\" data-id=\"4b3aeffc\" data-element_type=\"column\">\n\t\t\t<div class=\"elementor-widget-wrap elementor-element-populated\">\n\t\t\t\t\t\t<div class=\"elementor-element elementor-element-19c64ffb elementor-widget elementor-widget-text-editor\" data-id=\"19c64ffb\" data-element_type=\"widget\" data-widget_type=\"text-editor.default\">\n\t\t\t\t<div class=\"elementor-widget-container\">\n\t\t\t\t\t\t\t<p><span style=\"font-weight: 400;\">Isla Mujeres, Quintana Roo a 21 de agosto de 2025.-El Gobierno Municipal que encabeza la alcaldesa Atenea G\u00f3mez Ricalde, a trav\u00e9s de la Direcci\u00f3n de Cultura, invita a las isle\u00f1as e isle\u00f1os a participar en la tercera edici\u00f3n del Concurso \u201cC\u00e1ntale a M\u00e9xico con el Coraz\u00f3n\u201d, con la finalidad de promover el talento local y preservar las tradiciones.\u00a0<\/span><\/p><p>\u00a0<\/p><p><span style=\"font-weight: 400;\">La Directora de Cultura, Maricarmen Mart\u00ednez Vera, inform\u00f3 que las inscripciones estar\u00e1n abiertas a partir de la publicaci\u00f3n de la convocatoria y hasta el pr\u00f3ximo viernes 29 de agosto, por lo cual invit\u00f3 a las interesadas e interesados a acudir a la oficina del edificio amarillo del Centro Comunitario de la colonia La Gloria, en la Isla y en la oficina de la Coordinaci\u00f3n de Cultura de la Cancha Las Am\u00e9ricas, en Zona Continental, en horario de lunes a viernes de 09:00 a 16:00 horas.\u00a0<\/span><\/p><p>\u00a0<\/p><p><span style=\"font-weight: 400;\">Agreg\u00f3 que este a\u00f1o, para incentivar el talento local, habr\u00e1 una atractiva bolsa de premios en efectivo y en especie: 10 mil pesos y una motocicleta para el primer lugar; 7 mil pesos para el segundo lugar; 5 mil pesos para el tercer lugar; 3 mil 500 pesos para el premio al m\u00e1s likeado en redes; 3 mil 500 pesos para la mejor porra y mil 500 pesos para quienes lleguen a la final.\u00a0<\/span><\/p><p>\u00a0<\/p><p><span style=\"font-weight: 400;\">La funcionaria municipal record\u00f3 que podr\u00e1n participar todos los residentes del municipio de Isla Mujeres mayores de 12 a\u00f1os de edad que no hayan obtenido alguno de los tres primeros lugares en las ediciones pasadas.\u00a0<\/span><\/p><p>\u00a0<\/p><p><span style=\"font-weight: 400;\">Mart\u00ednez Vera, destac\u00f3 que el jurado calificador evaluar\u00e1 aspectos como la voz, afinaci\u00f3n, entonaci\u00f3n, cuadratura, dicci\u00f3n, interpretaci\u00f3n y vestuario; asimismo, reiter\u00f3 que las y los participantes podr\u00e1n interpretar canciones del g\u00e9nero regional mexicano.<\/span><\/p><p>\u00a0<\/p><p><span style=\"font-weight: 400;\">Con este concurso, el Gobierno Municipal refrenda su compromiso de continuar promoviendo la cultura y las artes, as\u00ed como brindarles un espacio a los talentos locales.\u00a0<\/span><\/p><p><br \/><br \/><\/p>\t\t\t\t\t\t<\/div>\n\t\t\t\t<\/div>\n\t\t\t\t\t<\/div>\n\t\t<\/div>\n\t\t\t\t\t<\/div>\n\t\t<\/section>\n\t\t\t\t<section class=\"elementor-section elementor-top-section elementor-element elementor-element-2e1b46fd elementor-section-boxed elementor-section-height-default elementor-section-height-default\" data-id=\"2e1b46fd\" data-element_type=\"section\">\n\t\t\t\t\t\t<div class=\"elementor-container elementor-column-gap-default\">\n\t\t\t\t\t<div class=\"elementor-column elementor-col-100 elementor-top-column elementor-element elementor-element-6e389924\" data-id=\"6e389924\" data-element_type=\"column\">\n\t\t\t<div class=\"elementor-widget-wrap elementor-element-populated\">\n\t\t\t\t\t\t<div class=\"elementor-element elementor-element-36dfa3ca elementor-widget elementor-widget-gallery\" data-id=\"36dfa3ca\" data-element_type=\"widget\" data-settings=\"{&quot;gallery_layout&quot;:&quot;justified&quot;,&quot;lazyload&quot;:&quot;yes&quot;,&quot;ideal_row_height&quot;:{&quot;unit&quot;:&quot;px&quot;,&quot;size&quot;:200,&quot;sizes&quot;:[]},&quot;ideal_row_height_tablet&quot;:{&quot;unit&quot;:&quot;px&quot;,&quot;size&quot;:150,&quot;sizes&quot;:[]},&quot;ideal_row_height_mobile&quot;:{&quot;unit&quot;:&quot;px&quot;,&quot;size&quot;:150,&quot;sizes&quot;:[]},&quot;gap&quot;:{&quot;unit&quot;:&quot;px&quot;,&quot;size&quot;:10,&quot;sizes&quot;:[]},&quot;gap_tablet&quot;:{&quot;unit&quot;:&quot;px&quot;,&quot;size&quot;:10,&quot;sizes&quot;:[]},&quot;gap_mobile&quot;:{&quot;unit&quot;:&quot;px&quot;,&quot;size&quot;:10,&quot;sizes&quot;:[]},&quot;link_to&quot;:&quot;file&quot;,&quot;overlay_background&quot;:&quot;yes&quot;,&quot;content_hover_animation&quot;:&quot;fade-in&quot;}\" data-widget_type=\"gallery.default\">\n\t\t\t\t<div class=\"elementor-widget-container\">\n\t\t\t\t\t<div class=\"elementor-gallery__container\">\n\t\t\t\t\t\t\t<a class=\"e-gallery-item elementor-gallery-item elementor-animated-content\" href=\"https:\/\/transformarqroo.com\/wp-content\/uploads\/2025\/09\/Isla-21_Ago.jpg\" data-elementor-open-lightbox=\"yes\" data-elementor-lightbox-slideshow=\"36dfa3ca\" data-elementor-lightbox-title=\"Isla 21_Ago\" data-e-action-hash=\"#elementor-action%3Aaction%3Dlightbox%26settings%3DeyJpZCI6NDE5NTcsInVybCI6Imh0dHBzOlwvXC90cmFuc2Zvcm1hcnFyb28uY29tXC93cC1jb250ZW50XC91cGxvYWRzXC8yMDI1XC8wOVwvSXNsYS0yMV9BZ28uanBnIiwic2xpZGVzaG93IjoiMzZkZmEzY2EifQ%3D%3D\">\n\t\t\t\t\t<div class=\"e-gallery-image elementor-gallery-item__image\" data-thumbnail=\"https:\/\/transformarqroo.com\/wp-content\/uploads\/2025\/09\/Isla-21_Ago.jpg\" data-width=\"1036\" data-height=\"1600\" aria-label=\"\" role=\"img\" ><\/div>\n\t\t\t\t\t\t\t\t\t\t\t<div class=\"elementor-gallery-item__overlay\"><\/div>\n\t\t\t\t\t\t\t\t\t\t\t\t\t\t<\/a>\n\t\t\t\t\t<\/div>\n\t\t\t<\/div>\n\t\t\t\t<\/div>\n\t\t\t\t\t<\/div>\n\t\t<\/div>\n\t\t\t\t\t<\/div>\n\t\t<\/section>\n\t\t\t\t<\/div>\n\t\t","protected":false},"excerpt":{"rendered":"<p>Isla Mujeres, Quintana Roo a 21 de agosto de 2025.-El Gobierno Municipal que encabeza la alcaldesa Atenea G\u00f3mez Ricalde, a trav\u00e9s de la Direcci\u00f3n de Cultura, invita a las isle\u00f1as e isle\u00f1os a participar en la tercera edici\u00f3n del Concurso \u201cC\u00e1ntale a M\u00e9xico con el Coraz\u00f3n\u201d, con la finalidad de promover el talento local y [&hellip;]<\/p>\n","protected":false},"author":1,"featured_media":41957,"comment_status":"closed","ping_status":"closed","sticky":false,"template":"","format":"standard","meta":{"_FSMCFIC_featured_image_caption":"","_FSMCFIC_featured_image_nocaption":"","_FSMCFIC_featured_image_hide":"","footnotes":""},"categories":[32,25],"tags":[],"class_list":["post-41956","post","type-post","status-publish","format-standard","has-post-thumbnail","hentry","category-municipios","category-isla-mujeres"],"aioseo_notices":[],"_links":{"self":[{"href":"https:\/\/transformarqroo.com\/index.php\/wp-json\/wp\/v2\/posts\/41956","targetHints":{"allow":["GET"]}}],"collection":[{"href":"https:\/\/transformarqroo.com\/index.php\/wp-json\/wp\/v2\/posts"}],"about":[{"href":"https:\/\/transformarqroo.com\/index.php\/wp-json\/wp\/v2\/types\/post"}],"author":[{"embeddable":true,"href":"https:\/\/transformarqroo.com\/index.php\/wp-json\/wp\/v2\/users\/1"}],"replies":[{"embeddable":true,"href":"https:\/\/transformarqroo.com\/index.php\/wp-json\/wp\/v2\/comments?post=41956"}],"version-history":[{"count":4,"href":"https:\/\/transformarqroo.com\/index.php\/wp-json\/wp\/v2\/posts\/41956\/revisions"}],"predecessor-version":[{"id":41965,"href":"https:\/\/transformarqroo.com\/index.php\/wp-json\/wp\/v2\/posts\/41956\/revisions\/41965"}],"wp:featuredmedia":[{"embeddable":true,"href":"https:\/\/transformarqroo.com\/index.php\/wp-json\/wp\/v2\/media\/41957"}],"wp:attachment":[{"href":"https:\/\/transformarqroo.com\/index.php\/wp-json\/wp\/v2\/media?parent=41956"}],"wp:term":[{"taxonomy":"category","embeddable":true,"href":"https:\/\/transformarqroo.com\/index.php\/wp-json\/wp\/v2\/categories?post=41956"},{"taxonomy":"post_tag","embeddable":true,"href":"https:\/\/transformarqroo.com\/index.php\/wp-json\/wp\/v2\/tags?post=41956"}],"curies":[{"name":"wp","href":"https:\/\/api.w.org\/{rel}","templated":true}]}}