{"id":42070,"date":"2025-09-07T16:03:50","date_gmt":"2025-09-07T21:03:50","guid":{"rendered":"https:\/\/transformarqroo.com\/?p=42070"},"modified":"2025-09-28T16:55:35","modified_gmt":"2025-09-28T21:55:35","slug":"con-emotiva-presentacion-de-participantes-inicia-la-tercera-edicion-de-cantale-a-mexico-con-el-corazon-en-isla-mujeres","status":"publish","type":"post","link":"https:\/\/transformarqroo.com\/index.php\/2025\/09\/07\/con-emotiva-presentacion-de-participantes-inicia-la-tercera-edicion-de-cantale-a-mexico-con-el-corazon-en-isla-mujeres\/","title":{"rendered":"CON EMOTIVA PRESENTACI\u00d3N DE PARTICIPANTES INICIA LA TERCERA EDICI\u00d3N DE C\u00c1NTALE A M\u00c9XICO CON EL CORAZ\u00d3N EN ISLA MUJERES"},"content":{"rendered":"\t\t<div data-elementor-type=\"wp-post\" data-elementor-id=\"42070\" class=\"elementor elementor-42070\" data-elementor-post-type=\"post\">\n\t\t\t\t\t\t<section class=\"elementor-section elementor-top-section elementor-element elementor-element-1edd16ad elementor-section-boxed elementor-section-height-default elementor-section-height-default\" data-id=\"1edd16ad\" data-element_type=\"section\">\n\t\t\t\t\t\t<div class=\"elementor-container elementor-column-gap-default\">\n\t\t\t\t\t<div class=\"elementor-column elementor-col-100 elementor-top-column elementor-element elementor-element-47cf6b85\" data-id=\"47cf6b85\" data-element_type=\"column\">\n\t\t\t<div class=\"elementor-widget-wrap elementor-element-populated\">\n\t\t\t\t\t\t<div class=\"elementor-element elementor-element-62efab59 elementor-widget elementor-widget-premium-addon-banner\" data-id=\"62efab59\" data-element_type=\"widget\" data-widget_type=\"premium-addon-banner.default\">\n\t\t\t\t<div class=\"elementor-widget-container\">\n\t\t\t\t\t<div class=\"premium-banner-ib premium-banner-min-height premium-banner-animation7 none\">\r\n\t\t\t\t\t\t\t<div class=\"premium-banner-border\">\r\n\t\t\t\t\t<div class=\"premium-banner-br premium-banner-bleft premium-banner-brlr\"><\/div>\r\n\t\t\t\t\t<div class=\"premium-banner-br premium-banner-bright premium-banner-brlr\"><\/div>\r\n\t\t\t\t\t<div class=\"premium-banner-br premium-banner-btop premium-banner-brtb\"><\/div>\r\n\t\t\t\t\t<div class=\"premium-banner-br premium-banner-bottom premium-banner-brtb\"><\/div>\r\n\t\t\t\t<\/div>\r\n\t\t\t\t\t\t\t\t\t\t\t\t\t\t\t<img fetchpriority=\"high\" decoding=\"async\" width=\"1280\" height=\"852\" src=\"https:\/\/transformarqroo.com\/wp-content\/uploads\/2025\/09\/Isla-07_Sep.jpg\" class=\"attachment-full size-full wp-image-42075\" alt=\"\" srcset=\"https:\/\/transformarqroo.com\/wp-content\/uploads\/2025\/09\/Isla-07_Sep.jpg 1280w, https:\/\/transformarqroo.com\/wp-content\/uploads\/2025\/09\/Isla-07_Sep-300x200.jpg 300w, https:\/\/transformarqroo.com\/wp-content\/uploads\/2025\/09\/Isla-07_Sep-1024x682.jpg 1024w, https:\/\/transformarqroo.com\/wp-content\/uploads\/2025\/09\/Isla-07_Sep-768x511.jpg 768w, https:\/\/transformarqroo.com\/wp-content\/uploads\/2025\/09\/Isla-07_Sep-100x67.jpg 100w\" sizes=\"(max-width: 1280px) 100vw, 1280px\" \/>\t\t\t\t\t\t\t\t\t\t<div class=\"premium-banner-ib-desc\">\r\n\t\t\t\t\t\t\t\t\t<div class=\"premium-banner-desc-centered\">\r\n\t\t\t\t\t\t\t\t\t<h3 class=\"premium-banner-ib-title premium_banner_title\"><\/h3>\t\t\t\t\t\t\t\t\t\t\t\t\t<\/div>\r\n\t\t\t\t\t\t\t<\/div>\r\n\t\t\t\t\t<\/div>\r\n\t\t\t\t\t\t<\/div>\n\t\t\t\t<\/div>\n\t\t\t\t\t<\/div>\n\t\t<\/div>\n\t\t\t\t\t<\/div>\n\t\t<\/section>\n\t\t\t\t<section class=\"elementor-section elementor-top-section elementor-element elementor-element-fc1b613 elementor-section-boxed elementor-section-height-default elementor-section-height-default\" data-id=\"fc1b613\" data-element_type=\"section\" data-settings=\"{&quot;background_background&quot;:&quot;classic&quot;}\">\n\t\t\t\t\t\t<div class=\"elementor-container elementor-column-gap-default\">\n\t\t\t\t\t<div class=\"elementor-column elementor-col-100 elementor-top-column elementor-element elementor-element-57b64502\" data-id=\"57b64502\" data-element_type=\"column\">\n\t\t\t<div class=\"elementor-widget-wrap elementor-element-populated\">\n\t\t\t\t\t\t<div class=\"elementor-element elementor-element-35bdc138 premium-title-icon-row premium-title-color elementor-widget elementor-widget-premium-addon-title\" data-id=\"35bdc138\" data-element_type=\"widget\" data-widget_type=\"premium-addon-title.default\">\n\t\t\t\t<div class=\"elementor-widget-container\">\n\t\t\t\r\n\t\t<div class=\"premium-title-container style2\">\r\n\t\t\t<h5 class=\"premium-title-header premium-title-style2\">\r\n\t\t\t\t\r\n\t\t\t\t\t\t\t\t\t\t\t\t\t\t\t<div class=\"premium-title-icon premium-lottie-animation\" data-lottie-url=\"https:\/\/assets8.lottiefiles.com\/packages\/lf20_pcfclxy8.json\" data-lottie-loop=\"true\" data-lottie-reverse=\"\"><\/div>\r\n\t\t\t\t\t\t\t\t\t\r\n\t\t\t\t\t\t\t\t\t\t\t\t<span class=\"premium-title-text\" >\r\n\t\t\t\t\t\t\t\t\t<\/span>\r\n\t\t\t\t\t\r\n\t\t\t\t\t\t\t\t\t\t\t<\/h5>\r\n\t\t<\/div>\r\n\r\n\t\t\t\t<\/div>\n\t\t\t\t<\/div>\n\t\t\t\t\t<\/div>\n\t\t<\/div>\n\t\t\t\t\t<\/div>\n\t\t<\/section>\n\t\t\t\t<section class=\"elementor-section elementor-top-section elementor-element elementor-element-28d2fd1e elementor-section-boxed elementor-section-height-default elementor-section-height-default\" data-id=\"28d2fd1e\" data-element_type=\"section\">\n\t\t\t\t\t\t<div class=\"elementor-container elementor-column-gap-default\">\n\t\t\t\t\t<div class=\"elementor-column elementor-col-100 elementor-top-column elementor-element elementor-element-44dcfd80\" data-id=\"44dcfd80\" data-element_type=\"column\">\n\t\t\t<div class=\"elementor-widget-wrap elementor-element-populated\">\n\t\t\t\t\t\t<div class=\"elementor-element elementor-element-6bc3cbba elementor-widget elementor-widget-text-editor\" data-id=\"6bc3cbba\" data-element_type=\"widget\" data-widget_type=\"text-editor.default\">\n\t\t\t\t<div class=\"elementor-widget-container\">\n\t\t\t\t\t\t\t<p><span style=\"font-weight: 400;\">Isla Mujeres, Quintana Roo, 7 de septiembre de 2025.-\u00a0 El Gobierno de Isla Mujeres, que encabeza la presidenta municipal Atenea G\u00f3mez Ricalde, llev\u00f3 a cabo con gran \u00e9xito la primera fase del exitoso concurso\u201cC\u00e1ntale a M\u00e9xico con el Coraz\u00f3n\u201d, en su tercera edici\u00f3n, un evento que reuni\u00f3 el talento, la alegr\u00eda y el orgullo de la comunidad isle\u00f1a en la Explanada Municipal.<\/span><\/p><p>\u00a0<\/p><p><span style=\"font-weight: 400;\">Las familias de Isla Mujeres se dieron cita en un ambiente festivo y lleno de identidad, donde se vivi\u00f3 la presentaci\u00f3n de las y los concursantes que forman parte de este certamen.\u00a0<\/span><\/p><p>\u00a0<\/p><p><span style=\"font-weight: 400;\">En esta primera fase no hubo eliminatoria ni jurado, pues el objetivo principal fue dar a conocer a cada uno de los participantes y brindarles un espacio de expresi\u00f3n art\u00edstica frente al p\u00fablico.<\/span><\/p><p>\u00a0<\/p><p><span style=\"font-weight: 400;\">Durante el evento, la Directora de Cultura, Maricarmen Mart\u00ednez Vera, destac\u00f3 que este tipo de actividades fortalecen la uni\u00f3n social y promueven valores de identidad cultural.<\/span><\/p><p>\u00a0<\/p><p><span style=\"font-weight: 400;\">\u201c\u2018C\u00e1ntale a M\u00e9xico con el Coraz\u00f3n\u2019 es mucho m\u00e1s que un concurso, representa un punto de encuentro para las familias isle\u00f1as y una plataforma para que ni\u00f1as, ni\u00f1os, j\u00f3venes y adultos, demuestren su talento y amor por M\u00e9xico a trav\u00e9s de la m\u00fasica\u201d, destac\u00f3 la alcaldesa.<\/span><\/p><p>\u00a0<\/p><p><span style=\"font-weight: 400;\">La Explanada Municipal luci\u00f3 llena de vida con familias isle\u00f1as y turistas, que disfrutaron de cada interpretaci\u00f3n y aplaudieron con entusiasmo a los 21 participantes.<\/span><\/p><p>\u00a0<\/p><p><span style=\"font-weight: 400;\">Adem\u00e1s de las interpretaciones musicales, el p\u00fablico disfrut\u00f3 de la presentaci\u00f3n de los grupos de danza de Juanita M\u00e9ndez y Alma Caribe\u00f1a, que con su talento pusieron en alto la riqueza cultural de Yucat\u00e1n y Chiapas, reforzando el esp\u00edritu de unidad y tradici\u00f3n mexicana.<\/span><\/p><p>\u00a0<\/p><p><span style=\"font-weight: 400;\">En un ambiente lleno de colores patrios, el Gobierno Municipal refrenda su compromiso de seguir impulsando actividades culturales y art\u00edsticas que fortalezcan el tejido social y ofrezcan espacios de sana convivencia.<\/span><\/p>\t\t\t\t\t\t<\/div>\n\t\t\t\t<\/div>\n\t\t\t\t\t<\/div>\n\t\t<\/div>\n\t\t\t\t\t<\/div>\n\t\t<\/section>\n\t\t\t\t<section class=\"elementor-section elementor-top-section elementor-element elementor-element-6fcc086d elementor-section-boxed elementor-section-height-default elementor-section-height-default\" data-id=\"6fcc086d\" data-element_type=\"section\">\n\t\t\t\t\t\t<div class=\"elementor-container elementor-column-gap-default\">\n\t\t\t\t\t<div class=\"elementor-column elementor-col-100 elementor-top-column elementor-element elementor-element-50c95dff\" data-id=\"50c95dff\" data-element_type=\"column\">\n\t\t\t<div class=\"elementor-widget-wrap elementor-element-populated\">\n\t\t\t\t\t\t<div class=\"elementor-element elementor-element-455a5038 elementor-widget elementor-widget-gallery\" data-id=\"455a5038\" data-element_type=\"widget\" data-settings=\"{&quot;gallery_layout&quot;:&quot;justified&quot;,&quot;lazyload&quot;:&quot;yes&quot;,&quot;ideal_row_height&quot;:{&quot;unit&quot;:&quot;px&quot;,&quot;size&quot;:200,&quot;sizes&quot;:[]},&quot;ideal_row_height_tablet&quot;:{&quot;unit&quot;:&quot;px&quot;,&quot;size&quot;:150,&quot;sizes&quot;:[]},&quot;ideal_row_height_mobile&quot;:{&quot;unit&quot;:&quot;px&quot;,&quot;size&quot;:150,&quot;sizes&quot;:[]},&quot;gap&quot;:{&quot;unit&quot;:&quot;px&quot;,&quot;size&quot;:10,&quot;sizes&quot;:[]},&quot;gap_tablet&quot;:{&quot;unit&quot;:&quot;px&quot;,&quot;size&quot;:10,&quot;sizes&quot;:[]},&quot;gap_mobile&quot;:{&quot;unit&quot;:&quot;px&quot;,&quot;size&quot;:10,&quot;sizes&quot;:[]},&quot;link_to&quot;:&quot;file&quot;,&quot;overlay_background&quot;:&quot;yes&quot;,&quot;content_hover_animation&quot;:&quot;fade-in&quot;}\" data-widget_type=\"gallery.default\">\n\t\t\t\t<div class=\"elementor-widget-container\">\n\t\t\t\t\t<div class=\"elementor-gallery__container\">\n\t\t\t\t\t\t\t<a class=\"e-gallery-item elementor-gallery-item elementor-animated-content\" href=\"https:\/\/transformarqroo.com\/wp-content\/uploads\/2025\/09\/Isla-07_Sep.jpg\" data-elementor-open-lightbox=\"yes\" data-elementor-lightbox-slideshow=\"455a5038\" data-elementor-lightbox-title=\"Isla 07_Sep\" data-e-action-hash=\"#elementor-action%3Aaction%3Dlightbox%26settings%3DeyJpZCI6NDIwNzUsInVybCI6Imh0dHBzOlwvXC90cmFuc2Zvcm1hcnFyb28uY29tXC93cC1jb250ZW50XC91cGxvYWRzXC8yMDI1XC8wOVwvSXNsYS0wN19TZXAuanBnIiwic2xpZGVzaG93IjoiNDU1YTUwMzgifQ%3D%3D\">\n\t\t\t\t\t<div class=\"e-gallery-image elementor-gallery-item__image\" data-thumbnail=\"https:\/\/transformarqroo.com\/wp-content\/uploads\/2025\/09\/Isla-07_Sep.jpg\" data-width=\"1280\" data-height=\"852\" aria-label=\"\" role=\"img\" ><\/div>\n\t\t\t\t\t\t\t\t\t\t\t<div class=\"elementor-gallery-item__overlay\"><\/div>\n\t\t\t\t\t\t\t\t\t\t\t\t\t\t<\/a>\n\t\t\t\t\t<\/div>\n\t\t\t<\/div>\n\t\t\t\t<\/div>\n\t\t\t\t\t<\/div>\n\t\t<\/div>\n\t\t\t\t\t<\/div>\n\t\t<\/section>\n\t\t\t\t<\/div>\n\t\t","protected":false},"excerpt":{"rendered":"<p>Isla Mujeres, Quintana Roo, 7 de septiembre de 2025.-\u00a0 El Gobierno de Isla Mujeres, que encabeza la presidenta municipal Atenea G\u00f3mez Ricalde, llev\u00f3 a cabo con gran \u00e9xito la primera fase del exitoso concurso\u201cC\u00e1ntale a M\u00e9xico con el Coraz\u00f3n\u201d, en su tercera edici\u00f3n, un evento que reuni\u00f3 el talento, la alegr\u00eda y el orgullo de [&hellip;]<\/p>\n","protected":false},"author":1,"featured_media":42075,"comment_status":"closed","ping_status":"closed","sticky":false,"template":"","format":"standard","meta":{"_FSMCFIC_featured_image_caption":"","_FSMCFIC_featured_image_nocaption":"","_FSMCFIC_featured_image_hide":"","footnotes":""},"categories":[32,25],"tags":[],"class_list":["post-42070","post","type-post","status-publish","format-standard","has-post-thumbnail","hentry","category-municipios","category-isla-mujeres"],"aioseo_notices":[],"_links":{"self":[{"href":"https:\/\/transformarqroo.com\/index.php\/wp-json\/wp\/v2\/posts\/42070","targetHints":{"allow":["GET"]}}],"collection":[{"href":"https:\/\/transformarqroo.com\/index.php\/wp-json\/wp\/v2\/posts"}],"about":[{"href":"https:\/\/transformarqroo.com\/index.php\/wp-json\/wp\/v2\/types\/post"}],"author":[{"embeddable":true,"href":"https:\/\/transformarqroo.com\/index.php\/wp-json\/wp\/v2\/users\/1"}],"replies":[{"embeddable":true,"href":"https:\/\/transformarqroo.com\/index.php\/wp-json\/wp\/v2\/comments?post=42070"}],"version-history":[{"count":4,"href":"https:\/\/transformarqroo.com\/index.php\/wp-json\/wp\/v2\/posts\/42070\/revisions"}],"predecessor-version":[{"id":42131,"href":"https:\/\/transformarqroo.com\/index.php\/wp-json\/wp\/v2\/posts\/42070\/revisions\/42131"}],"wp:featuredmedia":[{"embeddable":true,"href":"https:\/\/transformarqroo.com\/index.php\/wp-json\/wp\/v2\/media\/42075"}],"wp:attachment":[{"href":"https:\/\/transformarqroo.com\/index.php\/wp-json\/wp\/v2\/media?parent=42070"}],"wp:term":[{"taxonomy":"category","embeddable":true,"href":"https:\/\/transformarqroo.com\/index.php\/wp-json\/wp\/v2\/categories?post=42070"},{"taxonomy":"post_tag","embeddable":true,"href":"https:\/\/transformarqroo.com\/index.php\/wp-json\/wp\/v2\/tags?post=42070"}],"curies":[{"name":"wp","href":"https:\/\/api.w.org\/{rel}","templated":true}]}}