{"id":42233,"date":"2025-08-12T16:51:20","date_gmt":"2025-08-12T21:51:20","guid":{"rendered":"https:\/\/transformarqroo.com\/?p=42233"},"modified":"2025-09-28T17:24:09","modified_gmt":"2025-09-28T22:24:09","slug":"mara-lezama-acompana-a-la-presidenta-claudia-sheinbaum-en-la-xvi-conferencia-regional-sobre-la-mujer-de-america-latina-y-el-caribe","status":"publish","type":"post","link":"https:\/\/transformarqroo.com\/index.php\/2025\/08\/12\/mara-lezama-acompana-a-la-presidenta-claudia-sheinbaum-en-la-xvi-conferencia-regional-sobre-la-mujer-de-america-latina-y-el-caribe\/","title":{"rendered":"MARA LEZAMA ACOMPA\u00d1A A LA PRESIDENTA CLAUDIA SHEINBAUM EN LA XVI CONFERENCIA REGIONAL SOBRE LA MUJER DE AM\u00c9RICA LATINA Y EL CARIBE"},"content":{"rendered":"\t\t<div data-elementor-type=\"wp-post\" data-elementor-id=\"42233\" class=\"elementor elementor-42233\" data-elementor-post-type=\"post\">\n\t\t\t\t\t\t<section class=\"elementor-section elementor-top-section elementor-element elementor-element-70a7d710 elementor-section-boxed elementor-section-height-default elementor-section-height-default\" data-id=\"70a7d710\" data-element_type=\"section\">\n\t\t\t\t\t\t<div class=\"elementor-container elementor-column-gap-default\">\n\t\t\t\t\t<div class=\"elementor-column elementor-col-100 elementor-top-column elementor-element elementor-element-482277ac\" data-id=\"482277ac\" data-element_type=\"column\">\n\t\t\t<div class=\"elementor-widget-wrap elementor-element-populated\">\n\t\t\t\t\t\t<div class=\"elementor-element elementor-element-17f32aab elementor-widget elementor-widget-premium-addon-banner\" data-id=\"17f32aab\" data-element_type=\"widget\" data-widget_type=\"premium-addon-banner.default\">\n\t\t\t\t<div class=\"elementor-widget-container\">\n\t\t\t\t\t<div class=\"premium-banner-ib premium-banner-min-height premium-banner-animation7 none\">\r\n\t\t\t\t\t\t\t<div class=\"premium-banner-border\">\r\n\t\t\t\t\t<div class=\"premium-banner-br premium-banner-bleft premium-banner-brlr\"><\/div>\r\n\t\t\t\t\t<div class=\"premium-banner-br premium-banner-bright premium-banner-brlr\"><\/div>\r\n\t\t\t\t\t<div class=\"premium-banner-br premium-banner-btop premium-banner-brtb\"><\/div>\r\n\t\t\t\t\t<div class=\"premium-banner-br premium-banner-bottom premium-banner-brtb\"><\/div>\r\n\t\t\t\t<\/div>\r\n\t\t\t\t\t\t\t\t\t\t\t\t\t\t\t<img fetchpriority=\"high\" decoding=\"async\" width=\"1600\" height=\"1200\" src=\"https:\/\/transformarqroo.com\/wp-content\/uploads\/2025\/09\/GOB-12_Ago4.jpg\" class=\"attachment-full size-full wp-image-42256\" alt=\"\" srcset=\"https:\/\/transformarqroo.com\/wp-content\/uploads\/2025\/09\/GOB-12_Ago4.jpg 1600w, https:\/\/transformarqroo.com\/wp-content\/uploads\/2025\/09\/GOB-12_Ago4-300x225.jpg 300w, https:\/\/transformarqroo.com\/wp-content\/uploads\/2025\/09\/GOB-12_Ago4-1024x768.jpg 1024w, https:\/\/transformarqroo.com\/wp-content\/uploads\/2025\/09\/GOB-12_Ago4-768x576.jpg 768w, https:\/\/transformarqroo.com\/wp-content\/uploads\/2025\/09\/GOB-12_Ago4-100x75.jpg 100w, https:\/\/transformarqroo.com\/wp-content\/uploads\/2025\/09\/GOB-12_Ago4-1536x1152.jpg 1536w\" sizes=\"(max-width: 1600px) 100vw, 1600px\" \/>\t\t\t\t\t\t\t\t\t\t<div class=\"premium-banner-ib-desc\">\r\n\t\t\t\t\t\t\t\t\t<div class=\"premium-banner-desc-centered\">\r\n\t\t\t\t\t\t\t\t\t<h3 class=\"premium-banner-ib-title premium_banner_title\"><\/h3>\t\t\t\t\t\t\t\t\t\t\t\t\t<\/div>\r\n\t\t\t\t\t\t\t<\/div>\r\n\t\t\t\t\t<\/div>\r\n\t\t\t\t\t\t<\/div>\n\t\t\t\t<\/div>\n\t\t\t\t\t<\/div>\n\t\t<\/div>\n\t\t\t\t\t<\/div>\n\t\t<\/section>\n\t\t\t\t<section class=\"elementor-section elementor-top-section elementor-element elementor-element-484b1d5f elementor-section-boxed elementor-section-height-default elementor-section-height-default\" data-id=\"484b1d5f\" data-element_type=\"section\" data-settings=\"{&quot;background_background&quot;:&quot;classic&quot;}\">\n\t\t\t\t\t\t<div class=\"elementor-container elementor-column-gap-default\">\n\t\t\t\t\t<div class=\"elementor-column elementor-col-100 elementor-top-column elementor-element elementor-element-51ddfdf5\" data-id=\"51ddfdf5\" data-element_type=\"column\">\n\t\t\t<div class=\"elementor-widget-wrap elementor-element-populated\">\n\t\t\t\t\t\t<div class=\"elementor-element elementor-element-1baafc72 premium-title-icon-row premium-title-color elementor-widget elementor-widget-premium-addon-title\" data-id=\"1baafc72\" data-element_type=\"widget\" data-widget_type=\"premium-addon-title.default\">\n\t\t\t\t<div class=\"elementor-widget-container\">\n\t\t\t\r\n\t\t<div class=\"premium-title-container style2\">\r\n\t\t\t<h5 class=\"premium-title-header premium-title-style2\">\r\n\t\t\t\t\r\n\t\t\t\t\t\t\t\t\t\t\t\t\t\t\t<div class=\"premium-title-icon premium-lottie-animation\" data-lottie-url=\"https:\/\/assets8.lottiefiles.com\/packages\/lf20_pcfclxy8.json\" data-lottie-loop=\"true\" data-lottie-reverse=\"\"><\/div>\r\n\t\t\t\t\t\t\t\t\t\r\n\t\t\t\t\t\t\t\t\t\t\t\t<span class=\"premium-title-text\" >\r\n\t\t\t\t\t\t\t\t\t<\/span>\r\n\t\t\t\t\t\r\n\t\t\t\t\t\t\t\t\t\t\t<\/h5>\r\n\t\t<\/div>\r\n\r\n\t\t\t\t<\/div>\n\t\t\t\t<\/div>\n\t\t\t\t\t<\/div>\n\t\t<\/div>\n\t\t\t\t\t<\/div>\n\t\t<\/section>\n\t\t\t\t<section class=\"elementor-section elementor-top-section elementor-element elementor-element-33cceb35 elementor-section-boxed elementor-section-height-default elementor-section-height-default\" data-id=\"33cceb35\" data-element_type=\"section\">\n\t\t\t\t\t\t<div class=\"elementor-container elementor-column-gap-default\">\n\t\t\t\t\t<div class=\"elementor-column elementor-col-100 elementor-top-column elementor-element elementor-element-264b14c2\" data-id=\"264b14c2\" data-element_type=\"column\">\n\t\t\t<div class=\"elementor-widget-wrap elementor-element-populated\">\n\t\t\t\t\t\t<div class=\"elementor-element elementor-element-127dee8f elementor-widget elementor-widget-text-editor\" data-id=\"127dee8f\" data-element_type=\"widget\" data-widget_type=\"text-editor.default\">\n\t\t\t\t<div class=\"elementor-widget-container\">\n\t\t\t\t\t\t\t<p><span style=\"font-weight: 400;\">Ciudad de M\u00e9xico.- La gobernadora de Quintana Roo, Mara Lezama Espinosa, acompa\u00f1\u00f3 en el pres\u00eddium a la Presidenta Claudia Sheinbaum Pardo en la inauguraci\u00f3n de la XVI Conferencia Regional sobre la Mujer de Am\u00e9rica Latina y el Caribe, en Palacio Nacional.<\/span><\/p><p>\u00a0<\/p><p><span style=\"font-weight: 400;\">\u201cSeguimos trabajando unidas para seguir impulsando pol\u00edticas p\u00fablicas que pongan a las mujeres en el centro de las decisiones y el poder\u201d expres\u00f3 la gobernadora quintanarroense. \u201cJunto a muchas otras personas comprometidas, fortalecemos cada d\u00eda nuestro movimiento transformador con un firme rostro feminista\u201d, a\u00f1adi\u00f3.<\/span><\/p><p>\u00a0<\/p><p><span style=\"font-weight: 400;\">La gobernadora Mara Lezama estuvo acompa\u00f1ada de Clara Brugada, Jefa de Gobierno de la Ciudad de M\u00e9xico; Citlalli Hern\u00e1ndez Mora, secretaria de las Mujeres del Gobierno de M\u00e9xico, as\u00ed como de la Secretaria General Adjunta de la ONU y directora ejecutiva de ONU Mujeres, Sima Bahous.<\/span><\/p><p>\u00a0<\/p><p><span style=\"font-weight: 400;\">En la ceremonia inaugural el Secretario Ejecutivo de la Comisi\u00f3n Econ\u00f3mica para Am\u00e9rica Latina y el Caribe de la ONU, Jos\u00e9 Manuel Salazar-Xirinachs, destac\u00f3 que es un hito hist\u00f3rico que por primera vez una mujer Presidenta recibe a esta Conferencia.<\/span><\/p><p>\u00a0<\/p><p><span style=\"font-weight: 400;\">En el evento, la Presidenta Claudia Sheinbaum explic\u00f3 que en este segundo piso de la Cuarta Transformaci\u00f3n el tiempo es de las mujeres, pues con ella en la Presidencia de M\u00e9xico llegaron las abuelas, hijas, nietas y bisnieta, y que en M\u00e9xico seguir\u00e1 siendo tiempo de las mujeres.<\/span><\/p><p>\u00a0<\/p><p><span style=\"font-weight: 400;\">Se trata de un reconocimiento pleno a los derechos de las mujeres, en el que no habr\u00e1 reversi\u00f3n, pues constitucionalmente se reconoce la igualdad sustantiva de las mujeres.<\/span><\/p><p>\u00a0<\/p><p><span style=\"font-weight: 400;\">Para que todas y todos conozcan estos derechos, a trav\u00e9s de SEMUJERES se distribuye la Cartilla de los Derechos de las Mujeres, adem\u00e1s de otras acciones como la instalaci\u00f3n de los Centros Libres para Mujeres y la red de Tejedoras de la Patria; los Centros de Cuidado Infantil y los grandes programas sociales.<\/span><\/p><p>\u00a0<\/p><p><span style=\"font-weight: 400;\">Adem\u00e1s, en la actualidad hay 25 hero\u00ednas de la Patria reconocidas por ley y que se encuentran inscritas en las efem\u00e9rides de M\u00e9xico. \u201cLlegamos con la historia y con el futuro. Es tiempo de las mujeres no solo en M\u00e9xico, es tiempo de las mujeres en el mundo\u201d, enfatiz\u00f3.<\/span><\/p>\t\t\t\t\t\t<\/div>\n\t\t\t\t<\/div>\n\t\t\t\t\t<\/div>\n\t\t<\/div>\n\t\t\t\t\t<\/div>\n\t\t<\/section>\n\t\t\t\t<section class=\"elementor-section elementor-top-section elementor-element elementor-element-4c33a57 elementor-section-boxed elementor-section-height-default elementor-section-height-default\" data-id=\"4c33a57\" data-element_type=\"section\">\n\t\t\t\t\t\t<div class=\"elementor-container elementor-column-gap-default\">\n\t\t\t\t\t<div class=\"elementor-column elementor-col-100 elementor-top-column elementor-element elementor-element-4332eb5f\" data-id=\"4332eb5f\" data-element_type=\"column\">\n\t\t\t<div class=\"elementor-widget-wrap elementor-element-populated\">\n\t\t\t\t\t\t<div class=\"elementor-element elementor-element-2c1713be elementor-widget elementor-widget-gallery\" data-id=\"2c1713be\" data-element_type=\"widget\" data-settings=\"{&quot;gallery_layout&quot;:&quot;justified&quot;,&quot;lazyload&quot;:&quot;yes&quot;,&quot;ideal_row_height&quot;:{&quot;unit&quot;:&quot;px&quot;,&quot;size&quot;:200,&quot;sizes&quot;:[]},&quot;ideal_row_height_tablet&quot;:{&quot;unit&quot;:&quot;px&quot;,&quot;size&quot;:150,&quot;sizes&quot;:[]},&quot;ideal_row_height_mobile&quot;:{&quot;unit&quot;:&quot;px&quot;,&quot;size&quot;:150,&quot;sizes&quot;:[]},&quot;gap&quot;:{&quot;unit&quot;:&quot;px&quot;,&quot;size&quot;:10,&quot;sizes&quot;:[]},&quot;gap_tablet&quot;:{&quot;unit&quot;:&quot;px&quot;,&quot;size&quot;:10,&quot;sizes&quot;:[]},&quot;gap_mobile&quot;:{&quot;unit&quot;:&quot;px&quot;,&quot;size&quot;:10,&quot;sizes&quot;:[]},&quot;link_to&quot;:&quot;file&quot;,&quot;overlay_background&quot;:&quot;yes&quot;,&quot;content_hover_animation&quot;:&quot;fade-in&quot;}\" data-widget_type=\"gallery.default\">\n\t\t\t\t<div class=\"elementor-widget-container\">\n\t\t\t\t\t<div class=\"elementor-gallery__container\">\n\t\t\t\t\t\t\t<a class=\"e-gallery-item elementor-gallery-item elementor-animated-content\" href=\"https:\/\/transformarqroo.com\/wp-content\/uploads\/2025\/09\/GOB-12_Ago1.jpg\" data-elementor-open-lightbox=\"yes\" data-elementor-lightbox-slideshow=\"2c1713be\" data-elementor-lightbox-title=\"GOB 12_Ago(1)\" data-e-action-hash=\"#elementor-action%3Aaction%3Dlightbox%26settings%3DeyJpZCI6NDIyNTEsInVybCI6Imh0dHBzOlwvXC90cmFuc2Zvcm1hcnFyb28uY29tXC93cC1jb250ZW50XC91cGxvYWRzXC8yMDI1XC8wOVwvR09CLTEyX0FnbzEuanBnIiwic2xpZGVzaG93IjoiMmMxNzEzYmUifQ%3D%3D\">\n\t\t\t\t\t<div class=\"e-gallery-image elementor-gallery-item__image\" data-thumbnail=\"https:\/\/transformarqroo.com\/wp-content\/uploads\/2025\/09\/GOB-12_Ago1.jpg\" data-width=\"704\" data-height=\"895\" aria-label=\"\" role=\"img\" ><\/div>\n\t\t\t\t\t\t\t\t\t\t\t<div class=\"elementor-gallery-item__overlay\"><\/div>\n\t\t\t\t\t\t\t\t\t\t\t\t\t\t<\/a>\n\t\t\t\t\t\t\t<a class=\"e-gallery-item elementor-gallery-item elementor-animated-content\" href=\"https:\/\/transformarqroo.com\/wp-content\/uploads\/2025\/09\/GOB-12_Ago2.jpg\" data-elementor-open-lightbox=\"yes\" data-elementor-lightbox-slideshow=\"2c1713be\" data-elementor-lightbox-title=\"GOB 12_Ago(2)\" data-e-action-hash=\"#elementor-action%3Aaction%3Dlightbox%26settings%3DeyJpZCI6NDIyNTMsInVybCI6Imh0dHBzOlwvXC90cmFuc2Zvcm1hcnFyb28uY29tXC93cC1jb250ZW50XC91cGxvYWRzXC8yMDI1XC8wOVwvR09CLTEyX0FnbzIuanBnIiwic2xpZGVzaG93IjoiMmMxNzEzYmUifQ%3D%3D\">\n\t\t\t\t\t<div class=\"e-gallery-image elementor-gallery-item__image\" data-thumbnail=\"https:\/\/transformarqroo.com\/wp-content\/uploads\/2025\/09\/GOB-12_Ago2.jpg\" data-width=\"1298\" data-height=\"1600\" aria-label=\"\" role=\"img\" ><\/div>\n\t\t\t\t\t\t\t\t\t\t\t<div class=\"elementor-gallery-item__overlay\"><\/div>\n\t\t\t\t\t\t\t\t\t\t\t\t\t\t<\/a>\n\t\t\t\t\t\t\t<a class=\"e-gallery-item elementor-gallery-item elementor-animated-content\" href=\"https:\/\/transformarqroo.com\/wp-content\/uploads\/2025\/09\/GOB-12_Ago3.jpg\" data-elementor-open-lightbox=\"yes\" data-elementor-lightbox-slideshow=\"2c1713be\" data-elementor-lightbox-title=\"GOB 12_Ago(3)\" data-e-action-hash=\"#elementor-action%3Aaction%3Dlightbox%26settings%3DeyJpZCI6NDIyNTQsInVybCI6Imh0dHBzOlwvXC90cmFuc2Zvcm1hcnFyb28uY29tXC93cC1jb250ZW50XC91cGxvYWRzXC8yMDI1XC8wOVwvR09CLTEyX0FnbzMuanBnIiwic2xpZGVzaG93IjoiMmMxNzEzYmUifQ%3D%3D\">\n\t\t\t\t\t<div class=\"e-gallery-image elementor-gallery-item__image\" data-thumbnail=\"https:\/\/transformarqroo.com\/wp-content\/uploads\/2025\/09\/GOB-12_Ago3.jpg\" data-width=\"1600\" data-height=\"1184\" aria-label=\"\" role=\"img\" ><\/div>\n\t\t\t\t\t\t\t\t\t\t\t<div class=\"elementor-gallery-item__overlay\"><\/div>\n\t\t\t\t\t\t\t\t\t\t\t\t\t\t<\/a>\n\t\t\t\t\t\t\t<a class=\"e-gallery-item elementor-gallery-item elementor-animated-content\" href=\"https:\/\/transformarqroo.com\/wp-content\/uploads\/2025\/09\/GOB-12_Ago4.jpg\" data-elementor-open-lightbox=\"yes\" data-elementor-lightbox-slideshow=\"2c1713be\" data-elementor-lightbox-title=\"GOB 12_Ago(4)\" data-e-action-hash=\"#elementor-action%3Aaction%3Dlightbox%26settings%3DeyJpZCI6NDIyNTYsInVybCI6Imh0dHBzOlwvXC90cmFuc2Zvcm1hcnFyb28uY29tXC93cC1jb250ZW50XC91cGxvYWRzXC8yMDI1XC8wOVwvR09CLTEyX0FnbzQuanBnIiwic2xpZGVzaG93IjoiMmMxNzEzYmUifQ%3D%3D\">\n\t\t\t\t\t<div class=\"e-gallery-image elementor-gallery-item__image\" data-thumbnail=\"https:\/\/transformarqroo.com\/wp-content\/uploads\/2025\/09\/GOB-12_Ago4.jpg\" data-width=\"1600\" data-height=\"1200\" aria-label=\"\" role=\"img\" ><\/div>\n\t\t\t\t\t\t\t\t\t\t\t<div class=\"elementor-gallery-item__overlay\"><\/div>\n\t\t\t\t\t\t\t\t\t\t\t\t\t\t<\/a>\n\t\t\t\t\t\t\t<a class=\"e-gallery-item elementor-gallery-item elementor-animated-content\" href=\"https:\/\/transformarqroo.com\/wp-content\/uploads\/2025\/09\/GOB-12_Ago.jpg\" data-elementor-open-lightbox=\"yes\" data-elementor-lightbox-slideshow=\"2c1713be\" data-elementor-lightbox-title=\"GOB 12_Ago\" data-e-action-hash=\"#elementor-action%3Aaction%3Dlightbox%26settings%3DeyJpZCI6NDIyNjAsInVybCI6Imh0dHBzOlwvXC90cmFuc2Zvcm1hcnFyb28uY29tXC93cC1jb250ZW50XC91cGxvYWRzXC8yMDI1XC8wOVwvR09CLTEyX0Fnby5qcGciLCJzbGlkZXNob3ciOiIyYzE3MTNiZSJ9\">\n\t\t\t\t\t<div class=\"e-gallery-image elementor-gallery-item__image\" data-thumbnail=\"https:\/\/transformarqroo.com\/wp-content\/uploads\/2025\/09\/GOB-12_Ago.jpg\" data-width=\"1066\" data-height=\"1600\" aria-label=\"\" role=\"img\" ><\/div>\n\t\t\t\t\t\t\t\t\t\t\t<div class=\"elementor-gallery-item__overlay\"><\/div>\n\t\t\t\t\t\t\t\t\t\t\t\t\t\t<\/a>\n\t\t\t\t\t<\/div>\n\t\t\t<\/div>\n\t\t\t\t<\/div>\n\t\t\t\t\t<\/div>\n\t\t<\/div>\n\t\t\t\t\t<\/div>\n\t\t<\/section>\n\t\t\t\t<\/div>\n\t\t","protected":false},"excerpt":{"rendered":"<p>Ciudad de M\u00e9xico.- La gobernadora de Quintana Roo, Mara Lezama Espinosa, acompa\u00f1\u00f3 en el pres\u00eddium a la Presidenta Claudia Sheinbaum Pardo en la inauguraci\u00f3n de la XVI Conferencia Regional sobre la Mujer de Am\u00e9rica Latina y el Caribe, en Palacio Nacional. \u00a0 \u201cSeguimos trabajando unidas para seguir impulsando pol\u00edticas p\u00fablicas que pongan a las mujeres [&hellip;]<\/p>\n","protected":false},"author":1,"featured_media":42256,"comment_status":"closed","ping_status":"closed","sticky":false,"template":"","format":"standard","meta":{"_FSMCFIC_featured_image_caption":"","_FSMCFIC_featured_image_nocaption":"","_FSMCFIC_featured_image_hide":"","footnotes":""},"categories":[38,32],"tags":[],"class_list":["post-42233","post","type-post","status-publish","format-standard","has-post-thumbnail","hentry","category-gobierno-del-estado","category-municipios"],"aioseo_notices":[],"_links":{"self":[{"href":"https:\/\/transformarqroo.com\/index.php\/wp-json\/wp\/v2\/posts\/42233","targetHints":{"allow":["GET"]}}],"collection":[{"href":"https:\/\/transformarqroo.com\/index.php\/wp-json\/wp\/v2\/posts"}],"about":[{"href":"https:\/\/transformarqroo.com\/index.php\/wp-json\/wp\/v2\/types\/post"}],"author":[{"embeddable":true,"href":"https:\/\/transformarqroo.com\/index.php\/wp-json\/wp\/v2\/users\/1"}],"replies":[{"embeddable":true,"href":"https:\/\/transformarqroo.com\/index.php\/wp-json\/wp\/v2\/comments?post=42233"}],"version-history":[{"count":4,"href":"https:\/\/transformarqroo.com\/index.php\/wp-json\/wp\/v2\/posts\/42233\/revisions"}],"predecessor-version":[{"id":42275,"href":"https:\/\/transformarqroo.com\/index.php\/wp-json\/wp\/v2\/posts\/42233\/revisions\/42275"}],"wp:featuredmedia":[{"embeddable":true,"href":"https:\/\/transformarqroo.com\/index.php\/wp-json\/wp\/v2\/media\/42256"}],"wp:attachment":[{"href":"https:\/\/transformarqroo.com\/index.php\/wp-json\/wp\/v2\/media?parent=42233"}],"wp:term":[{"taxonomy":"category","embeddable":true,"href":"https:\/\/transformarqroo.com\/index.php\/wp-json\/wp\/v2\/categories?post=42233"},{"taxonomy":"post_tag","embeddable":true,"href":"https:\/\/transformarqroo.com\/index.php\/wp-json\/wp\/v2\/tags?post=42233"}],"curies":[{"name":"wp","href":"https:\/\/api.w.org\/{rel}","templated":true}]}}