{"id":42419,"date":"2025-09-26T21:23:58","date_gmt":"2025-09-27T02:23:58","guid":{"rendered":"https:\/\/transformarqroo.com\/?p=42419"},"modified":"2025-09-28T21:36:17","modified_gmt":"2025-09-29T02:36:17","slug":"por-primera-vez-en-64-anos-la-escuela-primaria-jose-maria-pino-suarez-de-solferino-recibe-domo-gracias-al-gobierno-de-mara-lezama","status":"publish","type":"post","link":"https:\/\/transformarqroo.com\/index.php\/2025\/09\/26\/por-primera-vez-en-64-anos-la-escuela-primaria-jose-maria-pino-suarez-de-solferino-recibe-domo-gracias-al-gobierno-de-mara-lezama\/","title":{"rendered":"POR PRIMERA VEZ EN 64 A\u00d1OS, LA ESCUELA PRIMARIA \u201cJOS\u00c9 MAR\u00cdA PINO SU\u00c1REZ\u201d DE SOLFERINO RECIBE DOMO GRACIAS AL GOBIERNO DE MARA LEZAMA"},"content":{"rendered":"\t\t<div data-elementor-type=\"wp-post\" data-elementor-id=\"42419\" class=\"elementor elementor-42419\" data-elementor-post-type=\"post\">\n\t\t\t\t\t\t<section class=\"elementor-section elementor-top-section elementor-element elementor-element-6bb49841 elementor-section-boxed elementor-section-height-default elementor-section-height-default\" data-id=\"6bb49841\" data-element_type=\"section\">\n\t\t\t\t\t\t<div class=\"elementor-container elementor-column-gap-default\">\n\t\t\t\t\t<div class=\"elementor-column elementor-col-100 elementor-top-column elementor-element elementor-element-1cc72b3e\" data-id=\"1cc72b3e\" data-element_type=\"column\">\n\t\t\t<div class=\"elementor-widget-wrap elementor-element-populated\">\n\t\t\t\t\t\t<div class=\"elementor-element elementor-element-50f01e92 elementor-widget elementor-widget-premium-addon-banner\" data-id=\"50f01e92\" data-element_type=\"widget\" data-widget_type=\"premium-addon-banner.default\">\n\t\t\t\t<div class=\"elementor-widget-container\">\n\t\t\t\t\t<div class=\"premium-banner-ib premium-banner-min-height premium-banner-animation7 none\">\r\n\t\t\t\t\t\t\t<div class=\"premium-banner-border\">\r\n\t\t\t\t\t<div class=\"premium-banner-br premium-banner-bleft premium-banner-brlr\"><\/div>\r\n\t\t\t\t\t<div class=\"premium-banner-br premium-banner-bright premium-banner-brlr\"><\/div>\r\n\t\t\t\t\t<div class=\"premium-banner-br premium-banner-btop premium-banner-brtb\"><\/div>\r\n\t\t\t\t\t<div class=\"premium-banner-br premium-banner-bottom premium-banner-brtb\"><\/div>\r\n\t\t\t\t<\/div>\r\n\t\t\t\t\t\t\t\t\t\t\t\t\t\t\t<img fetchpriority=\"high\" decoding=\"async\" width=\"2560\" height=\"1707\" src=\"https:\/\/transformarqroo.com\/wp-content\/uploads\/2025\/09\/GOB-26_Sep-scaled.jpg\" class=\"attachment-full size-full wp-image-42442\" alt=\"\" srcset=\"https:\/\/transformarqroo.com\/wp-content\/uploads\/2025\/09\/GOB-26_Sep-scaled.jpg 2560w, https:\/\/transformarqroo.com\/wp-content\/uploads\/2025\/09\/GOB-26_Sep-300x200.jpg 300w, https:\/\/transformarqroo.com\/wp-content\/uploads\/2025\/09\/GOB-26_Sep-1024x683.jpg 1024w, https:\/\/transformarqroo.com\/wp-content\/uploads\/2025\/09\/GOB-26_Sep-768x512.jpg 768w, https:\/\/transformarqroo.com\/wp-content\/uploads\/2025\/09\/GOB-26_Sep-100x67.jpg 100w, https:\/\/transformarqroo.com\/wp-content\/uploads\/2025\/09\/GOB-26_Sep-1536x1024.jpg 1536w, https:\/\/transformarqroo.com\/wp-content\/uploads\/2025\/09\/GOB-26_Sep-2048x1366.jpg 2048w\" sizes=\"(max-width: 2560px) 100vw, 2560px\" \/>\t\t\t\t\t\t\t\t\t\t<div class=\"premium-banner-ib-desc\">\r\n\t\t\t\t\t\t\t\t\t<div class=\"premium-banner-desc-centered\">\r\n\t\t\t\t\t\t\t\t\t<h3 class=\"premium-banner-ib-title premium_banner_title\"><\/h3>\t\t\t\t\t\t\t\t\t\t\t\t\t<\/div>\r\n\t\t\t\t\t\t\t<\/div>\r\n\t\t\t\t\t<\/div>\r\n\t\t\t\t\t\t<\/div>\n\t\t\t\t<\/div>\n\t\t\t\t\t<\/div>\n\t\t<\/div>\n\t\t\t\t\t<\/div>\n\t\t<\/section>\n\t\t\t\t<section class=\"elementor-section elementor-top-section elementor-element elementor-element-1bc8074a elementor-section-boxed elementor-section-height-default elementor-section-height-default\" data-id=\"1bc8074a\" data-element_type=\"section\" data-settings=\"{&quot;background_background&quot;:&quot;classic&quot;}\">\n\t\t\t\t\t\t<div class=\"elementor-container elementor-column-gap-default\">\n\t\t\t\t\t<div class=\"elementor-column elementor-col-100 elementor-top-column elementor-element elementor-element-19fdcda6\" data-id=\"19fdcda6\" data-element_type=\"column\">\n\t\t\t<div class=\"elementor-widget-wrap elementor-element-populated\">\n\t\t\t\t\t\t<div class=\"elementor-element elementor-element-628449a2 premium-title-icon-row premium-title-color elementor-widget elementor-widget-premium-addon-title\" data-id=\"628449a2\" data-element_type=\"widget\" data-widget_type=\"premium-addon-title.default\">\n\t\t\t\t<div class=\"elementor-widget-container\">\n\t\t\t\r\n\t\t<div class=\"premium-title-container style2\">\r\n\t\t\t<h5 class=\"premium-title-header premium-title-style2\">\r\n\t\t\t\t\r\n\t\t\t\t\t\t\t\t\t\t\t\t\t\t\t<div class=\"premium-title-icon premium-lottie-animation\" data-lottie-url=\"https:\/\/assets8.lottiefiles.com\/packages\/lf20_pcfclxy8.json\" data-lottie-loop=\"true\" data-lottie-reverse=\"\"><\/div>\r\n\t\t\t\t\t\t\t\t\t\r\n\t\t\t\t\t\t\t\t\t\t\t\t<span class=\"premium-title-text\" >\r\n\t\t\t\t\t\t\t\t\t<\/span>\r\n\t\t\t\t\t\r\n\t\t\t\t\t\t\t\t\t\t\t<\/h5>\r\n\t\t<\/div>\r\n\r\n\t\t\t\t<\/div>\n\t\t\t\t<\/div>\n\t\t\t\t\t<\/div>\n\t\t<\/div>\n\t\t\t\t\t<\/div>\n\t\t<\/section>\n\t\t\t\t<section class=\"elementor-section elementor-top-section elementor-element elementor-element-65216c2 elementor-section-boxed elementor-section-height-default elementor-section-height-default\" data-id=\"65216c2\" data-element_type=\"section\">\n\t\t\t\t\t\t<div class=\"elementor-container elementor-column-gap-default\">\n\t\t\t\t\t<div class=\"elementor-column elementor-col-100 elementor-top-column elementor-element elementor-element-15abd4f0\" data-id=\"15abd4f0\" data-element_type=\"column\">\n\t\t\t<div class=\"elementor-widget-wrap elementor-element-populated\">\n\t\t\t\t\t\t<div class=\"elementor-element elementor-element-8f4de39 elementor-widget elementor-widget-text-editor\" data-id=\"8f4de39\" data-element_type=\"widget\" data-widget_type=\"text-editor.default\">\n\t\t\t\t<div class=\"elementor-widget-container\">\n\t\t\t\t\t\t\t<p><span style=\"font-weight: 400;\">Solferino.- M\u00e1s de 144 alumnas y alumnos de la Escuela Primaria \u201cJos\u00e9 Mar\u00eda Pino Su\u00e1rez\u201d de esta comunidad estrenaron su nuevo domo en la inauguraci\u00f3n encabezada por la gobernadora Mara Lezama Espinosa, y con el cual ahora cuentan con un espacio digno, seguro y adecuado para realizar actividades f\u00edsicas, culturales y c\u00edvicas.<\/span><\/p><p>\u00a0<\/p><p><span style=\"font-weight: 400;\">\u201cHoy venimos a compartir con ustedes este domo para que ya no tengan que hacer educaci\u00f3n f\u00edsica ni actos c\u00edvicos bajo el solazo o la lluvia. \u00bfSaben cu\u00e1ntos a\u00f1os tiene su escuela? Nada m\u00e1s y nada menos que 64 a\u00f1os. Imag\u00ednense todo lo que ha pasado aqu\u00ed. Sus pap\u00e1s, sus t\u00edos, hasta sus abuelitos pudieron haber estudiado en estas mismas aulas\u201d expres\u00f3 la Gobernadora.<\/span><\/p><p>\u00a0<\/p><p><span style=\"font-weight: 400;\">La obra fue realizada por el Gobierno del Estado de Quintana Roo a trav\u00e9s de la Secretar\u00eda de Obras P\u00fablicas (SEOP), como parte de la transformaci\u00f3n profunda que impulsa este gobierno humanista con coraz\u00f3n feminista y que forma parte del Nuevo Acuerdo por el Bienestar y Desarrollo de Quintana Roo.<\/span><\/p><p>\u00a0<\/p><p><span style=\"font-weight: 400;\">A los padres de familia, la titular del Ejecutivo les explic\u00f3 que esta obra forma parte de un paquete de mil 109 domos de un rezago provocado por el abandono de gobiernos anteriores. A\u00f1adi\u00f3 que esto es posible porque este gobierno diferente combate la corrupci\u00f3n, y cuando eso sucede el dinero alcanza para m\u00e1s.<\/span><\/p><p>\u00a0<\/p><p><span style=\"font-weight: 400;\">Asimismo, indic\u00f3 que para su construcci\u00f3n se canaliz\u00f3 dinero que es del pueblo y que regresa al pueblo de manera transparente. Por ello cit\u00f3 que a trav\u00e9s de un c\u00f3digo QR, escaneado con cualquier tel\u00e9fono celular, se puede verificar c\u00f3mo y con qu\u00e9 se hizo el domo.<\/span><\/p><p>\u00a0<\/p><p><span style=\"font-weight: 400;\">A las y los alumnos, Mara Lezama les dijo que este domo es suyo, para que lo usen y para que lo cuiden. A cambio les pidi\u00f3 cuidarse, ser felices, que no permitan que nadie les trunque sus sue\u00f1os y que se alejen de las conductas autodestructivas y de las violencias.<\/span><\/p><p>\u00a0<\/p><p><span style=\"font-weight: 400;\">De acuerdo con la Secretar\u00eda de Educaci\u00f3n, durante a\u00f1os, las ni\u00f1as y los ni\u00f1os de esta escuela, fundada en 1961 y que cuenta con 64 a\u00f1os de servicio, realizaban sus actividades al aire libre bajo el sol y expuestos a las inclemencias del clima. Hoy, gracias a este domo, podr\u00e1n desarrollarse en un entorno que promueve la salud, la convivencia y el bienestar social.<\/span><\/p><p>\u00a0<\/p><p><span style=\"font-weight: 400;\">Al respecto, el secretario de Obras P\u00fablicas, Jos\u00e9 Rafael Lara D\u00edaz, inform\u00f3 que este domo forma parte de un proyecto m\u00e1s amplio que contempla la construcci\u00f3n de 1,109 en todo el estado, con el objetivo de garantizar igualdad de oportunidades para miles de ni\u00f1as, ni\u00f1os y j\u00f3venes en diversas comunidades, llevando infraestructura de calidad incluso a las localidades m\u00e1s alejadas. En L\u00e1zaro C\u00e1rdenas se construyen 11.<\/span><\/p><p>\u00a0<\/p><p><span style=\"font-weight: 400;\">A nombre del alumnado, Santiago Hafid Quintal Betancourt, agradeci\u00f3 a Mara Lezama este domo que ser\u00e1 de gran utilidad para los diversos eventos que se realizan en la escuela, ahora s\u00ed, protegidos del sol, la lluvia y otras inclemencias.<\/span><\/p><p>\u00a0<\/p><p><span style=\"font-weight: 400;\">Acompa\u00f1aron a la Gobernadora en la primera fila de la ceremonia de inauguraci\u00f3n la presidenta honoraria del Sistema DIF Quintana Roo, Ver\u00f3nica Lezama Espinosa; el presidente municipal de L\u00e1zaro C\u00e1rdenas, Nivardo Mena Villanueva; los alumnos Santiago Hafid Quintal Betancourt, del 6\u00b0 A, y Valeria Asunci\u00f3n Melchor Tuz, tambi\u00e9n del 6\u00b0 A; la secretaria de Educaci\u00f3n, Elda Xix Eu\u00e1n; el secretario de Obras P\u00fablicas, Jos\u00e9 Rafael Lara D\u00edaz; y el director de la primaria, Walditrudis Baas Tuz.<\/span><\/p>\t\t\t\t\t\t<\/div>\n\t\t\t\t<\/div>\n\t\t\t\t\t<\/div>\n\t\t<\/div>\n\t\t\t\t\t<\/div>\n\t\t<\/section>\n\t\t\t\t<section class=\"elementor-section elementor-top-section elementor-element elementor-element-5e03fd33 elementor-section-boxed elementor-section-height-default elementor-section-height-default\" data-id=\"5e03fd33\" data-element_type=\"section\">\n\t\t\t\t\t\t<div class=\"elementor-container elementor-column-gap-default\">\n\t\t\t\t\t<div class=\"elementor-column elementor-col-100 elementor-top-column elementor-element elementor-element-609ff248\" data-id=\"609ff248\" data-element_type=\"column\">\n\t\t\t<div class=\"elementor-widget-wrap elementor-element-populated\">\n\t\t\t\t\t\t<div class=\"elementor-element elementor-element-928312a elementor-widget elementor-widget-gallery\" data-id=\"928312a\" data-element_type=\"widget\" data-settings=\"{&quot;gallery_layout&quot;:&quot;justified&quot;,&quot;lazyload&quot;:&quot;yes&quot;,&quot;ideal_row_height&quot;:{&quot;unit&quot;:&quot;px&quot;,&quot;size&quot;:200,&quot;sizes&quot;:[]},&quot;ideal_row_height_tablet&quot;:{&quot;unit&quot;:&quot;px&quot;,&quot;size&quot;:150,&quot;sizes&quot;:[]},&quot;ideal_row_height_mobile&quot;:{&quot;unit&quot;:&quot;px&quot;,&quot;size&quot;:150,&quot;sizes&quot;:[]},&quot;gap&quot;:{&quot;unit&quot;:&quot;px&quot;,&quot;size&quot;:10,&quot;sizes&quot;:[]},&quot;gap_tablet&quot;:{&quot;unit&quot;:&quot;px&quot;,&quot;size&quot;:10,&quot;sizes&quot;:[]},&quot;gap_mobile&quot;:{&quot;unit&quot;:&quot;px&quot;,&quot;size&quot;:10,&quot;sizes&quot;:[]},&quot;link_to&quot;:&quot;file&quot;,&quot;overlay_background&quot;:&quot;yes&quot;,&quot;content_hover_animation&quot;:&quot;fade-in&quot;}\" data-widget_type=\"gallery.default\">\n\t\t\t\t<div class=\"elementor-widget-container\">\n\t\t\t\t\t<div class=\"elementor-gallery__container\">\n\t\t\t\t\t\t\t<a class=\"e-gallery-item elementor-gallery-item elementor-animated-content\" href=\"https:\/\/transformarqroo.com\/wp-content\/uploads\/2025\/09\/GOB-26_Sep-2-scaled.jpg\" data-elementor-open-lightbox=\"yes\" data-elementor-lightbox-slideshow=\"928312a\" data-elementor-lightbox-title=\"GOB 26_Sep (2)\" data-e-action-hash=\"#elementor-action%3Aaction%3Dlightbox%26settings%3DeyJpZCI6NDI0MzksInVybCI6Imh0dHBzOlwvXC90cmFuc2Zvcm1hcnFyb28uY29tXC93cC1jb250ZW50XC91cGxvYWRzXC8yMDI1XC8wOVwvR09CLTI2X1NlcC0yLXNjYWxlZC5qcGciLCJzbGlkZXNob3ciOiI5MjgzMTJhIn0%3D\">\n\t\t\t\t\t<div class=\"e-gallery-image elementor-gallery-item__image\" data-thumbnail=\"https:\/\/transformarqroo.com\/wp-content\/uploads\/2025\/09\/GOB-26_Sep-2-scaled.jpg\" data-width=\"2560\" data-height=\"1707\" aria-label=\"\" role=\"img\" ><\/div>\n\t\t\t\t\t\t\t\t\t\t\t<div class=\"elementor-gallery-item__overlay\"><\/div>\n\t\t\t\t\t\t\t\t\t\t\t\t\t\t<\/a>\n\t\t\t\t\t\t\t<a class=\"e-gallery-item elementor-gallery-item elementor-animated-content\" href=\"https:\/\/transformarqroo.com\/wp-content\/uploads\/2025\/09\/GOB-26_Sep-scaled.jpg\" data-elementor-open-lightbox=\"yes\" data-elementor-lightbox-slideshow=\"928312a\" data-elementor-lightbox-title=\"GOB 26_Sep\" data-e-action-hash=\"#elementor-action%3Aaction%3Dlightbox%26settings%3DeyJpZCI6NDI0NDIsInVybCI6Imh0dHBzOlwvXC90cmFuc2Zvcm1hcnFyb28uY29tXC93cC1jb250ZW50XC91cGxvYWRzXC8yMDI1XC8wOVwvR09CLTI2X1NlcC1zY2FsZWQuanBnIiwic2xpZGVzaG93IjoiOTI4MzEyYSJ9\">\n\t\t\t\t\t<div class=\"e-gallery-image elementor-gallery-item__image\" data-thumbnail=\"https:\/\/transformarqroo.com\/wp-content\/uploads\/2025\/09\/GOB-26_Sep-scaled.jpg\" data-width=\"2560\" data-height=\"1707\" aria-label=\"\" role=\"img\" ><\/div>\n\t\t\t\t\t\t\t\t\t\t\t<div class=\"elementor-gallery-item__overlay\"><\/div>\n\t\t\t\t\t\t\t\t\t\t\t\t\t\t<\/a>\n\t\t\t\t\t<\/div>\n\t\t\t<\/div>\n\t\t\t\t<\/div>\n\t\t\t\t\t<\/div>\n\t\t<\/div>\n\t\t\t\t\t<\/div>\n\t\t<\/section>\n\t\t\t\t<\/div>\n\t\t","protected":false},"excerpt":{"rendered":"<p>Solferino.- M\u00e1s de 144 alumnas y alumnos de la Escuela Primaria \u201cJos\u00e9 Mar\u00eda Pino Su\u00e1rez\u201d de esta comunidad estrenaron su nuevo domo en la inauguraci\u00f3n encabezada por la gobernadora Mara Lezama Espinosa, y con el cual ahora cuentan con un espacio digno, seguro y adecuado para realizar actividades f\u00edsicas, culturales y c\u00edvicas. \u00a0 \u201cHoy venimos [&hellip;]<\/p>\n","protected":false},"author":1,"featured_media":42442,"comment_status":"closed","ping_status":"closed","sticky":false,"template":"","format":"standard","meta":{"_FSMCFIC_featured_image_caption":"","_FSMCFIC_featured_image_nocaption":"","_FSMCFIC_featured_image_hide":"","footnotes":""},"categories":[38,32],"tags":[],"class_list":["post-42419","post","type-post","status-publish","format-standard","has-post-thumbnail","hentry","category-gobierno-del-estado","category-municipios"],"aioseo_notices":[],"_links":{"self":[{"href":"https:\/\/transformarqroo.com\/index.php\/wp-json\/wp\/v2\/posts\/42419","targetHints":{"allow":["GET"]}}],"collection":[{"href":"https:\/\/transformarqroo.com\/index.php\/wp-json\/wp\/v2\/posts"}],"about":[{"href":"https:\/\/transformarqroo.com\/index.php\/wp-json\/wp\/v2\/types\/post"}],"author":[{"embeddable":true,"href":"https:\/\/transformarqroo.com\/index.php\/wp-json\/wp\/v2\/users\/1"}],"replies":[{"embeddable":true,"href":"https:\/\/transformarqroo.com\/index.php\/wp-json\/wp\/v2\/comments?post=42419"}],"version-history":[{"count":4,"href":"https:\/\/transformarqroo.com\/index.php\/wp-json\/wp\/v2\/posts\/42419\/revisions"}],"predecessor-version":[{"id":42460,"href":"https:\/\/transformarqroo.com\/index.php\/wp-json\/wp\/v2\/posts\/42419\/revisions\/42460"}],"wp:featuredmedia":[{"embeddable":true,"href":"https:\/\/transformarqroo.com\/index.php\/wp-json\/wp\/v2\/media\/42442"}],"wp:attachment":[{"href":"https:\/\/transformarqroo.com\/index.php\/wp-json\/wp\/v2\/media?parent=42419"}],"wp:term":[{"taxonomy":"category","embeddable":true,"href":"https:\/\/transformarqroo.com\/index.php\/wp-json\/wp\/v2\/categories?post=42419"},{"taxonomy":"post_tag","embeddable":true,"href":"https:\/\/transformarqroo.com\/index.php\/wp-json\/wp\/v2\/tags?post=42419"}],"curies":[{"name":"wp","href":"https:\/\/api.w.org\/{rel}","templated":true}]}}