{"id":42463,"date":"2025-09-10T21:42:41","date_gmt":"2025-09-11T02:42:41","guid":{"rendered":"https:\/\/transformarqroo.com\/?p=42463"},"modified":"2025-09-28T21:50:40","modified_gmt":"2025-09-29T02:50:40","slug":"promueve-gobierno-de-bj-prevencion-de-acoso-escolar-con-cursos","status":"publish","type":"post","link":"https:\/\/transformarqroo.com\/index.php\/2025\/09\/10\/promueve-gobierno-de-bj-prevencion-de-acoso-escolar-con-cursos\/","title":{"rendered":"PROMUEVE GOBIERNO DE BJ PREVENCI\u00d3N DE ACOSO ESCOLAR CON CURSOS"},"content":{"rendered":"\t\t<div data-elementor-type=\"wp-post\" data-elementor-id=\"42463\" class=\"elementor elementor-42463\" data-elementor-post-type=\"post\">\n\t\t\t\t\t\t<section class=\"elementor-section elementor-top-section elementor-element elementor-element-1bd3253b elementor-section-boxed elementor-section-height-default elementor-section-height-default\" data-id=\"1bd3253b\" data-element_type=\"section\">\n\t\t\t\t\t\t<div class=\"elementor-container elementor-column-gap-default\">\n\t\t\t\t\t<div class=\"elementor-column elementor-col-100 elementor-top-column elementor-element elementor-element-5ad13a9c\" data-id=\"5ad13a9c\" data-element_type=\"column\">\n\t\t\t<div class=\"elementor-widget-wrap elementor-element-populated\">\n\t\t\t\t\t\t<div class=\"elementor-element elementor-element-5f4729a6 elementor-widget elementor-widget-premium-addon-banner\" data-id=\"5f4729a6\" data-element_type=\"widget\" data-widget_type=\"premium-addon-banner.default\">\n\t\t\t\t<div class=\"elementor-widget-container\">\n\t\t\t\t\t<div class=\"premium-banner-ib premium-banner-min-height premium-banner-animation7 none\">\r\n\t\t\t\t\t\t\t<div class=\"premium-banner-border\">\r\n\t\t\t\t\t<div class=\"premium-banner-br premium-banner-bleft premium-banner-brlr\"><\/div>\r\n\t\t\t\t\t<div class=\"premium-banner-br premium-banner-bright premium-banner-brlr\"><\/div>\r\n\t\t\t\t\t<div class=\"premium-banner-br premium-banner-btop premium-banner-brtb\"><\/div>\r\n\t\t\t\t\t<div class=\"premium-banner-br premium-banner-bottom premium-banner-brtb\"><\/div>\r\n\t\t\t\t<\/div>\r\n\t\t\t\t\t\t\t\t\t\t\t\t\t\t\t<img fetchpriority=\"high\" decoding=\"async\" width=\"1236\" height=\"1600\" src=\"https:\/\/transformarqroo.com\/wp-content\/uploads\/2025\/09\/Bj-10_Sep.jpg\" class=\"attachment-full size-full wp-image-42481\" alt=\"\" srcset=\"https:\/\/transformarqroo.com\/wp-content\/uploads\/2025\/09\/Bj-10_Sep.jpg 1236w, https:\/\/transformarqroo.com\/wp-content\/uploads\/2025\/09\/Bj-10_Sep-232x300.jpg 232w, https:\/\/transformarqroo.com\/wp-content\/uploads\/2025\/09\/Bj-10_Sep-791x1024.jpg 791w, https:\/\/transformarqroo.com\/wp-content\/uploads\/2025\/09\/Bj-10_Sep-768x994.jpg 768w, https:\/\/transformarqroo.com\/wp-content\/uploads\/2025\/09\/Bj-10_Sep-100x129.jpg 100w, https:\/\/transformarqroo.com\/wp-content\/uploads\/2025\/09\/Bj-10_Sep-1187x1536.jpg 1187w\" sizes=\"(max-width: 1236px) 100vw, 1236px\" \/>\t\t\t\t\t\t\t\t\t\t<div class=\"premium-banner-ib-desc\">\r\n\t\t\t\t\t\t\t\t\t<div class=\"premium-banner-desc-centered\">\r\n\t\t\t\t\t\t\t\t\t<h3 class=\"premium-banner-ib-title premium_banner_title\"><\/h3>\t\t\t\t\t\t\t\t\t\t\t\t\t<\/div>\r\n\t\t\t\t\t\t\t<\/div>\r\n\t\t\t\t\t<\/div>\r\n\t\t\t\t\t\t<\/div>\n\t\t\t\t<\/div>\n\t\t\t\t\t<\/div>\n\t\t<\/div>\n\t\t\t\t\t<\/div>\n\t\t<\/section>\n\t\t\t\t<section class=\"elementor-section elementor-top-section elementor-element elementor-element-26dab19e elementor-section-boxed elementor-section-height-default elementor-section-height-default\" data-id=\"26dab19e\" data-element_type=\"section\" data-settings=\"{&quot;background_background&quot;:&quot;classic&quot;}\">\n\t\t\t\t\t\t<div class=\"elementor-container elementor-column-gap-default\">\n\t\t\t\t\t<div class=\"elementor-column elementor-col-100 elementor-top-column elementor-element elementor-element-3642644b\" data-id=\"3642644b\" data-element_type=\"column\">\n\t\t\t<div class=\"elementor-widget-wrap elementor-element-populated\">\n\t\t\t\t\t\t<div class=\"elementor-element elementor-element-3d91db7b premium-title-icon-row premium-title-color elementor-widget elementor-widget-premium-addon-title\" data-id=\"3d91db7b\" data-element_type=\"widget\" data-widget_type=\"premium-addon-title.default\">\n\t\t\t\t<div class=\"elementor-widget-container\">\n\t\t\t\r\n\t\t<div class=\"premium-title-container style2\">\r\n\t\t\t<h5 class=\"premium-title-header premium-title-style2\">\r\n\t\t\t\t\r\n\t\t\t\t\t\t\t\t\t\t\t\t\t\t\t<div class=\"premium-title-icon premium-lottie-animation\" data-lottie-url=\"https:\/\/assets8.lottiefiles.com\/packages\/lf20_pcfclxy8.json\" data-lottie-loop=\"true\" data-lottie-reverse=\"\"><\/div>\r\n\t\t\t\t\t\t\t\t\t\r\n\t\t\t\t\t\t\t\t\t\t\t\t<span class=\"premium-title-text\" >\r\n\t\t\t\t\t\t\t\t\t<\/span>\r\n\t\t\t\t\t\r\n\t\t\t\t\t\t\t\t\t\t\t<\/h5>\r\n\t\t<\/div>\r\n\r\n\t\t\t\t<\/div>\n\t\t\t\t<\/div>\n\t\t\t\t\t<\/div>\n\t\t<\/div>\n\t\t\t\t\t<\/div>\n\t\t<\/section>\n\t\t\t\t<section class=\"elementor-section elementor-top-section elementor-element elementor-element-49d350b elementor-section-boxed elementor-section-height-default elementor-section-height-default\" data-id=\"49d350b\" data-element_type=\"section\">\n\t\t\t\t\t\t<div class=\"elementor-container elementor-column-gap-default\">\n\t\t\t\t\t<div class=\"elementor-column elementor-col-100 elementor-top-column elementor-element elementor-element-12aea585\" data-id=\"12aea585\" data-element_type=\"column\">\n\t\t\t<div class=\"elementor-widget-wrap elementor-element-populated\">\n\t\t\t\t\t\t<div class=\"elementor-element elementor-element-717fd7f5 elementor-widget elementor-widget-text-editor\" data-id=\"717fd7f5\" data-element_type=\"widget\" data-widget_type=\"text-editor.default\">\n\t\t\t\t<div class=\"elementor-widget-container\">\n\t\t\t\t\t\t\t<p><b>Canc\u00fan, Q. R., a 10 de septiembre de 2025.-<\/b><span style=\"font-weight: 400;\"> Como parte de la convocatoria de cursos gratuitos de este septiembre, el Ayuntamiento de Benito Ju\u00e1rez, a trav\u00e9s del Instituto de Capacitaci\u00f3n en Calidad (ICCAL), incluy\u00f3 un taller sobre \u201cPrevenci\u00f3n del acoso escolar\u201d, tema importante que pueden aprovechar servidores p\u00fablicos municipales y ciudadan\u00eda en general, tomando en cuenta el inicio del presente ciclo escolar.\u00a0<\/span><\/p><p><span style=\"font-weight: 400;\">\u00a0<\/span><\/p><p><span style=\"font-weight: 400;\">El contenido ser\u00e1 impartido <\/span><span style=\"font-weight: 400;\">el lunes 22 de septiembre, de 10:00 a 12:00<\/span><span style=\"font-weight: 400;\"> horas a trav\u00e9s de la plataforma de videoconferencias Zoom, por lo que los interesados se debe consultar las fichas t\u00e9cnicas e inscribirse en la liga: <\/span><a href=\"https:\/\/forms.gle\/ACXT6tYyS5u4epRo6\"><span style=\"font-weight: 400;\">https:\/\/forms.gle\/ACXT6tYyS5u4epRo6<\/span><\/a><span style=\"font-weight: 400;\">.\u00a0<\/span><\/p><p><span style=\"font-weight: 400;\">\u00a0<\/span><\/p><p><span style=\"font-weight: 400;\">En otros conceptos, se llevar\u00e1 a cabo el curso sobre \u201cLiderazgo asertivo\u201d, <\/span><span style=\"font-weight: 400;\">este viernes 12 de septiembre<\/span><span style=\"font-weight: 400;\">; \u201cComunicaci\u00f3n asertiva\u201d, <\/span><span style=\"font-weight: 400;\">el mi\u00e9rcoles 17 de septiembre<\/span><span style=\"font-weight: 400;\">; y \u201cPsicolog\u00eda positiva\u201d, programado para <\/span><span style=\"font-weight: 400;\">el viernes 19 de septiembre<\/span><span style=\"font-weight: 400;\">, todos <\/span><span style=\"font-weight: 400;\">de 10:00 a 12:00<\/span><span style=\"font-weight: 400;\"> horas v\u00eda Zoom.\u00a0<\/span><\/p><p><span style=\"font-weight: 400;\">\u00a0<\/span><\/p><p><span style=\"font-weight: 400;\">De manera complementaria se dar\u00e1 el contenido sobre: \u201cConstruyendo igualdad: curso b\u00e1sico de derechos humanos de las mujeres\u201d, que se dar\u00e1 <\/span><span style=\"font-weight: 400;\">el 18 de septiembre de 11:00 a 13:00<\/span><span style=\"font-weight: 400;\"> horas, tambi\u00e9n por Zoom para captar mayor audiencia de interesados.\u00a0<\/span><\/p><p><span style=\"font-weight: 400;\">\u00a0<\/span><\/p><p><span style=\"font-weight: 400;\">Para cualquier informaci\u00f3n, se pide a la poblaci\u00f3n que se acerque a la dependencia ubicada en la Avenida Nader, Edificio Madrid No. 29, Manzana 1, Local 2 y 3, o contactarla por los canales oficiales: Iccal.cancun en Facebook; ICCAL_CANCUN en la plataforma \u201cX\u201d;iccal.capacitacion@gmail.com o en el n\u00famero 998 887 89 29.<\/span><\/p><p><br \/><br \/><\/p>\t\t\t\t\t\t<\/div>\n\t\t\t\t<\/div>\n\t\t\t\t\t<\/div>\n\t\t<\/div>\n\t\t\t\t\t<\/div>\n\t\t<\/section>\n\t\t\t\t<section class=\"elementor-section elementor-top-section elementor-element elementor-element-31e6ca06 elementor-section-boxed elementor-section-height-default elementor-section-height-default\" data-id=\"31e6ca06\" data-element_type=\"section\">\n\t\t\t\t\t\t<div class=\"elementor-container elementor-column-gap-default\">\n\t\t\t\t\t<div class=\"elementor-column elementor-col-100 elementor-top-column elementor-element elementor-element-4938fd9a\" data-id=\"4938fd9a\" data-element_type=\"column\">\n\t\t\t<div class=\"elementor-widget-wrap elementor-element-populated\">\n\t\t\t\t\t\t<div class=\"elementor-element elementor-element-79bb8a5 elementor-widget elementor-widget-gallery\" data-id=\"79bb8a5\" data-element_type=\"widget\" data-settings=\"{&quot;gallery_layout&quot;:&quot;justified&quot;,&quot;lazyload&quot;:&quot;yes&quot;,&quot;ideal_row_height&quot;:{&quot;unit&quot;:&quot;px&quot;,&quot;size&quot;:200,&quot;sizes&quot;:[]},&quot;ideal_row_height_tablet&quot;:{&quot;unit&quot;:&quot;px&quot;,&quot;size&quot;:150,&quot;sizes&quot;:[]},&quot;ideal_row_height_mobile&quot;:{&quot;unit&quot;:&quot;px&quot;,&quot;size&quot;:150,&quot;sizes&quot;:[]},&quot;gap&quot;:{&quot;unit&quot;:&quot;px&quot;,&quot;size&quot;:10,&quot;sizes&quot;:[]},&quot;gap_tablet&quot;:{&quot;unit&quot;:&quot;px&quot;,&quot;size&quot;:10,&quot;sizes&quot;:[]},&quot;gap_mobile&quot;:{&quot;unit&quot;:&quot;px&quot;,&quot;size&quot;:10,&quot;sizes&quot;:[]},&quot;link_to&quot;:&quot;file&quot;,&quot;overlay_background&quot;:&quot;yes&quot;,&quot;content_hover_animation&quot;:&quot;fade-in&quot;}\" data-widget_type=\"gallery.default\">\n\t\t\t\t<div class=\"elementor-widget-container\">\n\t\t\t\t\t<div class=\"elementor-gallery__container\">\n\t\t\t\t\t\t\t<a class=\"e-gallery-item elementor-gallery-item elementor-animated-content\" href=\"https:\/\/transformarqroo.com\/wp-content\/uploads\/2025\/09\/Bj-10_Sep.jpg\" data-elementor-open-lightbox=\"yes\" data-elementor-lightbox-slideshow=\"79bb8a5\" data-elementor-lightbox-title=\"Bj 10_Sep\" data-e-action-hash=\"#elementor-action%3Aaction%3Dlightbox%26settings%3DeyJpZCI6NDI0ODEsInVybCI6Imh0dHBzOlwvXC90cmFuc2Zvcm1hcnFyb28uY29tXC93cC1jb250ZW50XC91cGxvYWRzXC8yMDI1XC8wOVwvQmotMTBfU2VwLmpwZyIsInNsaWRlc2hvdyI6Ijc5YmI4YTUifQ%3D%3D\">\n\t\t\t\t\t<div class=\"e-gallery-image elementor-gallery-item__image\" data-thumbnail=\"https:\/\/transformarqroo.com\/wp-content\/uploads\/2025\/09\/Bj-10_Sep.jpg\" data-width=\"1236\" data-height=\"1600\" aria-label=\"\" role=\"img\" ><\/div>\n\t\t\t\t\t\t\t\t\t\t\t<div class=\"elementor-gallery-item__overlay\"><\/div>\n\t\t\t\t\t\t\t\t\t\t\t\t\t\t<\/a>\n\t\t\t\t\t<\/div>\n\t\t\t<\/div>\n\t\t\t\t<\/div>\n\t\t\t\t\t<\/div>\n\t\t<\/div>\n\t\t\t\t\t<\/div>\n\t\t<\/section>\n\t\t\t\t<\/div>\n\t\t","protected":false},"excerpt":{"rendered":"<p>Canc\u00fan, Q. R., a 10 de septiembre de 2025.- Como parte de la convocatoria de cursos gratuitos de este septiembre, el Ayuntamiento de Benito Ju\u00e1rez, a trav\u00e9s del Instituto de Capacitaci\u00f3n en Calidad (ICCAL), incluy\u00f3 un taller sobre \u201cPrevenci\u00f3n del acoso escolar\u201d, tema importante que pueden aprovechar servidores p\u00fablicos municipales y ciudadan\u00eda en general, tomando [&hellip;]<\/p>\n","protected":false},"author":1,"featured_media":42481,"comment_status":"closed","ping_status":"closed","sticky":false,"template":"","format":"standard","meta":{"_FSMCFIC_featured_image_caption":"","_FSMCFIC_featured_image_nocaption":"","_FSMCFIC_featured_image_hide":"","footnotes":""},"categories":[32,21],"tags":[],"class_list":["post-42463","post","type-post","status-publish","format-standard","has-post-thumbnail","hentry","category-municipios","category-benito-juarez"],"aioseo_notices":[],"_links":{"self":[{"href":"https:\/\/transformarqroo.com\/index.php\/wp-json\/wp\/v2\/posts\/42463","targetHints":{"allow":["GET"]}}],"collection":[{"href":"https:\/\/transformarqroo.com\/index.php\/wp-json\/wp\/v2\/posts"}],"about":[{"href":"https:\/\/transformarqroo.com\/index.php\/wp-json\/wp\/v2\/types\/post"}],"author":[{"embeddable":true,"href":"https:\/\/transformarqroo.com\/index.php\/wp-json\/wp\/v2\/users\/1"}],"replies":[{"embeddable":true,"href":"https:\/\/transformarqroo.com\/index.php\/wp-json\/wp\/v2\/comments?post=42463"}],"version-history":[{"count":4,"href":"https:\/\/transformarqroo.com\/index.php\/wp-json\/wp\/v2\/posts\/42463\/revisions"}],"predecessor-version":[{"id":42506,"href":"https:\/\/transformarqroo.com\/index.php\/wp-json\/wp\/v2\/posts\/42463\/revisions\/42506"}],"wp:featuredmedia":[{"embeddable":true,"href":"https:\/\/transformarqroo.com\/index.php\/wp-json\/wp\/v2\/media\/42481"}],"wp:attachment":[{"href":"https:\/\/transformarqroo.com\/index.php\/wp-json\/wp\/v2\/media?parent=42463"}],"wp:term":[{"taxonomy":"category","embeddable":true,"href":"https:\/\/transformarqroo.com\/index.php\/wp-json\/wp\/v2\/categories?post=42463"},{"taxonomy":"post_tag","embeddable":true,"href":"https:\/\/transformarqroo.com\/index.php\/wp-json\/wp\/v2\/tags?post=42463"}],"curies":[{"name":"wp","href":"https:\/\/api.w.org\/{rel}","templated":true}]}}