{"id":42513,"date":"2025-08-16T22:05:04","date_gmt":"2025-08-17T03:05:04","guid":{"rendered":"https:\/\/transformarqroo.com\/?p=42513"},"modified":"2025-09-28T22:20:55","modified_gmt":"2025-09-29T03:20:55","slug":"resurge-la-cancion-infantil-con-certamen-en-el-instituto-de-la-cultura-triunfa-orlando-gael","status":"publish","type":"post","link":"https:\/\/transformarqroo.com\/index.php\/2025\/08\/16\/resurge-la-cancion-infantil-con-certamen-en-el-instituto-de-la-cultura-triunfa-orlando-gael\/","title":{"rendered":"RESURGE LA CANCI\u00d3N INFANTIL CON CERTAMEN EN EL INSTITUTO DE LA CULTURA; TRIUNFA ORLANDO GAEL"},"content":{"rendered":"\t\t<div data-elementor-type=\"wp-post\" data-elementor-id=\"42513\" class=\"elementor elementor-42513\" data-elementor-post-type=\"post\">\n\t\t\t\t\t\t<section class=\"elementor-section elementor-top-section elementor-element elementor-element-239ff1 elementor-section-boxed elementor-section-height-default elementor-section-height-default\" data-id=\"239ff1\" data-element_type=\"section\">\n\t\t\t\t\t\t<div class=\"elementor-container elementor-column-gap-default\">\n\t\t\t\t\t<div class=\"elementor-column elementor-col-100 elementor-top-column elementor-element elementor-element-61763168\" data-id=\"61763168\" data-element_type=\"column\">\n\t\t\t<div class=\"elementor-widget-wrap elementor-element-populated\">\n\t\t\t\t\t\t<div class=\"elementor-element elementor-element-6315f0fc elementor-widget elementor-widget-premium-addon-banner\" data-id=\"6315f0fc\" data-element_type=\"widget\" data-widget_type=\"premium-addon-banner.default\">\n\t\t\t\t<div class=\"elementor-widget-container\">\n\t\t\t\t\t<div class=\"premium-banner-ib premium-banner-min-height premium-banner-animation7 none\">\r\n\t\t\t\t\t\t\t<div class=\"premium-banner-border\">\r\n\t\t\t\t\t<div class=\"premium-banner-br premium-banner-bleft premium-banner-brlr\"><\/div>\r\n\t\t\t\t\t<div class=\"premium-banner-br premium-banner-bright premium-banner-brlr\"><\/div>\r\n\t\t\t\t\t<div class=\"premium-banner-br premium-banner-btop premium-banner-brtb\"><\/div>\r\n\t\t\t\t\t<div class=\"premium-banner-br premium-banner-bottom premium-banner-brtb\"><\/div>\r\n\t\t\t\t<\/div>\r\n\t\t\t\t\t\t\t\t\t\t\t\t\t\t\t<img fetchpriority=\"high\" decoding=\"async\" width=\"1600\" height=\"1066\" src=\"https:\/\/transformarqroo.com\/wp-content\/uploads\/2025\/09\/Playa-16_Ago.jpg\" class=\"attachment-full size-full wp-image-42564\" alt=\"\" srcset=\"https:\/\/transformarqroo.com\/wp-content\/uploads\/2025\/09\/Playa-16_Ago.jpg 1600w, https:\/\/transformarqroo.com\/wp-content\/uploads\/2025\/09\/Playa-16_Ago-300x200.jpg 300w, https:\/\/transformarqroo.com\/wp-content\/uploads\/2025\/09\/Playa-16_Ago-1024x682.jpg 1024w, https:\/\/transformarqroo.com\/wp-content\/uploads\/2025\/09\/Playa-16_Ago-768x512.jpg 768w, https:\/\/transformarqroo.com\/wp-content\/uploads\/2025\/09\/Playa-16_Ago-100x67.jpg 100w, https:\/\/transformarqroo.com\/wp-content\/uploads\/2025\/09\/Playa-16_Ago-1536x1023.jpg 1536w\" sizes=\"(max-width: 1600px) 100vw, 1600px\" \/>\t\t\t\t\t\t\t\t\t\t<div class=\"premium-banner-ib-desc\">\r\n\t\t\t\t\t\t\t\t\t<div class=\"premium-banner-desc-centered\">\r\n\t\t\t\t\t\t\t\t\t<h3 class=\"premium-banner-ib-title premium_banner_title\"><\/h3>\t\t\t\t\t\t\t\t\t\t\t\t\t<\/div>\r\n\t\t\t\t\t\t\t<\/div>\r\n\t\t\t\t\t<\/div>\r\n\t\t\t\t\t\t<\/div>\n\t\t\t\t<\/div>\n\t\t\t\t\t<\/div>\n\t\t<\/div>\n\t\t\t\t\t<\/div>\n\t\t<\/section>\n\t\t\t\t<section class=\"elementor-section elementor-top-section elementor-element elementor-element-3e1cbae6 elementor-section-boxed elementor-section-height-default elementor-section-height-default\" data-id=\"3e1cbae6\" data-element_type=\"section\" data-settings=\"{&quot;background_background&quot;:&quot;classic&quot;}\">\n\t\t\t\t\t\t<div class=\"elementor-container elementor-column-gap-default\">\n\t\t\t\t\t<div class=\"elementor-column elementor-col-100 elementor-top-column elementor-element elementor-element-5752450f\" data-id=\"5752450f\" data-element_type=\"column\">\n\t\t\t<div class=\"elementor-widget-wrap elementor-element-populated\">\n\t\t\t\t\t\t<div class=\"elementor-element elementor-element-4149e952 premium-title-icon-row premium-title-color elementor-widget elementor-widget-premium-addon-title\" data-id=\"4149e952\" data-element_type=\"widget\" data-widget_type=\"premium-addon-title.default\">\n\t\t\t\t<div class=\"elementor-widget-container\">\n\t\t\t\r\n\t\t<div class=\"premium-title-container style2\">\r\n\t\t\t<h5 class=\"premium-title-header premium-title-style2\">\r\n\t\t\t\t\r\n\t\t\t\t\t\t\t\t\t\t\t\t\t\t\t<div class=\"premium-title-icon premium-lottie-animation\" data-lottie-url=\"https:\/\/assets8.lottiefiles.com\/packages\/lf20_pcfclxy8.json\" data-lottie-loop=\"true\" data-lottie-reverse=\"\"><\/div>\r\n\t\t\t\t\t\t\t\t\t\r\n\t\t\t\t\t\t\t\t\t\t\t\t<span class=\"premium-title-text\" >\r\n\t\t\t\t\t\t\t\t\t<\/span>\r\n\t\t\t\t\t\r\n\t\t\t\t\t\t\t\t\t\t\t<\/h5>\r\n\t\t<\/div>\r\n\r\n\t\t\t\t<\/div>\n\t\t\t\t<\/div>\n\t\t\t\t\t<\/div>\n\t\t<\/div>\n\t\t\t\t\t<\/div>\n\t\t<\/section>\n\t\t\t\t<section class=\"elementor-section elementor-top-section elementor-element elementor-element-6d4190c6 elementor-section-boxed elementor-section-height-default elementor-section-height-default\" data-id=\"6d4190c6\" data-element_type=\"section\">\n\t\t\t\t\t\t<div class=\"elementor-container elementor-column-gap-default\">\n\t\t\t\t\t<div class=\"elementor-column elementor-col-100 elementor-top-column elementor-element elementor-element-63f740cb\" data-id=\"63f740cb\" data-element_type=\"column\">\n\t\t\t<div class=\"elementor-widget-wrap elementor-element-populated\">\n\t\t\t\t\t\t<div class=\"elementor-element elementor-element-15171eb9 elementor-widget elementor-widget-text-editor\" data-id=\"15171eb9\" data-element_type=\"widget\" data-widget_type=\"text-editor.default\">\n\t\t\t\t<div class=\"elementor-widget-container\">\n\t\t\t\t\t\t\t<p><span style=\"font-weight: 400;\">Playa del Carmen, Quintana Roo, 16 de agosto de 2025.- El Festival de la Canci\u00f3n Infantil \u201cSonrisas al Mundo\u201d, se llev\u00f3 a cabo con cientos de seguidores en el Foro del Centro Cultural y en las redes sociales, teniendo como ganador a Orlando Gael Ch\u00e1vez, de 12 a\u00f1os, quien interpret\u00f3 \u201cLe festin\u201d, con lo que gan\u00f3 el premio de grabar una canci\u00f3n y un video en una casa productora profesional.<\/span><\/p><p>\u00a0<\/p><p><span style=\"font-weight: 400;\">Al entregar los premios, el director general del Instituto Municipal de la Cultura y las Artes de Playa del Carmen, Ernesto Santiago Mart\u00ednez Cu\u00e9llar, dijo que se cumplieron los objetivos de rescatar la m\u00fasica infantil y de unir a las familias.<\/span><\/p><p>\u00a0<\/p><p><span style=\"font-weight: 400;\">El segundo y tercer sitio fueron para Vale Osorio, de 9 a\u00f1os, con la canci\u00f3n \u201cQue canten los ni\u00f1os\u201d, y Kiara O, de 10 a\u00f1os, quien interpret\u00f3 \u201cCree y atr\u00e9vete\u201d, respectivamente. Todos los participantes recibieron una beca de un a\u00f1o para estudiar alg\u00fan taller en el Centro Cultural, en la Orquesta Sinf\u00f3nica Infantil y Juvenil de Playa del Carmen, o en la Escuela de Iniciaci\u00f3n Art\u00edstica asociada al INBAL.<\/span><\/p><p>\u00a0<\/p><p><span style=\"font-weight: 400;\">\u201cTodo esto no se hubiera logrado, sin el apoyo que tenemos de nuestra presidenta municipal Estefan\u00eda Mercado, y agradecemos la confianza de las mam\u00e1s y pap\u00e1s, quienes son parte importante de este concurso\u201d, a\u00f1adi\u00f3.<\/span><\/p><p>\u00a0<\/p><p><span style=\"font-weight: 400;\">El premio a la popularidad se lo llev\u00f3 Sofi Dance, de 11 a\u00f1os, y para la mejor caracterizaci\u00f3n lo obtuvo Eleanor Altair Padilla, de seis a\u00f1os. Al int\u00e9rprete m\u00e1s original lo gan\u00f3 Rodrigo Zavala, de 13 a\u00f1os, con la canci\u00f3n \u201cEn mi coraz\u00f3n\u201d.<\/span><\/p><p>\u00a0<\/p><p><span style=\"font-weight: 400;\">Participaron tambi\u00e9n Ale Osorio, de 5 a\u00f1os, con la canci\u00f3n \u201cMariposita\u201d, Karen Itzel, de 7 a\u00f1os, cantando \u201cLibre soy\u201d, Pablito Santos, de 10 a\u00f1os, con la canci\u00f3n \u201cChipi Chipi Chapa Chapa\u201d, Ximena Sandy, de 13 a\u00f1os, quien cant\u00f3 \u201cColors of the wind\u201d, Ana Prado, de 7 a\u00f1os, con la canci\u00f3n \u201c\u00bfY si hacemos un mu\u00f1eco?\u201d, Constanza Flores, de 9 a\u00f1os, con la canci\u00f3n \u201cEl baile del sapo\u201d, y Rogelio Zavala, de 8 a\u00f1os, con la canci\u00f3n \u201cDuerme negrito\u201d.<\/span><\/p><p>\u00a0<\/p><p><span style=\"font-weight: 400;\">Los jurados fueron la cantante Iznaga Cantero, con una trayectoria que la ha llevado a Espa\u00f1a, Jap\u00f3n, Canad\u00e1 y Guatemala, el bajista, especialista en percusiones y contrabajo, Jes\u00fas J\u00e1come, egresado de la Facultad de M\u00fasica de la Universidad Veracruzana, Ivanka Winovich, cantante l\u00edrica y violinista, quien form\u00f3 parte del Coro de la \u00d3pera de Seattle en Estados Unidos, y la bailarina profesional y psic\u00f3loga, Alejandra Casta\u00f1o, quien estudi\u00f3 en la Escuela Nacional de Danza y el Instituto Nacional de Bellas Artes.<\/span><\/p>\t\t\t\t\t\t<\/div>\n\t\t\t\t<\/div>\n\t\t\t\t\t<\/div>\n\t\t<\/div>\n\t\t\t\t\t<\/div>\n\t\t<\/section>\n\t\t\t\t<section class=\"elementor-section elementor-top-section elementor-element elementor-element-5737dbe9 elementor-section-boxed elementor-section-height-default elementor-section-height-default\" data-id=\"5737dbe9\" data-element_type=\"section\">\n\t\t\t\t\t\t<div class=\"elementor-container elementor-column-gap-default\">\n\t\t\t\t\t<div class=\"elementor-column elementor-col-100 elementor-top-column elementor-element elementor-element-3823b33d\" data-id=\"3823b33d\" data-element_type=\"column\">\n\t\t\t<div class=\"elementor-widget-wrap elementor-element-populated\">\n\t\t\t\t\t\t<div class=\"elementor-element elementor-element-309f7974 elementor-widget elementor-widget-gallery\" data-id=\"309f7974\" data-element_type=\"widget\" data-settings=\"{&quot;gallery_layout&quot;:&quot;justified&quot;,&quot;lazyload&quot;:&quot;yes&quot;,&quot;ideal_row_height&quot;:{&quot;unit&quot;:&quot;px&quot;,&quot;size&quot;:200,&quot;sizes&quot;:[]},&quot;ideal_row_height_tablet&quot;:{&quot;unit&quot;:&quot;px&quot;,&quot;size&quot;:150,&quot;sizes&quot;:[]},&quot;ideal_row_height_mobile&quot;:{&quot;unit&quot;:&quot;px&quot;,&quot;size&quot;:150,&quot;sizes&quot;:[]},&quot;gap&quot;:{&quot;unit&quot;:&quot;px&quot;,&quot;size&quot;:10,&quot;sizes&quot;:[]},&quot;gap_tablet&quot;:{&quot;unit&quot;:&quot;px&quot;,&quot;size&quot;:10,&quot;sizes&quot;:[]},&quot;gap_mobile&quot;:{&quot;unit&quot;:&quot;px&quot;,&quot;size&quot;:10,&quot;sizes&quot;:[]},&quot;link_to&quot;:&quot;file&quot;,&quot;overlay_background&quot;:&quot;yes&quot;,&quot;content_hover_animation&quot;:&quot;fade-in&quot;}\" data-widget_type=\"gallery.default\">\n\t\t\t\t<div class=\"elementor-widget-container\">\n\t\t\t\t\t<div class=\"elementor-gallery__container\">\n\t\t\t\t\t\t\t<a class=\"e-gallery-item elementor-gallery-item elementor-animated-content\" href=\"https:\/\/transformarqroo.com\/wp-content\/uploads\/2025\/09\/Playa-16_Ago1.jpg\" data-elementor-open-lightbox=\"yes\" data-elementor-lightbox-slideshow=\"309f7974\" data-elementor-lightbox-title=\"Playa 16_Ago(1)\" data-e-action-hash=\"#elementor-action%3Aaction%3Dlightbox%26settings%3DeyJpZCI6NDI1NjIsInVybCI6Imh0dHBzOlwvXC90cmFuc2Zvcm1hcnFyb28uY29tXC93cC1jb250ZW50XC91cGxvYWRzXC8yMDI1XC8wOVwvUGxheWEtMTZfQWdvMS5qcGciLCJzbGlkZXNob3ciOiIzMDlmNzk3NCJ9\">\n\t\t\t\t\t<div class=\"e-gallery-image elementor-gallery-item__image\" data-thumbnail=\"https:\/\/transformarqroo.com\/wp-content\/uploads\/2025\/09\/Playa-16_Ago1.jpg\" data-width=\"1600\" data-height=\"1066\" aria-label=\"\" role=\"img\" ><\/div>\n\t\t\t\t\t\t\t\t\t\t\t<div class=\"elementor-gallery-item__overlay\"><\/div>\n\t\t\t\t\t\t\t\t\t\t\t\t\t\t<\/a>\n\t\t\t\t\t\t\t<a class=\"e-gallery-item elementor-gallery-item elementor-animated-content\" href=\"https:\/\/transformarqroo.com\/wp-content\/uploads\/2025\/09\/Playa-16_Ago2.jpg\" data-elementor-open-lightbox=\"yes\" data-elementor-lightbox-slideshow=\"309f7974\" data-elementor-lightbox-title=\"Playa 16_Ago(2)\" data-e-action-hash=\"#elementor-action%3Aaction%3Dlightbox%26settings%3DeyJpZCI6NDI1NjMsInVybCI6Imh0dHBzOlwvXC90cmFuc2Zvcm1hcnFyb28uY29tXC93cC1jb250ZW50XC91cGxvYWRzXC8yMDI1XC8wOVwvUGxheWEtMTZfQWdvMi5qcGciLCJzbGlkZXNob3ciOiIzMDlmNzk3NCJ9\">\n\t\t\t\t\t<div class=\"e-gallery-image elementor-gallery-item__image\" data-thumbnail=\"https:\/\/transformarqroo.com\/wp-content\/uploads\/2025\/09\/Playa-16_Ago2.jpg\" data-width=\"1600\" data-height=\"1066\" aria-label=\"\" role=\"img\" ><\/div>\n\t\t\t\t\t\t\t\t\t\t\t<div class=\"elementor-gallery-item__overlay\"><\/div>\n\t\t\t\t\t\t\t\t\t\t\t\t\t\t<\/a>\n\t\t\t\t\t\t\t<a class=\"e-gallery-item elementor-gallery-item elementor-animated-content\" href=\"https:\/\/transformarqroo.com\/wp-content\/uploads\/2025\/09\/Playa-16_Ago.jpg\" data-elementor-open-lightbox=\"yes\" data-elementor-lightbox-slideshow=\"309f7974\" data-elementor-lightbox-title=\"Playa 16_Ago\" data-e-action-hash=\"#elementor-action%3Aaction%3Dlightbox%26settings%3DeyJpZCI6NDI1NjQsInVybCI6Imh0dHBzOlwvXC90cmFuc2Zvcm1hcnFyb28uY29tXC93cC1jb250ZW50XC91cGxvYWRzXC8yMDI1XC8wOVwvUGxheWEtMTZfQWdvLmpwZyIsInNsaWRlc2hvdyI6IjMwOWY3OTc0In0%3D\">\n\t\t\t\t\t<div class=\"e-gallery-image elementor-gallery-item__image\" data-thumbnail=\"https:\/\/transformarqroo.com\/wp-content\/uploads\/2025\/09\/Playa-16_Ago.jpg\" data-width=\"1600\" data-height=\"1066\" aria-label=\"\" role=\"img\" ><\/div>\n\t\t\t\t\t\t\t\t\t\t\t<div class=\"elementor-gallery-item__overlay\"><\/div>\n\t\t\t\t\t\t\t\t\t\t\t\t\t\t<\/a>\n\t\t\t\t\t<\/div>\n\t\t\t<\/div>\n\t\t\t\t<\/div>\n\t\t\t\t\t<\/div>\n\t\t<\/div>\n\t\t\t\t\t<\/div>\n\t\t<\/section>\n\t\t\t\t<\/div>\n\t\t","protected":false},"excerpt":{"rendered":"<p>Playa del Carmen, Quintana Roo, 16 de agosto de 2025.- El Festival de la Canci\u00f3n Infantil \u201cSonrisas al Mundo\u201d, se llev\u00f3 a cabo con cientos de seguidores en el Foro del Centro Cultural y en las redes sociales, teniendo como ganador a Orlando Gael Ch\u00e1vez, de 12 a\u00f1os, quien interpret\u00f3 \u201cLe festin\u201d, con lo que [&hellip;]<\/p>\n","protected":false},"author":1,"featured_media":42564,"comment_status":"closed","ping_status":"closed","sticky":false,"template":"","format":"standard","meta":{"_FSMCFIC_featured_image_caption":"","_FSMCFIC_featured_image_nocaption":"","_FSMCFIC_featured_image_hide":"","footnotes":""},"categories":[32,30],"tags":[],"class_list":["post-42513","post","type-post","status-publish","format-standard","has-post-thumbnail","hentry","category-municipios","category-solidaridad"],"aioseo_notices":[],"_links":{"self":[{"href":"https:\/\/transformarqroo.com\/index.php\/wp-json\/wp\/v2\/posts\/42513","targetHints":{"allow":["GET"]}}],"collection":[{"href":"https:\/\/transformarqroo.com\/index.php\/wp-json\/wp\/v2\/posts"}],"about":[{"href":"https:\/\/transformarqroo.com\/index.php\/wp-json\/wp\/v2\/types\/post"}],"author":[{"embeddable":true,"href":"https:\/\/transformarqroo.com\/index.php\/wp-json\/wp\/v2\/users\/1"}],"replies":[{"embeddable":true,"href":"https:\/\/transformarqroo.com\/index.php\/wp-json\/wp\/v2\/comments?post=42513"}],"version-history":[{"count":4,"href":"https:\/\/transformarqroo.com\/index.php\/wp-json\/wp\/v2\/posts\/42513\/revisions"}],"predecessor-version":[{"id":42568,"href":"https:\/\/transformarqroo.com\/index.php\/wp-json\/wp\/v2\/posts\/42513\/revisions\/42568"}],"wp:featuredmedia":[{"embeddable":true,"href":"https:\/\/transformarqroo.com\/index.php\/wp-json\/wp\/v2\/media\/42564"}],"wp:attachment":[{"href":"https:\/\/transformarqroo.com\/index.php\/wp-json\/wp\/v2\/media?parent=42513"}],"wp:term":[{"taxonomy":"category","embeddable":true,"href":"https:\/\/transformarqroo.com\/index.php\/wp-json\/wp\/v2\/categories?post=42513"},{"taxonomy":"post_tag","embeddable":true,"href":"https:\/\/transformarqroo.com\/index.php\/wp-json\/wp\/v2\/tags?post=42513"}],"curies":[{"name":"wp","href":"https:\/\/api.w.org\/{rel}","templated":true}]}}