{"id":42516,"date":"2025-08-13T22:05:10","date_gmt":"2025-08-14T03:05:10","guid":{"rendered":"https:\/\/transformarqroo.com\/?p=42516"},"modified":"2025-09-28T22:16:34","modified_gmt":"2025-09-29T03:16:34","slug":"gobierno-de-estefania-mercado-presenta-y-ratifica-alto-mando-policial-con-enfoque-en-profesionalizacion-y-cercania-ciudadana","status":"publish","type":"post","link":"https:\/\/transformarqroo.com\/index.php\/2025\/08\/13\/gobierno-de-estefania-mercado-presenta-y-ratifica-alto-mando-policial-con-enfoque-en-profesionalizacion-y-cercania-ciudadana\/","title":{"rendered":"GOBIERNO DE ESTEFAN\u00cdA MERCADO PRESENTA Y RATIFICA ALTO MANDO POLICIAL CON ENFOQUE EN PROFESIONALIZACI\u00d3N Y CERCAN\u00cdA CIUDADANA"},"content":{"rendered":"\t\t<div data-elementor-type=\"wp-post\" data-elementor-id=\"42516\" class=\"elementor elementor-42516\" data-elementor-post-type=\"post\">\n\t\t\t\t\t\t<section class=\"elementor-section elementor-top-section elementor-element elementor-element-dd4e346 elementor-section-boxed elementor-section-height-default elementor-section-height-default\" data-id=\"dd4e346\" data-element_type=\"section\">\n\t\t\t\t\t\t<div class=\"elementor-container elementor-column-gap-default\">\n\t\t\t\t\t<div class=\"elementor-column elementor-col-100 elementor-top-column elementor-element elementor-element-1d9ca72c\" data-id=\"1d9ca72c\" data-element_type=\"column\">\n\t\t\t<div class=\"elementor-widget-wrap elementor-element-populated\">\n\t\t\t\t\t\t<div class=\"elementor-element elementor-element-4eae8d72 elementor-widget elementor-widget-premium-addon-banner\" data-id=\"4eae8d72\" data-element_type=\"widget\" data-widget_type=\"premium-addon-banner.default\">\n\t\t\t\t<div class=\"elementor-widget-container\">\n\t\t\t\t\t<div class=\"premium-banner-ib premium-banner-min-height premium-banner-animation7 none\">\r\n\t\t\t\t\t\t\t<div class=\"premium-banner-border\">\r\n\t\t\t\t\t<div class=\"premium-banner-br premium-banner-bleft premium-banner-brlr\"><\/div>\r\n\t\t\t\t\t<div class=\"premium-banner-br premium-banner-bright premium-banner-brlr\"><\/div>\r\n\t\t\t\t\t<div class=\"premium-banner-br premium-banner-btop premium-banner-brtb\"><\/div>\r\n\t\t\t\t\t<div class=\"premium-banner-br premium-banner-bottom premium-banner-brtb\"><\/div>\r\n\t\t\t\t<\/div>\r\n\t\t\t\t\t\t\t\t\t\t\t\t\t\t\t<img fetchpriority=\"high\" decoding=\"async\" width=\"1268\" height=\"845\" src=\"https:\/\/transformarqroo.com\/wp-content\/uploads\/2025\/09\/Playa-13_Ago.jpg\" class=\"attachment-full size-full wp-image-42540\" alt=\"\" srcset=\"https:\/\/transformarqroo.com\/wp-content\/uploads\/2025\/09\/Playa-13_Ago.jpg 1268w, https:\/\/transformarqroo.com\/wp-content\/uploads\/2025\/09\/Playa-13_Ago-300x200.jpg 300w, https:\/\/transformarqroo.com\/wp-content\/uploads\/2025\/09\/Playa-13_Ago-1024x682.jpg 1024w, https:\/\/transformarqroo.com\/wp-content\/uploads\/2025\/09\/Playa-13_Ago-768x512.jpg 768w, https:\/\/transformarqroo.com\/wp-content\/uploads\/2025\/09\/Playa-13_Ago-100x67.jpg 100w\" sizes=\"(max-width: 1268px) 100vw, 1268px\" \/>\t\t\t\t\t\t\t\t\t\t<div class=\"premium-banner-ib-desc\">\r\n\t\t\t\t\t\t\t\t\t<div class=\"premium-banner-desc-centered\">\r\n\t\t\t\t\t\t\t\t\t<h3 class=\"premium-banner-ib-title premium_banner_title\"><\/h3>\t\t\t\t\t\t\t\t\t\t\t\t\t<\/div>\r\n\t\t\t\t\t\t\t<\/div>\r\n\t\t\t\t\t<\/div>\r\n\t\t\t\t\t\t<\/div>\n\t\t\t\t<\/div>\n\t\t\t\t\t<\/div>\n\t\t<\/div>\n\t\t\t\t\t<\/div>\n\t\t<\/section>\n\t\t\t\t<section class=\"elementor-section elementor-top-section elementor-element elementor-element-1dbf561d elementor-section-boxed elementor-section-height-default elementor-section-height-default\" data-id=\"1dbf561d\" data-element_type=\"section\" data-settings=\"{&quot;background_background&quot;:&quot;classic&quot;}\">\n\t\t\t\t\t\t<div class=\"elementor-container elementor-column-gap-default\">\n\t\t\t\t\t<div class=\"elementor-column elementor-col-100 elementor-top-column elementor-element elementor-element-70c4c93e\" data-id=\"70c4c93e\" data-element_type=\"column\">\n\t\t\t<div class=\"elementor-widget-wrap elementor-element-populated\">\n\t\t\t\t\t\t<div class=\"elementor-element elementor-element-16b53fd8 premium-title-icon-row premium-title-color elementor-widget elementor-widget-premium-addon-title\" data-id=\"16b53fd8\" data-element_type=\"widget\" data-widget_type=\"premium-addon-title.default\">\n\t\t\t\t<div class=\"elementor-widget-container\">\n\t\t\t\r\n\t\t<div class=\"premium-title-container style2\">\r\n\t\t\t<h5 class=\"premium-title-header premium-title-style2\">\r\n\t\t\t\t\r\n\t\t\t\t\t\t\t\t\t\t\t\t\t\t\t<div class=\"premium-title-icon premium-lottie-animation\" data-lottie-url=\"https:\/\/assets8.lottiefiles.com\/packages\/lf20_pcfclxy8.json\" data-lottie-loop=\"true\" data-lottie-reverse=\"\"><\/div>\r\n\t\t\t\t\t\t\t\t\t\r\n\t\t\t\t\t\t\t\t\t\t\t\t<span class=\"premium-title-text\" >\r\n\t\t\t\t\t\t\t\t\t<\/span>\r\n\t\t\t\t\t\r\n\t\t\t\t\t\t\t\t\t\t\t<\/h5>\r\n\t\t<\/div>\r\n\r\n\t\t\t\t<\/div>\n\t\t\t\t<\/div>\n\t\t\t\t\t<\/div>\n\t\t<\/div>\n\t\t\t\t\t<\/div>\n\t\t<\/section>\n\t\t\t\t<section class=\"elementor-section elementor-top-section elementor-element elementor-element-32a1b092 elementor-section-boxed elementor-section-height-default elementor-section-height-default\" data-id=\"32a1b092\" data-element_type=\"section\">\n\t\t\t\t\t\t<div class=\"elementor-container elementor-column-gap-default\">\n\t\t\t\t\t<div class=\"elementor-column elementor-col-100 elementor-top-column elementor-element elementor-element-6f673b52\" data-id=\"6f673b52\" data-element_type=\"column\">\n\t\t\t<div class=\"elementor-widget-wrap elementor-element-populated\">\n\t\t\t\t\t\t<div class=\"elementor-element elementor-element-3b9295dc elementor-widget elementor-widget-text-editor\" data-id=\"3b9295dc\" data-element_type=\"widget\" data-widget_type=\"text-editor.default\">\n\t\t\t\t<div class=\"elementor-widget-container\">\n\t\t\t\t\t\t\t<p><span style=\"font-weight: 400;\">Playa del Carmen, Quintana Roo, 13 de agosto de 2025.\u2013 La presidenta municipal de Playa del Carmen, Estefan\u00eda Mercado, anunci\u00f3 la incorporaci\u00f3n de cuatro nuevos mandos y la ratificaci\u00f3n de la estructura directiva de la Secretar\u00eda de Seguridad Ciudadana Municipal, en una acci\u00f3n que marca el inicio de una nueva etapa para la seguridad en el municipio.<\/span><\/p><p>\u00a0<\/p><p><span style=\"font-weight: 400;\">\u201cHoy presentamos a un equipo que llevar\u00e1 a nuestra polic\u00eda a un nuevo nivel. Queremos una corporaci\u00f3n m\u00e1s profesional, mejor preparada y profundamente cercana a la gente. La seguridad de nuestras familias exige liderazgo con experiencia, visi\u00f3n estrat\u00e9gica y, sobre todo, un compromiso inquebrantable con la honestidad y el servicio al pueblo\u201d, afirm\u00f3.<\/span><\/p><p>\u00a0<\/p><p><span style=\"font-weight: 400;\">Los nuevos nombramientos son:<\/span><\/p><ul><li><span style=\"font-weight: 400;\">Cmdte. Jorge Alexis Zuart C\u00f3rdova, Subsecretario de Seguridad Ciudadana Municipal, con triple licenciatura en Derecho, Seguridad P\u00fablica y Comercio Exterior y Aduanas, maestr\u00eda en Administraci\u00f3n y 12 a\u00f1os de experiencia, incluyendo 5 a\u00f1os en la Procuraci\u00f3n de Justicia y 6 a\u00f1os como Secretario de Seguridad P\u00fablica de Tuxtla.<\/span><\/li><li><span style=\"font-weight: 400;\">Cmdte. Eleaqu\u00edn Castro P\u00e9rez, Director de Polic\u00eda Preventiva, licenciado en Seguridad P\u00fablica y Protecci\u00f3n Ciudadana, con m\u00e1s de 15 a\u00f1os de experiencia en corporaciones policiales y liderazgo en grupos especiales de reacci\u00f3n inmediata, combate a delitos de alto impacto y operativos antinarc\u00f3ticos.<\/span><\/li><li><span style=\"font-weight: 400;\">Cmdte. Aureny Sugeydi Mart\u00edn Manzanilla, Directora de Polic\u00eda de Tr\u00e1nsito y Vialidad, licenciada en Intervenci\u00f3n Educativa, con 10 a\u00f1os de experiencia en el servicio p\u00fablico en el Ayuntamiento de Playa del Carmen, destacada por su capacidad, eficiencia y experiencia administrativa.<\/span><\/li><li><span style=\"font-weight: 400;\">Cmdte. Rodolfo L\u00f3pez Zapata, Director de Asuntos Internos, con doble licenciatura en Derecho y Contadur\u00eda, doble maestr\u00eda en Proceso Penal Acusatorio y en Administraci\u00f3n y Pol\u00edticas P\u00fablicas, y m\u00e1s de 10 a\u00f1os de trayectoria en el Poder Judicial Federal.<\/span><\/li><\/ul><p>\u00a0<\/p><p><span style=\"font-weight: 400;\">Asimismo, fueron ratificados en sus cargos:<\/span><\/p><ul><li><span style=\"font-weight: 400;\">Cmdte. Osiris de Jes\u00fas Ceballos D\u00edaz, Director de Polic\u00eda Tur\u00edstica.<\/span><\/li><li><span style=\"font-weight: 400;\">Cmdte. Diego Am\u00edlcar Morelos Ram\u00edrez, Director de Proximidad Social.<\/span><\/li><li><span style=\"font-weight: 400;\">Cmdte. Edgar Armando Sandoval de la Fuente, Director de Planeaci\u00f3n y Administraci\u00f3n.<\/span><\/li><li><span style=\"font-weight: 400;\">Cmdte. Mar\u00eda Aurelia Amador Morales, Directora del GEAVIG.<\/span><\/li><li><span style=\"font-weight: 400;\">Cmdte. Jos\u00e9 Antonio Nieto Bastida, Director Jur\u00eddico.<\/span><\/li><li><span style=\"font-weight: 400;\">Cmdte. Valent\u00edn Contreras Mex, Director de Profesionalizaci\u00f3n Policial.<\/span><\/li><li><span style=\"font-weight: 400;\">Cmdte. \u00c1mbar Isabel C\u00e1ceres Loeza, Directora de Psicolog\u00eda Policial.<\/span><\/li><li><span style=\"font-weight: 400;\">Cmdte. Eduardo Cocom Sosaya, Subdirector de Comunicaci\u00f3n Social.<\/span><\/li><\/ul><p>\u00a0<\/p><p><span style=\"font-weight: 400;\">\u201cCon estos nombramientos y ratificaciones, consolidamos un equipo que combina experiencia, preparaci\u00f3n acad\u00e9mica y compromiso social. Este alto mando no solo velar\u00e1 por el orden y la seguridad, sino que tambi\u00e9n trabajar\u00e1 hombro a hombro con la ciudadan\u00eda para construir paz y fortalecer la confianza en nuestras instituciones\u201d, subray\u00f3 Estefan\u00eda Mercado.<\/span><\/p><p>\u00a0<\/p><p><span style=\"font-weight: 400;\">El Gobierno Municipal reafirma as\u00ed su visi\u00f3n de una polic\u00eda a la altura de la grandeza de Playa del Carmen: eficiente, humana, cercana y con la fuerza moral para garantizar la tranquilidad de todas y todos.<\/span><\/p>\t\t\t\t\t\t<\/div>\n\t\t\t\t<\/div>\n\t\t\t\t\t<\/div>\n\t\t<\/div>\n\t\t\t\t\t<\/div>\n\t\t<\/section>\n\t\t\t\t<section class=\"elementor-section elementor-top-section elementor-element elementor-element-18b11bc0 elementor-section-boxed elementor-section-height-default elementor-section-height-default\" data-id=\"18b11bc0\" data-element_type=\"section\">\n\t\t\t\t\t\t<div class=\"elementor-container elementor-column-gap-default\">\n\t\t\t\t\t<div class=\"elementor-column elementor-col-100 elementor-top-column elementor-element elementor-element-155c08fa\" data-id=\"155c08fa\" data-element_type=\"column\">\n\t\t\t<div class=\"elementor-widget-wrap elementor-element-populated\">\n\t\t\t\t\t\t<div class=\"elementor-element elementor-element-47b7672f elementor-widget elementor-widget-gallery\" data-id=\"47b7672f\" data-element_type=\"widget\" data-settings=\"{&quot;gallery_layout&quot;:&quot;justified&quot;,&quot;lazyload&quot;:&quot;yes&quot;,&quot;ideal_row_height&quot;:{&quot;unit&quot;:&quot;px&quot;,&quot;size&quot;:200,&quot;sizes&quot;:[]},&quot;ideal_row_height_tablet&quot;:{&quot;unit&quot;:&quot;px&quot;,&quot;size&quot;:150,&quot;sizes&quot;:[]},&quot;ideal_row_height_mobile&quot;:{&quot;unit&quot;:&quot;px&quot;,&quot;size&quot;:150,&quot;sizes&quot;:[]},&quot;gap&quot;:{&quot;unit&quot;:&quot;px&quot;,&quot;size&quot;:10,&quot;sizes&quot;:[]},&quot;gap_tablet&quot;:{&quot;unit&quot;:&quot;px&quot;,&quot;size&quot;:10,&quot;sizes&quot;:[]},&quot;gap_mobile&quot;:{&quot;unit&quot;:&quot;px&quot;,&quot;size&quot;:10,&quot;sizes&quot;:[]},&quot;link_to&quot;:&quot;file&quot;,&quot;overlay_background&quot;:&quot;yes&quot;,&quot;content_hover_animation&quot;:&quot;fade-in&quot;}\" data-widget_type=\"gallery.default\">\n\t\t\t\t<div class=\"elementor-widget-container\">\n\t\t\t\t\t<div class=\"elementor-gallery__container\">\n\t\t\t\t\t\t\t<a class=\"e-gallery-item elementor-gallery-item elementor-animated-content\" href=\"https:\/\/transformarqroo.com\/wp-content\/uploads\/2025\/09\/Playa-13_Ago1.jpg\" data-elementor-open-lightbox=\"yes\" data-elementor-lightbox-slideshow=\"47b7672f\" data-elementor-lightbox-title=\"Playa 13_Ago(1)\" data-e-action-hash=\"#elementor-action%3Aaction%3Dlightbox%26settings%3DeyJpZCI6NDI1MzcsInVybCI6Imh0dHBzOlwvXC90cmFuc2Zvcm1hcnFyb28uY29tXC93cC1jb250ZW50XC91cGxvYWRzXC8yMDI1XC8wOVwvUGxheWEtMTNfQWdvMS5qcGciLCJzbGlkZXNob3ciOiI0N2I3NjcyZiJ9\">\n\t\t\t\t\t<div class=\"e-gallery-image elementor-gallery-item__image\" data-thumbnail=\"https:\/\/transformarqroo.com\/wp-content\/uploads\/2025\/09\/Playa-13_Ago1.jpg\" data-width=\"1280\" data-height=\"853\" aria-label=\"\" role=\"img\" ><\/div>\n\t\t\t\t\t\t\t\t\t\t\t<div class=\"elementor-gallery-item__overlay\"><\/div>\n\t\t\t\t\t\t\t\t\t\t\t\t\t\t<\/a>\n\t\t\t\t\t\t\t<a class=\"e-gallery-item elementor-gallery-item elementor-animated-content\" href=\"https:\/\/transformarqroo.com\/wp-content\/uploads\/2025\/09\/Playa-13_Ago2.jpg\" data-elementor-open-lightbox=\"yes\" data-elementor-lightbox-slideshow=\"47b7672f\" data-elementor-lightbox-title=\"Playa 13_Ago(2)\" data-e-action-hash=\"#elementor-action%3Aaction%3Dlightbox%26settings%3DeyJpZCI6NDI1MzgsInVybCI6Imh0dHBzOlwvXC90cmFuc2Zvcm1hcnFyb28uY29tXC93cC1jb250ZW50XC91cGxvYWRzXC8yMDI1XC8wOVwvUGxheWEtMTNfQWdvMi5qcGciLCJzbGlkZXNob3ciOiI0N2I3NjcyZiJ9\">\n\t\t\t\t\t<div class=\"e-gallery-image elementor-gallery-item__image\" data-thumbnail=\"https:\/\/transformarqroo.com\/wp-content\/uploads\/2025\/09\/Playa-13_Ago2.jpg\" data-width=\"1149\" data-height=\"766\" aria-label=\"\" role=\"img\" ><\/div>\n\t\t\t\t\t\t\t\t\t\t\t<div class=\"elementor-gallery-item__overlay\"><\/div>\n\t\t\t\t\t\t\t\t\t\t\t\t\t\t<\/a>\n\t\t\t\t\t\t\t<a class=\"e-gallery-item elementor-gallery-item elementor-animated-content\" href=\"https:\/\/transformarqroo.com\/wp-content\/uploads\/2025\/09\/Playa-13_Ago3.jpg\" data-elementor-open-lightbox=\"yes\" data-elementor-lightbox-slideshow=\"47b7672f\" data-elementor-lightbox-title=\"Playa 13_Ago(3)\" data-e-action-hash=\"#elementor-action%3Aaction%3Dlightbox%26settings%3DeyJpZCI6NDI1MzksInVybCI6Imh0dHBzOlwvXC90cmFuc2Zvcm1hcnFyb28uY29tXC93cC1jb250ZW50XC91cGxvYWRzXC8yMDI1XC8wOVwvUGxheWEtMTNfQWdvMy5qcGciLCJzbGlkZXNob3ciOiI0N2I3NjcyZiJ9\">\n\t\t\t\t\t<div class=\"e-gallery-image elementor-gallery-item__image\" data-thumbnail=\"https:\/\/transformarqroo.com\/wp-content\/uploads\/2025\/09\/Playa-13_Ago3.jpg\" data-width=\"1280\" data-height=\"853\" aria-label=\"\" role=\"img\" ><\/div>\n\t\t\t\t\t\t\t\t\t\t\t<div class=\"elementor-gallery-item__overlay\"><\/div>\n\t\t\t\t\t\t\t\t\t\t\t\t\t\t<\/a>\n\t\t\t\t\t\t\t<a class=\"e-gallery-item elementor-gallery-item elementor-animated-content\" href=\"https:\/\/transformarqroo.com\/wp-content\/uploads\/2025\/09\/Playa-13_Ago.jpg\" data-elementor-open-lightbox=\"yes\" data-elementor-lightbox-slideshow=\"47b7672f\" data-elementor-lightbox-title=\"Playa 13_Ago\" data-e-action-hash=\"#elementor-action%3Aaction%3Dlightbox%26settings%3DeyJpZCI6NDI1NDAsInVybCI6Imh0dHBzOlwvXC90cmFuc2Zvcm1hcnFyb28uY29tXC93cC1jb250ZW50XC91cGxvYWRzXC8yMDI1XC8wOVwvUGxheWEtMTNfQWdvLmpwZyIsInNsaWRlc2hvdyI6IjQ3Yjc2NzJmIn0%3D\">\n\t\t\t\t\t<div class=\"e-gallery-image elementor-gallery-item__image\" data-thumbnail=\"https:\/\/transformarqroo.com\/wp-content\/uploads\/2025\/09\/Playa-13_Ago.jpg\" data-width=\"1268\" data-height=\"845\" aria-label=\"\" role=\"img\" ><\/div>\n\t\t\t\t\t\t\t\t\t\t\t<div class=\"elementor-gallery-item__overlay\"><\/div>\n\t\t\t\t\t\t\t\t\t\t\t\t\t\t<\/a>\n\t\t\t\t\t<\/div>\n\t\t\t<\/div>\n\t\t\t\t<\/div>\n\t\t\t\t\t<\/div>\n\t\t<\/div>\n\t\t\t\t\t<\/div>\n\t\t<\/section>\n\t\t\t\t<\/div>\n\t\t","protected":false},"excerpt":{"rendered":"<p>Playa del Carmen, Quintana Roo, 13 de agosto de 2025.\u2013 La presidenta municipal de Playa del Carmen, Estefan\u00eda Mercado, anunci\u00f3 la incorporaci\u00f3n de cuatro nuevos mandos y la ratificaci\u00f3n de la estructura directiva de la Secretar\u00eda de Seguridad Ciudadana Municipal, en una acci\u00f3n que marca el inicio de una nueva etapa para la seguridad en [&hellip;]<\/p>\n","protected":false},"author":1,"featured_media":42540,"comment_status":"closed","ping_status":"closed","sticky":false,"template":"","format":"standard","meta":{"_FSMCFIC_featured_image_caption":"","_FSMCFIC_featured_image_nocaption":"","_FSMCFIC_featured_image_hide":"","footnotes":""},"categories":[32,30],"tags":[],"class_list":["post-42516","post","type-post","status-publish","format-standard","has-post-thumbnail","hentry","category-municipios","category-solidaridad"],"aioseo_notices":[],"_links":{"self":[{"href":"https:\/\/transformarqroo.com\/index.php\/wp-json\/wp\/v2\/posts\/42516","targetHints":{"allow":["GET"]}}],"collection":[{"href":"https:\/\/transformarqroo.com\/index.php\/wp-json\/wp\/v2\/posts"}],"about":[{"href":"https:\/\/transformarqroo.com\/index.php\/wp-json\/wp\/v2\/types\/post"}],"author":[{"embeddable":true,"href":"https:\/\/transformarqroo.com\/index.php\/wp-json\/wp\/v2\/users\/1"}],"replies":[{"embeddable":true,"href":"https:\/\/transformarqroo.com\/index.php\/wp-json\/wp\/v2\/comments?post=42516"}],"version-history":[{"count":4,"href":"https:\/\/transformarqroo.com\/index.php\/wp-json\/wp\/v2\/posts\/42516\/revisions"}],"predecessor-version":[{"id":42544,"href":"https:\/\/transformarqroo.com\/index.php\/wp-json\/wp\/v2\/posts\/42516\/revisions\/42544"}],"wp:featuredmedia":[{"embeddable":true,"href":"https:\/\/transformarqroo.com\/index.php\/wp-json\/wp\/v2\/media\/42540"}],"wp:attachment":[{"href":"https:\/\/transformarqroo.com\/index.php\/wp-json\/wp\/v2\/media?parent=42516"}],"wp:term":[{"taxonomy":"category","embeddable":true,"href":"https:\/\/transformarqroo.com\/index.php\/wp-json\/wp\/v2\/categories?post=42516"},{"taxonomy":"post_tag","embeddable":true,"href":"https:\/\/transformarqroo.com\/index.php\/wp-json\/wp\/v2\/tags?post=42516"}],"curies":[{"name":"wp","href":"https:\/\/api.w.org\/{rel}","templated":true}]}}