{"id":42518,"date":"2025-08-11T22:05:14","date_gmt":"2025-08-12T03:05:14","guid":{"rendered":"https:\/\/transformarqroo.com\/?p=42518"},"modified":"2025-09-28T22:13:33","modified_gmt":"2025-09-29T03:13:33","slug":"estefania-mercado-lanza-playa-llena-corazon-contento-programa-social-que-garantizara-alimentacion-a-3-mil-familias-de-playa-del-carmen","status":"publish","type":"post","link":"https:\/\/transformarqroo.com\/index.php\/2025\/08\/11\/estefania-mercado-lanza-playa-llena-corazon-contento-programa-social-que-garantizara-alimentacion-a-3-mil-familias-de-playa-del-carmen\/","title":{"rendered":"ESTEFAN\u00cdA MERCADO LANZA \u201cPLAYA LLENA, CORAZ\u00d3N CONTENTO\u201d, PROGRAMA SOCIAL QUE GARANTIZAR\u00c1 ALIMENTACI\u00d3N A 3 MIL FAMILIAS DE PLAYA DEL CARMEN"},"content":{"rendered":"\t\t<div data-elementor-type=\"wp-post\" data-elementor-id=\"42518\" class=\"elementor elementor-42518\" data-elementor-post-type=\"post\">\n\t\t\t\t\t\t<section class=\"elementor-section elementor-top-section elementor-element elementor-element-774c2c1b elementor-section-boxed elementor-section-height-default elementor-section-height-default\" data-id=\"774c2c1b\" data-element_type=\"section\">\n\t\t\t\t\t\t<div class=\"elementor-container elementor-column-gap-default\">\n\t\t\t\t\t<div class=\"elementor-column elementor-col-100 elementor-top-column elementor-element elementor-element-540788f6\" data-id=\"540788f6\" data-element_type=\"column\">\n\t\t\t<div class=\"elementor-widget-wrap elementor-element-populated\">\n\t\t\t\t\t\t<div class=\"elementor-element elementor-element-21c1f2ba elementor-widget elementor-widget-premium-addon-banner\" data-id=\"21c1f2ba\" data-element_type=\"widget\" data-widget_type=\"premium-addon-banner.default\">\n\t\t\t\t<div class=\"elementor-widget-container\">\n\t\t\t\t\t<div class=\"premium-banner-ib premium-banner-min-height premium-banner-animation7 none\">\r\n\t\t\t\t\t\t\t<div class=\"premium-banner-border\">\r\n\t\t\t\t\t<div class=\"premium-banner-br premium-banner-bleft premium-banner-brlr\"><\/div>\r\n\t\t\t\t\t<div class=\"premium-banner-br premium-banner-bright premium-banner-brlr\"><\/div>\r\n\t\t\t\t\t<div class=\"premium-banner-br premium-banner-btop premium-banner-brtb\"><\/div>\r\n\t\t\t\t\t<div class=\"premium-banner-br premium-banner-bottom premium-banner-brtb\"><\/div>\r\n\t\t\t\t<\/div>\r\n\t\t\t\t\t\t\t\t\t\t\t\t\t\t\t<img fetchpriority=\"high\" decoding=\"async\" width=\"1016\" height=\"1365\" src=\"https:\/\/transformarqroo.com\/wp-content\/uploads\/2025\/09\/Playa-11_Ago.jpg\" class=\"attachment-full size-full wp-image-42519\" alt=\"\" srcset=\"https:\/\/transformarqroo.com\/wp-content\/uploads\/2025\/09\/Playa-11_Ago.jpg 1016w, https:\/\/transformarqroo.com\/wp-content\/uploads\/2025\/09\/Playa-11_Ago-223x300.jpg 223w, https:\/\/transformarqroo.com\/wp-content\/uploads\/2025\/09\/Playa-11_Ago-762x1024.jpg 762w, https:\/\/transformarqroo.com\/wp-content\/uploads\/2025\/09\/Playa-11_Ago-768x1032.jpg 768w, https:\/\/transformarqroo.com\/wp-content\/uploads\/2025\/09\/Playa-11_Ago-100x134.jpg 100w\" sizes=\"(max-width: 1016px) 100vw, 1016px\" \/>\t\t\t\t\t\t\t\t\t\t<div class=\"premium-banner-ib-desc\">\r\n\t\t\t\t\t\t\t\t\t<div class=\"premium-banner-desc-centered\">\r\n\t\t\t\t\t\t\t\t\t<h3 class=\"premium-banner-ib-title premium_banner_title\"><\/h3>\t\t\t\t\t\t\t\t\t\t\t\t\t<\/div>\r\n\t\t\t\t\t\t\t<\/div>\r\n\t\t\t\t\t<\/div>\r\n\t\t\t\t\t\t<\/div>\n\t\t\t\t<\/div>\n\t\t\t\t\t<\/div>\n\t\t<\/div>\n\t\t\t\t\t<\/div>\n\t\t<\/section>\n\t\t\t\t<section class=\"elementor-section elementor-top-section elementor-element elementor-element-380791f1 elementor-section-boxed elementor-section-height-default elementor-section-height-default\" data-id=\"380791f1\" data-element_type=\"section\" data-settings=\"{&quot;background_background&quot;:&quot;classic&quot;}\">\n\t\t\t\t\t\t<div class=\"elementor-container elementor-column-gap-default\">\n\t\t\t\t\t<div class=\"elementor-column elementor-col-100 elementor-top-column elementor-element elementor-element-6ec22387\" data-id=\"6ec22387\" data-element_type=\"column\">\n\t\t\t<div class=\"elementor-widget-wrap elementor-element-populated\">\n\t\t\t\t\t\t<div class=\"elementor-element elementor-element-7f122191 premium-title-icon-row premium-title-color elementor-widget elementor-widget-premium-addon-title\" data-id=\"7f122191\" data-element_type=\"widget\" data-widget_type=\"premium-addon-title.default\">\n\t\t\t\t<div class=\"elementor-widget-container\">\n\t\t\t\r\n\t\t<div class=\"premium-title-container style2\">\r\n\t\t\t<h5 class=\"premium-title-header premium-title-style2\">\r\n\t\t\t\t\r\n\t\t\t\t\t\t\t\t\t\t\t\t\t\t\t<div class=\"premium-title-icon premium-lottie-animation\" data-lottie-url=\"https:\/\/assets8.lottiefiles.com\/packages\/lf20_pcfclxy8.json\" data-lottie-loop=\"true\" data-lottie-reverse=\"\"><\/div>\r\n\t\t\t\t\t\t\t\t\t\r\n\t\t\t\t\t\t\t\t\t\t\t\t<span class=\"premium-title-text\" >\r\n\t\t\t\t\t\t\t\t\t<\/span>\r\n\t\t\t\t\t\r\n\t\t\t\t\t\t\t\t\t\t\t<\/h5>\r\n\t\t<\/div>\r\n\r\n\t\t\t\t<\/div>\n\t\t\t\t<\/div>\n\t\t\t\t\t<\/div>\n\t\t<\/div>\n\t\t\t\t\t<\/div>\n\t\t<\/section>\n\t\t\t\t<section class=\"elementor-section elementor-top-section elementor-element elementor-element-96605a0 elementor-section-boxed elementor-section-height-default elementor-section-height-default\" data-id=\"96605a0\" data-element_type=\"section\">\n\t\t\t\t\t\t<div class=\"elementor-container elementor-column-gap-default\">\n\t\t\t\t\t<div class=\"elementor-column elementor-col-100 elementor-top-column elementor-element elementor-element-7f7fe15\" data-id=\"7f7fe15\" data-element_type=\"column\">\n\t\t\t<div class=\"elementor-widget-wrap elementor-element-populated\">\n\t\t\t\t\t\t<div class=\"elementor-element elementor-element-6f6f6979 elementor-widget elementor-widget-text-editor\" data-id=\"6f6f6979\" data-element_type=\"widget\" data-widget_type=\"text-editor.default\">\n\t\t\t\t<div class=\"elementor-widget-container\">\n\t\t\t\t\t\t\t<p><span style=\"font-weight: 400;\">Playa del Carmen, Quintana Roo, 11 de agosto de 2025.\u2014 En un paso firme hacia la prosperidad compartida y el bienestar de las familias, la presidenta municipal Estefan\u00eda Mercado present\u00f3 oficialmente el programa social municipal \u201cPlaya Llena, Coraz\u00f3n Contento\u201d, que beneficiar\u00e1 a m\u00e1s de 3 mil familias playenses cada mes, garantizando que ning\u00fan hogar se quede sin alimentos.<\/span><\/p><p>\u00a0<\/p><p><span style=\"font-weight: 400;\">\u201cCuando hay comida en la mesa, hay tranquilidad en el hogar, hay paz en la comunidad y hay esperanza en el coraz\u00f3n. Este programa es un compromiso cumplido con nuestra gente y un paso m\u00e1s hacia la Playa del Carmen pr\u00f3spera que so\u00f1amos\u201d, afirm\u00f3 la presidenta municipal.<\/span><\/p><p>\u00a0<\/p><p><span style=\"font-weight: 400;\">El nuevo esquema de apoyo se suma y fortalece los esfuerzos que encabezan la presidenta de M\u00e9xico, Claudia Sheinbaum, y la gobernadora Mara Lezama, para garantizar que el bienestar llegue de manera directa, sin intermediarios y sin burocracia, a quienes m\u00e1s lo necesitan.<\/span><\/p><p>\u00a0<\/p><p><span style=\"font-weight: 400;\">*Un modelo de pol\u00edtica social con sello Playa del Carmen*<\/span><\/p><p>\u00a0<\/p><p><span style=\"font-weight: 400;\">Con esta acci\u00f3n, Playa del Carmen se posiciona como referente en Quintana Roo y en M\u00e9xico en el dise\u00f1o de pol\u00edticas sociales locales que no solo atienden la emergencia alimentaria, sino que construyen seguridad alimentaria de forma constante y sostenible.<\/span><\/p><p>\u00a0<\/p><p><span style=\"font-weight: 400;\">El programa funcionar\u00e1 con reglas claras, transparencia absoluta y cercan\u00eda con la gente. La inscripci\u00f3n ser\u00e1 presencial en la Secretar\u00eda de Justicia Social y Participaci\u00f3n Ciudadana, de 9:00 a 17:00 horas, en el Palacio Nuevo, presentando INE vigente, comprobante de domicilio y CURP.<\/span><\/p><p>\u00a0<\/p><p><span style=\"font-weight: 400;\">*Un gobierno municipal que pone a las personas en el centro*<\/span><\/p><p>\u00a0<\/p><p><span style=\"font-weight: 400;\">\u201cPlaya Llena, Coraz\u00f3n Contento\u201d no es solo un programa de entrega de despensas; es una estrategia de bienestar que busca cerrar brechas de desigualdad y colocar a la persona y su familia en el centro de la acci\u00f3n gubernamental.<\/span><\/p><p>\u00a0<\/p><p><span style=\"font-weight: 400;\">Con este lanzamiento, Playa del Carmen reafirma su liderazgo en pol\u00edticas p\u00fablicas con rostro humano, impulsando un modelo de desarrollo local donde la prosperidad se mide en familias tranquilas, hogares con comida y comunidades en paz.<\/span><\/p>\t\t\t\t\t\t<\/div>\n\t\t\t\t<\/div>\n\t\t\t\t\t<\/div>\n\t\t<\/div>\n\t\t\t\t\t<\/div>\n\t\t<\/section>\n\t\t\t\t<section class=\"elementor-section elementor-top-section elementor-element elementor-element-21c68718 elementor-section-boxed elementor-section-height-default elementor-section-height-default\" data-id=\"21c68718\" data-element_type=\"section\">\n\t\t\t\t\t\t<div class=\"elementor-container elementor-column-gap-default\">\n\t\t\t\t\t<div class=\"elementor-column elementor-col-100 elementor-top-column elementor-element elementor-element-4ce64878\" data-id=\"4ce64878\" data-element_type=\"column\">\n\t\t\t<div class=\"elementor-widget-wrap elementor-element-populated\">\n\t\t\t\t\t\t<div class=\"elementor-element elementor-element-10025721 elementor-widget elementor-widget-gallery\" data-id=\"10025721\" data-element_type=\"widget\" data-settings=\"{&quot;gallery_layout&quot;:&quot;justified&quot;,&quot;lazyload&quot;:&quot;yes&quot;,&quot;ideal_row_height&quot;:{&quot;unit&quot;:&quot;px&quot;,&quot;size&quot;:200,&quot;sizes&quot;:[]},&quot;ideal_row_height_tablet&quot;:{&quot;unit&quot;:&quot;px&quot;,&quot;size&quot;:150,&quot;sizes&quot;:[]},&quot;ideal_row_height_mobile&quot;:{&quot;unit&quot;:&quot;px&quot;,&quot;size&quot;:150,&quot;sizes&quot;:[]},&quot;gap&quot;:{&quot;unit&quot;:&quot;px&quot;,&quot;size&quot;:10,&quot;sizes&quot;:[]},&quot;gap_tablet&quot;:{&quot;unit&quot;:&quot;px&quot;,&quot;size&quot;:10,&quot;sizes&quot;:[]},&quot;gap_mobile&quot;:{&quot;unit&quot;:&quot;px&quot;,&quot;size&quot;:10,&quot;sizes&quot;:[]},&quot;link_to&quot;:&quot;file&quot;,&quot;overlay_background&quot;:&quot;yes&quot;,&quot;content_hover_animation&quot;:&quot;fade-in&quot;}\" data-widget_type=\"gallery.default\">\n\t\t\t\t<div class=\"elementor-widget-container\">\n\t\t\t\t\t<div class=\"elementor-gallery__container\">\n\t\t\t\t\t\t\t<a class=\"e-gallery-item elementor-gallery-item elementor-animated-content\" href=\"https:\/\/transformarqroo.com\/wp-content\/uploads\/2025\/09\/Playa-11_Ago.jpg\" data-elementor-open-lightbox=\"yes\" data-elementor-lightbox-slideshow=\"10025721\" data-elementor-lightbox-title=\"Playa 11_Ago\" data-e-action-hash=\"#elementor-action%3Aaction%3Dlightbox%26settings%3DeyJpZCI6NDI1MTksInVybCI6Imh0dHBzOlwvXC90cmFuc2Zvcm1hcnFyb28uY29tXC93cC1jb250ZW50XC91cGxvYWRzXC8yMDI1XC8wOVwvUGxheWEtMTFfQWdvLmpwZyIsInNsaWRlc2hvdyI6IjEwMDI1NzIxIn0%3D\">\n\t\t\t\t\t<div class=\"e-gallery-image elementor-gallery-item__image\" data-thumbnail=\"https:\/\/transformarqroo.com\/wp-content\/uploads\/2025\/09\/Playa-11_Ago.jpg\" data-width=\"1016\" data-height=\"1365\" aria-label=\"\" role=\"img\" ><\/div>\n\t\t\t\t\t\t\t\t\t\t\t<div class=\"elementor-gallery-item__overlay\"><\/div>\n\t\t\t\t\t\t\t\t\t\t\t\t\t\t<\/a>\n\t\t\t\t\t<\/div>\n\t\t\t<\/div>\n\t\t\t\t<\/div>\n\t\t\t\t\t<\/div>\n\t\t<\/div>\n\t\t\t\t\t<\/div>\n\t\t<\/section>\n\t\t\t\t<\/div>\n\t\t","protected":false},"excerpt":{"rendered":"<p>Playa del Carmen, Quintana Roo, 11 de agosto de 2025.\u2014 En un paso firme hacia la prosperidad compartida y el bienestar de las familias, la presidenta municipal Estefan\u00eda Mercado present\u00f3 oficialmente el programa social municipal \u201cPlaya Llena, Coraz\u00f3n Contento\u201d, que beneficiar\u00e1 a m\u00e1s de 3 mil familias playenses cada mes, garantizando que ning\u00fan hogar se [&hellip;]<\/p>\n","protected":false},"author":1,"featured_media":42519,"comment_status":"closed","ping_status":"closed","sticky":false,"template":"","format":"standard","meta":{"_FSMCFIC_featured_image_caption":"","_FSMCFIC_featured_image_nocaption":"","_FSMCFIC_featured_image_hide":"","footnotes":""},"categories":[32,30],"tags":[],"class_list":["post-42518","post","type-post","status-publish","format-standard","has-post-thumbnail","hentry","category-municipios","category-solidaridad"],"aioseo_notices":[],"_links":{"self":[{"href":"https:\/\/transformarqroo.com\/index.php\/wp-json\/wp\/v2\/posts\/42518","targetHints":{"allow":["GET"]}}],"collection":[{"href":"https:\/\/transformarqroo.com\/index.php\/wp-json\/wp\/v2\/posts"}],"about":[{"href":"https:\/\/transformarqroo.com\/index.php\/wp-json\/wp\/v2\/types\/post"}],"author":[{"embeddable":true,"href":"https:\/\/transformarqroo.com\/index.php\/wp-json\/wp\/v2\/users\/1"}],"replies":[{"embeddable":true,"href":"https:\/\/transformarqroo.com\/index.php\/wp-json\/wp\/v2\/comments?post=42518"}],"version-history":[{"count":4,"href":"https:\/\/transformarqroo.com\/index.php\/wp-json\/wp\/v2\/posts\/42518\/revisions"}],"predecessor-version":[{"id":42529,"href":"https:\/\/transformarqroo.com\/index.php\/wp-json\/wp\/v2\/posts\/42518\/revisions\/42529"}],"wp:featuredmedia":[{"embeddable":true,"href":"https:\/\/transformarqroo.com\/index.php\/wp-json\/wp\/v2\/media\/42519"}],"wp:attachment":[{"href":"https:\/\/transformarqroo.com\/index.php\/wp-json\/wp\/v2\/media?parent=42518"}],"wp:term":[{"taxonomy":"category","embeddable":true,"href":"https:\/\/transformarqroo.com\/index.php\/wp-json\/wp\/v2\/categories?post=42518"},{"taxonomy":"post_tag","embeddable":true,"href":"https:\/\/transformarqroo.com\/index.php\/wp-json\/wp\/v2\/tags?post=42518"}],"curies":[{"name":"wp","href":"https:\/\/api.w.org\/{rel}","templated":true}]}}