{"id":42614,"date":"2025-08-27T22:39:58","date_gmt":"2025-08-28T03:39:58","guid":{"rendered":"https:\/\/transformarqroo.com\/?p=42614"},"modified":"2025-09-28T22:45:02","modified_gmt":"2025-09-29T03:45:02","slug":"gobierno-de-estefania-mercado-recibe-premio-por-el-cambio-de-nombre-de-playa-del-carmen-y-la-marca-ciudad","status":"publish","type":"post","link":"https:\/\/transformarqroo.com\/index.php\/2025\/08\/27\/gobierno-de-estefania-mercado-recibe-premio-por-el-cambio-de-nombre-de-playa-del-carmen-y-la-marca-ciudad\/","title":{"rendered":"GOBIERNO DE ESTEFAN\u00cdA MERCADO RECIBE PREMIO POR EL CAMBIO DE NOMBRE DE PLAYA DEL CARMEN Y LA MARCA CIUDAD"},"content":{"rendered":"\t\t<div data-elementor-type=\"wp-post\" data-elementor-id=\"42614\" class=\"elementor elementor-42614\" data-elementor-post-type=\"post\">\n\t\t\t\t\t\t<section class=\"elementor-section elementor-top-section elementor-element elementor-element-10a61405 elementor-section-boxed elementor-section-height-default elementor-section-height-default\" data-id=\"10a61405\" data-element_type=\"section\">\n\t\t\t\t\t\t<div class=\"elementor-container elementor-column-gap-default\">\n\t\t\t\t\t<div class=\"elementor-column elementor-col-100 elementor-top-column elementor-element elementor-element-3e881ced\" data-id=\"3e881ced\" data-element_type=\"column\">\n\t\t\t<div class=\"elementor-widget-wrap elementor-element-populated\">\n\t\t\t\t\t\t<div class=\"elementor-element elementor-element-5679e5df elementor-widget elementor-widget-premium-addon-banner\" data-id=\"5679e5df\" data-element_type=\"widget\" data-widget_type=\"premium-addon-banner.default\">\n\t\t\t\t<div class=\"elementor-widget-container\">\n\t\t\t\t\t<div class=\"premium-banner-ib premium-banner-min-height premium-banner-animation7 none\">\r\n\t\t\t\t\t\t\t<div class=\"premium-banner-border\">\r\n\t\t\t\t\t<div class=\"premium-banner-br premium-banner-bleft premium-banner-brlr\"><\/div>\r\n\t\t\t\t\t<div class=\"premium-banner-br premium-banner-bright premium-banner-brlr\"><\/div>\r\n\t\t\t\t\t<div class=\"premium-banner-br premium-banner-btop premium-banner-brtb\"><\/div>\r\n\t\t\t\t\t<div class=\"premium-banner-br premium-banner-bottom premium-banner-brtb\"><\/div>\r\n\t\t\t\t<\/div>\r\n\t\t\t\t\t\t\t\t\t\t\t\t\t\t\t<img fetchpriority=\"high\" decoding=\"async\" width=\"679\" height=\"452\" src=\"https:\/\/transformarqroo.com\/wp-content\/uploads\/2025\/09\/Playa-27_Ago.jpg\" class=\"attachment-full size-full wp-image-42620\" alt=\"\" srcset=\"https:\/\/transformarqroo.com\/wp-content\/uploads\/2025\/09\/Playa-27_Ago.jpg 679w, https:\/\/transformarqroo.com\/wp-content\/uploads\/2025\/09\/Playa-27_Ago-300x200.jpg 300w, https:\/\/transformarqroo.com\/wp-content\/uploads\/2025\/09\/Playa-27_Ago-100x67.jpg 100w\" sizes=\"(max-width: 679px) 100vw, 679px\" \/>\t\t\t\t\t\t\t\t\t\t<div class=\"premium-banner-ib-desc\">\r\n\t\t\t\t\t\t\t\t\t<div class=\"premium-banner-desc-centered\">\r\n\t\t\t\t\t\t\t\t\t<h3 class=\"premium-banner-ib-title premium_banner_title\"><\/h3>\t\t\t\t\t\t\t\t\t\t\t\t\t<\/div>\r\n\t\t\t\t\t\t\t<\/div>\r\n\t\t\t\t\t<\/div>\r\n\t\t\t\t\t\t<\/div>\n\t\t\t\t<\/div>\n\t\t\t\t\t<\/div>\n\t\t<\/div>\n\t\t\t\t\t<\/div>\n\t\t<\/section>\n\t\t\t\t<section class=\"elementor-section elementor-top-section elementor-element elementor-element-6b68f4c7 elementor-section-boxed elementor-section-height-default elementor-section-height-default\" data-id=\"6b68f4c7\" data-element_type=\"section\" data-settings=\"{&quot;background_background&quot;:&quot;classic&quot;}\">\n\t\t\t\t\t\t<div class=\"elementor-container elementor-column-gap-default\">\n\t\t\t\t\t<div class=\"elementor-column elementor-col-100 elementor-top-column elementor-element elementor-element-609dd141\" data-id=\"609dd141\" data-element_type=\"column\">\n\t\t\t<div class=\"elementor-widget-wrap elementor-element-populated\">\n\t\t\t\t\t\t<div class=\"elementor-element elementor-element-7e3a68b9 premium-title-icon-row premium-title-color elementor-widget elementor-widget-premium-addon-title\" data-id=\"7e3a68b9\" data-element_type=\"widget\" data-widget_type=\"premium-addon-title.default\">\n\t\t\t\t<div class=\"elementor-widget-container\">\n\t\t\t\r\n\t\t<div class=\"premium-title-container style2\">\r\n\t\t\t<h5 class=\"premium-title-header premium-title-style2\">\r\n\t\t\t\t\r\n\t\t\t\t\t\t\t\t\t\t\t\t\t\t\t<div class=\"premium-title-icon premium-lottie-animation\" data-lottie-url=\"https:\/\/assets8.lottiefiles.com\/packages\/lf20_pcfclxy8.json\" data-lottie-loop=\"true\" data-lottie-reverse=\"\"><\/div>\r\n\t\t\t\t\t\t\t\t\t\r\n\t\t\t\t\t\t\t\t\t\t\t\t<span class=\"premium-title-text\" >\r\n\t\t\t\t\t\t\t\t\t<\/span>\r\n\t\t\t\t\t\r\n\t\t\t\t\t\t\t\t\t\t\t<\/h5>\r\n\t\t<\/div>\r\n\r\n\t\t\t\t<\/div>\n\t\t\t\t<\/div>\n\t\t\t\t\t<\/div>\n\t\t<\/div>\n\t\t\t\t\t<\/div>\n\t\t<\/section>\n\t\t\t\t<section class=\"elementor-section elementor-top-section elementor-element elementor-element-5d5ab9f0 elementor-section-boxed elementor-section-height-default elementor-section-height-default\" data-id=\"5d5ab9f0\" data-element_type=\"section\">\n\t\t\t\t\t\t<div class=\"elementor-container elementor-column-gap-default\">\n\t\t\t\t\t<div class=\"elementor-column elementor-col-100 elementor-top-column elementor-element elementor-element-7c457998\" data-id=\"7c457998\" data-element_type=\"column\">\n\t\t\t<div class=\"elementor-widget-wrap elementor-element-populated\">\n\t\t\t\t\t\t<div class=\"elementor-element elementor-element-2651088e elementor-widget elementor-widget-text-editor\" data-id=\"2651088e\" data-element_type=\"widget\" data-widget_type=\"text-editor.default\">\n\t\t\t\t<div class=\"elementor-widget-container\">\n\t\t\t\t\t\t\t<p><span style=\"font-weight: 400;\">Ciudad de M\u00e9xico, 27 de agosto de 2025.- El Ayuntamiento de Playa del Carmen, que encabeza la presidenta municipal Estefan\u00eda Mercado, fue galardonado la noche de este martes con el Premio a las Mejores Pr\u00e1cticas de Gobiernos Locales, en reconocimiento a su labor en el fortalecimiento de la Marca Ciudad. Este impulso ha permitido recuperar y promover el nombre que define a la comunidad y que es reconocido internacionalmente.<\/span><\/p><p>\u00a0<\/p><p><span style=\"font-weight: 400;\">\u201cPlaya del Carmen va m\u00e1s all\u00e1 de ser solo un destino tur\u00edstico; representa una identidad vibrante, construida por generaciones de mujeres y hombres que con dedicaci\u00f3n y pasi\u00f3n le han dado forma. Este reconocimiento es un acto de justicia hacia nuestra historia, ra\u00edces y dignidad como comunidad\u201d, expres\u00f3 Estefan\u00eda Mercado.<\/span><\/p><p>\u00a0<\/p><p><span style=\"font-weight: 400;\">El premio fue entregado por la prestigiosa revista Alcaldes de M\u00e9xico, medio que difunde y distingue las mejores pr\u00e1cticas de gesti\u00f3n en los gobiernos locales, y fue recibido en nombre del municipio por el Secretario General del Ayuntamiento, Luis Herrera.<\/span><\/p><p>\u00a0<\/p><p><span style=\"font-weight: 400;\">En este contexto, la Presidenta Municipal destac\u00f3 que, con el cambio del nombre y el fortalecimiento de la Marca Ciudad, se logra potenciar el sentido de pertenencia y orgullo local en el corto plazo. En el mediano plazo, se busca consolidar la presencia de Playa del Carmen en estrategias econ\u00f3micas, culturales y tur\u00edsticas, y a largo plazo, se aspira a mantener una marca potente que atraiga inversi\u00f3n, talento, turismo y oportunidades, siempre con un enfoque humano y sostenible.<\/span><\/p><p>\u00a0<\/p><p><span style=\"font-weight: 400;\">Estefan\u00eda Mercado subray\u00f3 que el nombre Playa del Carmen posee un valor de reconocimiento mundial, que ning\u00fan otro en la regi\u00f3n puede igualar. La unificaci\u00f3n de la identidad territorial con esta marca ayuda a reflejar en la comunidad y en los visitantes una imagen clara y atractiva.<\/span><\/p><p>\u00a0<\/p><p><span style=\"font-weight: 400;\">\u201cFortalecer la Marca Ciudad nos permite contar una historia coherente y aut\u00e9ntica: somos un destino de clase mundial, orgullosos de nuestra cultura, diversidad y saber hacer, con un pueblo que prospera con identidad y alma\u201d, concluy\u00f3.<\/span><\/p><p>\u00a0<\/p><p><span style=\"font-weight: 400;\">El Premio a las Mejores Pr\u00e1cticas de Gobiernos Locales, que Otorga la revista Alcaldes de M\u00e9xico desde hace 15 a\u00f1os, es uno de los reconocimientos m\u00e1s destacados en el pa\u00eds para las iniciativas que promueven la eficiencia, innovaci\u00f3n y compromiso en la gesti\u00f3n de los gobiernos municipales y estatales en todo M\u00e9xico.<\/span><\/p>\t\t\t\t\t\t<\/div>\n\t\t\t\t<\/div>\n\t\t\t\t\t<\/div>\n\t\t<\/div>\n\t\t\t\t\t<\/div>\n\t\t<\/section>\n\t\t\t\t<section class=\"elementor-section elementor-top-section elementor-element elementor-element-56691903 elementor-section-boxed elementor-section-height-default elementor-section-height-default\" data-id=\"56691903\" data-element_type=\"section\">\n\t\t\t\t\t\t<div class=\"elementor-container elementor-column-gap-default\">\n\t\t\t\t\t<div class=\"elementor-column elementor-col-100 elementor-top-column elementor-element elementor-element-5bc9ea7b\" data-id=\"5bc9ea7b\" data-element_type=\"column\">\n\t\t\t<div class=\"elementor-widget-wrap elementor-element-populated\">\n\t\t\t\t\t\t<div class=\"elementor-element elementor-element-61ed979d elementor-widget elementor-widget-gallery\" data-id=\"61ed979d\" data-element_type=\"widget\" data-settings=\"{&quot;gallery_layout&quot;:&quot;justified&quot;,&quot;lazyload&quot;:&quot;yes&quot;,&quot;ideal_row_height&quot;:{&quot;unit&quot;:&quot;px&quot;,&quot;size&quot;:200,&quot;sizes&quot;:[]},&quot;ideal_row_height_tablet&quot;:{&quot;unit&quot;:&quot;px&quot;,&quot;size&quot;:150,&quot;sizes&quot;:[]},&quot;ideal_row_height_mobile&quot;:{&quot;unit&quot;:&quot;px&quot;,&quot;size&quot;:150,&quot;sizes&quot;:[]},&quot;gap&quot;:{&quot;unit&quot;:&quot;px&quot;,&quot;size&quot;:10,&quot;sizes&quot;:[]},&quot;gap_tablet&quot;:{&quot;unit&quot;:&quot;px&quot;,&quot;size&quot;:10,&quot;sizes&quot;:[]},&quot;gap_mobile&quot;:{&quot;unit&quot;:&quot;px&quot;,&quot;size&quot;:10,&quot;sizes&quot;:[]},&quot;link_to&quot;:&quot;file&quot;,&quot;overlay_background&quot;:&quot;yes&quot;,&quot;content_hover_animation&quot;:&quot;fade-in&quot;}\" data-widget_type=\"gallery.default\">\n\t\t\t\t<div class=\"elementor-widget-container\">\n\t\t\t\t\t<div class=\"elementor-gallery__container\">\n\t\t\t\t\t\t\t<a class=\"e-gallery-item elementor-gallery-item elementor-animated-content\" href=\"https:\/\/transformarqroo.com\/wp-content\/uploads\/2025\/09\/Playa-27_Ago.jpg\" data-elementor-open-lightbox=\"yes\" data-elementor-lightbox-slideshow=\"61ed979d\" data-elementor-lightbox-title=\"Playa 27_Ago\" data-e-action-hash=\"#elementor-action%3Aaction%3Dlightbox%26settings%3DeyJpZCI6NDI2MjAsInVybCI6Imh0dHBzOlwvXC90cmFuc2Zvcm1hcnFyb28uY29tXC93cC1jb250ZW50XC91cGxvYWRzXC8yMDI1XC8wOVwvUGxheWEtMjdfQWdvLmpwZyIsInNsaWRlc2hvdyI6IjYxZWQ5NzlkIn0%3D\">\n\t\t\t\t\t<div class=\"e-gallery-image elementor-gallery-item__image\" data-thumbnail=\"https:\/\/transformarqroo.com\/wp-content\/uploads\/2025\/09\/Playa-27_Ago.jpg\" data-width=\"679\" data-height=\"452\" aria-label=\"\" role=\"img\" ><\/div>\n\t\t\t\t\t\t\t\t\t\t\t<div class=\"elementor-gallery-item__overlay\"><\/div>\n\t\t\t\t\t\t\t\t\t\t\t\t\t\t<\/a>\n\t\t\t\t\t<\/div>\n\t\t\t<\/div>\n\t\t\t\t<\/div>\n\t\t\t\t\t<\/div>\n\t\t<\/div>\n\t\t\t\t\t<\/div>\n\t\t<\/section>\n\t\t\t\t<\/div>\n\t\t","protected":false},"excerpt":{"rendered":"<p>Ciudad de M\u00e9xico, 27 de agosto de 2025.- El Ayuntamiento de Playa del Carmen, que encabeza la presidenta municipal Estefan\u00eda Mercado, fue galardonado la noche de este martes con el Premio a las Mejores Pr\u00e1cticas de Gobiernos Locales, en reconocimiento a su labor en el fortalecimiento de la Marca Ciudad. Este impulso ha permitido recuperar [&hellip;]<\/p>\n","protected":false},"author":1,"featured_media":42620,"comment_status":"closed","ping_status":"closed","sticky":false,"template":"","format":"standard","meta":{"_FSMCFIC_featured_image_caption":"","_FSMCFIC_featured_image_nocaption":"","_FSMCFIC_featured_image_hide":"","footnotes":""},"categories":[32,30],"tags":[],"class_list":["post-42614","post","type-post","status-publish","format-standard","has-post-thumbnail","hentry","category-municipios","category-solidaridad"],"aioseo_notices":[],"_links":{"self":[{"href":"https:\/\/transformarqroo.com\/index.php\/wp-json\/wp\/v2\/posts\/42614","targetHints":{"allow":["GET"]}}],"collection":[{"href":"https:\/\/transformarqroo.com\/index.php\/wp-json\/wp\/v2\/posts"}],"about":[{"href":"https:\/\/transformarqroo.com\/index.php\/wp-json\/wp\/v2\/types\/post"}],"author":[{"embeddable":true,"href":"https:\/\/transformarqroo.com\/index.php\/wp-json\/wp\/v2\/users\/1"}],"replies":[{"embeddable":true,"href":"https:\/\/transformarqroo.com\/index.php\/wp-json\/wp\/v2\/comments?post=42614"}],"version-history":[{"count":4,"href":"https:\/\/transformarqroo.com\/index.php\/wp-json\/wp\/v2\/posts\/42614\/revisions"}],"predecessor-version":[{"id":42640,"href":"https:\/\/transformarqroo.com\/index.php\/wp-json\/wp\/v2\/posts\/42614\/revisions\/42640"}],"wp:featuredmedia":[{"embeddable":true,"href":"https:\/\/transformarqroo.com\/index.php\/wp-json\/wp\/v2\/media\/42620"}],"wp:attachment":[{"href":"https:\/\/transformarqroo.com\/index.php\/wp-json\/wp\/v2\/media?parent=42614"}],"wp:term":[{"taxonomy":"category","embeddable":true,"href":"https:\/\/transformarqroo.com\/index.php\/wp-json\/wp\/v2\/categories?post=42614"},{"taxonomy":"post_tag","embeddable":true,"href":"https:\/\/transformarqroo.com\/index.php\/wp-json\/wp\/v2\/tags?post=42614"}],"curies":[{"name":"wp","href":"https:\/\/api.w.org\/{rel}","templated":true}]}}