{"id":42615,"date":"2025-08-26T22:39:59","date_gmt":"2025-08-27T03:39:59","guid":{"rendered":"https:\/\/transformarqroo.com\/?p=42615"},"modified":"2025-09-28T22:44:39","modified_gmt":"2025-09-29T03:44:39","slug":"gobierno-de-playa-del-carmen-instala-el-cabildo-adolescente-2025-un-espacio-de-participacion-y-liderazgo","status":"publish","type":"post","link":"https:\/\/transformarqroo.com\/index.php\/2025\/08\/26\/gobierno-de-playa-del-carmen-instala-el-cabildo-adolescente-2025-un-espacio-de-participacion-y-liderazgo\/","title":{"rendered":"GOBIERNO DE PLAYA DEL CARMEN INSTALA EL CABILDO ADOLESCENTE 2025, UN ESPACIO DE PARTICIPACI\u00d3N Y LIDERAZGO"},"content":{"rendered":"\t\t<div data-elementor-type=\"wp-post\" data-elementor-id=\"42615\" class=\"elementor elementor-42615\" data-elementor-post-type=\"post\">\n\t\t\t\t\t\t<section class=\"elementor-section elementor-top-section elementor-element elementor-element-565e684c elementor-section-boxed elementor-section-height-default elementor-section-height-default\" data-id=\"565e684c\" data-element_type=\"section\">\n\t\t\t\t\t\t<div class=\"elementor-container elementor-column-gap-default\">\n\t\t\t\t\t<div class=\"elementor-column elementor-col-100 elementor-top-column elementor-element elementor-element-32d87f1c\" data-id=\"32d87f1c\" data-element_type=\"column\">\n\t\t\t<div class=\"elementor-widget-wrap elementor-element-populated\">\n\t\t\t\t\t\t<div class=\"elementor-element elementor-element-6a6a0cf5 elementor-widget elementor-widget-premium-addon-banner\" data-id=\"6a6a0cf5\" data-element_type=\"widget\" data-widget_type=\"premium-addon-banner.default\">\n\t\t\t\t<div class=\"elementor-widget-container\">\n\t\t\t\t\t<div class=\"premium-banner-ib premium-banner-min-height premium-banner-animation7 none\">\r\n\t\t\t\t\t\t\t<div class=\"premium-banner-border\">\r\n\t\t\t\t\t<div class=\"premium-banner-br premium-banner-bleft premium-banner-brlr\"><\/div>\r\n\t\t\t\t\t<div class=\"premium-banner-br premium-banner-bright premium-banner-brlr\"><\/div>\r\n\t\t\t\t\t<div class=\"premium-banner-br premium-banner-btop premium-banner-brtb\"><\/div>\r\n\t\t\t\t\t<div class=\"premium-banner-br premium-banner-bottom premium-banner-brtb\"><\/div>\r\n\t\t\t\t<\/div>\r\n\t\t\t\t\t\t\t\t\t\t\t\t\t\t\t<img fetchpriority=\"high\" decoding=\"async\" width=\"1280\" height=\"853\" src=\"https:\/\/transformarqroo.com\/wp-content\/uploads\/2025\/09\/Playa-26_Ago.jpg\" class=\"attachment-full size-full wp-image-42619\" alt=\"\" srcset=\"https:\/\/transformarqroo.com\/wp-content\/uploads\/2025\/09\/Playa-26_Ago.jpg 1280w, https:\/\/transformarqroo.com\/wp-content\/uploads\/2025\/09\/Playa-26_Ago-300x200.jpg 300w, https:\/\/transformarqroo.com\/wp-content\/uploads\/2025\/09\/Playa-26_Ago-1024x682.jpg 1024w, https:\/\/transformarqroo.com\/wp-content\/uploads\/2025\/09\/Playa-26_Ago-768x512.jpg 768w, https:\/\/transformarqroo.com\/wp-content\/uploads\/2025\/09\/Playa-26_Ago-100x67.jpg 100w\" sizes=\"(max-width: 1280px) 100vw, 1280px\" \/>\t\t\t\t\t\t\t\t\t\t<div class=\"premium-banner-ib-desc\">\r\n\t\t\t\t\t\t\t\t\t<div class=\"premium-banner-desc-centered\">\r\n\t\t\t\t\t\t\t\t\t<h3 class=\"premium-banner-ib-title premium_banner_title\"><\/h3>\t\t\t\t\t\t\t\t\t\t\t\t\t<\/div>\r\n\t\t\t\t\t\t\t<\/div>\r\n\t\t\t\t\t<\/div>\r\n\t\t\t\t\t\t<\/div>\n\t\t\t\t<\/div>\n\t\t\t\t\t<\/div>\n\t\t<\/div>\n\t\t\t\t\t<\/div>\n\t\t<\/section>\n\t\t\t\t<section class=\"elementor-section elementor-top-section elementor-element elementor-element-198f5faf elementor-section-boxed elementor-section-height-default elementor-section-height-default\" data-id=\"198f5faf\" data-element_type=\"section\" data-settings=\"{&quot;background_background&quot;:&quot;classic&quot;}\">\n\t\t\t\t\t\t<div class=\"elementor-container elementor-column-gap-default\">\n\t\t\t\t\t<div class=\"elementor-column elementor-col-100 elementor-top-column elementor-element elementor-element-19ace55a\" data-id=\"19ace55a\" data-element_type=\"column\">\n\t\t\t<div class=\"elementor-widget-wrap elementor-element-populated\">\n\t\t\t\t\t\t<div class=\"elementor-element elementor-element-55b393a0 premium-title-icon-row premium-title-color elementor-widget elementor-widget-premium-addon-title\" data-id=\"55b393a0\" data-element_type=\"widget\" data-widget_type=\"premium-addon-title.default\">\n\t\t\t\t<div class=\"elementor-widget-container\">\n\t\t\t\r\n\t\t<div class=\"premium-title-container style2\">\r\n\t\t\t<h5 class=\"premium-title-header premium-title-style2\">\r\n\t\t\t\t\r\n\t\t\t\t\t\t\t\t\t\t\t\t\t\t\t<div class=\"premium-title-icon premium-lottie-animation\" data-lottie-url=\"https:\/\/assets8.lottiefiles.com\/packages\/lf20_pcfclxy8.json\" data-lottie-loop=\"true\" data-lottie-reverse=\"\"><\/div>\r\n\t\t\t\t\t\t\t\t\t\r\n\t\t\t\t\t\t\t\t\t\t\t\t<span class=\"premium-title-text\" >\r\n\t\t\t\t\t\t\t\t\t<\/span>\r\n\t\t\t\t\t\r\n\t\t\t\t\t\t\t\t\t\t\t<\/h5>\r\n\t\t<\/div>\r\n\r\n\t\t\t\t<\/div>\n\t\t\t\t<\/div>\n\t\t\t\t\t<\/div>\n\t\t<\/div>\n\t\t\t\t\t<\/div>\n\t\t<\/section>\n\t\t\t\t<section class=\"elementor-section elementor-top-section elementor-element elementor-element-7e17f08e elementor-section-boxed elementor-section-height-default elementor-section-height-default\" data-id=\"7e17f08e\" data-element_type=\"section\">\n\t\t\t\t\t\t<div class=\"elementor-container elementor-column-gap-default\">\n\t\t\t\t\t<div class=\"elementor-column elementor-col-100 elementor-top-column elementor-element elementor-element-58bad670\" data-id=\"58bad670\" data-element_type=\"column\">\n\t\t\t<div class=\"elementor-widget-wrap elementor-element-populated\">\n\t\t\t\t\t\t<div class=\"elementor-element elementor-element-2323d642 elementor-widget elementor-widget-text-editor\" data-id=\"2323d642\" data-element_type=\"widget\" data-widget_type=\"text-editor.default\">\n\t\t\t\t<div class=\"elementor-widget-container\">\n\t\t\t\t\t\t\t<p><span style=\"font-weight: 400;\">Playa del Carmen, Quintana Roo, 26 de agosto de 2025.- Con el prop\u00f3sito de fortalecer la participaci\u00f3n c\u00edvica y democr\u00e1tica de la juventud, se llev\u00f3 a cabo la sesi\u00f3n de instalaci\u00f3n del Cabildo Adolescente 2025, espacio que permite a las juventudes expresar sus inquietudes, compartir su visi\u00f3n y asumir un rol activo en la vida p\u00fablica.<\/span><\/p><p>\u00a0<\/p><p><span style=\"font-weight: 400;\">En representaci\u00f3n de la presidenta municipal Estefan\u00eda Mercado, la tercera regidora y presidenta de la Comisi\u00f3n Edilicia para el Desarrollo Juvenil, Matilde Carrillo expres\u00f3:<\/span><\/p><p>\u00a0<\/p><p><span style=\"font-weight: 400;\">\u00abEl Cabildo Adolescente no es un acto simb\u00f3lico, sino un compromiso real de este gobierno, que reconoce la importancia de escuchar sus propuestas y de trabajar de la mano con todas y todos ustedes, para que sus iniciativas puedan convertirse en acciones concretas\u00bb.<\/span><\/p><p>\u00a0<\/p><p><span style=\"font-weight: 400;\">Por su parte, F\u00e9lix Teh, director general del Instituto de la Juventud, agradeci\u00f3 a la alcaldesa por el respaldo y compromiso a las juventudes. Destac\u00f3 que \u201cel Cabildo Adolescente es un espacio de participaci\u00f3n y liderazgo con ideas y propuestas capaces de transformar y generar cambios en la comunidad que sue\u00f1an\u201d.<\/span><\/p><p>\u00a0<\/p><p><span style=\"font-weight: 400;\">Durante la sesi\u00f3n, que tuvo lugar en el sal\u00f3n Leona Vicario, en el nuevo Palacio Municipal, se formaliz\u00f3 la toma de protesta de la presidenta, s\u00edndica, regidoras y regidores, as\u00ed como del secretario general del Cabildo Adolescente 2025, quienes representar\u00e1n a su sector en este ejercicio ciudadano.\u00a0<\/span><\/p><p>\u00a0<\/p><p><span style=\"font-weight: 400;\">Al tomar protesta, las y los integrantes del Cabildo Adolescente reafirmaron su compromiso de representar con responsabilidad a sus compa\u00f1eras y compa\u00f1eros, participar con respeto en el debate de ideas y construir consensos en beneficio de la comunidad.<\/span><\/p><p>\u00a0<\/p><p><span style=\"font-weight: 400;\">En misma sesi\u00f3n, se realiz\u00f3 el protocolo de nombramientos a cargo del comit\u00e9 organizador y cambios de lugares entre autoridades y el Cabildo Adolescente. Tambi\u00e9n se rindieron honores a la bandera y se entonaron los himnos de Quintana Roo y Nacional Mexicano.<\/span><\/p><p>\u00a0<\/p><p><span style=\"font-weight: 400;\">El Cabildo Adolescente 2025 qued\u00f3 conformado de la siguiente manera:<\/span><\/p><p><span style=\"font-weight: 400;\">Presidenta Municipal, Ir\u00e1n Sandoval (suplente Matteo Sosa)<\/span><\/p><p><span style=\"font-weight: 400;\">Secretario General, Edgar S\u00e1nchez (suplente Sac Nicte Silva)\u00a0<\/span><\/p><p><span style=\"font-weight: 400;\">S\u00edndica Municipal, Dharla Mar\u00edn<\/span><\/p><p><span style=\"font-weight: 400;\">1\u00ba Regidora, B\u00e1rbara Moya<\/span><\/p><p><span style=\"font-weight: 400;\">2\u00ba Regidora, Eini Vallin<\/span><\/p><p><span style=\"font-weight: 400;\">3\u00ba Regidor, F\u00e9lix Moreno<\/span><\/p><p><span style=\"font-weight: 400;\">4\u00ba Regidor, Jhonathan Chan<\/span><\/p><p><span style=\"font-weight: 400;\">5\u00ba Regidor, Ricardo Rinc\u00f3n<\/span><\/p><p><span style=\"font-weight: 400;\">6\u00aa Regidora, Amanda Caporal<\/span><\/p><p><span style=\"font-weight: 400;\">7\u00ba Regidor, Eberth Ocampo<\/span><\/p><p><span style=\"font-weight: 400;\">8\u00ba Regidora, Ximena Rinc\u00f3n<\/span><\/p><p><span style=\"font-weight: 400;\">9\u00aa Regidora, Jade Novelo<\/span><\/p><p><span style=\"font-weight: 400;\">10\u00aa Regidora, Araceli Garc\u00eda<\/span><\/p><p><span style=\"font-weight: 400;\">11\u00aa Regidora, Valeria Mukul<\/span><\/p><p><span style=\"font-weight: 400;\">12\u00ba Regidor, Jorge P\u00e9rez<\/span><\/p><p><span style=\"font-weight: 400;\">13\u00ba Regidor, Kevin Jim\u00e9nez<\/span><\/p><p><span style=\"font-weight: 400;\">14\u00aa Regidora, Cassandra Ru\u00edz<\/span><\/p><p><span style=\"font-weight: 400;\">15\u00aa Regidora, Abril Guti\u00e9rrez<\/span><\/p>\t\t\t\t\t\t<\/div>\n\t\t\t\t<\/div>\n\t\t\t\t\t<\/div>\n\t\t<\/div>\n\t\t\t\t\t<\/div>\n\t\t<\/section>\n\t\t\t\t<section class=\"elementor-section elementor-top-section elementor-element elementor-element-3c075546 elementor-section-boxed elementor-section-height-default elementor-section-height-default\" data-id=\"3c075546\" data-element_type=\"section\">\n\t\t\t\t\t\t<div class=\"elementor-container elementor-column-gap-default\">\n\t\t\t\t\t<div class=\"elementor-column elementor-col-100 elementor-top-column elementor-element elementor-element-42434ee3\" data-id=\"42434ee3\" data-element_type=\"column\">\n\t\t\t<div class=\"elementor-widget-wrap elementor-element-populated\">\n\t\t\t\t\t\t<div class=\"elementor-element elementor-element-77aaf3f0 elementor-widget elementor-widget-gallery\" data-id=\"77aaf3f0\" data-element_type=\"widget\" data-settings=\"{&quot;gallery_layout&quot;:&quot;justified&quot;,&quot;lazyload&quot;:&quot;yes&quot;,&quot;ideal_row_height&quot;:{&quot;unit&quot;:&quot;px&quot;,&quot;size&quot;:200,&quot;sizes&quot;:[]},&quot;ideal_row_height_tablet&quot;:{&quot;unit&quot;:&quot;px&quot;,&quot;size&quot;:150,&quot;sizes&quot;:[]},&quot;ideal_row_height_mobile&quot;:{&quot;unit&quot;:&quot;px&quot;,&quot;size&quot;:150,&quot;sizes&quot;:[]},&quot;gap&quot;:{&quot;unit&quot;:&quot;px&quot;,&quot;size&quot;:10,&quot;sizes&quot;:[]},&quot;gap_tablet&quot;:{&quot;unit&quot;:&quot;px&quot;,&quot;size&quot;:10,&quot;sizes&quot;:[]},&quot;gap_mobile&quot;:{&quot;unit&quot;:&quot;px&quot;,&quot;size&quot;:10,&quot;sizes&quot;:[]},&quot;link_to&quot;:&quot;file&quot;,&quot;overlay_background&quot;:&quot;yes&quot;,&quot;content_hover_animation&quot;:&quot;fade-in&quot;}\" data-widget_type=\"gallery.default\">\n\t\t\t\t<div class=\"elementor-widget-container\">\n\t\t\t\t\t<div class=\"elementor-gallery__container\">\n\t\t\t\t\t\t\t<a class=\"e-gallery-item elementor-gallery-item elementor-animated-content\" href=\"https:\/\/transformarqroo.com\/wp-content\/uploads\/2025\/09\/Playa-26_Ago1.jpg\" data-elementor-open-lightbox=\"yes\" data-elementor-lightbox-slideshow=\"77aaf3f0\" data-elementor-lightbox-title=\"Playa 26_Ago(1)\" data-e-action-hash=\"#elementor-action%3Aaction%3Dlightbox%26settings%3DeyJpZCI6NDI2MTYsInVybCI6Imh0dHBzOlwvXC90cmFuc2Zvcm1hcnFyb28uY29tXC93cC1jb250ZW50XC91cGxvYWRzXC8yMDI1XC8wOVwvUGxheWEtMjZfQWdvMS5qcGciLCJzbGlkZXNob3ciOiI3N2FhZjNmMCJ9\">\n\t\t\t\t\t<div class=\"e-gallery-image elementor-gallery-item__image\" data-thumbnail=\"https:\/\/transformarqroo.com\/wp-content\/uploads\/2025\/09\/Playa-26_Ago1.jpg\" data-width=\"1280\" data-height=\"854\" aria-label=\"\" role=\"img\" ><\/div>\n\t\t\t\t\t\t\t\t\t\t\t<div class=\"elementor-gallery-item__overlay\"><\/div>\n\t\t\t\t\t\t\t\t\t\t\t\t\t\t<\/a>\n\t\t\t\t\t\t\t<a class=\"e-gallery-item elementor-gallery-item elementor-animated-content\" href=\"https:\/\/transformarqroo.com\/wp-content\/uploads\/2025\/09\/Playa-26_Ago2.jpg\" data-elementor-open-lightbox=\"yes\" data-elementor-lightbox-slideshow=\"77aaf3f0\" data-elementor-lightbox-title=\"Playa 26_Ago(2)\" data-e-action-hash=\"#elementor-action%3Aaction%3Dlightbox%26settings%3DeyJpZCI6NDI2MTcsInVybCI6Imh0dHBzOlwvXC90cmFuc2Zvcm1hcnFyb28uY29tXC93cC1jb250ZW50XC91cGxvYWRzXC8yMDI1XC8wOVwvUGxheWEtMjZfQWdvMi5qcGciLCJzbGlkZXNob3ciOiI3N2FhZjNmMCJ9\">\n\t\t\t\t\t<div class=\"e-gallery-image elementor-gallery-item__image\" data-thumbnail=\"https:\/\/transformarqroo.com\/wp-content\/uploads\/2025\/09\/Playa-26_Ago2.jpg\" data-width=\"1280\" data-height=\"853\" aria-label=\"\" role=\"img\" ><\/div>\n\t\t\t\t\t\t\t\t\t\t\t<div class=\"elementor-gallery-item__overlay\"><\/div>\n\t\t\t\t\t\t\t\t\t\t\t\t\t\t<\/a>\n\t\t\t\t\t\t\t<a class=\"e-gallery-item elementor-gallery-item elementor-animated-content\" href=\"https:\/\/transformarqroo.com\/wp-content\/uploads\/2025\/09\/Playa-26_Ago3.jpg\" data-elementor-open-lightbox=\"yes\" data-elementor-lightbox-slideshow=\"77aaf3f0\" data-elementor-lightbox-title=\"Playa 26_Ago(3)\" data-e-action-hash=\"#elementor-action%3Aaction%3Dlightbox%26settings%3DeyJpZCI6NDI2MTgsInVybCI6Imh0dHBzOlwvXC90cmFuc2Zvcm1hcnFyb28uY29tXC93cC1jb250ZW50XC91cGxvYWRzXC8yMDI1XC8wOVwvUGxheWEtMjZfQWdvMy5qcGciLCJzbGlkZXNob3ciOiI3N2FhZjNmMCJ9\">\n\t\t\t\t\t<div class=\"e-gallery-image elementor-gallery-item__image\" data-thumbnail=\"https:\/\/transformarqroo.com\/wp-content\/uploads\/2025\/09\/Playa-26_Ago3.jpg\" data-width=\"1280\" data-height=\"854\" aria-label=\"\" role=\"img\" ><\/div>\n\t\t\t\t\t\t\t\t\t\t\t<div class=\"elementor-gallery-item__overlay\"><\/div>\n\t\t\t\t\t\t\t\t\t\t\t\t\t\t<\/a>\n\t\t\t\t\t\t\t<a class=\"e-gallery-item elementor-gallery-item elementor-animated-content\" href=\"https:\/\/transformarqroo.com\/wp-content\/uploads\/2025\/09\/Playa-26_Ago.jpg\" data-elementor-open-lightbox=\"yes\" data-elementor-lightbox-slideshow=\"77aaf3f0\" data-elementor-lightbox-title=\"Playa 26_Ago\" data-e-action-hash=\"#elementor-action%3Aaction%3Dlightbox%26settings%3DeyJpZCI6NDI2MTksInVybCI6Imh0dHBzOlwvXC90cmFuc2Zvcm1hcnFyb28uY29tXC93cC1jb250ZW50XC91cGxvYWRzXC8yMDI1XC8wOVwvUGxheWEtMjZfQWdvLmpwZyIsInNsaWRlc2hvdyI6Ijc3YWFmM2YwIn0%3D\">\n\t\t\t\t\t<div class=\"e-gallery-image elementor-gallery-item__image\" data-thumbnail=\"https:\/\/transformarqroo.com\/wp-content\/uploads\/2025\/09\/Playa-26_Ago.jpg\" data-width=\"1280\" data-height=\"853\" aria-label=\"\" role=\"img\" ><\/div>\n\t\t\t\t\t\t\t\t\t\t\t<div class=\"elementor-gallery-item__overlay\"><\/div>\n\t\t\t\t\t\t\t\t\t\t\t\t\t\t<\/a>\n\t\t\t\t\t<\/div>\n\t\t\t<\/div>\n\t\t\t\t<\/div>\n\t\t\t\t\t<\/div>\n\t\t<\/div>\n\t\t\t\t\t<\/div>\n\t\t<\/section>\n\t\t\t\t<\/div>\n\t\t","protected":false},"excerpt":{"rendered":"<p>Playa del Carmen, Quintana Roo, 26 de agosto de 2025.- Con el prop\u00f3sito de fortalecer la participaci\u00f3n c\u00edvica y democr\u00e1tica de la juventud, se llev\u00f3 a cabo la sesi\u00f3n de instalaci\u00f3n del Cabildo Adolescente 2025, espacio que permite a las juventudes expresar sus inquietudes, compartir su visi\u00f3n y asumir un rol activo en la vida [&hellip;]<\/p>\n","protected":false},"author":1,"featured_media":42619,"comment_status":"closed","ping_status":"closed","sticky":false,"template":"","format":"standard","meta":{"_FSMCFIC_featured_image_caption":"","_FSMCFIC_featured_image_nocaption":"","_FSMCFIC_featured_image_hide":"","footnotes":""},"categories":[32,30],"tags":[],"class_list":["post-42615","post","type-post","status-publish","format-standard","has-post-thumbnail","hentry","category-municipios","category-solidaridad"],"aioseo_notices":[],"_links":{"self":[{"href":"https:\/\/transformarqroo.com\/index.php\/wp-json\/wp\/v2\/posts\/42615","targetHints":{"allow":["GET"]}}],"collection":[{"href":"https:\/\/transformarqroo.com\/index.php\/wp-json\/wp\/v2\/posts"}],"about":[{"href":"https:\/\/transformarqroo.com\/index.php\/wp-json\/wp\/v2\/types\/post"}],"author":[{"embeddable":true,"href":"https:\/\/transformarqroo.com\/index.php\/wp-json\/wp\/v2\/users\/1"}],"replies":[{"embeddable":true,"href":"https:\/\/transformarqroo.com\/index.php\/wp-json\/wp\/v2\/comments?post=42615"}],"version-history":[{"count":4,"href":"https:\/\/transformarqroo.com\/index.php\/wp-json\/wp\/v2\/posts\/42615\/revisions"}],"predecessor-version":[{"id":42637,"href":"https:\/\/transformarqroo.com\/index.php\/wp-json\/wp\/v2\/posts\/42615\/revisions\/42637"}],"wp:featuredmedia":[{"embeddable":true,"href":"https:\/\/transformarqroo.com\/index.php\/wp-json\/wp\/v2\/media\/42619"}],"wp:attachment":[{"href":"https:\/\/transformarqroo.com\/index.php\/wp-json\/wp\/v2\/media?parent=42615"}],"wp:term":[{"taxonomy":"category","embeddable":true,"href":"https:\/\/transformarqroo.com\/index.php\/wp-json\/wp\/v2\/categories?post=42615"},{"taxonomy":"post_tag","embeddable":true,"href":"https:\/\/transformarqroo.com\/index.php\/wp-json\/wp\/v2\/tags?post=42615"}],"curies":[{"name":"wp","href":"https:\/\/api.w.org\/{rel}","templated":true}]}}