{"id":42736,"date":"2025-09-26T21:37:04","date_gmt":"2025-09-27T02:37:04","guid":{"rendered":"https:\/\/transformarqroo.com\/?p=42736"},"modified":"2025-10-11T21:45:02","modified_gmt":"2025-10-12T02:45:02","slug":"gobierno-de-estefania-mercado-conmemora-el-cciv-aniversario-de-la-consumacion-de-la-independencia-de-mexico","status":"publish","type":"post","link":"https:\/\/transformarqroo.com\/index.php\/2025\/09\/26\/gobierno-de-estefania-mercado-conmemora-el-cciv-aniversario-de-la-consumacion-de-la-independencia-de-mexico\/","title":{"rendered":"GOBIERNO DE ESTEFAN\u00cdA MERCADO CONMEMORA EL CCIV ANIVERSARIO DE LA CONSUMACI\u00d3N DE LA INDEPENDENCIA DE M\u00c9XICO"},"content":{"rendered":"\t\t<div data-elementor-type=\"wp-post\" data-elementor-id=\"42736\" class=\"elementor elementor-42736\" data-elementor-post-type=\"post\">\n\t\t\t\t\t\t<section class=\"elementor-section elementor-top-section elementor-element elementor-element-116ff0d0 elementor-section-boxed elementor-section-height-default elementor-section-height-default\" data-id=\"116ff0d0\" data-element_type=\"section\">\n\t\t\t\t\t\t<div class=\"elementor-container elementor-column-gap-default\">\n\t\t\t\t\t<div class=\"elementor-column elementor-col-100 elementor-top-column elementor-element elementor-element-3818b739\" data-id=\"3818b739\" data-element_type=\"column\">\n\t\t\t<div class=\"elementor-widget-wrap elementor-element-populated\">\n\t\t\t\t\t\t<div class=\"elementor-element elementor-element-5c2d97c6 elementor-widget elementor-widget-premium-addon-banner\" data-id=\"5c2d97c6\" data-element_type=\"widget\" data-widget_type=\"premium-addon-banner.default\">\n\t\t\t\t<div class=\"elementor-widget-container\">\n\t\t\t\t\t<div class=\"premium-banner-ib premium-banner-min-height premium-banner-animation7 none\">\r\n\t\t\t\t\t\t\t<div class=\"premium-banner-border\">\r\n\t\t\t\t\t<div class=\"premium-banner-br premium-banner-bleft premium-banner-brlr\"><\/div>\r\n\t\t\t\t\t<div class=\"premium-banner-br premium-banner-bright premium-banner-brlr\"><\/div>\r\n\t\t\t\t\t<div class=\"premium-banner-br premium-banner-btop premium-banner-brtb\"><\/div>\r\n\t\t\t\t\t<div class=\"premium-banner-br premium-banner-bottom premium-banner-brtb\"><\/div>\r\n\t\t\t\t<\/div>\r\n\t\t\t\t\t\t\t\t\t\t\t\t\t\t\t<img fetchpriority=\"high\" decoding=\"async\" width=\"1280\" height=\"851\" src=\"https:\/\/transformarqroo.com\/wp-content\/uploads\/2025\/10\/Playa-26_Sep.jpg\" class=\"attachment-full size-full wp-image-42751\" alt=\"\" srcset=\"https:\/\/transformarqroo.com\/wp-content\/uploads\/2025\/10\/Playa-26_Sep.jpg 1280w, https:\/\/transformarqroo.com\/wp-content\/uploads\/2025\/10\/Playa-26_Sep-300x199.jpg 300w, https:\/\/transformarqroo.com\/wp-content\/uploads\/2025\/10\/Playa-26_Sep-1024x681.jpg 1024w, https:\/\/transformarqroo.com\/wp-content\/uploads\/2025\/10\/Playa-26_Sep-768x511.jpg 768w, https:\/\/transformarqroo.com\/wp-content\/uploads\/2025\/10\/Playa-26_Sep-100x66.jpg 100w\" sizes=\"(max-width: 1280px) 100vw, 1280px\" \/>\t\t\t\t\t\t\t\t\t\t<div class=\"premium-banner-ib-desc\">\r\n\t\t\t\t\t\t\t\t\t<div class=\"premium-banner-desc-centered\">\r\n\t\t\t\t\t\t\t\t\t<h3 class=\"premium-banner-ib-title premium_banner_title\"><\/h3>\t\t\t\t\t\t\t\t\t\t\t\t\t<\/div>\r\n\t\t\t\t\t\t\t<\/div>\r\n\t\t\t\t\t<\/div>\r\n\t\t\t\t\t\t<\/div>\n\t\t\t\t<\/div>\n\t\t\t\t\t<\/div>\n\t\t<\/div>\n\t\t\t\t\t<\/div>\n\t\t<\/section>\n\t\t\t\t<section class=\"elementor-section elementor-top-section elementor-element elementor-element-7618bc05 elementor-section-boxed elementor-section-height-default elementor-section-height-default\" data-id=\"7618bc05\" data-element_type=\"section\" data-settings=\"{&quot;background_background&quot;:&quot;classic&quot;}\">\n\t\t\t\t\t\t<div class=\"elementor-container elementor-column-gap-default\">\n\t\t\t\t\t<div class=\"elementor-column elementor-col-100 elementor-top-column elementor-element elementor-element-536974fb\" data-id=\"536974fb\" data-element_type=\"column\">\n\t\t\t<div class=\"elementor-widget-wrap elementor-element-populated\">\n\t\t\t\t\t\t<div class=\"elementor-element elementor-element-6a95dee4 premium-title-icon-row premium-title-color elementor-widget elementor-widget-premium-addon-title\" data-id=\"6a95dee4\" data-element_type=\"widget\" data-widget_type=\"premium-addon-title.default\">\n\t\t\t\t<div class=\"elementor-widget-container\">\n\t\t\t\r\n\t\t<div class=\"premium-title-container style2\">\r\n\t\t\t<h5 class=\"premium-title-header premium-title-style2\">\r\n\t\t\t\t\r\n\t\t\t\t\t\t\t\t\t\t\t\t\t\t\t<div class=\"premium-title-icon premium-lottie-animation\" data-lottie-url=\"https:\/\/assets8.lottiefiles.com\/packages\/lf20_pcfclxy8.json\" data-lottie-loop=\"true\" data-lottie-reverse=\"\"><\/div>\r\n\t\t\t\t\t\t\t\t\t\r\n\t\t\t\t\t\t\t\t\t\t\t\t<span class=\"premium-title-text\" >\r\n\t\t\t\t\t\t\t\t\t<\/span>\r\n\t\t\t\t\t\r\n\t\t\t\t\t\t\t\t\t\t\t<\/h5>\r\n\t\t<\/div>\r\n\r\n\t\t\t\t<\/div>\n\t\t\t\t<\/div>\n\t\t\t\t\t<\/div>\n\t\t<\/div>\n\t\t\t\t\t<\/div>\n\t\t<\/section>\n\t\t\t\t<section class=\"elementor-section elementor-top-section elementor-element elementor-element-15d031b0 elementor-section-boxed elementor-section-height-default elementor-section-height-default\" data-id=\"15d031b0\" data-element_type=\"section\">\n\t\t\t\t\t\t<div class=\"elementor-container elementor-column-gap-default\">\n\t\t\t\t\t<div class=\"elementor-column elementor-col-100 elementor-top-column elementor-element elementor-element-72ad79aa\" data-id=\"72ad79aa\" data-element_type=\"column\">\n\t\t\t<div class=\"elementor-widget-wrap elementor-element-populated\">\n\t\t\t\t\t\t<div class=\"elementor-element elementor-element-54e445d elementor-widget elementor-widget-text-editor\" data-id=\"54e445d\" data-element_type=\"widget\" data-widget_type=\"text-editor.default\">\n\t\t\t\t<div class=\"elementor-widget-container\">\n\t\t\t\t\t\t\t<p><span style=\"font-weight: 400;\">Playa del Carmen, Quintana Roo, 26 de septiembre de 2025.- El gobierno de Playa del Carmen, que encabeza la presidenta municipal Estefan\u00eda Mercado, llev\u00f3 a cabo la ceremonia c\u00edvica con motivo del CCIV aniversario de la Consumaci\u00f3n de la Independencia de M\u00e9xico, acontecimiento hist\u00f3rico que consolid\u00f3 el nacimiento de la naci\u00f3n mexicana luego de m\u00e1s de 11 a\u00f1os de lucha por la libertad.<\/span><\/p><p>\u00a0<\/p><p><span style=\"font-weight: 400;\">En el mensaje oficial, el secretario general Luis Herrera Quiam, en representaci\u00f3n de la Alcaldesa, destac\u00f3 que han pasado 204 a\u00f1os desde aquel momento hist\u00f3rico, y que ese mismo esp\u00edritu de libertad y soberan\u00eda sigue vivo en cada mexicana y mexicano.\u00a0<\/span><\/p><p>\u00a0<\/p><p><span style=\"font-weight: 400;\">\u201cEn Playa del Carmen, un municipio joven y diverso, honramos el legado de la Independencia con cada paso que damos hacia el futuro. En representaci\u00f3n de la presidenta municipal Estefan\u00eda Mercado, reafirmamos nuestro compromiso de seguir trabajando con responsabilidad, cercan\u00eda y amor por esta tierra que nos une\u201d enfatiz\u00f3.<\/span><\/p><p>\u00a0<\/p><p><span style=\"font-weight: 400;\">En su intervenci\u00f3n, el director de Mejora Regulatoria, Javier Maza Toledo, expres\u00f3 que las y los mexicanos vivimos en un pa\u00eds libre gracias a la determinaci\u00f3n de hombres y mujeres que lograron su objetivo. \u201cHoy, la cuarta transformaci\u00f3n es una realidad: un movimiento cuyo pilar es la prosperidad compartida, y que consolida un modelo de naci\u00f3n centrado en el bienestar de los m\u00e1s vulnerables, promoviendo un gobierno honesto y transparente\u201d.<\/span><\/p><p>\u00a0<\/p><p><span style=\"font-weight: 400;\">Durante la ceremonia c\u00edvica de conmemoraci\u00f3n se rindieron honores a la Bandera y, posteriormente, se entonaron los himnos a Quintana Roo y Nacional Mexicano.<\/span><\/p><p>\u00a0<\/p><p><span style=\"font-weight: 400;\">En el acto de conmemoraci\u00f3n participaron por parte del Honorable Cabildo las y los regidores Matilde Carrillo, Alma Rodr\u00edguez, Juan Novelo, Mar\u00eda Josefina Muza y Sa\u00fal Barbosa, as\u00ed como el secretario de Salud, Antonio Uribe Trujillo; el titular de la secretar\u00eda de planeaci\u00f3n y evaluaci\u00f3n, Rolando M\u00e9ndez, y Mar\u00eda Teresa Moguel, directora de Recursos Humanos.<\/span><\/p>\t\t\t\t\t\t<\/div>\n\t\t\t\t<\/div>\n\t\t\t\t\t<\/div>\n\t\t<\/div>\n\t\t\t\t\t<\/div>\n\t\t<\/section>\n\t\t\t\t<section class=\"elementor-section elementor-top-section elementor-element elementor-element-75accc02 elementor-section-boxed elementor-section-height-default elementor-section-height-default\" data-id=\"75accc02\" data-element_type=\"section\">\n\t\t\t\t\t\t<div class=\"elementor-container elementor-column-gap-default\">\n\t\t\t\t\t<div class=\"elementor-column elementor-col-100 elementor-top-column elementor-element elementor-element-676fbd98\" data-id=\"676fbd98\" data-element_type=\"column\">\n\t\t\t<div class=\"elementor-widget-wrap elementor-element-populated\">\n\t\t\t\t\t\t<div class=\"elementor-element elementor-element-44e5c862 elementor-widget elementor-widget-gallery\" data-id=\"44e5c862\" data-element_type=\"widget\" data-settings=\"{&quot;gallery_layout&quot;:&quot;justified&quot;,&quot;lazyload&quot;:&quot;yes&quot;,&quot;ideal_row_height&quot;:{&quot;unit&quot;:&quot;px&quot;,&quot;size&quot;:200,&quot;sizes&quot;:[]},&quot;ideal_row_height_tablet&quot;:{&quot;unit&quot;:&quot;px&quot;,&quot;size&quot;:150,&quot;sizes&quot;:[]},&quot;ideal_row_height_mobile&quot;:{&quot;unit&quot;:&quot;px&quot;,&quot;size&quot;:150,&quot;sizes&quot;:[]},&quot;gap&quot;:{&quot;unit&quot;:&quot;px&quot;,&quot;size&quot;:10,&quot;sizes&quot;:[]},&quot;gap_tablet&quot;:{&quot;unit&quot;:&quot;px&quot;,&quot;size&quot;:10,&quot;sizes&quot;:[]},&quot;gap_mobile&quot;:{&quot;unit&quot;:&quot;px&quot;,&quot;size&quot;:10,&quot;sizes&quot;:[]},&quot;link_to&quot;:&quot;file&quot;,&quot;overlay_background&quot;:&quot;yes&quot;,&quot;content_hover_animation&quot;:&quot;fade-in&quot;}\" data-widget_type=\"gallery.default\">\n\t\t\t\t<div class=\"elementor-widget-container\">\n\t\t\t\t\t<div class=\"elementor-gallery__container\">\n\t\t\t\t\t\t\t<a class=\"e-gallery-item elementor-gallery-item elementor-animated-content\" href=\"https:\/\/transformarqroo.com\/wp-content\/uploads\/2025\/10\/Playa-26_Sep2.jpg\" data-elementor-open-lightbox=\"yes\" data-elementor-lightbox-slideshow=\"44e5c862\" data-elementor-lightbox-title=\"Playa 26_Sep(2)\" data-e-action-hash=\"#elementor-action%3Aaction%3Dlightbox%26settings%3DeyJpZCI6NDI3NDgsInVybCI6Imh0dHBzOlwvXC90cmFuc2Zvcm1hcnFyb28uY29tXC93cC1jb250ZW50XC91cGxvYWRzXC8yMDI1XC8xMFwvUGxheWEtMjZfU2VwMi5qcGciLCJzbGlkZXNob3ciOiI0NGU1Yzg2MiJ9\">\n\t\t\t\t\t<div class=\"e-gallery-image elementor-gallery-item__image\" data-thumbnail=\"https:\/\/transformarqroo.com\/wp-content\/uploads\/2025\/10\/Playa-26_Sep2.jpg\" data-width=\"1280\" data-height=\"854\" aria-label=\"\" role=\"img\" ><\/div>\n\t\t\t\t\t\t\t\t\t\t\t<div class=\"elementor-gallery-item__overlay\"><\/div>\n\t\t\t\t\t\t\t\t\t\t\t\t\t\t<\/a>\n\t\t\t\t\t\t\t<a class=\"e-gallery-item elementor-gallery-item elementor-animated-content\" href=\"https:\/\/transformarqroo.com\/wp-content\/uploads\/2025\/10\/Playa-26_Sep1.jpg\" data-elementor-open-lightbox=\"yes\" data-elementor-lightbox-slideshow=\"44e5c862\" data-elementor-lightbox-title=\"Playa 26_Sep(1)\" data-e-action-hash=\"#elementor-action%3Aaction%3Dlightbox%26settings%3DeyJpZCI6NDI3NDksInVybCI6Imh0dHBzOlwvXC90cmFuc2Zvcm1hcnFyb28uY29tXC93cC1jb250ZW50XC91cGxvYWRzXC8yMDI1XC8xMFwvUGxheWEtMjZfU2VwMS5qcGciLCJzbGlkZXNob3ciOiI0NGU1Yzg2MiJ9\">\n\t\t\t\t\t<div class=\"e-gallery-image elementor-gallery-item__image\" data-thumbnail=\"https:\/\/transformarqroo.com\/wp-content\/uploads\/2025\/10\/Playa-26_Sep1.jpg\" data-width=\"1280\" data-height=\"854\" aria-label=\"\" role=\"img\" ><\/div>\n\t\t\t\t\t\t\t\t\t\t\t<div class=\"elementor-gallery-item__overlay\"><\/div>\n\t\t\t\t\t\t\t\t\t\t\t\t\t\t<\/a>\n\t\t\t\t\t\t\t<a class=\"e-gallery-item elementor-gallery-item elementor-animated-content\" href=\"https:\/\/transformarqroo.com\/wp-content\/uploads\/2025\/10\/Playa-26_Sep3.jpg\" data-elementor-open-lightbox=\"yes\" data-elementor-lightbox-slideshow=\"44e5c862\" data-elementor-lightbox-title=\"Playa 26_Sep(3)\" data-e-action-hash=\"#elementor-action%3Aaction%3Dlightbox%26settings%3DeyJpZCI6NDI3NTAsInVybCI6Imh0dHBzOlwvXC90cmFuc2Zvcm1hcnFyb28uY29tXC93cC1jb250ZW50XC91cGxvYWRzXC8yMDI1XC8xMFwvUGxheWEtMjZfU2VwMy5qcGciLCJzbGlkZXNob3ciOiI0NGU1Yzg2MiJ9\">\n\t\t\t\t\t<div class=\"e-gallery-image elementor-gallery-item__image\" data-thumbnail=\"https:\/\/transformarqroo.com\/wp-content\/uploads\/2025\/10\/Playa-26_Sep3.jpg\" data-width=\"851\" data-height=\"1280\" aria-label=\"\" role=\"img\" ><\/div>\n\t\t\t\t\t\t\t\t\t\t\t<div class=\"elementor-gallery-item__overlay\"><\/div>\n\t\t\t\t\t\t\t\t\t\t\t\t\t\t<\/a>\n\t\t\t\t\t\t\t<a class=\"e-gallery-item elementor-gallery-item elementor-animated-content\" href=\"https:\/\/transformarqroo.com\/wp-content\/uploads\/2025\/10\/Playa-26_Sep.jpg\" data-elementor-open-lightbox=\"yes\" data-elementor-lightbox-slideshow=\"44e5c862\" data-elementor-lightbox-title=\"Playa 26_Sep\" data-e-action-hash=\"#elementor-action%3Aaction%3Dlightbox%26settings%3DeyJpZCI6NDI3NTEsInVybCI6Imh0dHBzOlwvXC90cmFuc2Zvcm1hcnFyb28uY29tXC93cC1jb250ZW50XC91cGxvYWRzXC8yMDI1XC8xMFwvUGxheWEtMjZfU2VwLmpwZyIsInNsaWRlc2hvdyI6IjQ0ZTVjODYyIn0%3D\">\n\t\t\t\t\t<div class=\"e-gallery-image elementor-gallery-item__image\" data-thumbnail=\"https:\/\/transformarqroo.com\/wp-content\/uploads\/2025\/10\/Playa-26_Sep.jpg\" data-width=\"1280\" data-height=\"851\" aria-label=\"\" role=\"img\" ><\/div>\n\t\t\t\t\t\t\t\t\t\t\t<div class=\"elementor-gallery-item__overlay\"><\/div>\n\t\t\t\t\t\t\t\t\t\t\t\t\t\t<\/a>\n\t\t\t\t\t<\/div>\n\t\t\t<\/div>\n\t\t\t\t<\/div>\n\t\t\t\t\t<\/div>\n\t\t<\/div>\n\t\t\t\t\t<\/div>\n\t\t<\/section>\n\t\t\t\t<\/div>\n\t\t","protected":false},"excerpt":{"rendered":"<p>Playa del Carmen, Quintana Roo, 26 de septiembre de 2025.- El gobierno de Playa del Carmen, que encabeza la presidenta municipal Estefan\u00eda Mercado, llev\u00f3 a cabo la ceremonia c\u00edvica con motivo del CCIV aniversario de la Consumaci\u00f3n de la Independencia de M\u00e9xico, acontecimiento hist\u00f3rico que consolid\u00f3 el nacimiento de la naci\u00f3n mexicana luego de m\u00e1s [&hellip;]<\/p>\n","protected":false},"author":1,"featured_media":42751,"comment_status":"closed","ping_status":"closed","sticky":false,"template":"","format":"standard","meta":{"_FSMCFIC_featured_image_caption":"","_FSMCFIC_featured_image_nocaption":"","_FSMCFIC_featured_image_hide":"","footnotes":""},"categories":[32,30],"tags":[],"class_list":["post-42736","post","type-post","status-publish","format-standard","has-post-thumbnail","hentry","category-municipios","category-solidaridad"],"aioseo_notices":[],"_links":{"self":[{"href":"https:\/\/transformarqroo.com\/index.php\/wp-json\/wp\/v2\/posts\/42736","targetHints":{"allow":["GET"]}}],"collection":[{"href":"https:\/\/transformarqroo.com\/index.php\/wp-json\/wp\/v2\/posts"}],"about":[{"href":"https:\/\/transformarqroo.com\/index.php\/wp-json\/wp\/v2\/types\/post"}],"author":[{"embeddable":true,"href":"https:\/\/transformarqroo.com\/index.php\/wp-json\/wp\/v2\/users\/1"}],"replies":[{"embeddable":true,"href":"https:\/\/transformarqroo.com\/index.php\/wp-json\/wp\/v2\/comments?post=42736"}],"version-history":[{"count":4,"href":"https:\/\/transformarqroo.com\/index.php\/wp-json\/wp\/v2\/posts\/42736\/revisions"}],"predecessor-version":[{"id":42772,"href":"https:\/\/transformarqroo.com\/index.php\/wp-json\/wp\/v2\/posts\/42736\/revisions\/42772"}],"wp:featuredmedia":[{"embeddable":true,"href":"https:\/\/transformarqroo.com\/index.php\/wp-json\/wp\/v2\/media\/42751"}],"wp:attachment":[{"href":"https:\/\/transformarqroo.com\/index.php\/wp-json\/wp\/v2\/media?parent=42736"}],"wp:term":[{"taxonomy":"category","embeddable":true,"href":"https:\/\/transformarqroo.com\/index.php\/wp-json\/wp\/v2\/categories?post=42736"},{"taxonomy":"post_tag","embeddable":true,"href":"https:\/\/transformarqroo.com\/index.php\/wp-json\/wp\/v2\/tags?post=42736"}],"curies":[{"name":"wp","href":"https:\/\/api.w.org\/{rel}","templated":true}]}}