{"id":42738,"date":"2025-09-12T21:37:06","date_gmt":"2025-09-13T02:37:06","guid":{"rendered":"https:\/\/transformarqroo.com\/?p=42738"},"modified":"2025-10-11T21:44:10","modified_gmt":"2025-10-12T02:44:10","slug":"estefania-mercado-en-un-ano-borro-los-colores-partidistas-de-los-espacios-publicos-de-playa-del-carmen","status":"publish","type":"post","link":"https:\/\/transformarqroo.com\/index.php\/2025\/09\/12\/estefania-mercado-en-un-ano-borro-los-colores-partidistas-de-los-espacios-publicos-de-playa-del-carmen\/","title":{"rendered":"ESTEFAN\u00cdA MERCADO EN UN A\u00d1O BORR\u00d3 LOS COLORES PARTIDISTAS DE LOS ESPACIOS P\u00daBLICOS DE PLAYA DEL CARMEN"},"content":{"rendered":"\t\t<div data-elementor-type=\"wp-post\" data-elementor-id=\"42738\" class=\"elementor elementor-42738\" data-elementor-post-type=\"post\">\n\t\t\t\t\t\t<section class=\"elementor-section elementor-top-section elementor-element elementor-element-f06a4a7 elementor-section-boxed elementor-section-height-default elementor-section-height-default\" data-id=\"f06a4a7\" data-element_type=\"section\">\n\t\t\t\t\t\t<div class=\"elementor-container elementor-column-gap-default\">\n\t\t\t\t\t<div class=\"elementor-column elementor-col-100 elementor-top-column elementor-element elementor-element-1b95228f\" data-id=\"1b95228f\" data-element_type=\"column\">\n\t\t\t<div class=\"elementor-widget-wrap elementor-element-populated\">\n\t\t\t\t\t\t<div class=\"elementor-element elementor-element-4f57e39e elementor-widget elementor-widget-premium-addon-banner\" data-id=\"4f57e39e\" data-element_type=\"widget\" data-widget_type=\"premium-addon-banner.default\">\n\t\t\t\t<div class=\"elementor-widget-container\">\n\t\t\t\t\t<div class=\"premium-banner-ib premium-banner-min-height premium-banner-animation7 none\">\r\n\t\t\t\t\t\t\t<div class=\"premium-banner-border\">\r\n\t\t\t\t\t<div class=\"premium-banner-br premium-banner-bleft premium-banner-brlr\"><\/div>\r\n\t\t\t\t\t<div class=\"premium-banner-br premium-banner-bright premium-banner-brlr\"><\/div>\r\n\t\t\t\t\t<div class=\"premium-banner-br premium-banner-btop premium-banner-brtb\"><\/div>\r\n\t\t\t\t\t<div class=\"premium-banner-br premium-banner-bottom premium-banner-brtb\"><\/div>\r\n\t\t\t\t<\/div>\r\n\t\t\t\t\t\t\t\t\t\t\t\t\t\t\t<img fetchpriority=\"high\" decoding=\"async\" width=\"750\" height=\"450\" src=\"https:\/\/transformarqroo.com\/wp-content\/uploads\/2025\/10\/Playa-12_Sep.jpg\" class=\"attachment-full size-full wp-image-42743\" alt=\"\" srcset=\"https:\/\/transformarqroo.com\/wp-content\/uploads\/2025\/10\/Playa-12_Sep.jpg 750w, https:\/\/transformarqroo.com\/wp-content\/uploads\/2025\/10\/Playa-12_Sep-300x180.jpg 300w, https:\/\/transformarqroo.com\/wp-content\/uploads\/2025\/10\/Playa-12_Sep-100x60.jpg 100w\" sizes=\"(max-width: 750px) 100vw, 750px\" \/>\t\t\t\t\t\t\t\t\t\t<div class=\"premium-banner-ib-desc\">\r\n\t\t\t\t\t\t\t\t\t<div class=\"premium-banner-desc-centered\">\r\n\t\t\t\t\t\t\t\t\t<h3 class=\"premium-banner-ib-title premium_banner_title\"><\/h3>\t\t\t\t\t\t\t\t\t\t\t\t\t<\/div>\r\n\t\t\t\t\t\t\t<\/div>\r\n\t\t\t\t\t<\/div>\r\n\t\t\t\t\t\t<\/div>\n\t\t\t\t<\/div>\n\t\t\t\t\t<\/div>\n\t\t<\/div>\n\t\t\t\t\t<\/div>\n\t\t<\/section>\n\t\t\t\t<section class=\"elementor-section elementor-top-section elementor-element elementor-element-49abbc31 elementor-section-boxed elementor-section-height-default elementor-section-height-default\" data-id=\"49abbc31\" data-element_type=\"section\" data-settings=\"{&quot;background_background&quot;:&quot;classic&quot;}\">\n\t\t\t\t\t\t<div class=\"elementor-container elementor-column-gap-default\">\n\t\t\t\t\t<div class=\"elementor-column elementor-col-100 elementor-top-column elementor-element elementor-element-7394adcf\" data-id=\"7394adcf\" data-element_type=\"column\">\n\t\t\t<div class=\"elementor-widget-wrap elementor-element-populated\">\n\t\t\t\t\t\t<div class=\"elementor-element elementor-element-23ffe8c5 premium-title-icon-row premium-title-color elementor-widget elementor-widget-premium-addon-title\" data-id=\"23ffe8c5\" data-element_type=\"widget\" data-widget_type=\"premium-addon-title.default\">\n\t\t\t\t<div class=\"elementor-widget-container\">\n\t\t\t\r\n\t\t<div class=\"premium-title-container style2\">\r\n\t\t\t<h5 class=\"premium-title-header premium-title-style2\">\r\n\t\t\t\t\r\n\t\t\t\t\t\t\t\t\t\t\t\t\t\t\t<div class=\"premium-title-icon premium-lottie-animation\" data-lottie-url=\"https:\/\/assets8.lottiefiles.com\/packages\/lf20_pcfclxy8.json\" data-lottie-loop=\"true\" data-lottie-reverse=\"\"><\/div>\r\n\t\t\t\t\t\t\t\t\t\r\n\t\t\t\t\t\t\t\t\t\t\t\t<span class=\"premium-title-text\" >\r\n\t\t\t\t\t\t\t\t\t<\/span>\r\n\t\t\t\t\t\r\n\t\t\t\t\t\t\t\t\t\t\t<\/h5>\r\n\t\t<\/div>\r\n\r\n\t\t\t\t<\/div>\n\t\t\t\t<\/div>\n\t\t\t\t\t<\/div>\n\t\t<\/div>\n\t\t\t\t\t<\/div>\n\t\t<\/section>\n\t\t\t\t<section class=\"elementor-section elementor-top-section elementor-element elementor-element-50de5865 elementor-section-boxed elementor-section-height-default elementor-section-height-default\" data-id=\"50de5865\" data-element_type=\"section\">\n\t\t\t\t\t\t<div class=\"elementor-container elementor-column-gap-default\">\n\t\t\t\t\t<div class=\"elementor-column elementor-col-100 elementor-top-column elementor-element elementor-element-38bf3ba2\" data-id=\"38bf3ba2\" data-element_type=\"column\">\n\t\t\t<div class=\"elementor-widget-wrap elementor-element-populated\">\n\t\t\t\t\t\t<div class=\"elementor-element elementor-element-1f959a7b elementor-widget elementor-widget-text-editor\" data-id=\"1f959a7b\" data-element_type=\"widget\" data-widget_type=\"text-editor.default\">\n\t\t\t\t<div class=\"elementor-widget-container\">\n\t\t\t\t\t\t\t<p><span style=\"font-weight: 400;\">Playa del Carmen, Quintana Roo, 12 de septiembre de 2025.\u2014 Arena Playa es hoy una realidad en el municipio de Playa del Carmen.<\/span><\/p><p>\u00a0<\/p><p><span style=\"font-weight: 400;\">Durante a\u00f1os, se intent\u00f3 acostumbrar a la gente a que la ciudad se pintara con los colores de los partidos pol\u00edticos. Sin embargo, el gobierno que encabeza la presidenta municipal Estefan\u00eda Mercado asumi\u00f3 un compromiso distinto: devolverle a la ciudad un s\u00edmbolo que uniera a todas y todos por encima de ideolog\u00edas. Hoy, ese compromiso se ha cumplido.<\/span><\/p><p>\u00a0<\/p><p><span style=\"font-weight: 400;\">El Color Arena Playa no es solo una tonalidad, es una declaraci\u00f3n de identidad, orgullo y pertenencia. Bajo este emblema com\u00fan, el municipio ha rescatado m\u00e1s de 83 parques y espacios p\u00fablicos, transformando la imagen urbana con una visi\u00f3n de unidad, comunidad y arraigo.<\/span><\/p><p>\u00a0<\/p><p><span style=\"font-weight: 400;\">La presidenta municipal destac\u00f3 que la aprobaci\u00f3n del Color Arena Playa como ley por parte del Cabildo representa un parteaguas en la construcci\u00f3n de una nueva identidad urbana:<\/span><\/p><p>\u00a0<\/p><p><span style=\"font-weight: 400;\">\u201cArena Playa simboliza lo que somos como ciudad. Un color que refleja nuestras ra\u00edces, nuestra diversidad y nuestra grandeza como comunidad. Es un color que no divide, sino que une. Hoy podemos decir con orgullo que este s\u00edmbolo ya forma parte de nuestra historia y de nuestro futuro\u00bb.<\/span><\/p><p>\u00a0<\/p><p><span style=\"font-weight: 400;\">Con este paso hist\u00f3rico, Playa del Carmen se consolida como un referente nacional en la construcci\u00f3n de identidad urbana y cultural, demostrando que la transformaci\u00f3n tambi\u00e9n se escribe con los colores de la gente.<\/span><\/p>\t\t\t\t\t\t<\/div>\n\t\t\t\t<\/div>\n\t\t\t\t\t<\/div>\n\t\t<\/div>\n\t\t\t\t\t<\/div>\n\t\t<\/section>\n\t\t\t\t<section class=\"elementor-section elementor-top-section elementor-element elementor-element-47eca2b0 elementor-section-boxed elementor-section-height-default elementor-section-height-default\" data-id=\"47eca2b0\" data-element_type=\"section\">\n\t\t\t\t\t\t<div class=\"elementor-container elementor-column-gap-default\">\n\t\t\t\t\t<div class=\"elementor-column elementor-col-100 elementor-top-column elementor-element elementor-element-653b245\" data-id=\"653b245\" data-element_type=\"column\">\n\t\t\t<div class=\"elementor-widget-wrap elementor-element-populated\">\n\t\t\t\t\t\t<div class=\"elementor-element elementor-element-49d8c68c elementor-widget elementor-widget-gallery\" data-id=\"49d8c68c\" data-element_type=\"widget\" data-settings=\"{&quot;gallery_layout&quot;:&quot;justified&quot;,&quot;lazyload&quot;:&quot;yes&quot;,&quot;ideal_row_height&quot;:{&quot;unit&quot;:&quot;px&quot;,&quot;size&quot;:200,&quot;sizes&quot;:[]},&quot;ideal_row_height_tablet&quot;:{&quot;unit&quot;:&quot;px&quot;,&quot;size&quot;:150,&quot;sizes&quot;:[]},&quot;ideal_row_height_mobile&quot;:{&quot;unit&quot;:&quot;px&quot;,&quot;size&quot;:150,&quot;sizes&quot;:[]},&quot;gap&quot;:{&quot;unit&quot;:&quot;px&quot;,&quot;size&quot;:10,&quot;sizes&quot;:[]},&quot;gap_tablet&quot;:{&quot;unit&quot;:&quot;px&quot;,&quot;size&quot;:10,&quot;sizes&quot;:[]},&quot;gap_mobile&quot;:{&quot;unit&quot;:&quot;px&quot;,&quot;size&quot;:10,&quot;sizes&quot;:[]},&quot;link_to&quot;:&quot;file&quot;,&quot;overlay_background&quot;:&quot;yes&quot;,&quot;content_hover_animation&quot;:&quot;fade-in&quot;}\" data-widget_type=\"gallery.default\">\n\t\t\t\t<div class=\"elementor-widget-container\">\n\t\t\t\t\t<div class=\"elementor-gallery__container\">\n\t\t\t\t\t\t\t<a class=\"e-gallery-item elementor-gallery-item elementor-animated-content\" href=\"https:\/\/transformarqroo.com\/wp-content\/uploads\/2025\/10\/Playa-12_Sep1.jpg\" data-elementor-open-lightbox=\"yes\" data-elementor-lightbox-slideshow=\"49d8c68c\" data-elementor-lightbox-title=\"Playa 12_Sep(1)\" data-e-action-hash=\"#elementor-action%3Aaction%3Dlightbox%26settings%3DeyJpZCI6NDI3NDIsInVybCI6Imh0dHBzOlwvXC90cmFuc2Zvcm1hcnFyb28uY29tXC93cC1jb250ZW50XC91cGxvYWRzXC8yMDI1XC8xMFwvUGxheWEtMTJfU2VwMS5qcGciLCJzbGlkZXNob3ciOiI0OWQ4YzY4YyJ9\">\n\t\t\t\t\t<div class=\"e-gallery-image elementor-gallery-item__image\" data-thumbnail=\"https:\/\/transformarqroo.com\/wp-content\/uploads\/2025\/10\/Playa-12_Sep1.jpg\" data-width=\"1040\" data-height=\"694\" aria-label=\"\" role=\"img\" ><\/div>\n\t\t\t\t\t\t\t\t\t\t\t<div class=\"elementor-gallery-item__overlay\"><\/div>\n\t\t\t\t\t\t\t\t\t\t\t\t\t\t<\/a>\n\t\t\t\t\t\t\t<a class=\"e-gallery-item elementor-gallery-item elementor-animated-content\" href=\"https:\/\/transformarqroo.com\/wp-content\/uploads\/2025\/10\/Playa-12_Sep.jpg\" data-elementor-open-lightbox=\"yes\" data-elementor-lightbox-slideshow=\"49d8c68c\" data-elementor-lightbox-title=\"Playa 12_Sep\" data-e-action-hash=\"#elementor-action%3Aaction%3Dlightbox%26settings%3DeyJpZCI6NDI3NDMsInVybCI6Imh0dHBzOlwvXC90cmFuc2Zvcm1hcnFyb28uY29tXC93cC1jb250ZW50XC91cGxvYWRzXC8yMDI1XC8xMFwvUGxheWEtMTJfU2VwLmpwZyIsInNsaWRlc2hvdyI6IjQ5ZDhjNjhjIn0%3D\">\n\t\t\t\t\t<div class=\"e-gallery-image elementor-gallery-item__image\" data-thumbnail=\"https:\/\/transformarqroo.com\/wp-content\/uploads\/2025\/10\/Playa-12_Sep.jpg\" data-width=\"750\" data-height=\"450\" aria-label=\"\" role=\"img\" ><\/div>\n\t\t\t\t\t\t\t\t\t\t\t<div class=\"elementor-gallery-item__overlay\"><\/div>\n\t\t\t\t\t\t\t\t\t\t\t\t\t\t<\/a>\n\t\t\t\t\t<\/div>\n\t\t\t<\/div>\n\t\t\t\t<\/div>\n\t\t\t\t\t<\/div>\n\t\t<\/div>\n\t\t\t\t\t<\/div>\n\t\t<\/section>\n\t\t\t\t<\/div>\n\t\t","protected":false},"excerpt":{"rendered":"<p>Playa del Carmen, Quintana Roo, 12 de septiembre de 2025.\u2014 Arena Playa es hoy una realidad en el municipio de Playa del Carmen. \u00a0 Durante a\u00f1os, se intent\u00f3 acostumbrar a la gente a que la ciudad se pintara con los colores de los partidos pol\u00edticos. Sin embargo, el gobierno que encabeza la presidenta municipal Estefan\u00eda [&hellip;]<\/p>\n","protected":false},"author":1,"featured_media":42743,"comment_status":"closed","ping_status":"closed","sticky":false,"template":"","format":"standard","meta":{"_FSMCFIC_featured_image_caption":"","_FSMCFIC_featured_image_nocaption":"","_FSMCFIC_featured_image_hide":"","footnotes":""},"categories":[32,30],"tags":[],"class_list":["post-42738","post","type-post","status-publish","format-standard","has-post-thumbnail","hentry","category-municipios","category-solidaridad"],"aioseo_notices":[],"_links":{"self":[{"href":"https:\/\/transformarqroo.com\/index.php\/wp-json\/wp\/v2\/posts\/42738","targetHints":{"allow":["GET"]}}],"collection":[{"href":"https:\/\/transformarqroo.com\/index.php\/wp-json\/wp\/v2\/posts"}],"about":[{"href":"https:\/\/transformarqroo.com\/index.php\/wp-json\/wp\/v2\/types\/post"}],"author":[{"embeddable":true,"href":"https:\/\/transformarqroo.com\/index.php\/wp-json\/wp\/v2\/users\/1"}],"replies":[{"embeddable":true,"href":"https:\/\/transformarqroo.com\/index.php\/wp-json\/wp\/v2\/comments?post=42738"}],"version-history":[{"count":4,"href":"https:\/\/transformarqroo.com\/index.php\/wp-json\/wp\/v2\/posts\/42738\/revisions"}],"predecessor-version":[{"id":42766,"href":"https:\/\/transformarqroo.com\/index.php\/wp-json\/wp\/v2\/posts\/42738\/revisions\/42766"}],"wp:featuredmedia":[{"embeddable":true,"href":"https:\/\/transformarqroo.com\/index.php\/wp-json\/wp\/v2\/media\/42743"}],"wp:attachment":[{"href":"https:\/\/transformarqroo.com\/index.php\/wp-json\/wp\/v2\/media?parent=42738"}],"wp:term":[{"taxonomy":"category","embeddable":true,"href":"https:\/\/transformarqroo.com\/index.php\/wp-json\/wp\/v2\/categories?post=42738"},{"taxonomy":"post_tag","embeddable":true,"href":"https:\/\/transformarqroo.com\/index.php\/wp-json\/wp\/v2\/tags?post=42738"}],"curies":[{"name":"wp","href":"https:\/\/api.w.org\/{rel}","templated":true}]}}