{"id":42849,"date":"2025-10-03T22:17:21","date_gmt":"2025-10-04T03:17:21","guid":{"rendered":"https:\/\/transformarqroo.com\/?p=42849"},"modified":"2025-10-11T22:22:27","modified_gmt":"2025-10-12T03:22:27","slug":"autotransporte-de-carga-aliado-del-desarrollo-economico-y-la-prosperidad-compartida-reconoce-mara-lezama","status":"publish","type":"post","link":"https:\/\/transformarqroo.com\/index.php\/2025\/10\/03\/autotransporte-de-carga-aliado-del-desarrollo-economico-y-la-prosperidad-compartida-reconoce-mara-lezama\/","title":{"rendered":"AUTOTRANSPORTE DE CARGA, ALIADO DEL DESARROLLO ECON\u00d3MICO Y LA PROSPERIDAD COMPARTIDA, RECONOCE MARA LEZAMA"},"content":{"rendered":"\t\t<div data-elementor-type=\"wp-post\" data-elementor-id=\"42849\" class=\"elementor elementor-42849\" data-elementor-post-type=\"post\">\n\t\t\t\t\t\t<section class=\"elementor-section elementor-top-section elementor-element elementor-element-47eba32e elementor-section-boxed elementor-section-height-default elementor-section-height-default\" data-id=\"47eba32e\" data-element_type=\"section\">\n\t\t\t\t\t\t<div class=\"elementor-container elementor-column-gap-default\">\n\t\t\t\t\t<div class=\"elementor-column elementor-col-100 elementor-top-column elementor-element elementor-element-2a220868\" data-id=\"2a220868\" data-element_type=\"column\">\n\t\t\t<div class=\"elementor-widget-wrap elementor-element-populated\">\n\t\t\t\t\t\t<div class=\"elementor-element elementor-element-49b74442 elementor-widget elementor-widget-premium-addon-banner\" data-id=\"49b74442\" data-element_type=\"widget\" data-widget_type=\"premium-addon-banner.default\">\n\t\t\t\t<div class=\"elementor-widget-container\">\n\t\t\t\t\t<div class=\"premium-banner-ib premium-banner-min-height premium-banner-animation7 none\">\r\n\t\t\t\t\t\t\t<div class=\"premium-banner-border\">\r\n\t\t\t\t\t<div class=\"premium-banner-br premium-banner-bleft premium-banner-brlr\"><\/div>\r\n\t\t\t\t\t<div class=\"premium-banner-br premium-banner-bright premium-banner-brlr\"><\/div>\r\n\t\t\t\t\t<div class=\"premium-banner-br premium-banner-btop premium-banner-brtb\"><\/div>\r\n\t\t\t\t\t<div class=\"premium-banner-br premium-banner-bottom premium-banner-brtb\"><\/div>\r\n\t\t\t\t<\/div>\r\n\t\t\t\t\t\t\t\t\t\t\t\t\t\t\t<img fetchpriority=\"high\" decoding=\"async\" width=\"1280\" height=\"854\" src=\"https:\/\/transformarqroo.com\/wp-content\/uploads\/2025\/10\/GOB-03_Oct.jpg\" class=\"attachment-full size-full wp-image-42865\" alt=\"\" srcset=\"https:\/\/transformarqroo.com\/wp-content\/uploads\/2025\/10\/GOB-03_Oct.jpg 1280w, https:\/\/transformarqroo.com\/wp-content\/uploads\/2025\/10\/GOB-03_Oct-300x200.jpg 300w, https:\/\/transformarqroo.com\/wp-content\/uploads\/2025\/10\/GOB-03_Oct-1024x683.jpg 1024w, https:\/\/transformarqroo.com\/wp-content\/uploads\/2025\/10\/GOB-03_Oct-768x512.jpg 768w, https:\/\/transformarqroo.com\/wp-content\/uploads\/2025\/10\/GOB-03_Oct-100x67.jpg 100w\" sizes=\"(max-width: 1280px) 100vw, 1280px\" \/>\t\t\t\t\t\t\t\t\t\t<div class=\"premium-banner-ib-desc\">\r\n\t\t\t\t\t\t\t\t\t<div class=\"premium-banner-desc-centered\">\r\n\t\t\t\t\t\t\t\t\t<h3 class=\"premium-banner-ib-title premium_banner_title\"><\/h3>\t\t\t\t\t\t\t\t\t\t\t\t\t<\/div>\r\n\t\t\t\t\t\t\t<\/div>\r\n\t\t\t\t\t<\/div>\r\n\t\t\t\t\t\t<\/div>\n\t\t\t\t<\/div>\n\t\t\t\t\t<\/div>\n\t\t<\/div>\n\t\t\t\t\t<\/div>\n\t\t<\/section>\n\t\t\t\t<section class=\"elementor-section elementor-top-section elementor-element elementor-element-14452e90 elementor-section-boxed elementor-section-height-default elementor-section-height-default\" data-id=\"14452e90\" data-element_type=\"section\" data-settings=\"{&quot;background_background&quot;:&quot;classic&quot;}\">\n\t\t\t\t\t\t<div class=\"elementor-container elementor-column-gap-default\">\n\t\t\t\t\t<div class=\"elementor-column elementor-col-100 elementor-top-column elementor-element elementor-element-3fabfcc1\" data-id=\"3fabfcc1\" data-element_type=\"column\">\n\t\t\t<div class=\"elementor-widget-wrap elementor-element-populated\">\n\t\t\t\t\t\t<div class=\"elementor-element elementor-element-3fb6793d premium-title-icon-row premium-title-color elementor-widget elementor-widget-premium-addon-title\" data-id=\"3fb6793d\" data-element_type=\"widget\" data-widget_type=\"premium-addon-title.default\">\n\t\t\t\t<div class=\"elementor-widget-container\">\n\t\t\t\r\n\t\t<div class=\"premium-title-container style2\">\r\n\t\t\t<h5 class=\"premium-title-header premium-title-style2\">\r\n\t\t\t\t\r\n\t\t\t\t\t\t\t\t\t\t\t\t\t\t\t<div class=\"premium-title-icon premium-lottie-animation\" data-lottie-url=\"https:\/\/assets8.lottiefiles.com\/packages\/lf20_pcfclxy8.json\" data-lottie-loop=\"true\" data-lottie-reverse=\"\"><\/div>\r\n\t\t\t\t\t\t\t\t\t\r\n\t\t\t\t\t\t\t\t\t\t\t\t<span class=\"premium-title-text\" >\r\n\t\t\t\t\t\t\t\t\t<\/span>\r\n\t\t\t\t\t\r\n\t\t\t\t\t\t\t\t\t\t\t<\/h5>\r\n\t\t<\/div>\r\n\r\n\t\t\t\t<\/div>\n\t\t\t\t<\/div>\n\t\t\t\t\t<\/div>\n\t\t<\/div>\n\t\t\t\t\t<\/div>\n\t\t<\/section>\n\t\t\t\t<section class=\"elementor-section elementor-top-section elementor-element elementor-element-54e5d95a elementor-section-boxed elementor-section-height-default elementor-section-height-default\" data-id=\"54e5d95a\" data-element_type=\"section\">\n\t\t\t\t\t\t<div class=\"elementor-container elementor-column-gap-default\">\n\t\t\t\t\t<div class=\"elementor-column elementor-col-100 elementor-top-column elementor-element elementor-element-30a7ac94\" data-id=\"30a7ac94\" data-element_type=\"column\">\n\t\t\t<div class=\"elementor-widget-wrap elementor-element-populated\">\n\t\t\t\t\t\t<div class=\"elementor-element elementor-element-77b42484 elementor-widget elementor-widget-text-editor\" data-id=\"77b42484\" data-element_type=\"widget\" data-widget_type=\"text-editor.default\">\n\t\t\t\t<div class=\"elementor-widget-container\">\n\t\t\t\t\t\t\t<p><span style=\"font-weight: 400;\">Canc\u00fan.- Al participar en la inauguraci\u00f3n de la Convenci\u00f3n 2025 de la C\u00e1mara Nacional del Autotransporte de Carga (CANACAR) que se celebra aqu\u00ed, la gobernadora Mara Lezama Espinosa destac\u00f3 que este evento re\u00fane a transportistas de todo el pa\u00eds para debatir estrategias que fortalezcan uno de los sectores m\u00e1s importantes de la econom\u00eda mexicana.<\/span><\/p><p>\u00a0<\/p><p><span style=\"font-weight: 400;\">Ante la presencia del presidente nacional de CANACAR, Miguel \u00c1ngel Mart\u00ednez Mill\u00e1n, Mara Lezama destac\u00f3 la relevancia del autotransporte de carga, que representa el 3.8% del Producto Interno Bruto nacional y moviliz\u00f3 565 millones de toneladas durante 2023, equivalente al 57% de la carga del pa\u00eds. Subray\u00f3 que detr\u00e1s de estas cifras est\u00e1 la labor diaria de los transportistas, quienes garantizan el suministro de alimentos, medicamentos e insumos esenciales para millones de familias.<\/span><\/p><p>\u00a0<\/p><p><span style=\"font-weight: 400;\">En Quintana Roo existen 2 mil 989 unidades de carga registradas, de las cuales 1 mil 624 operan bajo modalidad regular y 1 mil 364 bajo modalidad especializada, lo que refleja la capacidad del sector para atender tanto la demanda local como la nacional, contribuyendo al turismo, el comercio y la vida diaria de los quintanarroenses.<\/span><\/p><p>\u00a0<\/p><p><span style=\"font-weight: 400;\">Durante su discurso, la mandataria resalt\u00f3 la importancia de la revisi\u00f3n del T-MEC como oportunidad para modernizar la flota -que supera los 20 a\u00f1os de antig\u00fcedad-, mejorar las condiciones laborales de las y los operadores, y consolidar a M\u00e9xico en la primera l\u00ednea del comercio global.\u00a0<\/span><\/p><p>\u00a0<\/p><p><span style=\"font-weight: 400;\">Mara Lezama destac\u00f3 la creciente participaci\u00f3n de mujeres en un sector hist\u00f3ricamente dominado por hombres, subrayando que su inclusi\u00f3n es clave para una prosperidad compartida.<\/span><\/p><p>\u00a0<\/p><p><span style=\"font-weight: 400;\">\u201cEn Quintana Roo creemos que la igualdad se construye con hechos y que las mujeres tienen un papel estrat\u00e9gico en esta transformaci\u00f3n. Su presencia no es solo un avance, es una muestra de que la prosperidad compartida se alcanza cuando todas y todos participan en igualdad de condiciones\u201d, expres\u00f3.<\/span><\/p><p>\u00a0<\/p><p><span style=\"font-weight: 400;\">Asimismo, cit\u00f3 que m\u00e1s del 97% de los transportistas son micro y peque\u00f1os empresarios que requieren financiamiento accesible, capacitaci\u00f3n y tecnolog\u00eda, elementos fundamentales para fortalecer la competitividad del sector. En este sentido, el gobierno de Quintana Roo ha impulsado la simplificaci\u00f3n de tr\u00e1mites y la coordinaci\u00f3n con municipios, facilitando un procedimiento \u00fanico con seguimiento claro para los transportistas.<\/span><\/p><p>\u00a0<\/p><p><span style=\"font-weight: 400;\">La Gobernadora cerr\u00f3 su intervenci\u00f3n reconociendo la labor de los transportistas, resaltando su papel en mantener la econom\u00eda en movimiento y en generar bienestar y oportunidades para las comunidades. \u201cSomos un gobierno en que el ser humano es la prioridad y un estado en donde el \u00e9xito se mide con la prosperidad compartida, con el bienestar de las personas\u201d, precis\u00f3.<\/span><\/p><p>\u00a0<\/p><p><span style=\"font-weight: 400;\">\u201cGracias por seguir transportando a M\u00e9xico, por mantener en movimiento al pa\u00eds entero y por demostrar que esta industria no solo mueve mercanc\u00edas, sino que impulsa la vida econ\u00f3mica y social de cada comunidad\u201d, concluy\u00f3.<\/span><\/p><p>\u00a0<\/p><p><span style=\"font-weight: 400;\">El evento cont\u00f3 con la presencia del ingeniero Miguel \u00c1ngel Mart\u00ednez Mill\u00e1n, presidente nacional de CANACAR, quien comparti\u00f3 experiencias y propuestas para mejorar la log\u00edstica, competitividad e innovaci\u00f3n tecnol\u00f3gica en el pa\u00eds.<\/span><\/p><p>\u00a0<\/p><p><span style=\"font-weight: 400;\">Por su parte, el presidente de la CONCAMIN, Alejandro Malag\u00f3n Barrag\u00e1n, reconoci\u00f3 la importancia de la industria del transporte de carga, que hace posible que los negocios sigan en pie, que sostiene m\u00e1s de 6 millones de empleos directos e indirectos.<\/span><\/p><p>\u00a0<\/p><p><span style=\"font-weight: 400;\">El Consejo Coordinador Empresarial, en voz de su presidente Francisco Alberto Cervantes D\u00edaz, reconoci\u00f3 que el transporte es fundamental para fortalecer la econom\u00eda y el crecimiento de las y los transportistas es ejemplo de prosperidad compartida.<\/span><\/p><p>\u00a0<\/p><p><span style=\"font-weight: 400;\">Se cont\u00f3 con la presencia de Abdelfattah Lebbar, embajador del Reino de Marruecos en M\u00e9xico, y el subsecretario de Industria y Comercio del Gobierno de M\u00e9xico, Vidal Llerenas Morales.<\/span><\/p><p>\u00a0<\/p><p><span style=\"font-weight: 400;\">Tambi\u00e9n estuvieron en el evento, que incluy\u00f3 corte de list\u00f3n y recorrido por una exposici\u00f3n montada por proveedores, la presidenta municipal de Benito Ju\u00e1rez, Ana Paty Peralta de la Pe\u00f1a; el director general de la Direcci\u00f3n General de Autotransporte Federal de la SICT, Luis Ruiz Hern\u00e1ndez; los senadores Eugenio Segura y Lizet S\u00e1nchez Garc\u00eda; el secretario general del IMSS, Jorge Gavi\u00f1o Ambriz; el coordinador territorial regional sureste de la Guardia Nacional, General de Brigada DEM Juan Carlos Guzm\u00e1n Giadans.<\/span><\/p>\t\t\t\t\t\t<\/div>\n\t\t\t\t<\/div>\n\t\t\t\t\t<\/div>\n\t\t<\/div>\n\t\t\t\t\t<\/div>\n\t\t<\/section>\n\t\t\t\t<section class=\"elementor-section elementor-top-section elementor-element elementor-element-6cddb665 elementor-section-boxed elementor-section-height-default elementor-section-height-default\" data-id=\"6cddb665\" data-element_type=\"section\">\n\t\t\t\t\t\t<div class=\"elementor-container elementor-column-gap-default\">\n\t\t\t\t\t<div class=\"elementor-column elementor-col-100 elementor-top-column elementor-element elementor-element-41c0cd01\" data-id=\"41c0cd01\" data-element_type=\"column\">\n\t\t\t<div class=\"elementor-widget-wrap elementor-element-populated\">\n\t\t\t\t\t\t<div class=\"elementor-element elementor-element-72521705 elementor-widget elementor-widget-gallery\" data-id=\"72521705\" data-element_type=\"widget\" data-settings=\"{&quot;gallery_layout&quot;:&quot;justified&quot;,&quot;lazyload&quot;:&quot;yes&quot;,&quot;ideal_row_height&quot;:{&quot;unit&quot;:&quot;px&quot;,&quot;size&quot;:200,&quot;sizes&quot;:[]},&quot;ideal_row_height_tablet&quot;:{&quot;unit&quot;:&quot;px&quot;,&quot;size&quot;:150,&quot;sizes&quot;:[]},&quot;ideal_row_height_mobile&quot;:{&quot;unit&quot;:&quot;px&quot;,&quot;size&quot;:150,&quot;sizes&quot;:[]},&quot;gap&quot;:{&quot;unit&quot;:&quot;px&quot;,&quot;size&quot;:10,&quot;sizes&quot;:[]},&quot;gap_tablet&quot;:{&quot;unit&quot;:&quot;px&quot;,&quot;size&quot;:10,&quot;sizes&quot;:[]},&quot;gap_mobile&quot;:{&quot;unit&quot;:&quot;px&quot;,&quot;size&quot;:10,&quot;sizes&quot;:[]},&quot;link_to&quot;:&quot;file&quot;,&quot;overlay_background&quot;:&quot;yes&quot;,&quot;content_hover_animation&quot;:&quot;fade-in&quot;}\" data-widget_type=\"gallery.default\">\n\t\t\t\t<div class=\"elementor-widget-container\">\n\t\t\t\t\t<div class=\"elementor-gallery__container\">\n\t\t\t\t\t\t\t<a class=\"e-gallery-item elementor-gallery-item elementor-animated-content\" href=\"https:\/\/transformarqroo.com\/wp-content\/uploads\/2025\/10\/GOB-03_Oct1.jpg\" data-elementor-open-lightbox=\"yes\" data-elementor-lightbox-slideshow=\"72521705\" data-elementor-lightbox-title=\"GOB 03_Oct(1)\" data-e-action-hash=\"#elementor-action%3Aaction%3Dlightbox%26settings%3DeyJpZCI6NDI4NjEsInVybCI6Imh0dHBzOlwvXC90cmFuc2Zvcm1hcnFyb28uY29tXC93cC1jb250ZW50XC91cGxvYWRzXC8yMDI1XC8xMFwvR09CLTAzX09jdDEuanBnIiwic2xpZGVzaG93IjoiNzI1MjE3MDUifQ%3D%3D\">\n\t\t\t\t\t<div class=\"e-gallery-image elementor-gallery-item__image\" data-thumbnail=\"https:\/\/transformarqroo.com\/wp-content\/uploads\/2025\/10\/GOB-03_Oct1.jpg\" data-width=\"1280\" data-height=\"854\" aria-label=\"\" role=\"img\" ><\/div>\n\t\t\t\t\t\t\t\t\t\t\t<div class=\"elementor-gallery-item__overlay\"><\/div>\n\t\t\t\t\t\t\t\t\t\t\t\t\t\t<\/a>\n\t\t\t\t\t\t\t<a class=\"e-gallery-item elementor-gallery-item elementor-animated-content\" href=\"https:\/\/transformarqroo.com\/wp-content\/uploads\/2025\/10\/GOB-03_Oct2.jpg\" data-elementor-open-lightbox=\"yes\" data-elementor-lightbox-slideshow=\"72521705\" data-elementor-lightbox-title=\"GOB 03_Oct(2)\" data-e-action-hash=\"#elementor-action%3Aaction%3Dlightbox%26settings%3DeyJpZCI6NDI4NjIsInVybCI6Imh0dHBzOlwvXC90cmFuc2Zvcm1hcnFyb28uY29tXC93cC1jb250ZW50XC91cGxvYWRzXC8yMDI1XC8xMFwvR09CLTAzX09jdDIuanBnIiwic2xpZGVzaG93IjoiNzI1MjE3MDUifQ%3D%3D\">\n\t\t\t\t\t<div class=\"e-gallery-image elementor-gallery-item__image\" data-thumbnail=\"https:\/\/transformarqroo.com\/wp-content\/uploads\/2025\/10\/GOB-03_Oct2.jpg\" data-width=\"1280\" data-height=\"854\" aria-label=\"\" role=\"img\" ><\/div>\n\t\t\t\t\t\t\t\t\t\t\t<div class=\"elementor-gallery-item__overlay\"><\/div>\n\t\t\t\t\t\t\t\t\t\t\t\t\t\t<\/a>\n\t\t\t\t\t\t\t<a class=\"e-gallery-item elementor-gallery-item elementor-animated-content\" href=\"https:\/\/transformarqroo.com\/wp-content\/uploads\/2025\/10\/GOB-03_Oct3.jpg\" data-elementor-open-lightbox=\"yes\" data-elementor-lightbox-slideshow=\"72521705\" data-elementor-lightbox-title=\"GOB 03_Oct(3)\" data-e-action-hash=\"#elementor-action%3Aaction%3Dlightbox%26settings%3DeyJpZCI6NDI4NjMsInVybCI6Imh0dHBzOlwvXC90cmFuc2Zvcm1hcnFyb28uY29tXC93cC1jb250ZW50XC91cGxvYWRzXC8yMDI1XC8xMFwvR09CLTAzX09jdDMuanBnIiwic2xpZGVzaG93IjoiNzI1MjE3MDUifQ%3D%3D\">\n\t\t\t\t\t<div class=\"e-gallery-image elementor-gallery-item__image\" data-thumbnail=\"https:\/\/transformarqroo.com\/wp-content\/uploads\/2025\/10\/GOB-03_Oct3.jpg\" data-width=\"1280\" data-height=\"854\" aria-label=\"\" role=\"img\" ><\/div>\n\t\t\t\t\t\t\t\t\t\t\t<div class=\"elementor-gallery-item__overlay\"><\/div>\n\t\t\t\t\t\t\t\t\t\t\t\t\t\t<\/a>\n\t\t\t\t\t\t\t<a class=\"e-gallery-item elementor-gallery-item elementor-animated-content\" href=\"https:\/\/transformarqroo.com\/wp-content\/uploads\/2025\/10\/GOB-03_Oct4.jpg\" data-elementor-open-lightbox=\"yes\" data-elementor-lightbox-slideshow=\"72521705\" data-elementor-lightbox-title=\"GOB 03_Oct(4)\" data-e-action-hash=\"#elementor-action%3Aaction%3Dlightbox%26settings%3DeyJpZCI6NDI4NjQsInVybCI6Imh0dHBzOlwvXC90cmFuc2Zvcm1hcnFyb28uY29tXC93cC1jb250ZW50XC91cGxvYWRzXC8yMDI1XC8xMFwvR09CLTAzX09jdDQuanBnIiwic2xpZGVzaG93IjoiNzI1MjE3MDUifQ%3D%3D\">\n\t\t\t\t\t<div class=\"e-gallery-image elementor-gallery-item__image\" data-thumbnail=\"https:\/\/transformarqroo.com\/wp-content\/uploads\/2025\/10\/GOB-03_Oct4.jpg\" data-width=\"1280\" data-height=\"854\" aria-label=\"\" role=\"img\" ><\/div>\n\t\t\t\t\t\t\t\t\t\t\t<div class=\"elementor-gallery-item__overlay\"><\/div>\n\t\t\t\t\t\t\t\t\t\t\t\t\t\t<\/a>\n\t\t\t\t\t\t\t<a class=\"e-gallery-item elementor-gallery-item elementor-animated-content\" href=\"https:\/\/transformarqroo.com\/wp-content\/uploads\/2025\/10\/GOB-03_Oct.jpg\" data-elementor-open-lightbox=\"yes\" data-elementor-lightbox-slideshow=\"72521705\" data-elementor-lightbox-title=\"GOB 03_Oct\" data-e-action-hash=\"#elementor-action%3Aaction%3Dlightbox%26settings%3DeyJpZCI6NDI4NjUsInVybCI6Imh0dHBzOlwvXC90cmFuc2Zvcm1hcnFyb28uY29tXC93cC1jb250ZW50XC91cGxvYWRzXC8yMDI1XC8xMFwvR09CLTAzX09jdC5qcGciLCJzbGlkZXNob3ciOiI3MjUyMTcwNSJ9\">\n\t\t\t\t\t<div class=\"e-gallery-image elementor-gallery-item__image\" data-thumbnail=\"https:\/\/transformarqroo.com\/wp-content\/uploads\/2025\/10\/GOB-03_Oct.jpg\" data-width=\"1280\" data-height=\"854\" aria-label=\"\" role=\"img\" ><\/div>\n\t\t\t\t\t\t\t\t\t\t\t<div class=\"elementor-gallery-item__overlay\"><\/div>\n\t\t\t\t\t\t\t\t\t\t\t\t\t\t<\/a>\n\t\t\t\t\t<\/div>\n\t\t\t<\/div>\n\t\t\t\t<\/div>\n\t\t\t\t\t<\/div>\n\t\t<\/div>\n\t\t\t\t\t<\/div>\n\t\t<\/section>\n\t\t\t\t<\/div>\n\t\t","protected":false},"excerpt":{"rendered":"<p>Canc\u00fan.- Al participar en la inauguraci\u00f3n de la Convenci\u00f3n 2025 de la C\u00e1mara Nacional del Autotransporte de Carga (CANACAR) que se celebra aqu\u00ed, la gobernadora Mara Lezama Espinosa destac\u00f3 que este evento re\u00fane a transportistas de todo el pa\u00eds para debatir estrategias que fortalezcan uno de los sectores m\u00e1s importantes de la econom\u00eda mexicana. \u00a0 [&hellip;]<\/p>\n","protected":false},"author":1,"featured_media":42865,"comment_status":"closed","ping_status":"closed","sticky":false,"template":"","format":"standard","meta":{"_FSMCFIC_featured_image_caption":"","_FSMCFIC_featured_image_nocaption":"","_FSMCFIC_featured_image_hide":"","footnotes":""},"categories":[38,32],"tags":[],"class_list":["post-42849","post","type-post","status-publish","format-standard","has-post-thumbnail","hentry","category-gobierno-del-estado","category-municipios"],"aioseo_notices":[],"_links":{"self":[{"href":"https:\/\/transformarqroo.com\/index.php\/wp-json\/wp\/v2\/posts\/42849","targetHints":{"allow":["GET"]}}],"collection":[{"href":"https:\/\/transformarqroo.com\/index.php\/wp-json\/wp\/v2\/posts"}],"about":[{"href":"https:\/\/transformarqroo.com\/index.php\/wp-json\/wp\/v2\/types\/post"}],"author":[{"embeddable":true,"href":"https:\/\/transformarqroo.com\/index.php\/wp-json\/wp\/v2\/users\/1"}],"replies":[{"embeddable":true,"href":"https:\/\/transformarqroo.com\/index.php\/wp-json\/wp\/v2\/comments?post=42849"}],"version-history":[{"count":4,"href":"https:\/\/transformarqroo.com\/index.php\/wp-json\/wp\/v2\/posts\/42849\/revisions"}],"predecessor-version":[{"id":42888,"href":"https:\/\/transformarqroo.com\/index.php\/wp-json\/wp\/v2\/posts\/42849\/revisions\/42888"}],"wp:featuredmedia":[{"embeddable":true,"href":"https:\/\/transformarqroo.com\/index.php\/wp-json\/wp\/v2\/media\/42865"}],"wp:attachment":[{"href":"https:\/\/transformarqroo.com\/index.php\/wp-json\/wp\/v2\/media?parent=42849"}],"wp:term":[{"taxonomy":"category","embeddable":true,"href":"https:\/\/transformarqroo.com\/index.php\/wp-json\/wp\/v2\/categories?post=42849"},{"taxonomy":"post_tag","embeddable":true,"href":"https:\/\/transformarqroo.com\/index.php\/wp-json\/wp\/v2\/tags?post=42849"}],"curies":[{"name":"wp","href":"https:\/\/api.w.org\/{rel}","templated":true}]}}