{"id":4351,"date":"2022-02-03T00:49:00","date_gmt":"2022-02-03T05:49:00","guid":{"rendered":"https:\/\/transformarqroo.com\/?p=4351"},"modified":"2022-02-06T00:54:19","modified_gmt":"2022-02-06T05:54:19","slug":"actividad-primer-conversatorio-interinstitucional-de-protocolos-sobre-salud-mental","status":"publish","type":"post","link":"https:\/\/transformarqroo.com\/index.php\/2022\/02\/03\/actividad-primer-conversatorio-interinstitucional-de-protocolos-sobre-salud-mental\/","title":{"rendered":"ACTIVIDAD: PRIMER CONVERSATORIO INTERINSTITUCIONAL DE PROTOCOLOS SOBRE SALUD MENTAL"},"content":{"rendered":"\t\t<div data-elementor-type=\"wp-post\" data-elementor-id=\"4351\" class=\"elementor elementor-4351\" data-elementor-post-type=\"post\">\n\t\t\t\t\t\t<section class=\"elementor-section elementor-top-section elementor-element elementor-element-71cc3e68 elementor-section-boxed elementor-section-height-default elementor-section-height-default\" data-id=\"71cc3e68\" data-element_type=\"section\">\n\t\t\t\t\t\t<div class=\"elementor-container elementor-column-gap-default\">\n\t\t\t\t\t<div class=\"elementor-column elementor-col-100 elementor-top-column elementor-element elementor-element-524abdba\" data-id=\"524abdba\" data-element_type=\"column\">\n\t\t\t<div class=\"elementor-widget-wrap elementor-element-populated\">\n\t\t\t\t\t\t<div class=\"elementor-element elementor-element-123dc4c3 elementor-widget elementor-widget-premium-addon-banner\" data-id=\"123dc4c3\" data-element_type=\"widget\" data-widget_type=\"premium-addon-banner.default\">\n\t\t\t\t<div class=\"elementor-widget-container\">\n\t\t\t\t\t<div class=\"premium-banner-ib premium-banner-min-height premium-banner-animation7 none\">\r\n\t\t\t\t\t\t\t<div class=\"premium-banner-border\">\r\n\t\t\t\t\t<div class=\"premium-banner-br premium-banner-bleft premium-banner-brlr\"><\/div>\r\n\t\t\t\t\t<div class=\"premium-banner-br premium-banner-bright premium-banner-brlr\"><\/div>\r\n\t\t\t\t\t<div class=\"premium-banner-br premium-banner-btop premium-banner-brtb\"><\/div>\r\n\t\t\t\t\t<div class=\"premium-banner-br premium-banner-bottom premium-banner-brtb\"><\/div>\r\n\t\t\t\t<\/div>\r\n\t\t\t\t\t\t\t\t\t\t\t\t\t\t\t<img fetchpriority=\"high\" decoding=\"async\" width=\"1600\" height=\"1066\" src=\"https:\/\/transformarqroo.com\/wp-content\/uploads\/2022\/02\/SOLIDARIDAD-03_02_22-F11.jpg\" class=\"attachment-full size-full wp-image-4354\" alt=\"\" srcset=\"https:\/\/transformarqroo.com\/wp-content\/uploads\/2022\/02\/SOLIDARIDAD-03_02_22-F11.jpg 1600w, https:\/\/transformarqroo.com\/wp-content\/uploads\/2022\/02\/SOLIDARIDAD-03_02_22-F11-300x200.jpg 300w, https:\/\/transformarqroo.com\/wp-content\/uploads\/2022\/02\/SOLIDARIDAD-03_02_22-F11-1024x682.jpg 1024w, https:\/\/transformarqroo.com\/wp-content\/uploads\/2022\/02\/SOLIDARIDAD-03_02_22-F11-768x512.jpg 768w, https:\/\/transformarqroo.com\/wp-content\/uploads\/2022\/02\/SOLIDARIDAD-03_02_22-F11-1536x1023.jpg 1536w\" sizes=\"(max-width: 1600px) 100vw, 1600px\" \/>\t\t\t\t\t\t\t\t\t\t<div class=\"premium-banner-ib-desc\">\r\n\t\t\t\t\t\t\t\t\t<div class=\"premium-banner-desc-centered\">\r\n\t\t\t\t\t\t\t\t\t<h3 class=\"premium-banner-ib-title premium_banner_title\">ACTIVIDAD: PRIMER CONVERSATORIO INTERINSTITUCIONAL DE PROTOCOLOS SOBRE SALUD MENTAL<\/h3>\t\t\t\t\t\t\t\t\t\t\t\t\t<\/div>\r\n\t\t\t\t\t\t\t<\/div>\r\n\t\t\t\t\t<\/div>\r\n\t\t\t\t\t\t<\/div>\n\t\t\t\t<\/div>\n\t\t\t\t\t<\/div>\n\t\t<\/div>\n\t\t\t\t\t<\/div>\n\t\t<\/section>\n\t\t\t\t<section class=\"elementor-section elementor-top-section elementor-element elementor-element-23e4c30 elementor-section-boxed elementor-section-height-default elementor-section-height-default\" data-id=\"23e4c30\" data-element_type=\"section\">\n\t\t\t\t\t\t<div class=\"elementor-container elementor-column-gap-default\">\n\t\t\t\t\t<div class=\"elementor-column elementor-col-100 elementor-top-column elementor-element elementor-element-527691bc\" data-id=\"527691bc\" data-element_type=\"column\">\n\t\t\t<div class=\"elementor-widget-wrap elementor-element-populated\">\n\t\t\t\t\t\t<div class=\"elementor-element elementor-element-7c325134 elementor-widget elementor-widget-text-editor\" data-id=\"7c325134\" data-element_type=\"widget\" data-widget_type=\"text-editor.default\">\n\t\t\t\t<div class=\"elementor-widget-container\">\n\t\t\t\t\t\t\t<ul><li><span style=\"font-weight: 400;\">Dicha actividad la realiz\u00f3 el DIF Solidaridad en sus instalaciones, a fin de dar seguimiento a la propuesta para tener un protocolo y determinar la ruta a seguir junto con los involucrados en el proceso de atenci\u00f3n, canalizaci\u00f3n, resguardo y seguimiento de los pacientes psiqui\u00e1tricos en el municipio de Solidaridad.\u00a0<\/span><\/li><\/ul><p>\u00a0<\/p><ul><li><span style=\"font-weight: 400;\">Los asistentes expusieron su marco de actuaci\u00f3n y la participaci\u00f3n que tienen en casos de personas que requieren de un psiqui\u00e1trico, destacando que si bien existe una buena coordinaci\u00f3n entre las dependencias involucradas, es necesario fortalecer los protocolos, debido a que en el municipio no se cuenta con un centro especializado para su resguardo temporal en caso de que los pacientes lo requieran, m\u00e1s all\u00e1 de las instancias de salud de primero y segundo nivel.\u00a0<\/span><\/li><\/ul><p>\u00a0<\/p><ul><li><span style=\"font-weight: 400;\">Fue acordado que este sea el inicio de una serie de acciones que culminar\u00e1n con la actualizaci\u00f3n de los protocolos y un marco com\u00fan que resuelva las necesidades planteadas.<\/span><\/li><\/ul>\t\t\t\t\t\t<\/div>\n\t\t\t\t<\/div>\n\t\t\t\t\t<\/div>\n\t\t<\/div>\n\t\t\t\t\t<\/div>\n\t\t<\/section>\n\t\t\t\t<section class=\"elementor-section elementor-top-section elementor-element elementor-element-1d8e1157 elementor-section-boxed elementor-section-height-default elementor-section-height-default\" data-id=\"1d8e1157\" data-element_type=\"section\">\n\t\t\t\t\t\t<div class=\"elementor-container elementor-column-gap-default\">\n\t\t\t\t\t<div class=\"elementor-column elementor-col-100 elementor-top-column elementor-element elementor-element-6e2cbe05\" data-id=\"6e2cbe05\" data-element_type=\"column\">\n\t\t\t<div class=\"elementor-widget-wrap elementor-element-populated\">\n\t\t\t\t\t\t<div class=\"elementor-element elementor-element-4e351cec elementor-widget elementor-widget-gallery\" data-id=\"4e351cec\" data-element_type=\"widget\" data-settings=\"{&quot;gallery_layout&quot;:&quot;justified&quot;,&quot;lazyload&quot;:&quot;yes&quot;,&quot;ideal_row_height&quot;:{&quot;unit&quot;:&quot;px&quot;,&quot;size&quot;:200,&quot;sizes&quot;:[]},&quot;ideal_row_height_tablet&quot;:{&quot;unit&quot;:&quot;px&quot;,&quot;size&quot;:150,&quot;sizes&quot;:[]},&quot;ideal_row_height_mobile&quot;:{&quot;unit&quot;:&quot;px&quot;,&quot;size&quot;:150,&quot;sizes&quot;:[]},&quot;gap&quot;:{&quot;unit&quot;:&quot;px&quot;,&quot;size&quot;:10,&quot;sizes&quot;:[]},&quot;gap_tablet&quot;:{&quot;unit&quot;:&quot;px&quot;,&quot;size&quot;:10,&quot;sizes&quot;:[]},&quot;gap_mobile&quot;:{&quot;unit&quot;:&quot;px&quot;,&quot;size&quot;:10,&quot;sizes&quot;:[]},&quot;link_to&quot;:&quot;file&quot;,&quot;overlay_background&quot;:&quot;yes&quot;,&quot;content_hover_animation&quot;:&quot;fade-in&quot;}\" data-widget_type=\"gallery.default\">\n\t\t\t\t<div class=\"elementor-widget-container\">\n\t\t\t\t\t<div class=\"elementor-gallery__container\">\n\t\t\t\t\t\t\t<a class=\"e-gallery-item elementor-gallery-item elementor-animated-content\" href=\"https:\/\/transformarqroo.com\/wp-content\/uploads\/2022\/02\/SOLIDARIDAD-03_02_22-F11.jpg\" data-elementor-open-lightbox=\"yes\" data-elementor-lightbox-slideshow=\"4e351cec\" data-elementor-lightbox-title=\"SOLIDARIDAD 03_02_22 F1(1)\" data-e-action-hash=\"#elementor-action%3Aaction%3Dlightbox%26settings%3DeyJpZCI6NDM1NCwidXJsIjoiaHR0cHM6XC9cL3RyYW5zZm9ybWFycXJvby5jb21cL3dwLWNvbnRlbnRcL3VwbG9hZHNcLzIwMjJcLzAyXC9TT0xJREFSSURBRC0wM18wMl8yMi1GMTEuanBnIiwic2xpZGVzaG93IjoiNGUzNTFjZWMifQ%3D%3D\">\n\t\t\t\t\t<div class=\"e-gallery-image elementor-gallery-item__image\" data-thumbnail=\"https:\/\/transformarqroo.com\/wp-content\/uploads\/2022\/02\/SOLIDARIDAD-03_02_22-F11.jpg\" data-width=\"1600\" data-height=\"1066\" aria-label=\"\" role=\"img\" ><\/div>\n\t\t\t\t\t\t\t\t\t\t\t<div class=\"elementor-gallery-item__overlay\"><\/div>\n\t\t\t\t\t\t\t\t\t\t\t\t\t\t<\/a>\n\t\t\t\t\t\t\t<a class=\"e-gallery-item elementor-gallery-item elementor-animated-content\" href=\"https:\/\/transformarqroo.com\/wp-content\/uploads\/2022\/02\/SOLIDARIDAD-03_02_22-F1.jpg\" data-elementor-open-lightbox=\"yes\" data-elementor-lightbox-slideshow=\"4e351cec\" data-elementor-lightbox-title=\"SOLIDARIDAD 03_02_22 F1\" data-e-action-hash=\"#elementor-action%3Aaction%3Dlightbox%26settings%3DeyJpZCI6NDM1MywidXJsIjoiaHR0cHM6XC9cL3RyYW5zZm9ybWFycXJvby5jb21cL3dwLWNvbnRlbnRcL3VwbG9hZHNcLzIwMjJcLzAyXC9TT0xJREFSSURBRC0wM18wMl8yMi1GMS5qcGciLCJzbGlkZXNob3ciOiI0ZTM1MWNlYyJ9\">\n\t\t\t\t\t<div class=\"e-gallery-image elementor-gallery-item__image\" data-thumbnail=\"https:\/\/transformarqroo.com\/wp-content\/uploads\/2022\/02\/SOLIDARIDAD-03_02_22-F1.jpg\" data-width=\"1600\" data-height=\"1066\" aria-label=\"\" role=\"img\" ><\/div>\n\t\t\t\t\t\t\t\t\t\t\t<div class=\"elementor-gallery-item__overlay\"><\/div>\n\t\t\t\t\t\t\t\t\t\t\t\t\t\t<\/a>\n\t\t\t\t\t<\/div>\n\t\t\t<\/div>\n\t\t\t\t<\/div>\n\t\t\t\t\t<\/div>\n\t\t<\/div>\n\t\t\t\t\t<\/div>\n\t\t<\/section>\n\t\t\t\t<\/div>\n\t\t","protected":false},"excerpt":{"rendered":"<p>ACTIVIDAD: PRIMER CONVERSATORIO INTERINSTITUCIONAL DE PROTOCOLOS SOBRE SALUD MENTAL Dicha actividad la realiz\u00f3 el DIF Solidaridad en sus instalaciones, a fin de dar seguimiento a la propuesta para tener un protocolo y determinar la ruta a seguir junto con los involucrados en el proceso de atenci\u00f3n, canalizaci\u00f3n, resguardo y seguimiento de los pacientes psiqui\u00e1tricos en [&hellip;]<\/p>\n","protected":false},"author":1,"featured_media":4354,"comment_status":"closed","ping_status":"closed","sticky":false,"template":"","format":"standard","meta":{"_FSMCFIC_featured_image_caption":"","_FSMCFIC_featured_image_nocaption":"","_FSMCFIC_featured_image_hide":"1","footnotes":""},"categories":[30],"tags":[],"class_list":["post-4351","post","type-post","status-publish","format-standard","has-post-thumbnail","hentry","category-solidaridad"],"aioseo_notices":[],"_links":{"self":[{"href":"https:\/\/transformarqroo.com\/index.php\/wp-json\/wp\/v2\/posts\/4351","targetHints":{"allow":["GET"]}}],"collection":[{"href":"https:\/\/transformarqroo.com\/index.php\/wp-json\/wp\/v2\/posts"}],"about":[{"href":"https:\/\/transformarqroo.com\/index.php\/wp-json\/wp\/v2\/types\/post"}],"author":[{"embeddable":true,"href":"https:\/\/transformarqroo.com\/index.php\/wp-json\/wp\/v2\/users\/1"}],"replies":[{"embeddable":true,"href":"https:\/\/transformarqroo.com\/index.php\/wp-json\/wp\/v2\/comments?post=4351"}],"version-history":[{"count":8,"href":"https:\/\/transformarqroo.com\/index.php\/wp-json\/wp\/v2\/posts\/4351\/revisions"}],"predecessor-version":[{"id":4369,"href":"https:\/\/transformarqroo.com\/index.php\/wp-json\/wp\/v2\/posts\/4351\/revisions\/4369"}],"wp:featuredmedia":[{"embeddable":true,"href":"https:\/\/transformarqroo.com\/index.php\/wp-json\/wp\/v2\/media\/4354"}],"wp:attachment":[{"href":"https:\/\/transformarqroo.com\/index.php\/wp-json\/wp\/v2\/media?parent=4351"}],"wp:term":[{"taxonomy":"category","embeddable":true,"href":"https:\/\/transformarqroo.com\/index.php\/wp-json\/wp\/v2\/categories?post=4351"},{"taxonomy":"post_tag","embeddable":true,"href":"https:\/\/transformarqroo.com\/index.php\/wp-json\/wp\/v2\/tags?post=4351"}],"curies":[{"name":"wp","href":"https:\/\/api.w.org\/{rel}","templated":true}]}}