{"id":43602,"date":"2025-10-29T21:37:00","date_gmt":"2025-10-30T02:37:00","guid":{"rendered":"https:\/\/transformarqroo.com\/?p=43602"},"modified":"2025-12-09T21:41:07","modified_gmt":"2025-12-10T02:41:07","slug":"estefania-mercado-impulsa-un-playa-del-carmen-mas-incluyente-con-la-entrega-de-auxiliares-auditivos","status":"publish","type":"post","link":"https:\/\/transformarqroo.com\/index.php\/2025\/10\/29\/estefania-mercado-impulsa-un-playa-del-carmen-mas-incluyente-con-la-entrega-de-auxiliares-auditivos\/","title":{"rendered":"ESTEFAN\u00cdA MERCADO IMPULSA UN PLAYA DEL CARMEN M\u00c1S INCLUYENTE, CON LA ENTREGA DE AUXILIARES AUDITIVOS"},"content":{"rendered":"\t\t<div data-elementor-type=\"wp-post\" data-elementor-id=\"43602\" class=\"elementor elementor-43602\" data-elementor-post-type=\"post\">\n\t\t\t\t\t\t<section class=\"elementor-section elementor-top-section elementor-element elementor-element-4f5b005c elementor-section-boxed elementor-section-height-default elementor-section-height-default\" data-id=\"4f5b005c\" data-element_type=\"section\">\n\t\t\t\t\t\t<div class=\"elementor-container elementor-column-gap-default\">\n\t\t\t\t\t<div class=\"elementor-column elementor-col-100 elementor-top-column elementor-element elementor-element-138d4725\" data-id=\"138d4725\" data-element_type=\"column\">\n\t\t\t<div class=\"elementor-widget-wrap elementor-element-populated\">\n\t\t\t\t\t\t<div class=\"elementor-element elementor-element-44c6d3a4 elementor-widget elementor-widget-premium-addon-banner\" data-id=\"44c6d3a4\" data-element_type=\"widget\" data-widget_type=\"premium-addon-banner.default\">\n\t\t\t\t<div class=\"elementor-widget-container\">\n\t\t\t\t\t<div class=\"premium-banner-ib premium-banner-min-height premium-banner-animation7 none\">\r\n\t\t\t\t\t\t\t<div class=\"premium-banner-border\">\r\n\t\t\t\t\t<div class=\"premium-banner-br premium-banner-bleft premium-banner-brlr\"><\/div>\r\n\t\t\t\t\t<div class=\"premium-banner-br premium-banner-bright premium-banner-brlr\"><\/div>\r\n\t\t\t\t\t<div class=\"premium-banner-br premium-banner-btop premium-banner-brtb\"><\/div>\r\n\t\t\t\t\t<div class=\"premium-banner-br premium-banner-bottom premium-banner-brtb\"><\/div>\r\n\t\t\t\t<\/div>\r\n\t\t\t\t\t\t\t\t\t\t\t\t\t\t\t<img fetchpriority=\"high\" decoding=\"async\" width=\"1600\" height=\"1066\" src=\"https:\/\/transformarqroo.com\/wp-content\/uploads\/2025\/12\/Playa-29_Oct.jpg\" class=\"attachment-full size-full wp-image-43616\" alt=\"\" srcset=\"https:\/\/transformarqroo.com\/wp-content\/uploads\/2025\/12\/Playa-29_Oct.jpg 1600w, https:\/\/transformarqroo.com\/wp-content\/uploads\/2025\/12\/Playa-29_Oct-300x200.jpg 300w, https:\/\/transformarqroo.com\/wp-content\/uploads\/2025\/12\/Playa-29_Oct-1024x682.jpg 1024w, https:\/\/transformarqroo.com\/wp-content\/uploads\/2025\/12\/Playa-29_Oct-768x512.jpg 768w, https:\/\/transformarqroo.com\/wp-content\/uploads\/2025\/12\/Playa-29_Oct-100x67.jpg 100w, https:\/\/transformarqroo.com\/wp-content\/uploads\/2025\/12\/Playa-29_Oct-1536x1023.jpg 1536w\" sizes=\"(max-width: 1600px) 100vw, 1600px\" \/>\t\t\t\t\t\t\t\t\t\t<div class=\"premium-banner-ib-desc\">\r\n\t\t\t\t\t\t\t\t\t<div class=\"premium-banner-desc-centered\">\r\n\t\t\t\t\t\t\t\t\t<h3 class=\"premium-banner-ib-title premium_banner_title\"><\/h3>\t\t\t\t\t\t\t\t\t\t\t\t\t<\/div>\r\n\t\t\t\t\t\t\t<\/div>\r\n\t\t\t\t\t<\/div>\r\n\t\t\t\t\t\t<\/div>\n\t\t\t\t<\/div>\n\t\t\t\t\t<\/div>\n\t\t<\/div>\n\t\t\t\t\t<\/div>\n\t\t<\/section>\n\t\t\t\t<section class=\"elementor-section elementor-top-section elementor-element elementor-element-18193b10 elementor-section-boxed elementor-section-height-default elementor-section-height-default\" data-id=\"18193b10\" data-element_type=\"section\" data-settings=\"{&quot;background_background&quot;:&quot;classic&quot;}\">\n\t\t\t\t\t\t<div class=\"elementor-container elementor-column-gap-default\">\n\t\t\t\t\t<div class=\"elementor-column elementor-col-100 elementor-top-column elementor-element elementor-element-1392624b\" data-id=\"1392624b\" data-element_type=\"column\">\n\t\t\t<div class=\"elementor-widget-wrap elementor-element-populated\">\n\t\t\t\t\t\t<div class=\"elementor-element elementor-element-72dcb829 premium-title-icon-row premium-title-color elementor-widget elementor-widget-premium-addon-title\" data-id=\"72dcb829\" data-element_type=\"widget\" data-widget_type=\"premium-addon-title.default\">\n\t\t\t\t<div class=\"elementor-widget-container\">\n\t\t\t\r\n\t\t<div class=\"premium-title-container style2\">\r\n\t\t\t<h5 class=\"premium-title-header premium-title-style2\">\r\n\t\t\t\t\r\n\t\t\t\t\t\t\t\t\t\t\t\t\t\t\t<div class=\"premium-title-icon premium-lottie-animation\" data-lottie-url=\"https:\/\/assets8.lottiefiles.com\/packages\/lf20_pcfclxy8.json\" data-lottie-loop=\"true\" data-lottie-reverse=\"\"><\/div>\r\n\t\t\t\t\t\t\t\t\t\r\n\t\t\t\t\t\t\t\t\t\t\t\t<span class=\"premium-title-text\" >\r\n\t\t\t\t\t\t\t\t\t<\/span>\r\n\t\t\t\t\t\r\n\t\t\t\t\t\t\t\t\t\t\t<\/h5>\r\n\t\t<\/div>\r\n\r\n\t\t\t\t<\/div>\n\t\t\t\t<\/div>\n\t\t\t\t\t<\/div>\n\t\t<\/div>\n\t\t\t\t\t<\/div>\n\t\t<\/section>\n\t\t\t\t<section class=\"elementor-section elementor-top-section elementor-element elementor-element-3c667d30 elementor-section-boxed elementor-section-height-default elementor-section-height-default\" data-id=\"3c667d30\" data-element_type=\"section\">\n\t\t\t\t\t\t<div class=\"elementor-container elementor-column-gap-default\">\n\t\t\t\t\t<div class=\"elementor-column elementor-col-100 elementor-top-column elementor-element elementor-element-199527b3\" data-id=\"199527b3\" data-element_type=\"column\">\n\t\t\t<div class=\"elementor-widget-wrap elementor-element-populated\">\n\t\t\t\t\t\t<div class=\"elementor-element elementor-element-4ed5280d elementor-widget elementor-widget-text-editor\" data-id=\"4ed5280d\" data-element_type=\"widget\" data-widget_type=\"text-editor.default\">\n\t\t\t\t<div class=\"elementor-widget-container\">\n\t\t\t\t\t\t\t<p><span style=\"font-weight: 400;\">Playa del Carmen, Quintana Roo, 29 de octubre de 2025.\u2013 La presidenta municipal Estefan\u00eda Mercado encabez\u00f3 la jornada de entrega de 98 auxiliares auditivos otorgados de manera totalmente gratuita por la Administraci\u00f3n del Patrimonio de la Beneficencia P\u00fablica, en coordinaci\u00f3n con el Sistema DIF.<\/span><\/p><p>\u00a0<\/p><p><span style=\"font-weight: 400;\">Durante el evento, la alcaldesa agradeci\u00f3 el apoyo de la presidenta de M\u00e9xico, Claudia Sheinbaum, y de la gobernadora Mara Lezama, por hacer posible este programa federal que busca mejorar la calidad de vida de las personas con discapacidad auditiva en los municipios de Felipe Carrillo Puerto, Cozumel y Playa del Carmen.<\/span><\/p><p>\u00a0<\/p><p><span style=\"font-weight: 400;\">Previo al acto de entrega, la Presidenta Municipal realiz\u00f3 un recorrido por las instalaciones del DIF Playa del Carmen, acompa\u00f1ada por el presidente honorario de la instituci\u00f3n, Eduardo Asencio; del secretario de Salud Municipal, Jos\u00e9 Uribe; y del director de Asistencia Social del DIF, Jes\u00fas G\u00f3ngora, para saludar personalmente a las y los beneficiarios.<\/span><\/p><p>\u00a0<\/p><p><span style=\"font-weight: 400;\">Estefan\u00eda Mercado destac\u00f3 que su gobierno es incluyente y cercano, que trabaja por el bienestar de todas y todos.<\/span><\/p><p>\u00a0<\/p><p><span style=\"font-weight: 400;\">\u201cHoy celebramos la esperanza que renace en cada sonrisa de un ni\u00f1o, joven o adulto; en cada palabra que podr\u00e1 volver a o\u00edrse gracias a estos auxiliares auditivos\u201d, expres\u00f3.<\/span><\/p><p>\u00a0<\/p><p><span style=\"font-weight: 400;\">Durante la jornada, el Dr. Eduardo Acosta, encargado de las valoraciones m\u00e9dicas, explic\u00f3 a los asistentes el proceso t\u00e9cnico de adaptaci\u00f3n de los aparatos, destacando el cuidado con que se realiza cada evaluaci\u00f3n para garantizar su efectividad.<\/span><\/p><p>\u00a0<\/p><p><span style=\"font-weight: 400;\">Este esfuerzo conjunto entre el Sistema DIF Playa del Carmen y la Beneficencia P\u00fablica refleja el compromiso del gobierno encabezado por Estefan\u00eda Mercado con la inclusi\u00f3n, la salud y el bienestar social, reafirmando que en Playa del Carmen se trabaja todos los d\u00edas por un municipio m\u00e1s justo, solidario y con esperanza para todas y todos.<\/span><\/p>\t\t\t\t\t\t<\/div>\n\t\t\t\t<\/div>\n\t\t\t\t\t<\/div>\n\t\t<\/div>\n\t\t\t\t\t<\/div>\n\t\t<\/section>\n\t\t\t\t<section class=\"elementor-section elementor-top-section elementor-element elementor-element-7e9fbc83 elementor-section-boxed elementor-section-height-default elementor-section-height-default\" data-id=\"7e9fbc83\" data-element_type=\"section\">\n\t\t\t\t\t\t<div class=\"elementor-container elementor-column-gap-default\">\n\t\t\t\t\t<div class=\"elementor-column elementor-col-100 elementor-top-column elementor-element elementor-element-5ce03d59\" data-id=\"5ce03d59\" data-element_type=\"column\">\n\t\t\t<div class=\"elementor-widget-wrap elementor-element-populated\">\n\t\t\t\t\t\t<div class=\"elementor-element elementor-element-3c8ce5b1 elementor-widget elementor-widget-gallery\" data-id=\"3c8ce5b1\" data-element_type=\"widget\" data-settings=\"{&quot;gallery_layout&quot;:&quot;justified&quot;,&quot;lazyload&quot;:&quot;yes&quot;,&quot;ideal_row_height&quot;:{&quot;unit&quot;:&quot;px&quot;,&quot;size&quot;:200,&quot;sizes&quot;:[]},&quot;ideal_row_height_tablet&quot;:{&quot;unit&quot;:&quot;px&quot;,&quot;size&quot;:150,&quot;sizes&quot;:[]},&quot;ideal_row_height_mobile&quot;:{&quot;unit&quot;:&quot;px&quot;,&quot;size&quot;:150,&quot;sizes&quot;:[]},&quot;gap&quot;:{&quot;unit&quot;:&quot;px&quot;,&quot;size&quot;:10,&quot;sizes&quot;:[]},&quot;gap_tablet&quot;:{&quot;unit&quot;:&quot;px&quot;,&quot;size&quot;:10,&quot;sizes&quot;:[]},&quot;gap_mobile&quot;:{&quot;unit&quot;:&quot;px&quot;,&quot;size&quot;:10,&quot;sizes&quot;:[]},&quot;link_to&quot;:&quot;file&quot;,&quot;overlay_background&quot;:&quot;yes&quot;,&quot;content_hover_animation&quot;:&quot;fade-in&quot;}\" data-widget_type=\"gallery.default\">\n\t\t\t\t<div class=\"elementor-widget-container\">\n\t\t\t\t\t<div class=\"elementor-gallery__container\">\n\t\t\t\t\t\t\t<a class=\"e-gallery-item elementor-gallery-item elementor-animated-content\" href=\"https:\/\/transformarqroo.com\/wp-content\/uploads\/2025\/12\/Playa-29_Oct1.jpg\" data-elementor-open-lightbox=\"yes\" data-elementor-lightbox-slideshow=\"3c8ce5b1\" data-elementor-lightbox-title=\"Playa 29_Oct(1)\" data-e-action-hash=\"#elementor-action%3Aaction%3Dlightbox%26settings%3DeyJpZCI6NDM2MTIsInVybCI6Imh0dHBzOlwvXC90cmFuc2Zvcm1hcnFyb28uY29tXC93cC1jb250ZW50XC91cGxvYWRzXC8yMDI1XC8xMlwvUGxheWEtMjlfT2N0MS5qcGciLCJzbGlkZXNob3ciOiIzYzhjZTViMSJ9\">\n\t\t\t\t\t<div class=\"e-gallery-image elementor-gallery-item__image\" data-thumbnail=\"https:\/\/transformarqroo.com\/wp-content\/uploads\/2025\/12\/Playa-29_Oct1.jpg\" data-width=\"1600\" data-height=\"1066\" aria-label=\"\" role=\"img\" ><\/div>\n\t\t\t\t\t\t\t\t\t\t\t<div class=\"elementor-gallery-item__overlay\"><\/div>\n\t\t\t\t\t\t\t\t\t\t\t\t\t\t<\/a>\n\t\t\t\t\t\t\t<a class=\"e-gallery-item elementor-gallery-item elementor-animated-content\" href=\"https:\/\/transformarqroo.com\/wp-content\/uploads\/2025\/12\/Playa-29_Oct2.jpg\" data-elementor-open-lightbox=\"yes\" data-elementor-lightbox-slideshow=\"3c8ce5b1\" data-elementor-lightbox-title=\"Playa 29_Oct(2)\" data-e-action-hash=\"#elementor-action%3Aaction%3Dlightbox%26settings%3DeyJpZCI6NDM2MTMsInVybCI6Imh0dHBzOlwvXC90cmFuc2Zvcm1hcnFyb28uY29tXC93cC1jb250ZW50XC91cGxvYWRzXC8yMDI1XC8xMlwvUGxheWEtMjlfT2N0Mi5qcGciLCJzbGlkZXNob3ciOiIzYzhjZTViMSJ9\">\n\t\t\t\t\t<div class=\"e-gallery-image elementor-gallery-item__image\" data-thumbnail=\"https:\/\/transformarqroo.com\/wp-content\/uploads\/2025\/12\/Playa-29_Oct2.jpg\" data-width=\"1600\" data-height=\"1066\" aria-label=\"\" role=\"img\" ><\/div>\n\t\t\t\t\t\t\t\t\t\t\t<div class=\"elementor-gallery-item__overlay\"><\/div>\n\t\t\t\t\t\t\t\t\t\t\t\t\t\t<\/a>\n\t\t\t\t\t\t\t<a class=\"e-gallery-item elementor-gallery-item elementor-animated-content\" href=\"https:\/\/transformarqroo.com\/wp-content\/uploads\/2025\/12\/Playa-29_Oct3.jpg\" data-elementor-open-lightbox=\"yes\" data-elementor-lightbox-slideshow=\"3c8ce5b1\" data-elementor-lightbox-title=\"Playa 29_Oct(3)\" data-e-action-hash=\"#elementor-action%3Aaction%3Dlightbox%26settings%3DeyJpZCI6NDM2MTUsInVybCI6Imh0dHBzOlwvXC90cmFuc2Zvcm1hcnFyb28uY29tXC93cC1jb250ZW50XC91cGxvYWRzXC8yMDI1XC8xMlwvUGxheWEtMjlfT2N0My5qcGciLCJzbGlkZXNob3ciOiIzYzhjZTViMSJ9\">\n\t\t\t\t\t<div class=\"e-gallery-image elementor-gallery-item__image\" data-thumbnail=\"https:\/\/transformarqroo.com\/wp-content\/uploads\/2025\/12\/Playa-29_Oct3.jpg\" data-width=\"1600\" data-height=\"1066\" aria-label=\"\" role=\"img\" ><\/div>\n\t\t\t\t\t\t\t\t\t\t\t<div class=\"elementor-gallery-item__overlay\"><\/div>\n\t\t\t\t\t\t\t\t\t\t\t\t\t\t<\/a>\n\t\t\t\t\t\t\t<a class=\"e-gallery-item elementor-gallery-item elementor-animated-content\" href=\"https:\/\/transformarqroo.com\/wp-content\/uploads\/2025\/12\/Playa-29_Oct.jpg\" data-elementor-open-lightbox=\"yes\" data-elementor-lightbox-slideshow=\"3c8ce5b1\" data-elementor-lightbox-title=\"Playa 29_Oct\" data-e-action-hash=\"#elementor-action%3Aaction%3Dlightbox%26settings%3DeyJpZCI6NDM2MTYsInVybCI6Imh0dHBzOlwvXC90cmFuc2Zvcm1hcnFyb28uY29tXC93cC1jb250ZW50XC91cGxvYWRzXC8yMDI1XC8xMlwvUGxheWEtMjlfT2N0LmpwZyIsInNsaWRlc2hvdyI6IjNjOGNlNWIxIn0%3D\">\n\t\t\t\t\t<div class=\"e-gallery-image elementor-gallery-item__image\" data-thumbnail=\"https:\/\/transformarqroo.com\/wp-content\/uploads\/2025\/12\/Playa-29_Oct.jpg\" data-width=\"1600\" data-height=\"1066\" aria-label=\"\" role=\"img\" ><\/div>\n\t\t\t\t\t\t\t\t\t\t\t<div class=\"elementor-gallery-item__overlay\"><\/div>\n\t\t\t\t\t\t\t\t\t\t\t\t\t\t<\/a>\n\t\t\t\t\t<\/div>\n\t\t\t<\/div>\n\t\t\t\t<\/div>\n\t\t\t\t\t<\/div>\n\t\t<\/div>\n\t\t\t\t\t<\/div>\n\t\t<\/section>\n\t\t\t\t<\/div>\n\t\t","protected":false},"excerpt":{"rendered":"<p>Playa del Carmen, Quintana Roo, 29 de octubre de 2025.\u2013 La presidenta municipal Estefan\u00eda Mercado encabez\u00f3 la jornada de entrega de 98 auxiliares auditivos otorgados de manera totalmente gratuita por la Administraci\u00f3n del Patrimonio de la Beneficencia P\u00fablica, en coordinaci\u00f3n con el Sistema DIF. \u00a0 Durante el evento, la alcaldesa agradeci\u00f3 el apoyo de la [&hellip;]<\/p>\n","protected":false},"author":1,"featured_media":43616,"comment_status":"closed","ping_status":"closed","sticky":false,"template":"","format":"standard","meta":{"_FSMCFIC_featured_image_caption":"","_FSMCFIC_featured_image_nocaption":"","_FSMCFIC_featured_image_hide":"","footnotes":""},"categories":[32,30],"tags":[],"class_list":["post-43602","post","type-post","status-publish","format-standard","has-post-thumbnail","hentry","category-municipios","category-solidaridad"],"aioseo_notices":[],"_links":{"self":[{"href":"https:\/\/transformarqroo.com\/index.php\/wp-json\/wp\/v2\/posts\/43602","targetHints":{"allow":["GET"]}}],"collection":[{"href":"https:\/\/transformarqroo.com\/index.php\/wp-json\/wp\/v2\/posts"}],"about":[{"href":"https:\/\/transformarqroo.com\/index.php\/wp-json\/wp\/v2\/types\/post"}],"author":[{"embeddable":true,"href":"https:\/\/transformarqroo.com\/index.php\/wp-json\/wp\/v2\/users\/1"}],"replies":[{"embeddable":true,"href":"https:\/\/transformarqroo.com\/index.php\/wp-json\/wp\/v2\/comments?post=43602"}],"version-history":[{"count":4,"href":"https:\/\/transformarqroo.com\/index.php\/wp-json\/wp\/v2\/posts\/43602\/revisions"}],"predecessor-version":[{"id":43627,"href":"https:\/\/transformarqroo.com\/index.php\/wp-json\/wp\/v2\/posts\/43602\/revisions\/43627"}],"wp:featuredmedia":[{"embeddable":true,"href":"https:\/\/transformarqroo.com\/index.php\/wp-json\/wp\/v2\/media\/43616"}],"wp:attachment":[{"href":"https:\/\/transformarqroo.com\/index.php\/wp-json\/wp\/v2\/media?parent=43602"}],"wp:term":[{"taxonomy":"category","embeddable":true,"href":"https:\/\/transformarqroo.com\/index.php\/wp-json\/wp\/v2\/categories?post=43602"},{"taxonomy":"post_tag","embeddable":true,"href":"https:\/\/transformarqroo.com\/index.php\/wp-json\/wp\/v2\/tags?post=43602"}],"curies":[{"name":"wp","href":"https:\/\/api.w.org\/{rel}","templated":true}]}}