{"id":43603,"date":"2025-10-28T21:37:02","date_gmt":"2025-10-29T02:37:02","guid":{"rendered":"https:\/\/transformarqroo.com\/?p=43603"},"modified":"2025-12-09T21:40:39","modified_gmt":"2025-12-10T02:40:39","slug":"gobierno-de-estefania-mercado-fortalece-la-administracion-publica-municipal-y-el-bienestar-social-de-las-y-los-playenses","status":"publish","type":"post","link":"https:\/\/transformarqroo.com\/index.php\/2025\/10\/28\/gobierno-de-estefania-mercado-fortalece-la-administracion-publica-municipal-y-el-bienestar-social-de-las-y-los-playenses\/","title":{"rendered":"GOBIERNO DE ESTEFAN\u00cdA MERCADO FORTALECE LA ADMINISTRACI\u00d3N P\u00daBLICA MUNICIPAL Y EL BIENESTAR SOCIAL DE LAS Y LOS PLAYENSES"},"content":{"rendered":"\t\t<div data-elementor-type=\"wp-post\" data-elementor-id=\"43603\" class=\"elementor elementor-43603\" data-elementor-post-type=\"post\">\n\t\t\t\t\t\t<section class=\"elementor-section elementor-top-section elementor-element elementor-element-5f3a16cd elementor-section-boxed elementor-section-height-default elementor-section-height-default\" data-id=\"5f3a16cd\" data-element_type=\"section\">\n\t\t\t\t\t\t<div class=\"elementor-container elementor-column-gap-default\">\n\t\t\t\t\t<div class=\"elementor-column elementor-col-100 elementor-top-column elementor-element elementor-element-4dece80e\" data-id=\"4dece80e\" data-element_type=\"column\">\n\t\t\t<div class=\"elementor-widget-wrap elementor-element-populated\">\n\t\t\t\t\t\t<div class=\"elementor-element elementor-element-4c6e8cd1 elementor-widget elementor-widget-premium-addon-banner\" data-id=\"4c6e8cd1\" data-element_type=\"widget\" data-widget_type=\"premium-addon-banner.default\">\n\t\t\t\t<div class=\"elementor-widget-container\">\n\t\t\t\t\t<div class=\"premium-banner-ib premium-banner-min-height premium-banner-animation7 none\">\r\n\t\t\t\t\t\t\t<div class=\"premium-banner-border\">\r\n\t\t\t\t\t<div class=\"premium-banner-br premium-banner-bleft premium-banner-brlr\"><\/div>\r\n\t\t\t\t\t<div class=\"premium-banner-br premium-banner-bright premium-banner-brlr\"><\/div>\r\n\t\t\t\t\t<div class=\"premium-banner-br premium-banner-btop premium-banner-brtb\"><\/div>\r\n\t\t\t\t\t<div class=\"premium-banner-br premium-banner-bottom premium-banner-brtb\"><\/div>\r\n\t\t\t\t<\/div>\r\n\t\t\t\t\t\t\t\t\t\t\t\t\t\t\t<img fetchpriority=\"high\" decoding=\"async\" width=\"1600\" height=\"1066\" src=\"https:\/\/transformarqroo.com\/wp-content\/uploads\/2025\/12\/Playa-28_Oct.jpg\" class=\"attachment-full size-full wp-image-43611\" alt=\"\" srcset=\"https:\/\/transformarqroo.com\/wp-content\/uploads\/2025\/12\/Playa-28_Oct.jpg 1600w, https:\/\/transformarqroo.com\/wp-content\/uploads\/2025\/12\/Playa-28_Oct-300x200.jpg 300w, https:\/\/transformarqroo.com\/wp-content\/uploads\/2025\/12\/Playa-28_Oct-1024x682.jpg 1024w, https:\/\/transformarqroo.com\/wp-content\/uploads\/2025\/12\/Playa-28_Oct-768x512.jpg 768w, https:\/\/transformarqroo.com\/wp-content\/uploads\/2025\/12\/Playa-28_Oct-100x67.jpg 100w, https:\/\/transformarqroo.com\/wp-content\/uploads\/2025\/12\/Playa-28_Oct-1536x1023.jpg 1536w\" sizes=\"(max-width: 1600px) 100vw, 1600px\" \/>\t\t\t\t\t\t\t\t\t\t<div class=\"premium-banner-ib-desc\">\r\n\t\t\t\t\t\t\t\t\t<div class=\"premium-banner-desc-centered\">\r\n\t\t\t\t\t\t\t\t\t<h3 class=\"premium-banner-ib-title premium_banner_title\"><\/h3>\t\t\t\t\t\t\t\t\t\t\t\t\t<\/div>\r\n\t\t\t\t\t\t\t<\/div>\r\n\t\t\t\t\t<\/div>\r\n\t\t\t\t\t\t<\/div>\n\t\t\t\t<\/div>\n\t\t\t\t\t<\/div>\n\t\t<\/div>\n\t\t\t\t\t<\/div>\n\t\t<\/section>\n\t\t\t\t<section class=\"elementor-section elementor-top-section elementor-element elementor-element-31272d9d elementor-section-boxed elementor-section-height-default elementor-section-height-default\" data-id=\"31272d9d\" data-element_type=\"section\" data-settings=\"{&quot;background_background&quot;:&quot;classic&quot;}\">\n\t\t\t\t\t\t<div class=\"elementor-container elementor-column-gap-default\">\n\t\t\t\t\t<div class=\"elementor-column elementor-col-100 elementor-top-column elementor-element elementor-element-185303f0\" data-id=\"185303f0\" data-element_type=\"column\">\n\t\t\t<div class=\"elementor-widget-wrap elementor-element-populated\">\n\t\t\t\t\t\t<div class=\"elementor-element elementor-element-78fe63e8 premium-title-icon-row premium-title-color elementor-widget elementor-widget-premium-addon-title\" data-id=\"78fe63e8\" data-element_type=\"widget\" data-widget_type=\"premium-addon-title.default\">\n\t\t\t\t<div class=\"elementor-widget-container\">\n\t\t\t\r\n\t\t<div class=\"premium-title-container style2\">\r\n\t\t\t<h5 class=\"premium-title-header premium-title-style2\">\r\n\t\t\t\t\r\n\t\t\t\t\t\t\t\t\t\t\t\t\t\t\t<div class=\"premium-title-icon premium-lottie-animation\" data-lottie-url=\"https:\/\/assets8.lottiefiles.com\/packages\/lf20_pcfclxy8.json\" data-lottie-loop=\"true\" data-lottie-reverse=\"\"><\/div>\r\n\t\t\t\t\t\t\t\t\t\r\n\t\t\t\t\t\t\t\t\t\t\t\t<span class=\"premium-title-text\" >\r\n\t\t\t\t\t\t\t\t\t<\/span>\r\n\t\t\t\t\t\r\n\t\t\t\t\t\t\t\t\t\t\t<\/h5>\r\n\t\t<\/div>\r\n\r\n\t\t\t\t<\/div>\n\t\t\t\t<\/div>\n\t\t\t\t\t<\/div>\n\t\t<\/div>\n\t\t\t\t\t<\/div>\n\t\t<\/section>\n\t\t\t\t<section class=\"elementor-section elementor-top-section elementor-element elementor-element-2bf5df8f elementor-section-boxed elementor-section-height-default elementor-section-height-default\" data-id=\"2bf5df8f\" data-element_type=\"section\">\n\t\t\t\t\t\t<div class=\"elementor-container elementor-column-gap-default\">\n\t\t\t\t\t<div class=\"elementor-column elementor-col-100 elementor-top-column elementor-element elementor-element-e372948\" data-id=\"e372948\" data-element_type=\"column\">\n\t\t\t<div class=\"elementor-widget-wrap elementor-element-populated\">\n\t\t\t\t\t\t<div class=\"elementor-element elementor-element-767784ed elementor-widget elementor-widget-text-editor\" data-id=\"767784ed\" data-element_type=\"widget\" data-widget_type=\"text-editor.default\">\n\t\t\t\t<div class=\"elementor-widget-container\">\n\t\t\t\t\t\t\t<p><span style=\"font-weight: 400;\">Playa del Carmen, Quintana Roo, 28 de octubre de 2025.\u2013 El Cabildo de Playa del Carmen, encabezado por la alcaldesa Estefan\u00eda Mercado, llev\u00f3 a cabo la Vig\u00e9sima S\u00e9ptima Sesi\u00f3n Ordinaria, en la que se aprobaron acuerdos estrat\u00e9gicos para fortalecer la administraci\u00f3n p\u00fablica municipal y el bienestar de las y los playenses.<\/span><\/p><p>\u00a0<\/p><p><span style=\"font-weight: 400;\">Durante la sesi\u00f3n, que tuvo lugar en el Sal\u00f3n Leona Vicario del nuevo Palacio Municipal, se autoriz\u00f3 de manera un\u00e1nime la firma de un convenio con el Poder Ejecutivo del Estado de Quintana Roo, para la ejecuci\u00f3n de programas del bienestar, que ampl\u00edan la atenci\u00f3n social a los sectores m\u00e1s vulnerables de Playa del Carmen.<\/span><\/p><p>\u00a0<\/p><p><span style=\"font-weight: 400;\">El convenio, explic\u00f3 el secretario general del Ayuntamiento, Luis Herrera Quiam, entrar\u00e1 en vigor a partir de su firma y concluir\u00e1 el 29 de septiembre de 2027.<\/span><\/p><p>\u00a0<\/p><p><span style=\"font-weight: 400;\">La regidora Alma Angelina Rodr\u00edguez celebr\u00f3 este acuerdo, ya que permitir\u00e1 atender a los sectores m\u00e1s vulnerables y avanzar en el camino de la consolidaci\u00f3n de la Cuarta Transformaci\u00f3n.<\/span><\/p><p>\u00a0<\/p><p><span style=\"font-weight: 400;\">Asimismo, se aprobaron, con el respaldo de todos los integrantes del Cabildo, reformas al Reglamento Org\u00e1nico de la Administraci\u00f3n P\u00fablica Municipal y al Reglamento para el Comercio en la V\u00eda P\u00fablica, con el fin de modernizar las disposiciones que rigen la operaci\u00f3n administrativa y comercial del municipio, mismas que recibieron buenos comentarios por parte de los regidores Fernando Mu\u00f1oz y Juan Novelo.<\/span><\/p><p>\u00a0<\/p><p><span style=\"font-weight: 400;\">El Cabildo tambi\u00e9n aprob\u00f3 la iniciativa que adiciona el art\u00edculo 107 Ter al C\u00f3digo Penal del Estado, la cual ser\u00e1 remitida a la Honorable XVIII Legislatura del Congreso del Estado, y emiti\u00f3 un exhorto a la Secretar\u00eda de Protecci\u00f3n Civil, Prevenci\u00f3n de Riesgos y Bomberos para reforzar la verificaci\u00f3n t\u00e9cnica en plantas, gaseras y veh\u00edculos de transporte de Gas L.P., ante los riesgos que implica su manejo y comercializaci\u00f3n.<\/span><\/p><p>\u00a0<\/p><p><span style=\"font-weight: 400;\">\u201cHoy votamos a favor de la seguridad p\u00fablica desde la ra\u00edz\u201d, expuso la regidora Danna Ram\u00edrez, respecto a la aprobaci\u00f3n un\u00e1nime del exhorto.<\/span><\/p><p>\u00a0<\/p><p><span style=\"font-weight: 400;\">Durante la misma sesi\u00f3n se ratificaron modificaciones al Bando de Gobierno Municipal, fortaleciendo el marco de protecci\u00f3n a las personas adultas mayores.<\/span><\/p><p>\u00a0<\/p><p><span style=\"font-weight: 400;\">Por \u00faltimo, se aprob\u00f3 la reubicaci\u00f3n del monumento \u201cLa Moneda\u201d, junto con la instalaci\u00f3n de la denominada \u201cPlaca de Bronce en reconocimiento a los que impulsaron la creaci\u00f3n del VIII Municipio el 28 de julio de 1993\u201d, ambos en el \u00abMuseo y Centro Cultural 28 De Julio\u00bb.<\/span><\/p><p>\u00a0<\/p><p><span style=\"font-weight: 400;\">Con estas reformas y modificaciones a diversas normas y reglamentos, el gobierno de Estefan\u00eda Mercado reafirm\u00f3 el compromiso de construir un municipio m\u00e1s justo, moderno y pr\u00f3spero, basado en la transparencia, la legalidad y el bienestar de las y los playenses.<\/span><\/p>\t\t\t\t\t\t<\/div>\n\t\t\t\t<\/div>\n\t\t\t\t\t<\/div>\n\t\t<\/div>\n\t\t\t\t\t<\/div>\n\t\t<\/section>\n\t\t\t\t<section class=\"elementor-section elementor-top-section elementor-element elementor-element-24404604 elementor-section-boxed elementor-section-height-default elementor-section-height-default\" data-id=\"24404604\" data-element_type=\"section\">\n\t\t\t\t\t\t<div class=\"elementor-container elementor-column-gap-default\">\n\t\t\t\t\t<div class=\"elementor-column elementor-col-100 elementor-top-column elementor-element elementor-element-212438cb\" data-id=\"212438cb\" data-element_type=\"column\">\n\t\t\t<div class=\"elementor-widget-wrap elementor-element-populated\">\n\t\t\t\t\t\t<div class=\"elementor-element elementor-element-567686bf elementor-widget elementor-widget-gallery\" data-id=\"567686bf\" data-element_type=\"widget\" data-settings=\"{&quot;gallery_layout&quot;:&quot;justified&quot;,&quot;lazyload&quot;:&quot;yes&quot;,&quot;ideal_row_height&quot;:{&quot;unit&quot;:&quot;px&quot;,&quot;size&quot;:200,&quot;sizes&quot;:[]},&quot;ideal_row_height_tablet&quot;:{&quot;unit&quot;:&quot;px&quot;,&quot;size&quot;:150,&quot;sizes&quot;:[]},&quot;ideal_row_height_mobile&quot;:{&quot;unit&quot;:&quot;px&quot;,&quot;size&quot;:150,&quot;sizes&quot;:[]},&quot;gap&quot;:{&quot;unit&quot;:&quot;px&quot;,&quot;size&quot;:10,&quot;sizes&quot;:[]},&quot;gap_tablet&quot;:{&quot;unit&quot;:&quot;px&quot;,&quot;size&quot;:10,&quot;sizes&quot;:[]},&quot;gap_mobile&quot;:{&quot;unit&quot;:&quot;px&quot;,&quot;size&quot;:10,&quot;sizes&quot;:[]},&quot;link_to&quot;:&quot;file&quot;,&quot;overlay_background&quot;:&quot;yes&quot;,&quot;content_hover_animation&quot;:&quot;fade-in&quot;}\" data-widget_type=\"gallery.default\">\n\t\t\t\t<div class=\"elementor-widget-container\">\n\t\t\t\t\t<div class=\"elementor-gallery__container\">\n\t\t\t\t\t\t\t<a class=\"e-gallery-item elementor-gallery-item elementor-animated-content\" href=\"https:\/\/transformarqroo.com\/wp-content\/uploads\/2025\/12\/Playa-28_Oct1.jpg\" data-elementor-open-lightbox=\"yes\" data-elementor-lightbox-slideshow=\"567686bf\" data-elementor-lightbox-title=\"Playa 28_Oct(1)\" data-e-action-hash=\"#elementor-action%3Aaction%3Dlightbox%26settings%3DeyJpZCI6NDM2MTAsInVybCI6Imh0dHBzOlwvXC90cmFuc2Zvcm1hcnFyb28uY29tXC93cC1jb250ZW50XC91cGxvYWRzXC8yMDI1XC8xMlwvUGxheWEtMjhfT2N0MS5qcGciLCJzbGlkZXNob3ciOiI1Njc2ODZiZiJ9\">\n\t\t\t\t\t<div class=\"e-gallery-image elementor-gallery-item__image\" data-thumbnail=\"https:\/\/transformarqroo.com\/wp-content\/uploads\/2025\/12\/Playa-28_Oct1.jpg\" data-width=\"1600\" data-height=\"1066\" aria-label=\"\" role=\"img\" ><\/div>\n\t\t\t\t\t\t\t\t\t\t\t<div class=\"elementor-gallery-item__overlay\"><\/div>\n\t\t\t\t\t\t\t\t\t\t\t\t\t\t<\/a>\n\t\t\t\t\t\t\t<a class=\"e-gallery-item elementor-gallery-item elementor-animated-content\" href=\"https:\/\/transformarqroo.com\/wp-content\/uploads\/2025\/12\/Playa-28_Oct.jpg\" data-elementor-open-lightbox=\"yes\" data-elementor-lightbox-slideshow=\"567686bf\" data-elementor-lightbox-title=\"Playa 28_Oct\" data-e-action-hash=\"#elementor-action%3Aaction%3Dlightbox%26settings%3DeyJpZCI6NDM2MTEsInVybCI6Imh0dHBzOlwvXC90cmFuc2Zvcm1hcnFyb28uY29tXC93cC1jb250ZW50XC91cGxvYWRzXC8yMDI1XC8xMlwvUGxheWEtMjhfT2N0LmpwZyIsInNsaWRlc2hvdyI6IjU2NzY4NmJmIn0%3D\">\n\t\t\t\t\t<div class=\"e-gallery-image elementor-gallery-item__image\" data-thumbnail=\"https:\/\/transformarqroo.com\/wp-content\/uploads\/2025\/12\/Playa-28_Oct.jpg\" data-width=\"1600\" data-height=\"1066\" aria-label=\"\" role=\"img\" ><\/div>\n\t\t\t\t\t\t\t\t\t\t\t<div class=\"elementor-gallery-item__overlay\"><\/div>\n\t\t\t\t\t\t\t\t\t\t\t\t\t\t<\/a>\n\t\t\t\t\t<\/div>\n\t\t\t<\/div>\n\t\t\t\t<\/div>\n\t\t\t\t\t<\/div>\n\t\t<\/div>\n\t\t\t\t\t<\/div>\n\t\t<\/section>\n\t\t\t\t<\/div>\n\t\t","protected":false},"excerpt":{"rendered":"<p>Playa del Carmen, Quintana Roo, 28 de octubre de 2025.\u2013 El Cabildo de Playa del Carmen, encabezado por la alcaldesa Estefan\u00eda Mercado, llev\u00f3 a cabo la Vig\u00e9sima S\u00e9ptima Sesi\u00f3n Ordinaria, en la que se aprobaron acuerdos estrat\u00e9gicos para fortalecer la administraci\u00f3n p\u00fablica municipal y el bienestar de las y los playenses. \u00a0 Durante la sesi\u00f3n, [&hellip;]<\/p>\n","protected":false},"author":1,"featured_media":43611,"comment_status":"closed","ping_status":"closed","sticky":false,"template":"","format":"standard","meta":{"_FSMCFIC_featured_image_caption":"","_FSMCFIC_featured_image_nocaption":"","_FSMCFIC_featured_image_hide":"","footnotes":""},"categories":[32,30],"tags":[],"class_list":["post-43603","post","type-post","status-publish","format-standard","has-post-thumbnail","hentry","category-municipios","category-solidaridad"],"aioseo_notices":[],"_links":{"self":[{"href":"https:\/\/transformarqroo.com\/index.php\/wp-json\/wp\/v2\/posts\/43603","targetHints":{"allow":["GET"]}}],"collection":[{"href":"https:\/\/transformarqroo.com\/index.php\/wp-json\/wp\/v2\/posts"}],"about":[{"href":"https:\/\/transformarqroo.com\/index.php\/wp-json\/wp\/v2\/types\/post"}],"author":[{"embeddable":true,"href":"https:\/\/transformarqroo.com\/index.php\/wp-json\/wp\/v2\/users\/1"}],"replies":[{"embeddable":true,"href":"https:\/\/transformarqroo.com\/index.php\/wp-json\/wp\/v2\/comments?post=43603"}],"version-history":[{"count":4,"href":"https:\/\/transformarqroo.com\/index.php\/wp-json\/wp\/v2\/posts\/43603\/revisions"}],"predecessor-version":[{"id":43624,"href":"https:\/\/transformarqroo.com\/index.php\/wp-json\/wp\/v2\/posts\/43603\/revisions\/43624"}],"wp:featuredmedia":[{"embeddable":true,"href":"https:\/\/transformarqroo.com\/index.php\/wp-json\/wp\/v2\/media\/43611"}],"wp:attachment":[{"href":"https:\/\/transformarqroo.com\/index.php\/wp-json\/wp\/v2\/media?parent=43603"}],"wp:term":[{"taxonomy":"category","embeddable":true,"href":"https:\/\/transformarqroo.com\/index.php\/wp-json\/wp\/v2\/categories?post=43603"},{"taxonomy":"post_tag","embeddable":true,"href":"https:\/\/transformarqroo.com\/index.php\/wp-json\/wp\/v2\/tags?post=43603"}],"curies":[{"name":"wp","href":"https:\/\/api.w.org\/{rel}","templated":true}]}}