{"id":43665,"date":"2025-12-02T21:58:18","date_gmt":"2025-12-03T02:58:18","guid":{"rendered":"https:\/\/transformarqroo.com\/?p=43665"},"modified":"2025-12-09T22:00:51","modified_gmt":"2025-12-10T03:00:51","slug":"presentan-taller-de-lengua-maya-en-cierre-del-ciclo-memoria-e-identidad-en-playa-del-carmen","status":"publish","type":"post","link":"https:\/\/transformarqroo.com\/index.php\/2025\/12\/02\/presentan-taller-de-lengua-maya-en-cierre-del-ciclo-memoria-e-identidad-en-playa-del-carmen\/","title":{"rendered":"PRESENTAN TALLER DE LENGUA MAYA EN CIERRE DEL CICLO \u201cMEMORIA E IDENTIDAD\u201d EN PLAYA DEL CARMEN"},"content":{"rendered":"\t\t<div data-elementor-type=\"wp-post\" data-elementor-id=\"43665\" class=\"elementor elementor-43665\" data-elementor-post-type=\"post\">\n\t\t\t\t\t\t<section class=\"elementor-section elementor-top-section elementor-element elementor-element-27a0d7a3 elementor-section-boxed elementor-section-height-default elementor-section-height-default\" data-id=\"27a0d7a3\" data-element_type=\"section\">\n\t\t\t\t\t\t<div class=\"elementor-container elementor-column-gap-default\">\n\t\t\t\t\t<div class=\"elementor-column elementor-col-100 elementor-top-column elementor-element elementor-element-1ec50291\" data-id=\"1ec50291\" data-element_type=\"column\">\n\t\t\t<div class=\"elementor-widget-wrap elementor-element-populated\">\n\t\t\t\t\t\t<div class=\"elementor-element elementor-element-37944947 elementor-widget elementor-widget-premium-addon-banner\" data-id=\"37944947\" data-element_type=\"widget\" data-widget_type=\"premium-addon-banner.default\">\n\t\t\t\t<div class=\"elementor-widget-container\">\n\t\t\t\t\t<div class=\"premium-banner-ib premium-banner-min-height premium-banner-animation7 none\">\r\n\t\t\t\t\t\t\t<div class=\"premium-banner-border\">\r\n\t\t\t\t\t<div class=\"premium-banner-br premium-banner-bleft premium-banner-brlr\"><\/div>\r\n\t\t\t\t\t<div class=\"premium-banner-br premium-banner-bright premium-banner-brlr\"><\/div>\r\n\t\t\t\t\t<div class=\"premium-banner-br premium-banner-btop premium-banner-brtb\"><\/div>\r\n\t\t\t\t\t<div class=\"premium-banner-br premium-banner-bottom premium-banner-brtb\"><\/div>\r\n\t\t\t\t<\/div>\r\n\t\t\t\t\t\t\t\t\t\t\t\t\t\t\t<img fetchpriority=\"high\" decoding=\"async\" width=\"1280\" height=\"911\" src=\"https:\/\/transformarqroo.com\/wp-content\/uploads\/2025\/12\/Playa-02_Dic.jpg\" class=\"attachment-full size-full wp-image-43674\" alt=\"\" srcset=\"https:\/\/transformarqroo.com\/wp-content\/uploads\/2025\/12\/Playa-02_Dic.jpg 1280w, https:\/\/transformarqroo.com\/wp-content\/uploads\/2025\/12\/Playa-02_Dic-300x214.jpg 300w, https:\/\/transformarqroo.com\/wp-content\/uploads\/2025\/12\/Playa-02_Dic-1024x729.jpg 1024w, https:\/\/transformarqroo.com\/wp-content\/uploads\/2025\/12\/Playa-02_Dic-768x547.jpg 768w, https:\/\/transformarqroo.com\/wp-content\/uploads\/2025\/12\/Playa-02_Dic-100x71.jpg 100w\" sizes=\"(max-width: 1280px) 100vw, 1280px\" \/>\t\t\t\t\t\t\t\t\t\t<div class=\"premium-banner-ib-desc\">\r\n\t\t\t\t\t\t\t\t\t<div class=\"premium-banner-desc-centered\">\r\n\t\t\t\t\t\t\t\t\t<h3 class=\"premium-banner-ib-title premium_banner_title\"><\/h3>\t\t\t\t\t\t\t\t\t\t\t\t\t<\/div>\r\n\t\t\t\t\t\t\t<\/div>\r\n\t\t\t\t\t<\/div>\r\n\t\t\t\t\t\t<\/div>\n\t\t\t\t<\/div>\n\t\t\t\t\t<\/div>\n\t\t<\/div>\n\t\t\t\t\t<\/div>\n\t\t<\/section>\n\t\t\t\t<section class=\"elementor-section elementor-top-section elementor-element elementor-element-680daf2e elementor-section-boxed elementor-section-height-default elementor-section-height-default\" data-id=\"680daf2e\" data-element_type=\"section\" data-settings=\"{&quot;background_background&quot;:&quot;classic&quot;}\">\n\t\t\t\t\t\t<div class=\"elementor-container elementor-column-gap-default\">\n\t\t\t\t\t<div class=\"elementor-column elementor-col-100 elementor-top-column elementor-element elementor-element-593ef85\" data-id=\"593ef85\" data-element_type=\"column\">\n\t\t\t<div class=\"elementor-widget-wrap elementor-element-populated\">\n\t\t\t\t\t\t<div class=\"elementor-element elementor-element-b56da7e premium-title-icon-row premium-title-color elementor-widget elementor-widget-premium-addon-title\" data-id=\"b56da7e\" data-element_type=\"widget\" data-widget_type=\"premium-addon-title.default\">\n\t\t\t\t<div class=\"elementor-widget-container\">\n\t\t\t\r\n\t\t<div class=\"premium-title-container style2\">\r\n\t\t\t<h5 class=\"premium-title-header premium-title-style2\">\r\n\t\t\t\t\r\n\t\t\t\t\t\t\t\t\t\t\t\t\t\t\t<div class=\"premium-title-icon premium-lottie-animation\" data-lottie-url=\"https:\/\/assets8.lottiefiles.com\/packages\/lf20_pcfclxy8.json\" data-lottie-loop=\"true\" data-lottie-reverse=\"\"><\/div>\r\n\t\t\t\t\t\t\t\t\t\r\n\t\t\t\t\t\t\t\t\t\t\t\t<span class=\"premium-title-text\" >\r\n\t\t\t\t\t\t\t\t\t<\/span>\r\n\t\t\t\t\t\r\n\t\t\t\t\t\t\t\t\t\t\t<\/h5>\r\n\t\t<\/div>\r\n\r\n\t\t\t\t<\/div>\n\t\t\t\t<\/div>\n\t\t\t\t\t<\/div>\n\t\t<\/div>\n\t\t\t\t\t<\/div>\n\t\t<\/section>\n\t\t\t\t<section class=\"elementor-section elementor-top-section elementor-element elementor-element-77b6b6cd elementor-section-boxed elementor-section-height-default elementor-section-height-default\" data-id=\"77b6b6cd\" data-element_type=\"section\">\n\t\t\t\t\t\t<div class=\"elementor-container elementor-column-gap-default\">\n\t\t\t\t\t<div class=\"elementor-column elementor-col-100 elementor-top-column elementor-element elementor-element-5cf58031\" data-id=\"5cf58031\" data-element_type=\"column\">\n\t\t\t<div class=\"elementor-widget-wrap elementor-element-populated\">\n\t\t\t\t\t\t<div class=\"elementor-element elementor-element-61b318bb elementor-widget elementor-widget-text-editor\" data-id=\"61b318bb\" data-element_type=\"widget\" data-widget_type=\"text-editor.default\">\n\t\t\t\t<div class=\"elementor-widget-container\">\n\t\t\t\t\t\t\t<p><span style=\"font-weight: 400;\">Playa del Carmen, Quintana Roo, 2 de diciembre de 2025.\u2014 El ling\u00fcista y acad\u00e9mico Hilario Chi Canul imparti\u00f3 el taller \u201c\u00a1Ko \u2018one \u2018ex t\u2019 anik maaya! \/ Vamos a hablar lengua maya\u201d durante el sexto y \u00faltimo cap\u00edtulo del ciclo \u201cMemoria e Identidad: Patrimonio Cultural\u201d, organizado por el Instituto Municipal de la Cultura y las Artes de Playa del Carmen, en el Aula Magna de la Universidad Tecnol\u00f3gica, con la participaci\u00f3n de estudiantes de la UQROO.<\/span><\/p><p>\u00a0<\/p><p><span style=\"font-weight: 400;\">Ernesto Santiago Mart\u00ednez Cu\u00e9llar, director del Instituto Municipal de la Cultura y las Artes, se\u00f1al\u00f3 que con esta actividad concluye un ciclo dedicado a comprender el legado maya.\u00a0<\/span><\/p><p>\u00a0<\/p><p><span style=\"font-weight: 400;\">Destac\u00f3 que la agenda cultural impulsada por la presidenta municipal Estefan\u00eda Mercado ha permitido fortalecer acciones de difusi\u00f3n del patrimonio en el cierre de 2025.<\/span><\/p><p>\u00a0<\/p><p><span style=\"font-weight: 400;\">Chi Canul, originario de la comunidad de Naranjal, es profesor de la UQROO, maestro en Educaci\u00f3n Cultural Biling\u00fce y doctor en Ling\u00fc\u00edstica Iberoamericana por el CIESAS. Ha sido profesor invitado en instituciones de Jap\u00f3n y Francia por su especializaci\u00f3n en lengua maya.<\/span><\/p><p>\u00a0<\/p><p><span style=\"font-weight: 400;\">Durante el taller, el acad\u00e9mico advirti\u00f3 que cada dos semanas desaparece una lengua en el mundo y que 40% de las que se extinguen son de origen ind\u00edgena.\u00a0<\/span><\/p><p>\u00a0<\/p><p><span style=\"font-weight: 400;\">Record\u00f3 que la lengua maya cuenta con 45 fonemas y 20 sustantivos b\u00e1sicos y que actualmente es hablada por 775 mil personas, seg\u00fan datos del INEGI.<\/span><\/p><p>\u00a0<\/p><p><span style=\"font-weight: 400;\">Explic\u00f3 que la p\u00e9rdida de lenguas est\u00e1 relacionada con la falta de transmisi\u00f3n intergeneracional, la reducci\u00f3n de tradiciones orales y cambios socioling\u00fc\u00edsticos.\u00a0<\/span><\/p><p>\u00a0<\/p><p><span style=\"font-weight: 400;\">\u201cLos padres ya no relatan cuentos a sus hijos en maya\u201d, se\u00f1al\u00f3.<\/span><\/p><p>\u00a0<\/p><p><span style=\"font-weight: 400;\">El taller incluy\u00f3 din\u00e1micas de presentaci\u00f3n y saludos en lengua maya. <\/span><\/p>\t\t\t\t\t\t<\/div>\n\t\t\t\t<\/div>\n\t\t\t\t\t<\/div>\n\t\t<\/div>\n\t\t\t\t\t<\/div>\n\t\t<\/section>\n\t\t\t\t<section class=\"elementor-section elementor-top-section elementor-element elementor-element-140bd437 elementor-section-boxed elementor-section-height-default elementor-section-height-default\" data-id=\"140bd437\" data-element_type=\"section\">\n\t\t\t\t\t\t<div class=\"elementor-container elementor-column-gap-default\">\n\t\t\t\t\t<div class=\"elementor-column elementor-col-100 elementor-top-column elementor-element elementor-element-66b60d49\" data-id=\"66b60d49\" data-element_type=\"column\">\n\t\t\t<div class=\"elementor-widget-wrap elementor-element-populated\">\n\t\t\t\t\t\t<div class=\"elementor-element elementor-element-fbda8e6 elementor-widget elementor-widget-gallery\" data-id=\"fbda8e6\" data-element_type=\"widget\" data-settings=\"{&quot;gallery_layout&quot;:&quot;justified&quot;,&quot;lazyload&quot;:&quot;yes&quot;,&quot;ideal_row_height&quot;:{&quot;unit&quot;:&quot;px&quot;,&quot;size&quot;:200,&quot;sizes&quot;:[]},&quot;ideal_row_height_tablet&quot;:{&quot;unit&quot;:&quot;px&quot;,&quot;size&quot;:150,&quot;sizes&quot;:[]},&quot;ideal_row_height_mobile&quot;:{&quot;unit&quot;:&quot;px&quot;,&quot;size&quot;:150,&quot;sizes&quot;:[]},&quot;gap&quot;:{&quot;unit&quot;:&quot;px&quot;,&quot;size&quot;:10,&quot;sizes&quot;:[]},&quot;gap_tablet&quot;:{&quot;unit&quot;:&quot;px&quot;,&quot;size&quot;:10,&quot;sizes&quot;:[]},&quot;gap_mobile&quot;:{&quot;unit&quot;:&quot;px&quot;,&quot;size&quot;:10,&quot;sizes&quot;:[]},&quot;link_to&quot;:&quot;file&quot;,&quot;overlay_background&quot;:&quot;yes&quot;,&quot;content_hover_animation&quot;:&quot;fade-in&quot;}\" data-widget_type=\"gallery.default\">\n\t\t\t\t<div class=\"elementor-widget-container\">\n\t\t\t\t\t<div class=\"elementor-gallery__container\">\n\t\t\t\t\t\t\t<a class=\"e-gallery-item elementor-gallery-item elementor-animated-content\" href=\"https:\/\/transformarqroo.com\/wp-content\/uploads\/2025\/12\/Playa-02_Dic1.jpg\" data-elementor-open-lightbox=\"yes\" data-elementor-lightbox-slideshow=\"fbda8e6\" data-elementor-lightbox-title=\"Playa 02_Dic(1)\" data-e-action-hash=\"#elementor-action%3Aaction%3Dlightbox%26settings%3DeyJpZCI6NDM2NzEsInVybCI6Imh0dHBzOlwvXC90cmFuc2Zvcm1hcnFyb28uY29tXC93cC1jb250ZW50XC91cGxvYWRzXC8yMDI1XC8xMlwvUGxheWEtMDJfRGljMS5qcGciLCJzbGlkZXNob3ciOiJmYmRhOGU2In0%3D\">\n\t\t\t\t\t<div class=\"e-gallery-image elementor-gallery-item__image\" data-thumbnail=\"https:\/\/transformarqroo.com\/wp-content\/uploads\/2025\/12\/Playa-02_Dic1.jpg\" data-width=\"1280\" data-height=\"853\" aria-label=\"\" role=\"img\" ><\/div>\n\t\t\t\t\t\t\t\t\t\t\t<div class=\"elementor-gallery-item__overlay\"><\/div>\n\t\t\t\t\t\t\t\t\t\t\t\t\t\t<\/a>\n\t\t\t\t\t\t\t<a class=\"e-gallery-item elementor-gallery-item elementor-animated-content\" href=\"https:\/\/transformarqroo.com\/wp-content\/uploads\/2025\/12\/Playa-02_Dic2.jpg\" data-elementor-open-lightbox=\"yes\" data-elementor-lightbox-slideshow=\"fbda8e6\" data-elementor-lightbox-title=\"Playa 02_Dic(2)\" data-e-action-hash=\"#elementor-action%3Aaction%3Dlightbox%26settings%3DeyJpZCI6NDM2NzIsInVybCI6Imh0dHBzOlwvXC90cmFuc2Zvcm1hcnFyb28uY29tXC93cC1jb250ZW50XC91cGxvYWRzXC8yMDI1XC8xMlwvUGxheWEtMDJfRGljMi5qcGciLCJzbGlkZXNob3ciOiJmYmRhOGU2In0%3D\">\n\t\t\t\t\t<div class=\"e-gallery-image elementor-gallery-item__image\" data-thumbnail=\"https:\/\/transformarqroo.com\/wp-content\/uploads\/2025\/12\/Playa-02_Dic2.jpg\" data-width=\"853\" data-height=\"1280\" aria-label=\"\" role=\"img\" ><\/div>\n\t\t\t\t\t\t\t\t\t\t\t<div class=\"elementor-gallery-item__overlay\"><\/div>\n\t\t\t\t\t\t\t\t\t\t\t\t\t\t<\/a>\n\t\t\t\t\t\t\t<a class=\"e-gallery-item elementor-gallery-item elementor-animated-content\" href=\"https:\/\/transformarqroo.com\/wp-content\/uploads\/2025\/12\/Playa-02_Dic3.jpg\" data-elementor-open-lightbox=\"yes\" data-elementor-lightbox-slideshow=\"fbda8e6\" data-elementor-lightbox-title=\"Playa 02_Dic(3)\" data-e-action-hash=\"#elementor-action%3Aaction%3Dlightbox%26settings%3DeyJpZCI6NDM2NzMsInVybCI6Imh0dHBzOlwvXC90cmFuc2Zvcm1hcnFyb28uY29tXC93cC1jb250ZW50XC91cGxvYWRzXC8yMDI1XC8xMlwvUGxheWEtMDJfRGljMy5qcGciLCJzbGlkZXNob3ciOiJmYmRhOGU2In0%3D\">\n\t\t\t\t\t<div class=\"e-gallery-image elementor-gallery-item__image\" data-thumbnail=\"https:\/\/transformarqroo.com\/wp-content\/uploads\/2025\/12\/Playa-02_Dic3.jpg\" data-width=\"1280\" data-height=\"853\" aria-label=\"\" role=\"img\" ><\/div>\n\t\t\t\t\t\t\t\t\t\t\t<div class=\"elementor-gallery-item__overlay\"><\/div>\n\t\t\t\t\t\t\t\t\t\t\t\t\t\t<\/a>\n\t\t\t\t\t\t\t<a class=\"e-gallery-item elementor-gallery-item elementor-animated-content\" href=\"https:\/\/transformarqroo.com\/wp-content\/uploads\/2025\/12\/Playa-02_Dic.jpg\" data-elementor-open-lightbox=\"yes\" data-elementor-lightbox-slideshow=\"fbda8e6\" data-elementor-lightbox-title=\"Playa 02_Dic\" data-e-action-hash=\"#elementor-action%3Aaction%3Dlightbox%26settings%3DeyJpZCI6NDM2NzQsInVybCI6Imh0dHBzOlwvXC90cmFuc2Zvcm1hcnFyb28uY29tXC93cC1jb250ZW50XC91cGxvYWRzXC8yMDI1XC8xMlwvUGxheWEtMDJfRGljLmpwZyIsInNsaWRlc2hvdyI6ImZiZGE4ZTYifQ%3D%3D\">\n\t\t\t\t\t<div class=\"e-gallery-image elementor-gallery-item__image\" data-thumbnail=\"https:\/\/transformarqroo.com\/wp-content\/uploads\/2025\/12\/Playa-02_Dic.jpg\" data-width=\"1280\" data-height=\"911\" aria-label=\"\" role=\"img\" ><\/div>\n\t\t\t\t\t\t\t\t\t\t\t<div class=\"elementor-gallery-item__overlay\"><\/div>\n\t\t\t\t\t\t\t\t\t\t\t\t\t\t<\/a>\n\t\t\t\t\t<\/div>\n\t\t\t<\/div>\n\t\t\t\t<\/div>\n\t\t\t\t\t<\/div>\n\t\t<\/div>\n\t\t\t\t\t<\/div>\n\t\t<\/section>\n\t\t\t\t<\/div>\n\t\t","protected":false},"excerpt":{"rendered":"<p>Playa del Carmen, Quintana Roo, 2 de diciembre de 2025.\u2014 El ling\u00fcista y acad\u00e9mico Hilario Chi Canul imparti\u00f3 el taller \u201c\u00a1Ko \u2018one \u2018ex t\u2019 anik maaya! \/ Vamos a hablar lengua maya\u201d durante el sexto y \u00faltimo cap\u00edtulo del ciclo \u201cMemoria e Identidad: Patrimonio Cultural\u201d, organizado por el Instituto Municipal de la Cultura y las [&hellip;]<\/p>\n","protected":false},"author":1,"featured_media":43674,"comment_status":"closed","ping_status":"closed","sticky":false,"template":"","format":"standard","meta":{"_FSMCFIC_featured_image_caption":"","_FSMCFIC_featured_image_nocaption":"","_FSMCFIC_featured_image_hide":"","footnotes":""},"categories":[32,30],"tags":[],"class_list":["post-43665","post","type-post","status-publish","format-standard","has-post-thumbnail","hentry","category-municipios","category-solidaridad"],"aioseo_notices":[],"_links":{"self":[{"href":"https:\/\/transformarqroo.com\/index.php\/wp-json\/wp\/v2\/posts\/43665","targetHints":{"allow":["GET"]}}],"collection":[{"href":"https:\/\/transformarqroo.com\/index.php\/wp-json\/wp\/v2\/posts"}],"about":[{"href":"https:\/\/transformarqroo.com\/index.php\/wp-json\/wp\/v2\/types\/post"}],"author":[{"embeddable":true,"href":"https:\/\/transformarqroo.com\/index.php\/wp-json\/wp\/v2\/users\/1"}],"replies":[{"embeddable":true,"href":"https:\/\/transformarqroo.com\/index.php\/wp-json\/wp\/v2\/comments?post=43665"}],"version-history":[{"count":4,"href":"https:\/\/transformarqroo.com\/index.php\/wp-json\/wp\/v2\/posts\/43665\/revisions"}],"predecessor-version":[{"id":43682,"href":"https:\/\/transformarqroo.com\/index.php\/wp-json\/wp\/v2\/posts\/43665\/revisions\/43682"}],"wp:featuredmedia":[{"embeddable":true,"href":"https:\/\/transformarqroo.com\/index.php\/wp-json\/wp\/v2\/media\/43674"}],"wp:attachment":[{"href":"https:\/\/transformarqroo.com\/index.php\/wp-json\/wp\/v2\/media?parent=43665"}],"wp:term":[{"taxonomy":"category","embeddable":true,"href":"https:\/\/transformarqroo.com\/index.php\/wp-json\/wp\/v2\/categories?post=43665"},{"taxonomy":"post_tag","embeddable":true,"href":"https:\/\/transformarqroo.com\/index.php\/wp-json\/wp\/v2\/tags?post=43665"}],"curies":[{"name":"wp","href":"https:\/\/api.w.org\/{rel}","templated":true}]}}