{"id":43817,"date":"2025-10-27T22:49:44","date_gmt":"2025-10-28T03:49:44","guid":{"rendered":"https:\/\/transformarqroo.com\/?p=43817"},"modified":"2025-12-09T22:54:46","modified_gmt":"2025-12-10T03:54:46","slug":"clausura-la-fpmc-el-festival-dia-de-muertos-tradicion-luz-y-reencuentro-entre-musica-color-y-memoria","status":"publish","type":"post","link":"https:\/\/transformarqroo.com\/index.php\/2025\/10\/27\/clausura-la-fpmc-el-festival-dia-de-muertos-tradicion-luz-y-reencuentro-entre-musica-color-y-memoria\/","title":{"rendered":"CLAUSURA LA FPMC EL FESTIVAL \u201cD\u00cdA DE MUERTOS: TRADICI\u00d3N, LUZ Y REENCUENTRO\u201d ENTRE M\u00daSICA, COLOR Y MEMORIA"},"content":{"rendered":"\t\t<div data-elementor-type=\"wp-post\" data-elementor-id=\"43817\" class=\"elementor elementor-43817\" data-elementor-post-type=\"post\">\n\t\t\t\t\t\t<section class=\"elementor-section elementor-top-section elementor-element elementor-element-70452da4 elementor-section-boxed elementor-section-height-default elementor-section-height-default\" data-id=\"70452da4\" data-element_type=\"section\">\n\t\t\t\t\t\t<div class=\"elementor-container elementor-column-gap-default\">\n\t\t\t\t\t<div class=\"elementor-column elementor-col-100 elementor-top-column elementor-element elementor-element-70b5282a\" data-id=\"70b5282a\" data-element_type=\"column\">\n\t\t\t<div class=\"elementor-widget-wrap elementor-element-populated\">\n\t\t\t\t\t\t<div class=\"elementor-element elementor-element-4c868fc3 elementor-widget elementor-widget-premium-addon-banner\" data-id=\"4c868fc3\" data-element_type=\"widget\" data-widget_type=\"premium-addon-banner.default\">\n\t\t\t\t<div class=\"elementor-widget-container\">\n\t\t\t\t\t<div class=\"premium-banner-ib premium-banner-min-height premium-banner-animation7 none\">\r\n\t\t\t\t\t\t\t<div class=\"premium-banner-border\">\r\n\t\t\t\t\t<div class=\"premium-banner-br premium-banner-bleft premium-banner-brlr\"><\/div>\r\n\t\t\t\t\t<div class=\"premium-banner-br premium-banner-bright premium-banner-brlr\"><\/div>\r\n\t\t\t\t\t<div class=\"premium-banner-br premium-banner-btop premium-banner-brtb\"><\/div>\r\n\t\t\t\t\t<div class=\"premium-banner-br premium-banner-bottom premium-banner-brtb\"><\/div>\r\n\t\t\t\t<\/div>\r\n\t\t\t\t\t\t\t\t\t\t\t\t\t\t\t<img fetchpriority=\"high\" decoding=\"async\" width=\"1600\" height=\"1066\" src=\"https:\/\/transformarqroo.com\/wp-content\/uploads\/2025\/12\/GOB-27_Oct.jpg\" class=\"attachment-full size-full wp-image-43821\" alt=\"\" srcset=\"https:\/\/transformarqroo.com\/wp-content\/uploads\/2025\/12\/GOB-27_Oct.jpg 1600w, https:\/\/transformarqroo.com\/wp-content\/uploads\/2025\/12\/GOB-27_Oct-300x200.jpg 300w, https:\/\/transformarqroo.com\/wp-content\/uploads\/2025\/12\/GOB-27_Oct-1024x682.jpg 1024w, https:\/\/transformarqroo.com\/wp-content\/uploads\/2025\/12\/GOB-27_Oct-768x512.jpg 768w, https:\/\/transformarqroo.com\/wp-content\/uploads\/2025\/12\/GOB-27_Oct-100x67.jpg 100w, https:\/\/transformarqroo.com\/wp-content\/uploads\/2025\/12\/GOB-27_Oct-1536x1023.jpg 1536w\" sizes=\"(max-width: 1600px) 100vw, 1600px\" \/>\t\t\t\t\t\t\t\t\t\t<div class=\"premium-banner-ib-desc\">\r\n\t\t\t\t\t\t\t\t\t<div class=\"premium-banner-desc-centered\">\r\n\t\t\t\t\t\t\t\t\t<h3 class=\"premium-banner-ib-title premium_banner_title\"><\/h3>\t\t\t\t\t\t\t\t\t\t\t\t\t<\/div>\r\n\t\t\t\t\t\t\t<\/div>\r\n\t\t\t\t\t<\/div>\r\n\t\t\t\t\t\t<\/div>\n\t\t\t\t<\/div>\n\t\t\t\t\t<\/div>\n\t\t<\/div>\n\t\t\t\t\t<\/div>\n\t\t<\/section>\n\t\t\t\t<section class=\"elementor-section elementor-top-section elementor-element elementor-element-44b36c5b elementor-section-boxed elementor-section-height-default elementor-section-height-default\" data-id=\"44b36c5b\" data-element_type=\"section\" data-settings=\"{&quot;background_background&quot;:&quot;classic&quot;}\">\n\t\t\t\t\t\t<div class=\"elementor-container elementor-column-gap-default\">\n\t\t\t\t\t<div class=\"elementor-column elementor-col-100 elementor-top-column elementor-element elementor-element-77ded2ba\" data-id=\"77ded2ba\" data-element_type=\"column\">\n\t\t\t<div class=\"elementor-widget-wrap elementor-element-populated\">\n\t\t\t\t\t\t<div class=\"elementor-element elementor-element-302f6c43 premium-title-icon-row premium-title-color elementor-widget elementor-widget-premium-addon-title\" data-id=\"302f6c43\" data-element_type=\"widget\" data-widget_type=\"premium-addon-title.default\">\n\t\t\t\t<div class=\"elementor-widget-container\">\n\t\t\t\r\n\t\t<div class=\"premium-title-container style2\">\r\n\t\t\t<h5 class=\"premium-title-header premium-title-style2\">\r\n\t\t\t\t\r\n\t\t\t\t\t\t\t\t\t\t\t\t\t\t\t<div class=\"premium-title-icon premium-lottie-animation\" data-lottie-url=\"https:\/\/assets8.lottiefiles.com\/packages\/lf20_pcfclxy8.json\" data-lottie-loop=\"true\" data-lottie-reverse=\"\"><\/div>\r\n\t\t\t\t\t\t\t\t\t\r\n\t\t\t\t\t\t\t\t\t\t\t\t<span class=\"premium-title-text\" >\r\n\t\t\t\t\t\t\t\t\t<\/span>\r\n\t\t\t\t\t\r\n\t\t\t\t\t\t\t\t\t\t\t<\/h5>\r\n\t\t<\/div>\r\n\r\n\t\t\t\t<\/div>\n\t\t\t\t<\/div>\n\t\t\t\t\t<\/div>\n\t\t<\/div>\n\t\t\t\t\t<\/div>\n\t\t<\/section>\n\t\t\t\t<section class=\"elementor-section elementor-top-section elementor-element elementor-element-501a8569 elementor-section-boxed elementor-section-height-default elementor-section-height-default\" data-id=\"501a8569\" data-element_type=\"section\">\n\t\t\t\t\t\t<div class=\"elementor-container elementor-column-gap-default\">\n\t\t\t\t\t<div class=\"elementor-column elementor-col-100 elementor-top-column elementor-element elementor-element-52a54194\" data-id=\"52a54194\" data-element_type=\"column\">\n\t\t\t<div class=\"elementor-widget-wrap elementor-element-populated\">\n\t\t\t\t\t\t<div class=\"elementor-element elementor-element-5b7b4357 elementor-widget elementor-widget-text-editor\" data-id=\"5b7b4357\" data-element_type=\"widget\" data-widget_type=\"text-editor.default\">\n\t\t\t\t<div class=\"elementor-widget-container\">\n\t\t\t\t\t\t\t<p><span style=\"font-weight: 400;\">Cozumel.- Con una noche llena de color, m\u00fasica, danzas y emociones compartidas, la Fundaci\u00f3n de Parques y Museos de Cozumel (FPMC) clausur\u00f3 el festival \u201cD\u00eda de Muertos: Tradici\u00f3n, Luz y Reencuentro\u201d, realizado en el Malec\u00f3n frente al Museo de la Isla, donde las familias cozumele\u00f1as y visitantes celebraron la vida, la identidad y el reencuentro con las ra\u00edces culturales que dan sentido a una de las festividades m\u00e1s representativas de M\u00e9xico.<\/span><\/p><p>\u00a0<\/p><p><span style=\"font-weight: 400;\">El p\u00fablico disfrut\u00f3 de un programa que combin\u00f3 arte, tradici\u00f3n y sentimiento y la velada comenz\u00f3 con la presentaci\u00f3n del Coro de la FPMC, que interpret\u00f3 un \u201cPopurr\u00ed Oaxaque\u00f1o\u201d cargado de emoci\u00f3n y respeto por las costumbres del sur del pa\u00eds.\u00a0<\/span><\/p><p>\u00a0<\/p><p><span style=\"font-weight: 400;\">Luego, integrantes del Taller de Bailes llen\u00f3 el escenario de energ\u00eda con el colorido y vibrante \u201cFlor de Pi\u00f1a\u201d, evocando la fuerza de las mujeres oaxaque\u00f1as y el orgullo por las tradiciones nacionales.<\/span><\/p><p>\u00a0<\/p><p><span style=\"font-weight: 400;\">Uno de los momentos m\u00e1s esperados de la noche fue el Concurso de Caracterizaci\u00f3n de Catrinas, en el que las y los participantes mostraron su creatividad, talento y amor por la cultura mexicana al rendir homenaje a la emblem\u00e1tica figura creada por Jos\u00e9 Guadalupe Posada. La elegancia, el simbolismo y la imaginaci\u00f3n dieron vida a catrinas inspiradas en el esp\u00edritu festivo del D\u00eda de Muertos.<\/span><\/p><p>\u00a0<\/p><p><span style=\"font-weight: 400;\">El jurado, integrado por la directora general del Instituto de Cultura y las Artes de Quintana Roo, Lili\u00e1n Villanueva Chan; la directora de arte y cultura de Grupo Xcaret, Leticia Aguerrebere y el enlace estatal de la delegaci\u00f3n de Oaxaca, Flordelis Aquino Hern\u00e1ndez, quienes reconocieron la creatividad y el esfuerzo de las y los participantes en las diferentes categor\u00edas.<\/span><\/p><p>\u00a0<\/p><p><span style=\"font-weight: 400;\">En la categor\u00eda infantil el primer lugar fue para Mariely Novelo; el segundo para Alinson Romina Canul Poot y el tercero para Joani Nataly C\u00f3rdova; mientras que en la categor\u00eda libre el primer lugar se lo adjudic\u00f3 Miss Maxine, el segundo se lo llev\u00f3 Stephanie Guadalupe Cohuo y el tercero fue para Nicole Hern\u00e1ndez Zapata.\u00a0<\/span><\/p><p>\u00a0<\/p><p><span style=\"font-weight: 400;\">El escenario se transform\u00f3 luego con la escenificaci\u00f3n de \u201cLa Leyenda de Ixquic\u201d, presentada por la Academia Tzunum, que cautiv\u00f3 al p\u00fablico con una puesta en escena cargada de misticismo, danza y dramatismo, recordando la conexi\u00f3n espiritual que une al mundo terrenal con el de los ancestros.<\/span><\/p><p>\u00a0<\/p><p><span style=\"font-weight: 400;\">El cierre del festival estuvo marcado por la emotiva \u201cDespedida de las Almas\u201d, un acto simb\u00f3lico que record\u00f3 la importancia de mantener viva la memoria de quienes nos precedieron, en un ambiente de uni\u00f3n, esperanza y gratitud.<\/span><\/p><p>\u00a0<\/p><p><span style=\"font-weight: 400;\">La directora general de la FPMC, Juanita Alonso Marrufo, destac\u00f3 que este evento fortalece el sentido de comunidad y preserva la herencia cultural de M\u00e9xico. \u201cA trav\u00e9s de este festival celebramos la vida, la creatividad y el amor por nuestras ra\u00edces. Estas acciones forman parte del Nuevo Acuerdo por el Bienestar y Desarrollo de Quintana Roo, que impulsa la gobernadora Mara Lezama Espinosa, promoviendo la cultura y el arte como motores de transformaci\u00f3n social\u201d, afirm\u00f3.<\/span><\/p><p>\u00a0<\/p><p><span style=\"font-weight: 400;\">Con la culminaci\u00f3n de \u201cTradici\u00f3n, Luz y Reencuentro\u201d, la FPMC refrenda su compromiso de ser un espacio que impulsa la educaci\u00f3n, la cultura y la conservaci\u00f3n de las tradiciones, reafirmando a Cozumel como un referente en la promoci\u00f3n del arte, la memoria y la identidad mexicana.<\/span><\/p><p>\u00a0<\/p><p><span style=\"font-weight: 400;\">cgc.qroo.gob.mx<\/span><\/p><p><span style=\"font-weight: 400;\">qroo.gob.mx<\/span><\/p>\t\t\t\t\t\t<\/div>\n\t\t\t\t<\/div>\n\t\t\t\t\t<\/div>\n\t\t<\/div>\n\t\t\t\t\t<\/div>\n\t\t<\/section>\n\t\t\t\t<section class=\"elementor-section elementor-top-section elementor-element elementor-element-21873423 elementor-section-boxed elementor-section-height-default elementor-section-height-default\" data-id=\"21873423\" data-element_type=\"section\">\n\t\t\t\t\t\t<div class=\"elementor-container elementor-column-gap-default\">\n\t\t\t\t\t<div class=\"elementor-column elementor-col-100 elementor-top-column elementor-element elementor-element-34a6ff69\" data-id=\"34a6ff69\" data-element_type=\"column\">\n\t\t\t<div class=\"elementor-widget-wrap elementor-element-populated\">\n\t\t\t\t\t\t<div class=\"elementor-element elementor-element-36ec3c57 elementor-widget elementor-widget-gallery\" data-id=\"36ec3c57\" data-element_type=\"widget\" data-settings=\"{&quot;gallery_layout&quot;:&quot;justified&quot;,&quot;lazyload&quot;:&quot;yes&quot;,&quot;ideal_row_height&quot;:{&quot;unit&quot;:&quot;px&quot;,&quot;size&quot;:200,&quot;sizes&quot;:[]},&quot;ideal_row_height_tablet&quot;:{&quot;unit&quot;:&quot;px&quot;,&quot;size&quot;:150,&quot;sizes&quot;:[]},&quot;ideal_row_height_mobile&quot;:{&quot;unit&quot;:&quot;px&quot;,&quot;size&quot;:150,&quot;sizes&quot;:[]},&quot;gap&quot;:{&quot;unit&quot;:&quot;px&quot;,&quot;size&quot;:10,&quot;sizes&quot;:[]},&quot;gap_tablet&quot;:{&quot;unit&quot;:&quot;px&quot;,&quot;size&quot;:10,&quot;sizes&quot;:[]},&quot;gap_mobile&quot;:{&quot;unit&quot;:&quot;px&quot;,&quot;size&quot;:10,&quot;sizes&quot;:[]},&quot;link_to&quot;:&quot;file&quot;,&quot;overlay_background&quot;:&quot;yes&quot;,&quot;content_hover_animation&quot;:&quot;fade-in&quot;}\" data-widget_type=\"gallery.default\">\n\t\t\t\t<div class=\"elementor-widget-container\">\n\t\t\t\t\t<div class=\"elementor-gallery__container\">\n\t\t\t\t\t\t\t<a class=\"e-gallery-item elementor-gallery-item elementor-animated-content\" href=\"https:\/\/transformarqroo.com\/wp-content\/uploads\/2025\/12\/GOB-27_Oct1.jpg\" data-elementor-open-lightbox=\"yes\" data-elementor-lightbox-slideshow=\"36ec3c57\" data-elementor-lightbox-title=\"GOB 27_Oct(1)\" data-e-action-hash=\"#elementor-action%3Aaction%3Dlightbox%26settings%3DeyJpZCI6NDM4MTgsInVybCI6Imh0dHBzOlwvXC90cmFuc2Zvcm1hcnFyb28uY29tXC93cC1jb250ZW50XC91cGxvYWRzXC8yMDI1XC8xMlwvR09CLTI3X09jdDEuanBnIiwic2xpZGVzaG93IjoiMzZlYzNjNTcifQ%3D%3D\">\n\t\t\t\t\t<div class=\"e-gallery-image elementor-gallery-item__image\" data-thumbnail=\"https:\/\/transformarqroo.com\/wp-content\/uploads\/2025\/12\/GOB-27_Oct1.jpg\" data-width=\"1600\" data-height=\"1038\" aria-label=\"\" role=\"img\" ><\/div>\n\t\t\t\t\t\t\t\t\t\t\t<div class=\"elementor-gallery-item__overlay\"><\/div>\n\t\t\t\t\t\t\t\t\t\t\t\t\t\t<\/a>\n\t\t\t\t\t\t\t<a class=\"e-gallery-item elementor-gallery-item elementor-animated-content\" href=\"https:\/\/transformarqroo.com\/wp-content\/uploads\/2025\/12\/GOB-27_Oct2.jpg\" data-elementor-open-lightbox=\"yes\" data-elementor-lightbox-slideshow=\"36ec3c57\" data-elementor-lightbox-title=\"GOB 27_Oct(2)\" data-e-action-hash=\"#elementor-action%3Aaction%3Dlightbox%26settings%3DeyJpZCI6NDM4MTksInVybCI6Imh0dHBzOlwvXC90cmFuc2Zvcm1hcnFyb28uY29tXC93cC1jb250ZW50XC91cGxvYWRzXC8yMDI1XC8xMlwvR09CLTI3X09jdDIuanBnIiwic2xpZGVzaG93IjoiMzZlYzNjNTcifQ%3D%3D\">\n\t\t\t\t\t<div class=\"e-gallery-image elementor-gallery-item__image\" data-thumbnail=\"https:\/\/transformarqroo.com\/wp-content\/uploads\/2025\/12\/GOB-27_Oct2.jpg\" data-width=\"1600\" data-height=\"1066\" aria-label=\"\" role=\"img\" ><\/div>\n\t\t\t\t\t\t\t\t\t\t\t<div class=\"elementor-gallery-item__overlay\"><\/div>\n\t\t\t\t\t\t\t\t\t\t\t\t\t\t<\/a>\n\t\t\t\t\t\t\t<a class=\"e-gallery-item elementor-gallery-item elementor-animated-content\" href=\"https:\/\/transformarqroo.com\/wp-content\/uploads\/2025\/12\/GOB-27_Oct3.jpg\" data-elementor-open-lightbox=\"yes\" data-elementor-lightbox-slideshow=\"36ec3c57\" data-elementor-lightbox-title=\"GOB 27_Oct(3)\" data-e-action-hash=\"#elementor-action%3Aaction%3Dlightbox%26settings%3DeyJpZCI6NDM4MjAsInVybCI6Imh0dHBzOlwvXC90cmFuc2Zvcm1hcnFyb28uY29tXC93cC1jb250ZW50XC91cGxvYWRzXC8yMDI1XC8xMlwvR09CLTI3X09jdDMuanBnIiwic2xpZGVzaG93IjoiMzZlYzNjNTcifQ%3D%3D\">\n\t\t\t\t\t<div class=\"e-gallery-image elementor-gallery-item__image\" data-thumbnail=\"https:\/\/transformarqroo.com\/wp-content\/uploads\/2025\/12\/GOB-27_Oct3.jpg\" data-width=\"1600\" data-height=\"1066\" aria-label=\"\" role=\"img\" ><\/div>\n\t\t\t\t\t\t\t\t\t\t\t<div class=\"elementor-gallery-item__overlay\"><\/div>\n\t\t\t\t\t\t\t\t\t\t\t\t\t\t<\/a>\n\t\t\t\t\t\t\t<a class=\"e-gallery-item elementor-gallery-item elementor-animated-content\" href=\"https:\/\/transformarqroo.com\/wp-content\/uploads\/2025\/12\/GOB-27_Oct.jpg\" data-elementor-open-lightbox=\"yes\" data-elementor-lightbox-slideshow=\"36ec3c57\" data-elementor-lightbox-title=\"GOB 27_Oct\" data-e-action-hash=\"#elementor-action%3Aaction%3Dlightbox%26settings%3DeyJpZCI6NDM4MjEsInVybCI6Imh0dHBzOlwvXC90cmFuc2Zvcm1hcnFyb28uY29tXC93cC1jb250ZW50XC91cGxvYWRzXC8yMDI1XC8xMlwvR09CLTI3X09jdC5qcGciLCJzbGlkZXNob3ciOiIzNmVjM2M1NyJ9\">\n\t\t\t\t\t<div class=\"e-gallery-image elementor-gallery-item__image\" data-thumbnail=\"https:\/\/transformarqroo.com\/wp-content\/uploads\/2025\/12\/GOB-27_Oct.jpg\" data-width=\"1600\" data-height=\"1066\" aria-label=\"\" role=\"img\" ><\/div>\n\t\t\t\t\t\t\t\t\t\t\t<div class=\"elementor-gallery-item__overlay\"><\/div>\n\t\t\t\t\t\t\t\t\t\t\t\t\t\t<\/a>\n\t\t\t\t\t<\/div>\n\t\t\t<\/div>\n\t\t\t\t<\/div>\n\t\t\t\t\t<\/div>\n\t\t<\/div>\n\t\t\t\t\t<\/div>\n\t\t<\/section>\n\t\t\t\t<\/div>\n\t\t","protected":false},"excerpt":{"rendered":"<p>Cozumel.- Con una noche llena de color, m\u00fasica, danzas y emociones compartidas, la Fundaci\u00f3n de Parques y Museos de Cozumel (FPMC) clausur\u00f3 el festival \u201cD\u00eda de Muertos: Tradici\u00f3n, Luz y Reencuentro\u201d, realizado en el Malec\u00f3n frente al Museo de la Isla, donde las familias cozumele\u00f1as y visitantes celebraron la vida, la identidad y el reencuentro [&hellip;]<\/p>\n","protected":false},"author":1,"featured_media":43821,"comment_status":"closed","ping_status":"closed","sticky":false,"template":"","format":"standard","meta":{"_FSMCFIC_featured_image_caption":"","_FSMCFIC_featured_image_nocaption":"","_FSMCFIC_featured_image_hide":"","footnotes":""},"categories":[38,32],"tags":[],"class_list":["post-43817","post","type-post","status-publish","format-standard","has-post-thumbnail","hentry","category-gobierno-del-estado","category-municipios"],"aioseo_notices":[],"_links":{"self":[{"href":"https:\/\/transformarqroo.com\/index.php\/wp-json\/wp\/v2\/posts\/43817","targetHints":{"allow":["GET"]}}],"collection":[{"href":"https:\/\/transformarqroo.com\/index.php\/wp-json\/wp\/v2\/posts"}],"about":[{"href":"https:\/\/transformarqroo.com\/index.php\/wp-json\/wp\/v2\/types\/post"}],"author":[{"embeddable":true,"href":"https:\/\/transformarqroo.com\/index.php\/wp-json\/wp\/v2\/users\/1"}],"replies":[{"embeddable":true,"href":"https:\/\/transformarqroo.com\/index.php\/wp-json\/wp\/v2\/comments?post=43817"}],"version-history":[{"count":4,"href":"https:\/\/transformarqroo.com\/index.php\/wp-json\/wp\/v2\/posts\/43817\/revisions"}],"predecessor-version":[{"id":43840,"href":"https:\/\/transformarqroo.com\/index.php\/wp-json\/wp\/v2\/posts\/43817\/revisions\/43840"}],"wp:featuredmedia":[{"embeddable":true,"href":"https:\/\/transformarqroo.com\/index.php\/wp-json\/wp\/v2\/media\/43821"}],"wp:attachment":[{"href":"https:\/\/transformarqroo.com\/index.php\/wp-json\/wp\/v2\/media?parent=43817"}],"wp:term":[{"taxonomy":"category","embeddable":true,"href":"https:\/\/transformarqroo.com\/index.php\/wp-json\/wp\/v2\/categories?post=43817"},{"taxonomy":"post_tag","embeddable":true,"href":"https:\/\/transformarqroo.com\/index.php\/wp-json\/wp\/v2\/tags?post=43817"}],"curies":[{"name":"wp","href":"https:\/\/api.w.org\/{rel}","templated":true}]}}