{"id":44278,"date":"2026-01-12T12:31:23","date_gmt":"2026-01-12T17:31:23","guid":{"rendered":"https:\/\/transformarqroo.com\/?p=44278"},"modified":"2026-01-24T12:43:37","modified_gmt":"2026-01-24T17:43:37","slug":"totalmente-rehabilitado-mara-lezama-entrega-el-parque-de-habitat-i-el-numero-14-rescatado-con-el-programa-que-brille-chetumal","status":"publish","type":"post","link":"https:\/\/transformarqroo.com\/index.php\/2026\/01\/12\/totalmente-rehabilitado-mara-lezama-entrega-el-parque-de-habitat-i-el-numero-14-rescatado-con-el-programa-que-brille-chetumal\/","title":{"rendered":"TOTALMENTE REHABILITADO, MARA LEZAMA ENTREGA EL PARQUE DE H\u00c1BITAT I, EL N\u00daMERO 14 RESCATADO CON EL PROGRAMA \u00a1QUE BRILLE CHETUMAL!"},"content":{"rendered":"\t\t<div data-elementor-type=\"wp-post\" data-elementor-id=\"44278\" class=\"elementor elementor-44278\" data-elementor-post-type=\"post\">\n\t\t\t\t\t\t<section class=\"elementor-section elementor-top-section elementor-element elementor-element-2c9bdd01 elementor-section-boxed elementor-section-height-default elementor-section-height-default\" data-id=\"2c9bdd01\" data-element_type=\"section\">\n\t\t\t\t\t\t<div class=\"elementor-container elementor-column-gap-default\">\n\t\t\t\t\t<div class=\"elementor-column elementor-col-100 elementor-top-column elementor-element elementor-element-1d4c536e\" data-id=\"1d4c536e\" data-element_type=\"column\">\n\t\t\t<div class=\"elementor-widget-wrap elementor-element-populated\">\n\t\t\t\t\t\t<div class=\"elementor-element elementor-element-4b8d7354 elementor-widget elementor-widget-premium-addon-banner\" data-id=\"4b8d7354\" data-element_type=\"widget\" data-widget_type=\"premium-addon-banner.default\">\n\t\t\t\t<div class=\"elementor-widget-container\">\n\t\t\t\t\t<div class=\"premium-banner-ib premium-banner-min-height premium-banner-animation7 none\">\r\n\t\t\t\t\t\t\t<div class=\"premium-banner-border\">\r\n\t\t\t\t\t<div class=\"premium-banner-br premium-banner-bleft premium-banner-brlr\"><\/div>\r\n\t\t\t\t\t<div class=\"premium-banner-br premium-banner-bright premium-banner-brlr\"><\/div>\r\n\t\t\t\t\t<div class=\"premium-banner-br premium-banner-btop premium-banner-brtb\"><\/div>\r\n\t\t\t\t\t<div class=\"premium-banner-br premium-banner-bottom premium-banner-brtb\"><\/div>\r\n\t\t\t\t<\/div>\r\n\t\t\t\t\t\t\t\t\t\t\t\t\t\t\t<img fetchpriority=\"high\" decoding=\"async\" width=\"1280\" height=\"960\" src=\"https:\/\/transformarqroo.com\/wp-content\/uploads\/2026\/01\/GOB-12_ENE.jpg\" class=\"attachment-full size-full wp-image-44300\" alt=\"\" srcset=\"https:\/\/transformarqroo.com\/wp-content\/uploads\/2026\/01\/GOB-12_ENE.jpg 1280w, https:\/\/transformarqroo.com\/wp-content\/uploads\/2026\/01\/GOB-12_ENE-300x225.jpg 300w, https:\/\/transformarqroo.com\/wp-content\/uploads\/2026\/01\/GOB-12_ENE-1024x768.jpg 1024w, https:\/\/transformarqroo.com\/wp-content\/uploads\/2026\/01\/GOB-12_ENE-768x576.jpg 768w, https:\/\/transformarqroo.com\/wp-content\/uploads\/2026\/01\/GOB-12_ENE-100x75.jpg 100w\" sizes=\"(max-width: 1280px) 100vw, 1280px\" \/>\t\t\t\t\t\t\t\t\t\t<div class=\"premium-banner-ib-desc\">\r\n\t\t\t\t\t\t\t\t\t<div class=\"premium-banner-desc-centered\">\r\n\t\t\t\t\t\t\t\t\t<h3 class=\"premium-banner-ib-title premium_banner_title\"><\/h3>\t\t\t\t\t\t\t\t\t\t\t\t\t<\/div>\r\n\t\t\t\t\t\t\t<\/div>\r\n\t\t\t\t\t<\/div>\r\n\t\t\t\t\t\t<\/div>\n\t\t\t\t<\/div>\n\t\t\t\t\t<\/div>\n\t\t<\/div>\n\t\t\t\t\t<\/div>\n\t\t<\/section>\n\t\t\t\t<section class=\"elementor-section elementor-top-section elementor-element elementor-element-5f4cc9d0 elementor-section-boxed elementor-section-height-default elementor-section-height-default\" data-id=\"5f4cc9d0\" data-element_type=\"section\" data-settings=\"{&quot;background_background&quot;:&quot;classic&quot;}\">\n\t\t\t\t\t\t<div class=\"elementor-container elementor-column-gap-default\">\n\t\t\t\t\t<div class=\"elementor-column elementor-col-100 elementor-top-column elementor-element elementor-element-76da7b4c\" data-id=\"76da7b4c\" data-element_type=\"column\">\n\t\t\t<div class=\"elementor-widget-wrap elementor-element-populated\">\n\t\t\t\t\t\t<div class=\"elementor-element elementor-element-46ebdfa9 premium-title-icon-row premium-title-color elementor-widget elementor-widget-premium-addon-title\" data-id=\"46ebdfa9\" data-element_type=\"widget\" data-widget_type=\"premium-addon-title.default\">\n\t\t\t\t<div class=\"elementor-widget-container\">\n\t\t\t\r\n\t\t<div class=\"premium-title-container style2\">\r\n\t\t\t<h5 class=\"premium-title-header premium-title-style2\">\r\n\t\t\t\t\r\n\t\t\t\t\t\t\t\t\t\t\t\t\t\t\t<div class=\"premium-title-icon premium-lottie-animation\" data-lottie-url=\"https:\/\/assets8.lottiefiles.com\/packages\/lf20_pcfclxy8.json\" data-lottie-loop=\"true\" data-lottie-reverse=\"\"><\/div>\r\n\t\t\t\t\t\t\t\t\t\r\n\t\t\t\t\t\t\t\t\t\t\t\t<span class=\"premium-title-text\" >\r\n\t\t\t\t\t\t\t\t\t<\/span>\r\n\t\t\t\t\t\r\n\t\t\t\t\t\t\t\t\t\t\t<\/h5>\r\n\t\t<\/div>\r\n\r\n\t\t\t\t<\/div>\n\t\t\t\t<\/div>\n\t\t\t\t\t<\/div>\n\t\t<\/div>\n\t\t\t\t\t<\/div>\n\t\t<\/section>\n\t\t\t\t<section class=\"elementor-section elementor-top-section elementor-element elementor-element-72f8c037 elementor-section-boxed elementor-section-height-default elementor-section-height-default\" data-id=\"72f8c037\" data-element_type=\"section\">\n\t\t\t\t\t\t<div class=\"elementor-container elementor-column-gap-default\">\n\t\t\t\t\t<div class=\"elementor-column elementor-col-100 elementor-top-column elementor-element elementor-element-8c7f2c4\" data-id=\"8c7f2c4\" data-element_type=\"column\">\n\t\t\t<div class=\"elementor-widget-wrap elementor-element-populated\">\n\t\t\t\t\t\t<div class=\"elementor-element elementor-element-22a427cb elementor-widget elementor-widget-text-editor\" data-id=\"22a427cb\" data-element_type=\"widget\" data-widget_type=\"text-editor.default\">\n\t\t\t\t<div class=\"elementor-widget-container\">\n\t\t\t\t\t\t\t<p><span style=\"font-weight: 400;\">-Con nueva imagen y espacios totalmente renovados, casi 17 mil familias de la colonia Proterritorio y zonas aleda\u00f1as podr\u00e1n disfrutar de este parque y fomentar la convivencia comunitaria<\/span><\/p><p>\u00a0<\/p><p><span style=\"font-weight: 400;\">Chetumal.- Acompa\u00f1ada de vecinas y vecinos, la gobernadora Mara Lezama Espinosa entreg\u00f3 totalmente rehabilitado el parque de la colonia H\u00e1bitat 1, el n\u00famero 14 totalmente rescatado a trav\u00e9s del programa \u00a1Que Brille Chetumal!, que se enfoca en la rehabilitaci\u00f3n y rescate de parques y espacios p\u00fablicos en la capital, para mejorar la convivencia familiar, promover el deporte, la seguridad y fortalecer el bienestar comunitario.<\/span><\/p><p>\u00a0<\/p><p><span style=\"font-weight: 400;\">\u201cEstamos muy contentos porque recuperar los espacios p\u00fablicos es hacer comunidad, es construir la paz, es encontrarnos con vecinas y vecinos, ver a las ni\u00f1as y los ni\u00f1os, y decirle a toda la gente que este lugar es suyo, es de las y los chetumale\u00f1os, y toda la gente que quiera venir a disfrutarlo\u201d, expres\u00f3 la Gobernadora.<\/span><\/p><p>\u00a0<\/p><p><span style=\"font-weight: 400;\">Durante el recorrido y la supervisi\u00f3n de este espacio recuperado, Mara Lezama explic\u00f3 que en total son 4 mil metros cuadrados totalmente rehabilitados, de ellos 3 mil metros de \u00e1reas jardinadas, 42 luminarias renovadas, juegos infantiles dignos, canchas seguras y todas las \u00e1reas verdes limpias. \u201cAs\u00ed queremos que permanezcan, queremos que los cuides\u201d, dijo a las y los vecinos.<\/span><\/p><p>\u00a0<\/p><p><span style=\"font-weight: 400;\">En un solo conjunto de acciones, el parque recibi\u00f3 trabajos de rehabilitaci\u00f3n integral que incluyeron mantenimiento y pintura de juegos infantiles, bancas, kiosco y canchas; reparaci\u00f3n de estructuras, chapeo y poda de \u00e1reas verdes y \u00e1rboles; resanes de alba\u00f1iler\u00eda, as\u00ed como la revisi\u00f3n y mejora de la iluminaci\u00f3n, con el objetivo de que el parque sea un espacio seguro, funcional y agradable.<\/span><\/p><p>\u00a0<\/p><p><span style=\"font-weight: 400;\">La intervenci\u00f3n del parque H\u00e1bitat I beneficia directamente a casi 17 mil familias de la colonia Proterritorio y zonas cercanas. Este parque, inaugurado en 2019 y conocido tambi\u00e9n por generaciones de habitantes como un punto de encuentro comunitario, ha sido escenario de actividades deportivas, recreativas y de convivencia familiar, por lo que su recuperaci\u00f3n representa no solo una mejora urbana, sino la preservaci\u00f3n de un espacio con valor social e hist\u00f3rico para la colonia.<\/span><\/p><p>\u00a0<\/p><p><span style=\"font-weight: 400;\">Para garantizar que este parque se conserve en buenas condiciones, la CAPA ser\u00e1 la dependencia encargada de su mantenimiento y supervisi\u00f3n permanente, realizando revisiones constantes, atenci\u00f3n preventiva y acciones correctivas para evitar el deterioro del espacio, en coordinaci\u00f3n con otras \u00e1reas del Gobierno del Estado.<\/span><\/p><p>\u00a0<\/p><p><span style=\"font-weight: 400;\">Adem\u00e1s, se invit\u00f3 a las y los ciudadanos a ser parte activa del cuidado de este parque. Si detectan basura, \u00e1reas verdes descuidadas, luminarias apagadas o cualquier necesidad de mantenimiento, pueden realizar su reporte al 983 102 3200, l\u00ednea habilitada para atender solicitudes del programa.<\/span><\/p><p>\u00a0<\/p><p><span style=\"font-weight: 400;\">Junto con la presidenta municipal de Oth\u00f3n P. Blanco, Yensunni Mart\u00ednez Hern\u00e1ndez, la gobernadora Mara Lezama destac\u00f3 que tomados de la mano, este gobierno humanista con coraz\u00f3n feminista, de la Cuarta Transformaci\u00f3n, trabaja en acciones que ayuden a prevenir la delincuencia, alejar a las ni\u00f1as y ni\u00f1os de las actitudes autodestructivas.<\/span><\/p><p>\u00a0<\/p><p><span style=\"font-weight: 400;\">La Gobernadora estuvo acompa\u00f1ada por el subsecretario de Gobierno de la SEGOB, Nabil Eljure Terrazas; el director general de la Comisi\u00f3n de Agua Potable y Alcantarillado (CAPA), Hugo Federico Garza S\u00e1enz; el director de administraci\u00f3n de Bienes y Servicios de la Oficial\u00eda Mayor, Miguel R\u00edos; as\u00ed como personal directivo del Gobierno del Estado.<\/span><\/p>\t\t\t\t\t\t<\/div>\n\t\t\t\t<\/div>\n\t\t\t\t\t<\/div>\n\t\t<\/div>\n\t\t\t\t\t<\/div>\n\t\t<\/section>\n\t\t\t\t<section class=\"elementor-section elementor-top-section elementor-element elementor-element-574791f8 elementor-section-boxed elementor-section-height-default elementor-section-height-default\" data-id=\"574791f8\" data-element_type=\"section\">\n\t\t\t\t\t\t<div class=\"elementor-container elementor-column-gap-default\">\n\t\t\t\t\t<div class=\"elementor-column elementor-col-100 elementor-top-column elementor-element elementor-element-5a9c8b62\" data-id=\"5a9c8b62\" data-element_type=\"column\">\n\t\t\t<div class=\"elementor-widget-wrap elementor-element-populated\">\n\t\t\t\t\t\t<div class=\"elementor-element elementor-element-54adfdaf elementor-widget elementor-widget-gallery\" data-id=\"54adfdaf\" data-element_type=\"widget\" data-settings=\"{&quot;gallery_layout&quot;:&quot;justified&quot;,&quot;lazyload&quot;:&quot;yes&quot;,&quot;ideal_row_height&quot;:{&quot;unit&quot;:&quot;px&quot;,&quot;size&quot;:200,&quot;sizes&quot;:[]},&quot;ideal_row_height_tablet&quot;:{&quot;unit&quot;:&quot;px&quot;,&quot;size&quot;:150,&quot;sizes&quot;:[]},&quot;ideal_row_height_mobile&quot;:{&quot;unit&quot;:&quot;px&quot;,&quot;size&quot;:150,&quot;sizes&quot;:[]},&quot;gap&quot;:{&quot;unit&quot;:&quot;px&quot;,&quot;size&quot;:10,&quot;sizes&quot;:[]},&quot;gap_tablet&quot;:{&quot;unit&quot;:&quot;px&quot;,&quot;size&quot;:10,&quot;sizes&quot;:[]},&quot;gap_mobile&quot;:{&quot;unit&quot;:&quot;px&quot;,&quot;size&quot;:10,&quot;sizes&quot;:[]},&quot;link_to&quot;:&quot;file&quot;,&quot;overlay_background&quot;:&quot;yes&quot;,&quot;content_hover_animation&quot;:&quot;fade-in&quot;}\" data-widget_type=\"gallery.default\">\n\t\t\t\t<div class=\"elementor-widget-container\">\n\t\t\t\t\t<div class=\"elementor-gallery__container\">\n\t\t\t\t\t\t\t<a class=\"e-gallery-item elementor-gallery-item elementor-animated-content\" href=\"https:\/\/transformarqroo.com\/wp-content\/uploads\/2026\/01\/GOB-12_ENE1.jpg\" data-elementor-open-lightbox=\"yes\" data-elementor-lightbox-slideshow=\"54adfdaf\" data-elementor-lightbox-title=\"GOB 12_ENE(1)\" data-e-action-hash=\"#elementor-action%3Aaction%3Dlightbox%26settings%3DeyJpZCI6NDQyOTQsInVybCI6Imh0dHBzOlwvXC90cmFuc2Zvcm1hcnFyb28uY29tXC93cC1jb250ZW50XC91cGxvYWRzXC8yMDI2XC8wMVwvR09CLTEyX0VORTEuanBnIiwic2xpZGVzaG93IjoiNTRhZGZkYWYifQ%3D%3D\">\n\t\t\t\t\t<div class=\"e-gallery-image elementor-gallery-item__image\" data-thumbnail=\"https:\/\/transformarqroo.com\/wp-content\/uploads\/2026\/01\/GOB-12_ENE1.jpg\" data-width=\"1280\" data-height=\"854\" aria-label=\"\" role=\"img\" ><\/div>\n\t\t\t\t\t\t\t\t\t\t\t<div class=\"elementor-gallery-item__overlay\"><\/div>\n\t\t\t\t\t\t\t\t\t\t\t\t\t\t<\/a>\n\t\t\t\t\t\t\t<a class=\"e-gallery-item elementor-gallery-item elementor-animated-content\" href=\"https:\/\/transformarqroo.com\/wp-content\/uploads\/2026\/01\/GOB-12_ENE2.jpg\" data-elementor-open-lightbox=\"yes\" data-elementor-lightbox-slideshow=\"54adfdaf\" data-elementor-lightbox-title=\"GOB 12_ENE(2)\" data-e-action-hash=\"#elementor-action%3Aaction%3Dlightbox%26settings%3DeyJpZCI6NDQyOTYsInVybCI6Imh0dHBzOlwvXC90cmFuc2Zvcm1hcnFyb28uY29tXC93cC1jb250ZW50XC91cGxvYWRzXC8yMDI2XC8wMVwvR09CLTEyX0VORTIuanBnIiwic2xpZGVzaG93IjoiNTRhZGZkYWYifQ%3D%3D\">\n\t\t\t\t\t<div class=\"e-gallery-image elementor-gallery-item__image\" data-thumbnail=\"https:\/\/transformarqroo.com\/wp-content\/uploads\/2026\/01\/GOB-12_ENE2.jpg\" data-width=\"1280\" data-height=\"854\" aria-label=\"\" role=\"img\" ><\/div>\n\t\t\t\t\t\t\t\t\t\t\t<div class=\"elementor-gallery-item__overlay\"><\/div>\n\t\t\t\t\t\t\t\t\t\t\t\t\t\t<\/a>\n\t\t\t\t\t\t\t<a class=\"e-gallery-item elementor-gallery-item elementor-animated-content\" href=\"https:\/\/transformarqroo.com\/wp-content\/uploads\/2026\/01\/GOB-12_ENE3.jpg\" data-elementor-open-lightbox=\"yes\" data-elementor-lightbox-slideshow=\"54adfdaf\" data-elementor-lightbox-title=\"GOB 12_ENE(3)\" data-e-action-hash=\"#elementor-action%3Aaction%3Dlightbox%26settings%3DeyJpZCI6NDQyOTgsInVybCI6Imh0dHBzOlwvXC90cmFuc2Zvcm1hcnFyb28uY29tXC93cC1jb250ZW50XC91cGxvYWRzXC8yMDI2XC8wMVwvR09CLTEyX0VORTMuanBnIiwic2xpZGVzaG93IjoiNTRhZGZkYWYifQ%3D%3D\">\n\t\t\t\t\t<div class=\"e-gallery-image elementor-gallery-item__image\" data-thumbnail=\"https:\/\/transformarqroo.com\/wp-content\/uploads\/2026\/01\/GOB-12_ENE3.jpg\" data-width=\"1280\" data-height=\"854\" aria-label=\"\" role=\"img\" ><\/div>\n\t\t\t\t\t\t\t\t\t\t\t<div class=\"elementor-gallery-item__overlay\"><\/div>\n\t\t\t\t\t\t\t\t\t\t\t\t\t\t<\/a>\n\t\t\t\t\t\t\t<a class=\"e-gallery-item elementor-gallery-item elementor-animated-content\" href=\"https:\/\/transformarqroo.com\/wp-content\/uploads\/2026\/01\/GOB-12_ENE.jpg\" data-elementor-open-lightbox=\"yes\" data-elementor-lightbox-slideshow=\"54adfdaf\" data-elementor-lightbox-title=\"GOB 12_ENE\" data-e-action-hash=\"#elementor-action%3Aaction%3Dlightbox%26settings%3DeyJpZCI6NDQzMDAsInVybCI6Imh0dHBzOlwvXC90cmFuc2Zvcm1hcnFyb28uY29tXC93cC1jb250ZW50XC91cGxvYWRzXC8yMDI2XC8wMVwvR09CLTEyX0VORS5qcGciLCJzbGlkZXNob3ciOiI1NGFkZmRhZiJ9\">\n\t\t\t\t\t<div class=\"e-gallery-image elementor-gallery-item__image\" data-thumbnail=\"https:\/\/transformarqroo.com\/wp-content\/uploads\/2026\/01\/GOB-12_ENE.jpg\" data-width=\"1280\" data-height=\"960\" aria-label=\"\" role=\"img\" ><\/div>\n\t\t\t\t\t\t\t\t\t\t\t<div class=\"elementor-gallery-item__overlay\"><\/div>\n\t\t\t\t\t\t\t\t\t\t\t\t\t\t<\/a>\n\t\t\t\t\t<\/div>\n\t\t\t<\/div>\n\t\t\t\t<\/div>\n\t\t\t\t\t<\/div>\n\t\t<\/div>\n\t\t\t\t\t<\/div>\n\t\t<\/section>\n\t\t\t\t<\/div>\n\t\t","protected":false},"excerpt":{"rendered":"<p>-Con nueva imagen y espacios totalmente renovados, casi 17 mil familias de la colonia Proterritorio y zonas aleda\u00f1as podr\u00e1n disfrutar de este parque y fomentar la convivencia comunitaria \u00a0 Chetumal.- Acompa\u00f1ada de vecinas y vecinos, la gobernadora Mara Lezama Espinosa entreg\u00f3 totalmente rehabilitado el parque de la colonia H\u00e1bitat 1, el n\u00famero 14 totalmente rescatado [&hellip;]<\/p>\n","protected":false},"author":1,"featured_media":44300,"comment_status":"closed","ping_status":"closed","sticky":false,"template":"","format":"standard","meta":{"_FSMCFIC_featured_image_caption":"","_FSMCFIC_featured_image_nocaption":"","_FSMCFIC_featured_image_hide":"","footnotes":""},"categories":[38,32],"tags":[],"class_list":["post-44278","post","type-post","status-publish","format-standard","has-post-thumbnail","hentry","category-gobierno-del-estado","category-municipios"],"aioseo_notices":[],"_links":{"self":[{"href":"https:\/\/transformarqroo.com\/index.php\/wp-json\/wp\/v2\/posts\/44278","targetHints":{"allow":["GET"]}}],"collection":[{"href":"https:\/\/transformarqroo.com\/index.php\/wp-json\/wp\/v2\/posts"}],"about":[{"href":"https:\/\/transformarqroo.com\/index.php\/wp-json\/wp\/v2\/types\/post"}],"author":[{"embeddable":true,"href":"https:\/\/transformarqroo.com\/index.php\/wp-json\/wp\/v2\/users\/1"}],"replies":[{"embeddable":true,"href":"https:\/\/transformarqroo.com\/index.php\/wp-json\/wp\/v2\/comments?post=44278"}],"version-history":[{"count":4,"href":"https:\/\/transformarqroo.com\/index.php\/wp-json\/wp\/v2\/posts\/44278\/revisions"}],"predecessor-version":[{"id":44319,"href":"https:\/\/transformarqroo.com\/index.php\/wp-json\/wp\/v2\/posts\/44278\/revisions\/44319"}],"wp:featuredmedia":[{"embeddable":true,"href":"https:\/\/transformarqroo.com\/index.php\/wp-json\/wp\/v2\/media\/44300"}],"wp:attachment":[{"href":"https:\/\/transformarqroo.com\/index.php\/wp-json\/wp\/v2\/media?parent=44278"}],"wp:term":[{"taxonomy":"category","embeddable":true,"href":"https:\/\/transformarqroo.com\/index.php\/wp-json\/wp\/v2\/categories?post=44278"},{"taxonomy":"post_tag","embeddable":true,"href":"https:\/\/transformarqroo.com\/index.php\/wp-json\/wp\/v2\/tags?post=44278"}],"curies":[{"name":"wp","href":"https:\/\/api.w.org\/{rel}","templated":true}]}}