{"id":44391,"date":"2026-01-13T14:03:05","date_gmt":"2026-01-13T19:03:05","guid":{"rendered":"https:\/\/transformarqroo.com\/?p=44391"},"modified":"2026-01-24T14:11:03","modified_gmt":"2026-01-24T19:11:03","slug":"la-salud-mental-es-nuestra-prioridad-ana-paty-peralta","status":"publish","type":"post","link":"https:\/\/transformarqroo.com\/index.php\/2026\/01\/13\/la-salud-mental-es-nuestra-prioridad-ana-paty-peralta\/","title":{"rendered":"LA SALUD MENTAL ES NUESTRA PRIORIDAD: ANA PATY PERALTA"},"content":{"rendered":"\t\t<div data-elementor-type=\"wp-post\" data-elementor-id=\"44391\" class=\"elementor elementor-44391\" data-elementor-post-type=\"post\">\n\t\t\t\t\t\t<section class=\"elementor-section elementor-top-section elementor-element elementor-element-627bb31a elementor-section-boxed elementor-section-height-default elementor-section-height-default\" data-id=\"627bb31a\" data-element_type=\"section\">\n\t\t\t\t\t\t<div class=\"elementor-container elementor-column-gap-default\">\n\t\t\t\t\t<div class=\"elementor-column elementor-col-100 elementor-top-column elementor-element elementor-element-14f9ff00\" data-id=\"14f9ff00\" data-element_type=\"column\">\n\t\t\t<div class=\"elementor-widget-wrap elementor-element-populated\">\n\t\t\t\t\t\t<div class=\"elementor-element elementor-element-5ee684f5 elementor-widget elementor-widget-premium-addon-banner\" data-id=\"5ee684f5\" data-element_type=\"widget\" data-widget_type=\"premium-addon-banner.default\">\n\t\t\t\t<div class=\"elementor-widget-container\">\n\t\t\t\t\t<div class=\"premium-banner-ib premium-banner-min-height premium-banner-animation7 none\">\r\n\t\t\t\t\t\t\t<div class=\"premium-banner-border\">\r\n\t\t\t\t\t<div class=\"premium-banner-br premium-banner-bleft premium-banner-brlr\"><\/div>\r\n\t\t\t\t\t<div class=\"premium-banner-br premium-banner-bright premium-banner-brlr\"><\/div>\r\n\t\t\t\t\t<div class=\"premium-banner-br premium-banner-btop premium-banner-brtb\"><\/div>\r\n\t\t\t\t\t<div class=\"premium-banner-br premium-banner-bottom premium-banner-brtb\"><\/div>\r\n\t\t\t\t<\/div>\r\n\t\t\t\t\t\t\t\t\t\t\t\t\t\t\t<img fetchpriority=\"high\" decoding=\"async\" width=\"1280\" height=\"890\" src=\"https:\/\/transformarqroo.com\/wp-content\/uploads\/2026\/01\/BJ-13_ENE.jpg\" class=\"attachment-full size-full wp-image-44410\" alt=\"\" srcset=\"https:\/\/transformarqroo.com\/wp-content\/uploads\/2026\/01\/BJ-13_ENE.jpg 1280w, https:\/\/transformarqroo.com\/wp-content\/uploads\/2026\/01\/BJ-13_ENE-300x209.jpg 300w, https:\/\/transformarqroo.com\/wp-content\/uploads\/2026\/01\/BJ-13_ENE-1024x712.jpg 1024w, https:\/\/transformarqroo.com\/wp-content\/uploads\/2026\/01\/BJ-13_ENE-768x534.jpg 768w, https:\/\/transformarqroo.com\/wp-content\/uploads\/2026\/01\/BJ-13_ENE-100x70.jpg 100w\" sizes=\"(max-width: 1280px) 100vw, 1280px\" \/>\t\t\t\t\t\t\t\t\t\t<div class=\"premium-banner-ib-desc\">\r\n\t\t\t\t\t\t\t\t\t<div class=\"premium-banner-desc-centered\">\r\n\t\t\t\t\t\t\t\t\t<h3 class=\"premium-banner-ib-title premium_banner_title\"><\/h3>\t\t\t\t\t\t\t\t\t\t\t\t\t<\/div>\r\n\t\t\t\t\t\t\t<\/div>\r\n\t\t\t\t\t<\/div>\r\n\t\t\t\t\t\t<\/div>\n\t\t\t\t<\/div>\n\t\t\t\t\t<\/div>\n\t\t<\/div>\n\t\t\t\t\t<\/div>\n\t\t<\/section>\n\t\t\t\t<section class=\"elementor-section elementor-top-section elementor-element elementor-element-19eb64ec elementor-section-boxed elementor-section-height-default elementor-section-height-default\" data-id=\"19eb64ec\" data-element_type=\"section\" data-settings=\"{&quot;background_background&quot;:&quot;classic&quot;}\">\n\t\t\t\t\t\t<div class=\"elementor-container elementor-column-gap-default\">\n\t\t\t\t\t<div class=\"elementor-column elementor-col-100 elementor-top-column elementor-element elementor-element-2a1a5a9c\" data-id=\"2a1a5a9c\" data-element_type=\"column\">\n\t\t\t<div class=\"elementor-widget-wrap elementor-element-populated\">\n\t\t\t\t\t\t<div class=\"elementor-element elementor-element-7fe63f5d premium-title-icon-row premium-title-color elementor-widget elementor-widget-premium-addon-title\" data-id=\"7fe63f5d\" data-element_type=\"widget\" data-widget_type=\"premium-addon-title.default\">\n\t\t\t\t<div class=\"elementor-widget-container\">\n\t\t\t\r\n\t\t<div class=\"premium-title-container style2\">\r\n\t\t\t<h5 class=\"premium-title-header premium-title-style2\">\r\n\t\t\t\t\r\n\t\t\t\t\t\t\t\t\t\t\t\t\t\t\t<div class=\"premium-title-icon premium-lottie-animation\" data-lottie-url=\"https:\/\/assets8.lottiefiles.com\/packages\/lf20_pcfclxy8.json\" data-lottie-loop=\"true\" data-lottie-reverse=\"\"><\/div>\r\n\t\t\t\t\t\t\t\t\t\r\n\t\t\t\t\t\t\t\t\t\t\t\t<span class=\"premium-title-text\" >\r\n\t\t\t\t\t\t\t\t\t<\/span>\r\n\t\t\t\t\t\r\n\t\t\t\t\t\t\t\t\t\t\t<\/h5>\r\n\t\t<\/div>\r\n\r\n\t\t\t\t<\/div>\n\t\t\t\t<\/div>\n\t\t\t\t\t<\/div>\n\t\t<\/div>\n\t\t\t\t\t<\/div>\n\t\t<\/section>\n\t\t\t\t<section class=\"elementor-section elementor-top-section elementor-element elementor-element-31e5dbb8 elementor-section-boxed elementor-section-height-default elementor-section-height-default\" data-id=\"31e5dbb8\" data-element_type=\"section\">\n\t\t\t\t\t\t<div class=\"elementor-container elementor-column-gap-default\">\n\t\t\t\t\t<div class=\"elementor-column elementor-col-100 elementor-top-column elementor-element elementor-element-20e27250\" data-id=\"20e27250\" data-element_type=\"column\">\n\t\t\t<div class=\"elementor-widget-wrap elementor-element-populated\">\n\t\t\t\t\t\t<div class=\"elementor-element elementor-element-4a7f5d13 elementor-widget elementor-widget-text-editor\" data-id=\"4a7f5d13\" data-element_type=\"widget\" data-widget_type=\"text-editor.default\">\n\t\t\t\t<div class=\"elementor-widget-container\">\n\t\t\t\t\t\t\t<p><span style=\"font-weight: 400;\">Canc\u00fan, Q. R., a 13 de enero de 2026.- Al encabezar la inauguraci\u00f3n del Cuarto Congreso de Salud Mental, en el marco del D\u00eda Mundial de la Lucha contra la Depresi\u00f3n, la Presidenta Municipal de Benito Ju\u00e1rez, Ana Paty Peralta, hizo un llamado a la ciudadan\u00eda a visibilizar y atender esta problem\u00e1tica para construir una sociedad m\u00e1s solidaria, humana y fuerte.\u00a0<\/span><\/p><p><span style=\"font-weight: 400;\">\u00a0<\/span><\/p><p><span style=\"font-weight: 400;\">\u201cLa salud mental es algo que hay que hablar sin tab\u00fas, sin juzgar, sino desde lo profundamente humano. Nadie tiene porque pasar un momento dif\u00edcil en soledad; en Canc\u00fan, en el DIF, en la coordinaci\u00f3n de Salud Mental, con las asociaciones civiles, con la Secretar\u00eda de Salud, hay personas capacitadas e instituciones que acompa\u00f1an\u201d, dijo.<\/span><\/p><p><span style=\"font-weight: 400;\">\u00a0<\/span><\/p><p><span style=\"font-weight: 400;\">En el marco del evento en el hotel Dreams Sands Canc\u00fan, anunci\u00f3 que se har\u00e1n alrededor de 24 congresos del mismo tipo, dos por mes, en diferentes hoteles de la ciudad, como parte de una estrategia del DIF Benito Ju\u00e1rez para llegar a los colaboradores de esa industria que sostiene este destino tur\u00edstico d\u00eda a d\u00eda y promover su bienestar y el de sus familias.<\/span><\/p><p><span style=\"font-weight: 400;\">\u00a0<\/span><\/p><p><span style=\"font-weight: 400;\">\u201cPara nuestro gobierno es una prioridad que ustedes est\u00e9n bien. Quiz\u00e1 piensen que la depresi\u00f3n es algo que le pasa a personas d\u00e9biles y vulnerables, pero millones en el mundo la viven y lo peor es que es en silencio, por eso es importante saber pedir ayuda y que sepan que cuentan con varias instituciones\u201d, afirm\u00f3.\u00a0<\/span><\/p><p><span style=\"font-weight: 400;\">\u00a0<\/span><\/p><p><span style=\"font-weight: 400;\">Por su parte, la directora del DIF Benito Ju\u00e1rez, Marisol Sendo Rodr\u00edguez, resalt\u00f3 que de acuerdo con la Organizaci\u00f3n Mundial de la Salud, en M\u00e9xico m\u00e1s de 34.8 millones de ciudadanos han experimentado momentos depresivos en alg\u00fan punto de su vida, por lo que la dependencia a su cargo ha reforzado la atenci\u00f3n en este rubro y en 2025 otorg\u00f3 seis mil 125 atenciones psicol\u00f3gicas, mil 108 atenciones psiqui\u00e1tricas, m\u00e1s dos mil 896 asistentes a pl\u00e1ticas de concientizaci\u00f3n sobre el tema.<\/span><\/p><p><span style=\"font-weight: 400;\">\u00a0<\/span><\/p><p><span style=\"font-weight: 400;\">A su vez, la jefa del departamento de Salud Mental y Adicciones de SESA, Isabeau Anaid Brito Rivero, resalt\u00f3 que cuidar la salud mental no es un tema exclusivo de especialistas, sino es una responsabilidad compartida, por lo que es importante la prevenci\u00f3n y atenci\u00f3n oportuna ya que pueden marcar la diferencia en mejorar la calidad de vida de un individuo y su entorno.\u00a0\u00a0\u00a0\u00a0<\/span><\/p><p><span style=\"font-weight: 400;\">\u00a0<\/span><\/p><p><span style=\"font-weight: 400;\">Como parte del congreso, se ofrecieron diferentes conferencias tales como: \u201cDel reto a la oportunidad laboral en la vida cotidiana\u201d, \u201cDistimia y la funcionalidad en la vida cotidiana\u201d, \u201cEstrategias para mejorar la comunicaci\u00f3n\u201d, \u201cEl sacrificio del Yo\u201d, \u201cPrincipales trastornos en la din\u00e1mica familiar\u201d, \u201cAbordaje te\u00f3rico de la depresi\u00f3n\u201d, \u201cEstr\u00e9s laboral\u201d, \u201cSalud mental y la importancia del deporte\u201d, y \u201cEntendiendo la depresi\u00f3n: c\u00f3mo reconocerla y pedir ayuda\u201d.<\/span><\/p><p><span style=\"font-weight: 400;\">\u00a0<\/span><\/p><p><span style=\"font-weight: 400;\">En el evento estuvieron presentes tambi\u00e9n: la titular de la representaci\u00f3n de Gesti\u00f3n en la zona norte del DIF Quintana Roo, Raquel Jim\u00e9nez Jim\u00e9nez, en representaci\u00f3n de la presidenta honoraria de la instituci\u00f3n, Ver\u00f3nica Lezama Espinoza; y el director general del centro de hospedaje, Jos\u00e9 Fern\u00e1ndez Orozco.<\/span><\/p>\t\t\t\t\t\t<\/div>\n\t\t\t\t<\/div>\n\t\t\t\t\t<\/div>\n\t\t<\/div>\n\t\t\t\t\t<\/div>\n\t\t<\/section>\n\t\t\t\t<section class=\"elementor-section elementor-top-section elementor-element elementor-element-4da98fd elementor-section-boxed elementor-section-height-default elementor-section-height-default\" data-id=\"4da98fd\" data-element_type=\"section\">\n\t\t\t\t\t\t<div class=\"elementor-container elementor-column-gap-default\">\n\t\t\t\t\t<div class=\"elementor-column elementor-col-100 elementor-top-column elementor-element elementor-element-7512eac1\" data-id=\"7512eac1\" data-element_type=\"column\">\n\t\t\t<div class=\"elementor-widget-wrap elementor-element-populated\">\n\t\t\t\t\t\t<div class=\"elementor-element elementor-element-2d3d5215 elementor-widget elementor-widget-gallery\" data-id=\"2d3d5215\" data-element_type=\"widget\" data-settings=\"{&quot;gallery_layout&quot;:&quot;justified&quot;,&quot;lazyload&quot;:&quot;yes&quot;,&quot;ideal_row_height&quot;:{&quot;unit&quot;:&quot;px&quot;,&quot;size&quot;:200,&quot;sizes&quot;:[]},&quot;ideal_row_height_tablet&quot;:{&quot;unit&quot;:&quot;px&quot;,&quot;size&quot;:150,&quot;sizes&quot;:[]},&quot;ideal_row_height_mobile&quot;:{&quot;unit&quot;:&quot;px&quot;,&quot;size&quot;:150,&quot;sizes&quot;:[]},&quot;gap&quot;:{&quot;unit&quot;:&quot;px&quot;,&quot;size&quot;:10,&quot;sizes&quot;:[]},&quot;gap_tablet&quot;:{&quot;unit&quot;:&quot;px&quot;,&quot;size&quot;:10,&quot;sizes&quot;:[]},&quot;gap_mobile&quot;:{&quot;unit&quot;:&quot;px&quot;,&quot;size&quot;:10,&quot;sizes&quot;:[]},&quot;link_to&quot;:&quot;file&quot;,&quot;overlay_background&quot;:&quot;yes&quot;,&quot;content_hover_animation&quot;:&quot;fade-in&quot;}\" data-widget_type=\"gallery.default\">\n\t\t\t\t<div class=\"elementor-widget-container\">\n\t\t\t\t\t<div class=\"elementor-gallery__container\">\n\t\t\t\t\t\t\t<a class=\"e-gallery-item elementor-gallery-item elementor-animated-content\" href=\"https:\/\/transformarqroo.com\/wp-content\/uploads\/2026\/01\/BJ-13_ENE1.jpg\" data-elementor-open-lightbox=\"yes\" data-elementor-lightbox-slideshow=\"2d3d5215\" data-elementor-lightbox-title=\"BJ 13_ENE(1)\" data-e-action-hash=\"#elementor-action%3Aaction%3Dlightbox%26settings%3DeyJpZCI6NDQ0MDcsInVybCI6Imh0dHBzOlwvXC90cmFuc2Zvcm1hcnFyb28uY29tXC93cC1jb250ZW50XC91cGxvYWRzXC8yMDI2XC8wMVwvQkotMTNfRU5FMS5qcGciLCJzbGlkZXNob3ciOiIyZDNkNTIxNSJ9\">\n\t\t\t\t\t<div class=\"e-gallery-image elementor-gallery-item__image\" data-thumbnail=\"https:\/\/transformarqroo.com\/wp-content\/uploads\/2026\/01\/BJ-13_ENE1.jpg\" data-width=\"1280\" data-height=\"1050\" aria-label=\"\" role=\"img\" ><\/div>\n\t\t\t\t\t\t\t\t\t\t\t<div class=\"elementor-gallery-item__overlay\"><\/div>\n\t\t\t\t\t\t\t\t\t\t\t\t\t\t<\/a>\n\t\t\t\t\t\t\t<a class=\"e-gallery-item elementor-gallery-item elementor-animated-content\" href=\"https:\/\/transformarqroo.com\/wp-content\/uploads\/2026\/01\/BJ-13_ENE2.jpg\" data-elementor-open-lightbox=\"yes\" data-elementor-lightbox-slideshow=\"2d3d5215\" data-elementor-lightbox-title=\"BJ 13_ENE(2)\" data-e-action-hash=\"#elementor-action%3Aaction%3Dlightbox%26settings%3DeyJpZCI6NDQ0MDgsInVybCI6Imh0dHBzOlwvXC90cmFuc2Zvcm1hcnFyb28uY29tXC93cC1jb250ZW50XC91cGxvYWRzXC8yMDI2XC8wMVwvQkotMTNfRU5FMi5qcGciLCJzbGlkZXNob3ciOiIyZDNkNTIxNSJ9\">\n\t\t\t\t\t<div class=\"e-gallery-image elementor-gallery-item__image\" data-thumbnail=\"https:\/\/transformarqroo.com\/wp-content\/uploads\/2026\/01\/BJ-13_ENE2.jpg\" data-width=\"1280\" data-height=\"748\" aria-label=\"\" role=\"img\" ><\/div>\n\t\t\t\t\t\t\t\t\t\t\t<div class=\"elementor-gallery-item__overlay\"><\/div>\n\t\t\t\t\t\t\t\t\t\t\t\t\t\t<\/a>\n\t\t\t\t\t\t\t<a class=\"e-gallery-item elementor-gallery-item elementor-animated-content\" href=\"https:\/\/transformarqroo.com\/wp-content\/uploads\/2026\/01\/BJ-13_ENE3.jpg\" data-elementor-open-lightbox=\"yes\" data-elementor-lightbox-slideshow=\"2d3d5215\" data-elementor-lightbox-title=\"BJ 13_ENE(3)\" data-e-action-hash=\"#elementor-action%3Aaction%3Dlightbox%26settings%3DeyJpZCI6NDQ0MDksInVybCI6Imh0dHBzOlwvXC90cmFuc2Zvcm1hcnFyb28uY29tXC93cC1jb250ZW50XC91cGxvYWRzXC8yMDI2XC8wMVwvQkotMTNfRU5FMy5qcGciLCJzbGlkZXNob3ciOiIyZDNkNTIxNSJ9\">\n\t\t\t\t\t<div class=\"e-gallery-image elementor-gallery-item__image\" data-thumbnail=\"https:\/\/transformarqroo.com\/wp-content\/uploads\/2026\/01\/BJ-13_ENE3.jpg\" data-width=\"1280\" data-height=\"1082\" aria-label=\"\" role=\"img\" ><\/div>\n\t\t\t\t\t\t\t\t\t\t\t<div class=\"elementor-gallery-item__overlay\"><\/div>\n\t\t\t\t\t\t\t\t\t\t\t\t\t\t<\/a>\n\t\t\t\t\t\t\t<a class=\"e-gallery-item elementor-gallery-item elementor-animated-content\" href=\"https:\/\/transformarqroo.com\/wp-content\/uploads\/2026\/01\/BJ-13_ENE.jpg\" data-elementor-open-lightbox=\"yes\" data-elementor-lightbox-slideshow=\"2d3d5215\" data-elementor-lightbox-title=\"BJ 13_ENE\" data-e-action-hash=\"#elementor-action%3Aaction%3Dlightbox%26settings%3DeyJpZCI6NDQ0MTAsInVybCI6Imh0dHBzOlwvXC90cmFuc2Zvcm1hcnFyb28uY29tXC93cC1jb250ZW50XC91cGxvYWRzXC8yMDI2XC8wMVwvQkotMTNfRU5FLmpwZyIsInNsaWRlc2hvdyI6IjJkM2Q1MjE1In0%3D\">\n\t\t\t\t\t<div class=\"e-gallery-image elementor-gallery-item__image\" data-thumbnail=\"https:\/\/transformarqroo.com\/wp-content\/uploads\/2026\/01\/BJ-13_ENE.jpg\" data-width=\"1280\" data-height=\"890\" aria-label=\"\" role=\"img\" ><\/div>\n\t\t\t\t\t\t\t\t\t\t\t<div class=\"elementor-gallery-item__overlay\"><\/div>\n\t\t\t\t\t\t\t\t\t\t\t\t\t\t<\/a>\n\t\t\t\t\t<\/div>\n\t\t\t<\/div>\n\t\t\t\t<\/div>\n\t\t\t\t\t<\/div>\n\t\t<\/div>\n\t\t\t\t\t<\/div>\n\t\t<\/section>\n\t\t\t\t<\/div>\n\t\t","protected":false},"excerpt":{"rendered":"<p>Canc\u00fan, Q. R., a 13 de enero de 2026.- Al encabezar la inauguraci\u00f3n del Cuarto Congreso de Salud Mental, en el marco del D\u00eda Mundial de la Lucha contra la Depresi\u00f3n, la Presidenta Municipal de Benito Ju\u00e1rez, Ana Paty Peralta, hizo un llamado a la ciudadan\u00eda a visibilizar y atender esta problem\u00e1tica para construir una [&hellip;]<\/p>\n","protected":false},"author":1,"featured_media":44410,"comment_status":"closed","ping_status":"closed","sticky":false,"template":"","format":"standard","meta":{"_FSMCFIC_featured_image_caption":"","_FSMCFIC_featured_image_nocaption":"","_FSMCFIC_featured_image_hide":"","footnotes":""},"categories":[32,21],"tags":[],"class_list":["post-44391","post","type-post","status-publish","format-standard","has-post-thumbnail","hentry","category-municipios","category-benito-juarez"],"aioseo_notices":[],"_links":{"self":[{"href":"https:\/\/transformarqroo.com\/index.php\/wp-json\/wp\/v2\/posts\/44391","targetHints":{"allow":["GET"]}}],"collection":[{"href":"https:\/\/transformarqroo.com\/index.php\/wp-json\/wp\/v2\/posts"}],"about":[{"href":"https:\/\/transformarqroo.com\/index.php\/wp-json\/wp\/v2\/types\/post"}],"author":[{"embeddable":true,"href":"https:\/\/transformarqroo.com\/index.php\/wp-json\/wp\/v2\/users\/1"}],"replies":[{"embeddable":true,"href":"https:\/\/transformarqroo.com\/index.php\/wp-json\/wp\/v2\/comments?post=44391"}],"version-history":[{"count":4,"href":"https:\/\/transformarqroo.com\/index.php\/wp-json\/wp\/v2\/posts\/44391\/revisions"}],"predecessor-version":[{"id":44430,"href":"https:\/\/transformarqroo.com\/index.php\/wp-json\/wp\/v2\/posts\/44391\/revisions\/44430"}],"wp:featuredmedia":[{"embeddable":true,"href":"https:\/\/transformarqroo.com\/index.php\/wp-json\/wp\/v2\/media\/44410"}],"wp:attachment":[{"href":"https:\/\/transformarqroo.com\/index.php\/wp-json\/wp\/v2\/media?parent=44391"}],"wp:term":[{"taxonomy":"category","embeddable":true,"href":"https:\/\/transformarqroo.com\/index.php\/wp-json\/wp\/v2\/categories?post=44391"},{"taxonomy":"post_tag","embeddable":true,"href":"https:\/\/transformarqroo.com\/index.php\/wp-json\/wp\/v2\/tags?post=44391"}],"curies":[{"name":"wp","href":"https:\/\/api.w.org\/{rel}","templated":true}]}}