{"id":44435,"date":"2026-01-21T14:14:53","date_gmt":"2026-01-21T19:14:53","guid":{"rendered":"https:\/\/transformarqroo.com\/?p=44435"},"modified":"2026-01-24T14:33:14","modified_gmt":"2026-01-24T19:33:14","slug":"ana-paty-peralta-coloca-a-cancun-en-el-centro-del-turismo-mundial-en-fitur-2026","status":"publish","type":"post","link":"https:\/\/transformarqroo.com\/index.php\/2026\/01\/21\/ana-paty-peralta-coloca-a-cancun-en-el-centro-del-turismo-mundial-en-fitur-2026\/","title":{"rendered":"ANA PATY PERALTA COLOCA A CANC\u00daN EN EL CENTRO DEL TURISMO MUNDIAL EN FITUR 2026"},"content":{"rendered":"\t\t<div data-elementor-type=\"wp-post\" data-elementor-id=\"44435\" class=\"elementor elementor-44435\" data-elementor-post-type=\"post\">\n\t\t\t\t\t\t<section class=\"elementor-section elementor-top-section elementor-element elementor-element-130d306c elementor-section-boxed elementor-section-height-default elementor-section-height-default\" data-id=\"130d306c\" data-element_type=\"section\">\n\t\t\t\t\t\t<div class=\"elementor-container elementor-column-gap-default\">\n\t\t\t\t\t<div class=\"elementor-column elementor-col-100 elementor-top-column elementor-element elementor-element-6c61d3c9\" data-id=\"6c61d3c9\" data-element_type=\"column\">\n\t\t\t<div class=\"elementor-widget-wrap elementor-element-populated\">\n\t\t\t\t\t\t<div class=\"elementor-element elementor-element-543cc486 elementor-widget elementor-widget-premium-addon-banner\" data-id=\"543cc486\" data-element_type=\"widget\" data-widget_type=\"premium-addon-banner.default\">\n\t\t\t\t<div class=\"elementor-widget-container\">\n\t\t\t\t\t<div class=\"premium-banner-ib premium-banner-min-height premium-banner-animation7 none\">\r\n\t\t\t\t\t\t\t<div class=\"premium-banner-border\">\r\n\t\t\t\t\t<div class=\"premium-banner-br premium-banner-bleft premium-banner-brlr\"><\/div>\r\n\t\t\t\t\t<div class=\"premium-banner-br premium-banner-bright premium-banner-brlr\"><\/div>\r\n\t\t\t\t\t<div class=\"premium-banner-br premium-banner-btop premium-banner-brtb\"><\/div>\r\n\t\t\t\t\t<div class=\"premium-banner-br premium-banner-bottom premium-banner-brtb\"><\/div>\r\n\t\t\t\t<\/div>\r\n\t\t\t\t\t\t\t\t\t\t\t\t\t\t\t<img fetchpriority=\"high\" decoding=\"async\" width=\"1280\" height=\"970\" src=\"https:\/\/transformarqroo.com\/wp-content\/uploads\/2026\/01\/BJ-21_ENE.jpg\" class=\"attachment-full size-full wp-image-44454\" alt=\"\" srcset=\"https:\/\/transformarqroo.com\/wp-content\/uploads\/2026\/01\/BJ-21_ENE.jpg 1280w, https:\/\/transformarqroo.com\/wp-content\/uploads\/2026\/01\/BJ-21_ENE-300x227.jpg 300w, https:\/\/transformarqroo.com\/wp-content\/uploads\/2026\/01\/BJ-21_ENE-1024x776.jpg 1024w, https:\/\/transformarqroo.com\/wp-content\/uploads\/2026\/01\/BJ-21_ENE-768x582.jpg 768w, https:\/\/transformarqroo.com\/wp-content\/uploads\/2026\/01\/BJ-21_ENE-100x76.jpg 100w\" sizes=\"(max-width: 1280px) 100vw, 1280px\" \/>\t\t\t\t\t\t\t\t\t\t<div class=\"premium-banner-ib-desc\">\r\n\t\t\t\t\t\t\t\t\t<div class=\"premium-banner-desc-centered\">\r\n\t\t\t\t\t\t\t\t\t<h3 class=\"premium-banner-ib-title premium_banner_title\"><\/h3>\t\t\t\t\t\t\t\t\t\t\t\t\t<\/div>\r\n\t\t\t\t\t\t\t<\/div>\r\n\t\t\t\t\t<\/div>\r\n\t\t\t\t\t\t<\/div>\n\t\t\t\t<\/div>\n\t\t\t\t\t<\/div>\n\t\t<\/div>\n\t\t\t\t\t<\/div>\n\t\t<\/section>\n\t\t\t\t<section class=\"elementor-section elementor-top-section elementor-element elementor-element-1dc8f620 elementor-section-boxed elementor-section-height-default elementor-section-height-default\" data-id=\"1dc8f620\" data-element_type=\"section\" data-settings=\"{&quot;background_background&quot;:&quot;classic&quot;}\">\n\t\t\t\t\t\t<div class=\"elementor-container elementor-column-gap-default\">\n\t\t\t\t\t<div class=\"elementor-column elementor-col-100 elementor-top-column elementor-element elementor-element-3419cf9\" data-id=\"3419cf9\" data-element_type=\"column\">\n\t\t\t<div class=\"elementor-widget-wrap elementor-element-populated\">\n\t\t\t\t\t\t<div class=\"elementor-element elementor-element-2690c656 premium-title-icon-row premium-title-color elementor-widget elementor-widget-premium-addon-title\" data-id=\"2690c656\" data-element_type=\"widget\" data-widget_type=\"premium-addon-title.default\">\n\t\t\t\t<div class=\"elementor-widget-container\">\n\t\t\t\r\n\t\t<div class=\"premium-title-container style2\">\r\n\t\t\t<h5 class=\"premium-title-header premium-title-style2\">\r\n\t\t\t\t\r\n\t\t\t\t\t\t\t\t\t\t\t\t\t\t\t<div class=\"premium-title-icon premium-lottie-animation\" data-lottie-url=\"https:\/\/assets8.lottiefiles.com\/packages\/lf20_pcfclxy8.json\" data-lottie-loop=\"true\" data-lottie-reverse=\"\"><\/div>\r\n\t\t\t\t\t\t\t\t\t\r\n\t\t\t\t\t\t\t\t\t\t\t\t<span class=\"premium-title-text\" >\r\n\t\t\t\t\t\t\t\t\t<\/span>\r\n\t\t\t\t\t\r\n\t\t\t\t\t\t\t\t\t\t\t<\/h5>\r\n\t\t<\/div>\r\n\r\n\t\t\t\t<\/div>\n\t\t\t\t<\/div>\n\t\t\t\t\t<\/div>\n\t\t<\/div>\n\t\t\t\t\t<\/div>\n\t\t<\/section>\n\t\t\t\t<section class=\"elementor-section elementor-top-section elementor-element elementor-element-b913f4d elementor-section-boxed elementor-section-height-default elementor-section-height-default\" data-id=\"b913f4d\" data-element_type=\"section\">\n\t\t\t\t\t\t<div class=\"elementor-container elementor-column-gap-default\">\n\t\t\t\t\t<div class=\"elementor-column elementor-col-100 elementor-top-column elementor-element elementor-element-6b2b060d\" data-id=\"6b2b060d\" data-element_type=\"column\">\n\t\t\t<div class=\"elementor-widget-wrap elementor-element-populated\">\n\t\t\t\t\t\t<div class=\"elementor-element elementor-element-5054de37 elementor-widget elementor-widget-text-editor\" data-id=\"5054de37\" data-element_type=\"widget\" data-widget_type=\"text-editor.default\">\n\t\t\t\t<div class=\"elementor-widget-container\">\n\t\t\t\t\t\t\t<p><span style=\"font-weight: 400;\">Madrid, Espa\u00f1a, a 21 de enero de 2026.- Con Canc\u00fan al frente de los reflectores internacionales, la Presidenta Municipal, Ana Paty Peralta, particip\u00f3 en la inauguraci\u00f3n del stand de la ciudad como parte del Pabell\u00f3n del Caribe Mexicano en la Feria Internacional de Turismo (FITUR) 2026, reafirmando la apuesta por la diversificaci\u00f3n tur\u00edstica y la llegada de eventos de talla internacional para atraer a millones de visitantes este a\u00f1o, con una agenda ambiciosa que posiciona al destino como protagonista en la escenario global del turismo.<\/span><\/p><p><span style=\"font-weight: 400;\">\u00a0<\/span><\/p><p><span style=\"font-weight: 400;\">Desde la principal vitrina de promoci\u00f3n tur\u00edstica del mundo, la Alcaldesa destac\u00f3 que Canc\u00fan no solo se presenta como un destino consolidado, sino como una ciudad en constante evoluci\u00f3n, preparada para responder a las nuevas tendencias del turismo internacional y ampliar su oferta m\u00e1s all\u00e1 del sol y playa.<\/span><\/p><p><span style=\"font-weight: 400;\">\u00a0<\/span><\/p><p><span style=\"font-weight: 400;\">\u201cEste stand representa mucho m\u00e1s que un espacio f\u00edsico, es la presencia institucional de Canc\u00fan en el escenario internacional, un punto de encuentro con autoridades, representantes del sector tur\u00edstico y aliados estrat\u00e9gicos de todo el mundo. Aqu\u00ed mostramos nuestra oferta tur\u00edstica diversa, innovadora y de calidad, que combina naturaleza, cultura, deporte y experiencias \u00fanicas, porque nuestro Canc\u00fan lo tiene todo\u201d, subray\u00f3 Ana Paty Peralta.<\/span><\/p><p><span style=\"font-weight: 400;\">\u00a0<\/span><\/p><p><span style=\"font-weight: 400;\">El objetivo, enfatiz\u00f3, es posicionar a Canc\u00fan como un destino tur\u00edstico de clase mundial, impulsando su proyecci\u00f3n internacional, fortaleciendo la conectividad, detonando la inversi\u00f3n y generando mayores oportunidades para quienes lo visitan.<\/span><\/p><p><span style=\"font-weight: 400;\">\u00a0<\/span><\/p><p><span style=\"font-weight: 400;\">Adem\u00e1s, como parte de la agenda de trabajo, detall\u00f3, que previo al arranque oficial de la FITUR, se han estado llevando a cabo reuniones, convenios y cartas de intenci\u00f3n con la finalidad de afianzar nuevos logros para la ciudad y beneficios directos para las y los cancunenses.\u00a0\u00a0\u00a0\u00a0\u00a0\u00a0<\/span><\/p><p><span style=\"font-weight: 400;\">\u00a0<\/span><\/p><p><span style=\"font-weight: 400;\">Como parte de la jornada inaugural, la Presidenta Municipal acompa\u00f1\u00f3 a la secretaria de Turismo del Gobierno de M\u00e9xico, Josefina Rodr\u00edguez Zamora; a la gobernadora de Quintana Roo, Mara Lezama; y al embajador de M\u00e9xico en Espa\u00f1a, Quirino Ordaz Coppel, durante el corte del list\u00f3n del pabell\u00f3n del Caribe Mexicano, como sin\u00f3nimo de coordinaci\u00f3n institucional y fortalecimiento de la promoci\u00f3n tur\u00edstica del pa\u00eds en el exterior.<\/span><\/p><p><span style=\"font-weight: 400;\">\u00a0<\/span><\/p><p><span style=\"font-weight: 400;\">Con una presencia s\u00f3lida en la FITUR 2026, Canc\u00fan refrenda su liderazgo global y su determinaci\u00f3n de seguir marcando pauta en la industria tur\u00edstica, consolid\u00e1ndose como un destino competitivo, innovador y abierto al mundo.<\/span><\/p>\t\t\t\t\t\t<\/div>\n\t\t\t\t<\/div>\n\t\t\t\t\t<\/div>\n\t\t<\/div>\n\t\t\t\t\t<\/div>\n\t\t<\/section>\n\t\t\t\t<section class=\"elementor-section elementor-top-section elementor-element elementor-element-26f66a2 elementor-section-boxed elementor-section-height-default elementor-section-height-default\" data-id=\"26f66a2\" data-element_type=\"section\">\n\t\t\t\t\t\t<div class=\"elementor-container elementor-column-gap-default\">\n\t\t\t\t\t<div class=\"elementor-column elementor-col-100 elementor-top-column elementor-element elementor-element-492b0ba7\" data-id=\"492b0ba7\" data-element_type=\"column\">\n\t\t\t<div class=\"elementor-widget-wrap elementor-element-populated\">\n\t\t\t\t\t\t<div class=\"elementor-element elementor-element-dd9a3 elementor-widget elementor-widget-gallery\" data-id=\"dd9a3\" data-element_type=\"widget\" data-settings=\"{&quot;gallery_layout&quot;:&quot;justified&quot;,&quot;lazyload&quot;:&quot;yes&quot;,&quot;ideal_row_height&quot;:{&quot;unit&quot;:&quot;px&quot;,&quot;size&quot;:200,&quot;sizes&quot;:[]},&quot;ideal_row_height_tablet&quot;:{&quot;unit&quot;:&quot;px&quot;,&quot;size&quot;:150,&quot;sizes&quot;:[]},&quot;ideal_row_height_mobile&quot;:{&quot;unit&quot;:&quot;px&quot;,&quot;size&quot;:150,&quot;sizes&quot;:[]},&quot;gap&quot;:{&quot;unit&quot;:&quot;px&quot;,&quot;size&quot;:10,&quot;sizes&quot;:[]},&quot;gap_tablet&quot;:{&quot;unit&quot;:&quot;px&quot;,&quot;size&quot;:10,&quot;sizes&quot;:[]},&quot;gap_mobile&quot;:{&quot;unit&quot;:&quot;px&quot;,&quot;size&quot;:10,&quot;sizes&quot;:[]},&quot;link_to&quot;:&quot;file&quot;,&quot;overlay_background&quot;:&quot;yes&quot;,&quot;content_hover_animation&quot;:&quot;fade-in&quot;}\" data-widget_type=\"gallery.default\">\n\t\t\t\t<div class=\"elementor-widget-container\">\n\t\t\t\t\t<div class=\"elementor-gallery__container\">\n\t\t\t\t\t\t\t<a class=\"e-gallery-item elementor-gallery-item elementor-animated-content\" href=\"https:\/\/transformarqroo.com\/wp-content\/uploads\/2026\/01\/BJ-21_ENE1.jpg\" data-elementor-open-lightbox=\"yes\" data-elementor-lightbox-slideshow=\"dd9a3\" data-elementor-lightbox-title=\"BJ 21_ENE(1)\" data-e-action-hash=\"#elementor-action%3Aaction%3Dlightbox%26settings%3DeyJpZCI6NDQ0NTEsInVybCI6Imh0dHBzOlwvXC90cmFuc2Zvcm1hcnFyb28uY29tXC93cC1jb250ZW50XC91cGxvYWRzXC8yMDI2XC8wMVwvQkotMjFfRU5FMS5qcGciLCJzbGlkZXNob3ciOiJkZDlhMyJ9\">\n\t\t\t\t\t<div class=\"e-gallery-image elementor-gallery-item__image\" data-thumbnail=\"https:\/\/transformarqroo.com\/wp-content\/uploads\/2026\/01\/BJ-21_ENE1.jpg\" data-width=\"1280\" data-height=\"854\" aria-label=\"\" role=\"img\" ><\/div>\n\t\t\t\t\t\t\t\t\t\t\t<div class=\"elementor-gallery-item__overlay\"><\/div>\n\t\t\t\t\t\t\t\t\t\t\t\t\t\t<\/a>\n\t\t\t\t\t\t\t<a class=\"e-gallery-item elementor-gallery-item elementor-animated-content\" href=\"https:\/\/transformarqroo.com\/wp-content\/uploads\/2026\/01\/BJ-21_ENE2.jpg\" data-elementor-open-lightbox=\"yes\" data-elementor-lightbox-slideshow=\"dd9a3\" data-elementor-lightbox-title=\"BJ 21_ENE(2)\" data-e-action-hash=\"#elementor-action%3Aaction%3Dlightbox%26settings%3DeyJpZCI6NDQ0NTIsInVybCI6Imh0dHBzOlwvXC90cmFuc2Zvcm1hcnFyb28uY29tXC93cC1jb250ZW50XC91cGxvYWRzXC8yMDI2XC8wMVwvQkotMjFfRU5FMi5qcGciLCJzbGlkZXNob3ciOiJkZDlhMyJ9\">\n\t\t\t\t\t<div class=\"e-gallery-image elementor-gallery-item__image\" data-thumbnail=\"https:\/\/transformarqroo.com\/wp-content\/uploads\/2026\/01\/BJ-21_ENE2.jpg\" data-width=\"1280\" data-height=\"1086\" aria-label=\"\" role=\"img\" ><\/div>\n\t\t\t\t\t\t\t\t\t\t\t<div class=\"elementor-gallery-item__overlay\"><\/div>\n\t\t\t\t\t\t\t\t\t\t\t\t\t\t<\/a>\n\t\t\t\t\t\t\t<a class=\"e-gallery-item elementor-gallery-item elementor-animated-content\" href=\"https:\/\/transformarqroo.com\/wp-content\/uploads\/2026\/01\/BJ-21_ENE3.jpg\" data-elementor-open-lightbox=\"yes\" data-elementor-lightbox-slideshow=\"dd9a3\" data-elementor-lightbox-title=\"BJ 21_ENE(3)\" data-e-action-hash=\"#elementor-action%3Aaction%3Dlightbox%26settings%3DeyJpZCI6NDQ0NTMsInVybCI6Imh0dHBzOlwvXC90cmFuc2Zvcm1hcnFyb28uY29tXC93cC1jb250ZW50XC91cGxvYWRzXC8yMDI2XC8wMVwvQkotMjFfRU5FMy5qcGciLCJzbGlkZXNob3ciOiJkZDlhMyJ9\">\n\t\t\t\t\t<div class=\"e-gallery-image elementor-gallery-item__image\" data-thumbnail=\"https:\/\/transformarqroo.com\/wp-content\/uploads\/2026\/01\/BJ-21_ENE3.jpg\" data-width=\"1280\" data-height=\"854\" aria-label=\"\" role=\"img\" ><\/div>\n\t\t\t\t\t\t\t\t\t\t\t<div class=\"elementor-gallery-item__overlay\"><\/div>\n\t\t\t\t\t\t\t\t\t\t\t\t\t\t<\/a>\n\t\t\t\t\t\t\t<a class=\"e-gallery-item elementor-gallery-item elementor-animated-content\" href=\"https:\/\/transformarqroo.com\/wp-content\/uploads\/2026\/01\/BJ-21_ENE.jpg\" data-elementor-open-lightbox=\"yes\" data-elementor-lightbox-slideshow=\"dd9a3\" data-elementor-lightbox-title=\"BJ 21_ENE\" data-e-action-hash=\"#elementor-action%3Aaction%3Dlightbox%26settings%3DeyJpZCI6NDQ0NTQsInVybCI6Imh0dHBzOlwvXC90cmFuc2Zvcm1hcnFyb28uY29tXC93cC1jb250ZW50XC91cGxvYWRzXC8yMDI2XC8wMVwvQkotMjFfRU5FLmpwZyIsInNsaWRlc2hvdyI6ImRkOWEzIn0%3D\">\n\t\t\t\t\t<div class=\"e-gallery-image elementor-gallery-item__image\" data-thumbnail=\"https:\/\/transformarqroo.com\/wp-content\/uploads\/2026\/01\/BJ-21_ENE.jpg\" data-width=\"1280\" data-height=\"970\" aria-label=\"\" role=\"img\" ><\/div>\n\t\t\t\t\t\t\t\t\t\t\t<div class=\"elementor-gallery-item__overlay\"><\/div>\n\t\t\t\t\t\t\t\t\t\t\t\t\t\t<\/a>\n\t\t\t\t\t<\/div>\n\t\t\t<\/div>\n\t\t\t\t<\/div>\n\t\t\t\t\t<\/div>\n\t\t<\/div>\n\t\t\t\t\t<\/div>\n\t\t<\/section>\n\t\t\t\t<\/div>\n\t\t","protected":false},"excerpt":{"rendered":"<p>Madrid, Espa\u00f1a, a 21 de enero de 2026.- Con Canc\u00fan al frente de los reflectores internacionales, la Presidenta Municipal, Ana Paty Peralta, particip\u00f3 en la inauguraci\u00f3n del stand de la ciudad como parte del Pabell\u00f3n del Caribe Mexicano en la Feria Internacional de Turismo (FITUR) 2026, reafirmando la apuesta por la diversificaci\u00f3n tur\u00edstica y la [&hellip;]<\/p>\n","protected":false},"author":1,"featured_media":44454,"comment_status":"closed","ping_status":"closed","sticky":false,"template":"","format":"standard","meta":{"_FSMCFIC_featured_image_caption":"","_FSMCFIC_featured_image_nocaption":"","_FSMCFIC_featured_image_hide":"","footnotes":""},"categories":[32,21],"tags":[],"class_list":["post-44435","post","type-post","status-publish","format-standard","has-post-thumbnail","hentry","category-municipios","category-benito-juarez"],"aioseo_notices":[],"_links":{"self":[{"href":"https:\/\/transformarqroo.com\/index.php\/wp-json\/wp\/v2\/posts\/44435","targetHints":{"allow":["GET"]}}],"collection":[{"href":"https:\/\/transformarqroo.com\/index.php\/wp-json\/wp\/v2\/posts"}],"about":[{"href":"https:\/\/transformarqroo.com\/index.php\/wp-json\/wp\/v2\/types\/post"}],"author":[{"embeddable":true,"href":"https:\/\/transformarqroo.com\/index.php\/wp-json\/wp\/v2\/users\/1"}],"replies":[{"embeddable":true,"href":"https:\/\/transformarqroo.com\/index.php\/wp-json\/wp\/v2\/comments?post=44435"}],"version-history":[{"count":4,"href":"https:\/\/transformarqroo.com\/index.php\/wp-json\/wp\/v2\/posts\/44435\/revisions"}],"predecessor-version":[{"id":44475,"href":"https:\/\/transformarqroo.com\/index.php\/wp-json\/wp\/v2\/posts\/44435\/revisions\/44475"}],"wp:featuredmedia":[{"embeddable":true,"href":"https:\/\/transformarqroo.com\/index.php\/wp-json\/wp\/v2\/media\/44454"}],"wp:attachment":[{"href":"https:\/\/transformarqroo.com\/index.php\/wp-json\/wp\/v2\/media?parent=44435"}],"wp:term":[{"taxonomy":"category","embeddable":true,"href":"https:\/\/transformarqroo.com\/index.php\/wp-json\/wp\/v2\/categories?post=44435"},{"taxonomy":"post_tag","embeddable":true,"href":"https:\/\/transformarqroo.com\/index.php\/wp-json\/wp\/v2\/tags?post=44435"}],"curies":[{"name":"wp","href":"https:\/\/api.w.org\/{rel}","templated":true}]}}