{"id":44479,"date":"2026-01-13T14:34:31","date_gmt":"2026-01-13T19:34:31","guid":{"rendered":"https:\/\/transformarqroo.com\/?p=44479"},"modified":"2026-01-24T14:53:47","modified_gmt":"2026-01-24T19:53:47","slug":"estefania-mercado-ha-consolidado-el-deporte-en-playa-del-carmen-como-eje-estrategico-para-la-construccion-de-paz","status":"publish","type":"post","link":"https:\/\/transformarqroo.com\/index.php\/2026\/01\/13\/estefania-mercado-ha-consolidado-el-deporte-en-playa-del-carmen-como-eje-estrategico-para-la-construccion-de-paz\/","title":{"rendered":"ESTEFAN\u00cdA MERCADO HA CONSOLIDADO EL DEPORTE EN PLAYA DEL CARMEN COMO EJE ESTRAT\u00c9GICO PARA LA CONSTRUCCI\u00d3N DE PAZ"},"content":{"rendered":"\t\t<div data-elementor-type=\"wp-post\" data-elementor-id=\"44479\" class=\"elementor elementor-44479\" data-elementor-post-type=\"post\">\n\t\t\t\t\t\t<section class=\"elementor-section elementor-top-section elementor-element elementor-element-350c751 elementor-section-boxed elementor-section-height-default elementor-section-height-default\" data-id=\"350c751\" data-element_type=\"section\">\n\t\t\t\t\t\t<div class=\"elementor-container elementor-column-gap-default\">\n\t\t\t\t\t<div class=\"elementor-column elementor-col-100 elementor-top-column elementor-element elementor-element-4b3049dc\" data-id=\"4b3049dc\" data-element_type=\"column\">\n\t\t\t<div class=\"elementor-widget-wrap elementor-element-populated\">\n\t\t\t\t\t\t<div class=\"elementor-element elementor-element-55cd682e elementor-widget elementor-widget-premium-addon-banner\" data-id=\"55cd682e\" data-element_type=\"widget\" data-widget_type=\"premium-addon-banner.default\">\n\t\t\t\t<div class=\"elementor-widget-container\">\n\t\t\t\t\t<div class=\"premium-banner-ib premium-banner-min-height premium-banner-animation7 none\">\r\n\t\t\t\t\t\t\t<div class=\"premium-banner-border\">\r\n\t\t\t\t\t<div class=\"premium-banner-br premium-banner-bleft premium-banner-brlr\"><\/div>\r\n\t\t\t\t\t<div class=\"premium-banner-br premium-banner-bright premium-banner-brlr\"><\/div>\r\n\t\t\t\t\t<div class=\"premium-banner-br premium-banner-btop premium-banner-brtb\"><\/div>\r\n\t\t\t\t\t<div class=\"premium-banner-br premium-banner-bottom premium-banner-brtb\"><\/div>\r\n\t\t\t\t<\/div>\r\n\t\t\t\t\t\t\t\t\t\t\t\t\t\t\t<img fetchpriority=\"high\" decoding=\"async\" width=\"1600\" height=\"1066\" src=\"https:\/\/transformarqroo.com\/wp-content\/uploads\/2026\/01\/Playa-13_ENE.jpg\" class=\"attachment-full size-full wp-image-44506\" alt=\"\" srcset=\"https:\/\/transformarqroo.com\/wp-content\/uploads\/2026\/01\/Playa-13_ENE.jpg 1600w, https:\/\/transformarqroo.com\/wp-content\/uploads\/2026\/01\/Playa-13_ENE-300x200.jpg 300w, https:\/\/transformarqroo.com\/wp-content\/uploads\/2026\/01\/Playa-13_ENE-1024x682.jpg 1024w, https:\/\/transformarqroo.com\/wp-content\/uploads\/2026\/01\/Playa-13_ENE-768x512.jpg 768w, https:\/\/transformarqroo.com\/wp-content\/uploads\/2026\/01\/Playa-13_ENE-100x67.jpg 100w, https:\/\/transformarqroo.com\/wp-content\/uploads\/2026\/01\/Playa-13_ENE-1536x1023.jpg 1536w\" sizes=\"(max-width: 1600px) 100vw, 1600px\" \/>\t\t\t\t\t\t\t\t\t\t<div class=\"premium-banner-ib-desc\">\r\n\t\t\t\t\t\t\t\t\t<div class=\"premium-banner-desc-centered\">\r\n\t\t\t\t\t\t\t\t\t<h3 class=\"premium-banner-ib-title premium_banner_title\"><\/h3>\t\t\t\t\t\t\t\t\t\t\t\t\t<\/div>\r\n\t\t\t\t\t\t\t<\/div>\r\n\t\t\t\t\t<\/div>\r\n\t\t\t\t\t\t<\/div>\n\t\t\t\t<\/div>\n\t\t\t\t\t<\/div>\n\t\t<\/div>\n\t\t\t\t\t<\/div>\n\t\t<\/section>\n\t\t\t\t<section class=\"elementor-section elementor-top-section elementor-element elementor-element-ad7ea15 elementor-section-boxed elementor-section-height-default elementor-section-height-default\" data-id=\"ad7ea15\" data-element_type=\"section\" data-settings=\"{&quot;background_background&quot;:&quot;classic&quot;}\">\n\t\t\t\t\t\t<div class=\"elementor-container elementor-column-gap-default\">\n\t\t\t\t\t<div class=\"elementor-column elementor-col-100 elementor-top-column elementor-element elementor-element-340d5eb9\" data-id=\"340d5eb9\" data-element_type=\"column\">\n\t\t\t<div class=\"elementor-widget-wrap elementor-element-populated\">\n\t\t\t\t\t\t<div class=\"elementor-element elementor-element-6bd1ea72 premium-title-icon-row premium-title-color elementor-widget elementor-widget-premium-addon-title\" data-id=\"6bd1ea72\" data-element_type=\"widget\" data-widget_type=\"premium-addon-title.default\">\n\t\t\t\t<div class=\"elementor-widget-container\">\n\t\t\t\r\n\t\t<div class=\"premium-title-container style2\">\r\n\t\t\t<h5 class=\"premium-title-header premium-title-style2\">\r\n\t\t\t\t\r\n\t\t\t\t\t\t\t\t\t\t\t\t\t\t\t<div class=\"premium-title-icon premium-lottie-animation\" data-lottie-url=\"https:\/\/assets8.lottiefiles.com\/packages\/lf20_pcfclxy8.json\" data-lottie-loop=\"true\" data-lottie-reverse=\"\"><\/div>\r\n\t\t\t\t\t\t\t\t\t\r\n\t\t\t\t\t\t\t\t\t\t\t\t<span class=\"premium-title-text\" >\r\n\t\t\t\t\t\t\t\t\t<\/span>\r\n\t\t\t\t\t\r\n\t\t\t\t\t\t\t\t\t\t\t<\/h5>\r\n\t\t<\/div>\r\n\r\n\t\t\t\t<\/div>\n\t\t\t\t<\/div>\n\t\t\t\t\t<\/div>\n\t\t<\/div>\n\t\t\t\t\t<\/div>\n\t\t<\/section>\n\t\t\t\t<section class=\"elementor-section elementor-top-section elementor-element elementor-element-43717f14 elementor-section-boxed elementor-section-height-default elementor-section-height-default\" data-id=\"43717f14\" data-element_type=\"section\">\n\t\t\t\t\t\t<div class=\"elementor-container elementor-column-gap-default\">\n\t\t\t\t\t<div class=\"elementor-column elementor-col-100 elementor-top-column elementor-element elementor-element-7331906e\" data-id=\"7331906e\" data-element_type=\"column\">\n\t\t\t<div class=\"elementor-widget-wrap elementor-element-populated\">\n\t\t\t\t\t\t<div class=\"elementor-element elementor-element-7252522e elementor-widget elementor-widget-text-editor\" data-id=\"7252522e\" data-element_type=\"widget\" data-widget_type=\"text-editor.default\">\n\t\t\t\t<div class=\"elementor-widget-container\">\n\t\t\t\t\t\t\t<p><span style=\"font-weight: 400;\">Playa del Carmen, Quintana Roo, 13 de enero de 2026.\u2014 En el marco de la presentaci\u00f3n de los nuevos refuerzos del equipo de f\u00fatbol Inter Playa, la presidenta municipal Estefan\u00eda Mercado reafirm\u00f3 el compromiso de su gobierno con el deporte como eje estrat\u00e9gico para la construcci\u00f3n de paz y la prevenci\u00f3n de la violencia, as\u00ed como impulso el desarrollo social<\/span><\/p><p>\u00a0<\/p><p><span style=\"font-weight: 400;\">En conferencia de prensa, en la que destac\u00f3 los avances hist\u00f3ricos alcanzados durante 2025 y los retos estrat\u00e9gicos para este 2026, indic\u00f3 que el deporte es una herramienta que genera alternativas positivas para ni\u00f1as, ni\u00f1os y j\u00f3venes, adem\u00e1s de recuperar espacios comunitarios.<\/span><\/p><p>\u00a0<\/p><p><span style=\"font-weight: 400;\">Inform\u00f3 que la fortaleza deportiva de Playa del Carmen se refleja en 164 espacios deportivos activos, entre ellos 17 campos y canchas de f\u00fatbol con pasto sint\u00e9tico, que permiten la pr\u00e1ctica deportiva durante todo el a\u00f1o y benefician semanalmente a m\u00e1s de 20 mil personas.<\/span><\/p><p>\u00a0<\/p><p><span style=\"font-weight: 400;\">Respecto al alto rendimiento, la Presidenta Municipal destac\u00f3 que Playa del Carmen se posicion\u00f3 como el municipio n\u00famero uno de Quintana Roo en la Olimpiada Nacional 2025, con la obtenci\u00f3n de 82 medallas, lo que represent\u00f3 m\u00e1s del 34 por ciento del total estatal. En la Paralimpiada Nacional, atletas del municipio tambi\u00e9n obtuvieron medallas de oro y plata.<\/span><\/p><p>\u00a0<\/p><p><span style=\"font-weight: 400;\">\u201cTodo esto se conecta con lo que viene. Este 2026 es a\u00f1o mundialista y Playa del Carmen se est\u00e1 preparando para estar a la altura. Gracias a nuestras capacidades hoteleras, a la infraestructura deportiva y a la inversi\u00f3n hist\u00f3rica que hicimos en seguridad hoy somos un destino que est\u00e1 siendo considerado por varias selecciones nacionales\u201d, coment\u00f3 Estefan\u00eda Mercado.\u00a0<\/span><\/p><p>\u00a0<\/p><p><span style=\"font-weight: 400;\">La Presidenta Municipal subray\u00f3 que esto es muy importante porque habla de una ciudad ordenada, segura y con capacidad log\u00edstica, preparada para eventos de gran envergadura.<\/span><\/p><p>\u00a0<\/p><p><span style=\"font-weight: 400;\">En este sentido, el director general del Instituto Municipal del Deporte, Alberto L\u00f3pez, anunci\u00f3 que Playa del Carmen ser\u00e1 sede, por primera vez, de una fase estatal de la Olimpiada Nacional en la disciplina de patinaje, que se realizar\u00e1 en el Patin\u00f3dromo \u201cJuan Pastor Le\u00f3n\u201d y se preparar\u00e1 para recibir un campeonato panamericano de la especialidad.<\/span><\/p><p>\u00a0<\/p><p><span style=\"font-weight: 400;\">Asimismo, confirm\u00f3 una agenda deportiva para 2026 que incluye el regreso del Mundial de Voleibol, una parada del Tour Mundial de P\u00e1del y otros eventos de car\u00e1cter internacional.<\/span><\/p><p>\u00a0<\/p><p><span style=\"font-weight: 400;\">Tambi\u00e9n anunci\u00f3 la realizaci\u00f3n del torneo de f\u00fatbol \u201cMundialito en tu Colonia\u201d, que aprovechar\u00e1 la infraestructura deportiva renovada durante la presente administraci\u00f3n.<\/span><\/p><p>\u00a0<\/p><p><span style=\"font-weight: 400;\">Por otro lado, dio a conocer que en materia de infraestructura durante la actual administraci\u00f3n se han realizado m\u00e1s de 2,200 acciones de mantenimiento correctivo, frente a las 300 registradas en el \u00faltimo a\u00f1o del gobierno anterior, adem\u00e1s de la rehabilitaci\u00f3n integral de la alberca ol\u00edmpica municipal.<\/span><\/p><p>\u00a0<\/p><p><span style=\"font-weight: 400;\">Actualmente \u2014explic\u00f3\u2014 los centros de formaci\u00f3n deportiva cuentan con 38 profesores y la oferta de disciplinas creci\u00f3 de 19 a 24, mientras que el programa Prosperidad Deportiva opera con 23 instructores, brindando atenci\u00f3n gratuita al deporte popular en colonias y comunidades.<\/span><\/p><p>\u00a0<\/p><p><span style=\"font-weight: 400;\">Finalmente, dio a conocer la creaci\u00f3n de una beca municipal de alto rendimiento para medallistas, como parte del fortalecimiento institucional del deporte en el municipio.<\/span><\/p><p>\u00a0<\/p><p><span style=\"font-weight: 400;\">Durante el encuentro con los medios de comunicaci\u00f3n, la presidenta Estefan\u00eda Mercado present\u00f3 a los nuevos refuerzos de Inter Playa del Carmen: Reily Antuan Arroyo Palma, portero de 1.94 metros de estatura, formado en las fuerzas b\u00e1sicas del Club Am\u00e9rica; Isaac Le\u00f3n Palacios, defensa central de 1.90 metros, con experiencia en los clubes Ju\u00e1rez y Zacatepec; y Miguel \u00c1ngel Guzm\u00e1n Plancarte, mediocampista ofensivo de 1.82 metros, formado en las fuerzas b\u00e1sicas del Club Guadalajara.<\/span><\/p><p>\u00a0<\/p><p><span style=\"font-weight: 400;\">En tanto, Patricia Fajardo, presidenta del Club, inform\u00f3 que en el Torneo 2025\u20132026 de la Liga Premier, el Inter Playa suma cinco victorias, se ubica en el sexto lugar de la tabla general con 19 puntos y ha integrado a 12 jugadores locales al primer equipo.<\/span><\/p><p>\u00a0<\/p><p><span style=\"font-weight: 400;\">En la Liga TDP, el conjunto dirigido por Carlos Gonz\u00e1lez Balbuena ocupa el tercer lugar del Grupo 1, con 23 puntos luego de 13 jornadas disputadas, con un plantel conformado en un 90 por ciento por jugadores de formaci\u00f3n local.<\/span><\/p><p>\u00a0<\/p><p><span style=\"font-weight: 400;\">\u201cComo resultado del trabajo formativo, Ladison Alain Leguana Guzm\u00e1n y Johan Josu\u00e9 Pech C\u00f3rdoba, provenientes de la categor\u00eda Sub-17, se incorporan al primer equipo, reflejando el crecimiento interno del club\u201d, destac\u00f3 la directiva.<\/span><\/p><p>\u00a0<\/p><p><span style=\"font-weight: 400;\">En el evento estuvo presente Jos\u00e9 Luis Trejo, director t\u00e9cnico del Inter Playa de la Liga Premier, quien reconoci\u00f3 el respaldo de la Presidenta Municipal para impulsar al equipo y formar jugadores de alto nivel.\u00a0<\/span><\/p><p>\u00a0<\/p><p><span style=\"font-weight: 400;\">Asimismo, promotores de p\u00e1del confirmaron la presentaci\u00f3n de la Pro P\u00e1del League en este destino el pr\u00f3ximo 24 de septiembre, con la participaci\u00f3n de equipos de Espa\u00f1a, Estados Unidos y M\u00e9xico.<\/span><\/p>\t\t\t\t\t\t<\/div>\n\t\t\t\t<\/div>\n\t\t\t\t\t<\/div>\n\t\t<\/div>\n\t\t\t\t\t<\/div>\n\t\t<\/section>\n\t\t\t\t<section class=\"elementor-section elementor-top-section elementor-element elementor-element-3cf26c7f elementor-section-boxed elementor-section-height-default elementor-section-height-default\" data-id=\"3cf26c7f\" data-element_type=\"section\">\n\t\t\t\t\t\t<div class=\"elementor-container elementor-column-gap-default\">\n\t\t\t\t\t<div class=\"elementor-column elementor-col-100 elementor-top-column elementor-element elementor-element-539f0756\" data-id=\"539f0756\" data-element_type=\"column\">\n\t\t\t<div class=\"elementor-widget-wrap elementor-element-populated\">\n\t\t\t\t\t\t<div class=\"elementor-element elementor-element-13c2219 elementor-widget elementor-widget-gallery\" data-id=\"13c2219\" data-element_type=\"widget\" data-settings=\"{&quot;gallery_layout&quot;:&quot;justified&quot;,&quot;lazyload&quot;:&quot;yes&quot;,&quot;ideal_row_height&quot;:{&quot;unit&quot;:&quot;px&quot;,&quot;size&quot;:200,&quot;sizes&quot;:[]},&quot;ideal_row_height_tablet&quot;:{&quot;unit&quot;:&quot;px&quot;,&quot;size&quot;:150,&quot;sizes&quot;:[]},&quot;ideal_row_height_mobile&quot;:{&quot;unit&quot;:&quot;px&quot;,&quot;size&quot;:150,&quot;sizes&quot;:[]},&quot;gap&quot;:{&quot;unit&quot;:&quot;px&quot;,&quot;size&quot;:10,&quot;sizes&quot;:[]},&quot;gap_tablet&quot;:{&quot;unit&quot;:&quot;px&quot;,&quot;size&quot;:10,&quot;sizes&quot;:[]},&quot;gap_mobile&quot;:{&quot;unit&quot;:&quot;px&quot;,&quot;size&quot;:10,&quot;sizes&quot;:[]},&quot;link_to&quot;:&quot;file&quot;,&quot;overlay_background&quot;:&quot;yes&quot;,&quot;content_hover_animation&quot;:&quot;fade-in&quot;}\" data-widget_type=\"gallery.default\">\n\t\t\t\t<div class=\"elementor-widget-container\">\n\t\t\t\t\t<div class=\"elementor-gallery__container\">\n\t\t\t\t\t\t\t<a class=\"e-gallery-item elementor-gallery-item elementor-animated-content\" href=\"https:\/\/transformarqroo.com\/wp-content\/uploads\/2026\/01\/Playa-13_ENE1.jpg\" data-elementor-open-lightbox=\"yes\" data-elementor-lightbox-slideshow=\"13c2219\" data-elementor-lightbox-title=\"Playa 13_ENE(1)\" data-e-action-hash=\"#elementor-action%3Aaction%3Dlightbox%26settings%3DeyJpZCI6NDQ1MDIsInVybCI6Imh0dHBzOlwvXC90cmFuc2Zvcm1hcnFyb28uY29tXC93cC1jb250ZW50XC91cGxvYWRzXC8yMDI2XC8wMVwvUGxheWEtMTNfRU5FMS5qcGciLCJzbGlkZXNob3ciOiIxM2MyMjE5In0%3D\">\n\t\t\t\t\t<div class=\"e-gallery-image elementor-gallery-item__image\" data-thumbnail=\"https:\/\/transformarqroo.com\/wp-content\/uploads\/2026\/01\/Playa-13_ENE1.jpg\" data-width=\"1600\" data-height=\"1066\" aria-label=\"\" role=\"img\" ><\/div>\n\t\t\t\t\t\t\t\t\t\t\t<div class=\"elementor-gallery-item__overlay\"><\/div>\n\t\t\t\t\t\t\t\t\t\t\t\t\t\t<\/a>\n\t\t\t\t\t\t\t<a class=\"e-gallery-item elementor-gallery-item elementor-animated-content\" href=\"https:\/\/transformarqroo.com\/wp-content\/uploads\/2026\/01\/Playa-13_ENE2.jpg\" data-elementor-open-lightbox=\"yes\" data-elementor-lightbox-slideshow=\"13c2219\" data-elementor-lightbox-title=\"Playa 13_ENE(2)\" data-e-action-hash=\"#elementor-action%3Aaction%3Dlightbox%26settings%3DeyJpZCI6NDQ1MDMsInVybCI6Imh0dHBzOlwvXC90cmFuc2Zvcm1hcnFyb28uY29tXC93cC1jb250ZW50XC91cGxvYWRzXC8yMDI2XC8wMVwvUGxheWEtMTNfRU5FMi5qcGciLCJzbGlkZXNob3ciOiIxM2MyMjE5In0%3D\">\n\t\t\t\t\t<div class=\"e-gallery-image elementor-gallery-item__image\" data-thumbnail=\"https:\/\/transformarqroo.com\/wp-content\/uploads\/2026\/01\/Playa-13_ENE2.jpg\" data-width=\"1280\" data-height=\"854\" aria-label=\"\" role=\"img\" ><\/div>\n\t\t\t\t\t\t\t\t\t\t\t<div class=\"elementor-gallery-item__overlay\"><\/div>\n\t\t\t\t\t\t\t\t\t\t\t\t\t\t<\/a>\n\t\t\t\t\t\t\t<a class=\"e-gallery-item elementor-gallery-item elementor-animated-content\" href=\"https:\/\/transformarqroo.com\/wp-content\/uploads\/2026\/01\/Playa-13_ENE3.jpg\" data-elementor-open-lightbox=\"yes\" data-elementor-lightbox-slideshow=\"13c2219\" data-elementor-lightbox-title=\"Playa 13_ENE(3)\" data-e-action-hash=\"#elementor-action%3Aaction%3Dlightbox%26settings%3DeyJpZCI6NDQ1MDQsInVybCI6Imh0dHBzOlwvXC90cmFuc2Zvcm1hcnFyb28uY29tXC93cC1jb250ZW50XC91cGxvYWRzXC8yMDI2XC8wMVwvUGxheWEtMTNfRU5FMy5qcGciLCJzbGlkZXNob3ciOiIxM2MyMjE5In0%3D\">\n\t\t\t\t\t<div class=\"e-gallery-image elementor-gallery-item__image\" data-thumbnail=\"https:\/\/transformarqroo.com\/wp-content\/uploads\/2026\/01\/Playa-13_ENE3.jpg\" data-width=\"1600\" data-height=\"1066\" aria-label=\"\" role=\"img\" ><\/div>\n\t\t\t\t\t\t\t\t\t\t\t<div class=\"elementor-gallery-item__overlay\"><\/div>\n\t\t\t\t\t\t\t\t\t\t\t\t\t\t<\/a>\n\t\t\t\t\t\t\t<a class=\"e-gallery-item elementor-gallery-item elementor-animated-content\" href=\"https:\/\/transformarqroo.com\/wp-content\/uploads\/2026\/01\/Playa-13_ENE.jpg\" data-elementor-open-lightbox=\"yes\" data-elementor-lightbox-slideshow=\"13c2219\" data-elementor-lightbox-title=\"Playa 13_ENE\" data-e-action-hash=\"#elementor-action%3Aaction%3Dlightbox%26settings%3DeyJpZCI6NDQ1MDYsInVybCI6Imh0dHBzOlwvXC90cmFuc2Zvcm1hcnFyb28uY29tXC93cC1jb250ZW50XC91cGxvYWRzXC8yMDI2XC8wMVwvUGxheWEtMTNfRU5FLmpwZyIsInNsaWRlc2hvdyI6IjEzYzIyMTkifQ%3D%3D\">\n\t\t\t\t\t<div class=\"e-gallery-image elementor-gallery-item__image\" data-thumbnail=\"https:\/\/transformarqroo.com\/wp-content\/uploads\/2026\/01\/Playa-13_ENE.jpg\" data-width=\"1600\" data-height=\"1066\" aria-label=\"\" role=\"img\" ><\/div>\n\t\t\t\t\t\t\t\t\t\t\t<div class=\"elementor-gallery-item__overlay\"><\/div>\n\t\t\t\t\t\t\t\t\t\t\t\t\t\t<\/a>\n\t\t\t\t\t<\/div>\n\t\t\t<\/div>\n\t\t\t\t<\/div>\n\t\t\t\t\t<\/div>\n\t\t<\/div>\n\t\t\t\t\t<\/div>\n\t\t<\/section>\n\t\t\t\t<\/div>\n\t\t","protected":false},"excerpt":{"rendered":"<p>Playa del Carmen, Quintana Roo, 13 de enero de 2026.\u2014 En el marco de la presentaci\u00f3n de los nuevos refuerzos del equipo de f\u00fatbol Inter Playa, la presidenta municipal Estefan\u00eda Mercado reafirm\u00f3 el compromiso de su gobierno con el deporte como eje estrat\u00e9gico para la construcci\u00f3n de paz y la prevenci\u00f3n de la violencia, as\u00ed [&hellip;]<\/p>\n","protected":false},"author":1,"featured_media":44506,"comment_status":"closed","ping_status":"closed","sticky":false,"template":"","format":"standard","meta":{"_FSMCFIC_featured_image_caption":"","_FSMCFIC_featured_image_nocaption":"","_FSMCFIC_featured_image_hide":"","footnotes":""},"categories":[32,30],"tags":[],"class_list":["post-44479","post","type-post","status-publish","format-standard","has-post-thumbnail","hentry","category-municipios","category-solidaridad"],"aioseo_notices":[],"_links":{"self":[{"href":"https:\/\/transformarqroo.com\/index.php\/wp-json\/wp\/v2\/posts\/44479","targetHints":{"allow":["GET"]}}],"collection":[{"href":"https:\/\/transformarqroo.com\/index.php\/wp-json\/wp\/v2\/posts"}],"about":[{"href":"https:\/\/transformarqroo.com\/index.php\/wp-json\/wp\/v2\/types\/post"}],"author":[{"embeddable":true,"href":"https:\/\/transformarqroo.com\/index.php\/wp-json\/wp\/v2\/users\/1"}],"replies":[{"embeddable":true,"href":"https:\/\/transformarqroo.com\/index.php\/wp-json\/wp\/v2\/comments?post=44479"}],"version-history":[{"count":4,"href":"https:\/\/transformarqroo.com\/index.php\/wp-json\/wp\/v2\/posts\/44479\/revisions"}],"predecessor-version":[{"id":44525,"href":"https:\/\/transformarqroo.com\/index.php\/wp-json\/wp\/v2\/posts\/44479\/revisions\/44525"}],"wp:featuredmedia":[{"embeddable":true,"href":"https:\/\/transformarqroo.com\/index.php\/wp-json\/wp\/v2\/media\/44506"}],"wp:attachment":[{"href":"https:\/\/transformarqroo.com\/index.php\/wp-json\/wp\/v2\/media?parent=44479"}],"wp:term":[{"taxonomy":"category","embeddable":true,"href":"https:\/\/transformarqroo.com\/index.php\/wp-json\/wp\/v2\/categories?post=44479"},{"taxonomy":"post_tag","embeddable":true,"href":"https:\/\/transformarqroo.com\/index.php\/wp-json\/wp\/v2\/tags?post=44479"}],"curies":[{"name":"wp","href":"https:\/\/api.w.org\/{rel}","templated":true}]}}