{"id":44529,"date":"2026-01-15T14:55:19","date_gmt":"2026-01-15T19:55:19","guid":{"rendered":"https:\/\/transformarqroo.com\/?p=44529"},"modified":"2026-01-24T15:08:38","modified_gmt":"2026-01-24T20:08:38","slug":"asume-deyanira-martinez-la-direccion-general-del-dif-playa-del-carmen","status":"publish","type":"post","link":"https:\/\/transformarqroo.com\/index.php\/2026\/01\/15\/asume-deyanira-martinez-la-direccion-general-del-dif-playa-del-carmen\/","title":{"rendered":"ASUME DEYANIRA MART\u00cdNEZ LA DIRECCI\u00d3N GENERAL DEL DIF PLAYA DEL CARMEN"},"content":{"rendered":"\t\t<div data-elementor-type=\"wp-post\" data-elementor-id=\"44529\" class=\"elementor elementor-44529\" data-elementor-post-type=\"post\">\n\t\t\t\t\t\t<section class=\"elementor-section elementor-top-section elementor-element elementor-element-45c93bb3 elementor-section-boxed elementor-section-height-default elementor-section-height-default\" data-id=\"45c93bb3\" data-element_type=\"section\">\n\t\t\t\t\t\t<div class=\"elementor-container elementor-column-gap-default\">\n\t\t\t\t\t<div class=\"elementor-column elementor-col-100 elementor-top-column elementor-element elementor-element-30df7a7e\" data-id=\"30df7a7e\" data-element_type=\"column\">\n\t\t\t<div class=\"elementor-widget-wrap elementor-element-populated\">\n\t\t\t\t\t\t<div class=\"elementor-element elementor-element-c9fa59a elementor-widget elementor-widget-premium-addon-banner\" data-id=\"c9fa59a\" data-element_type=\"widget\" data-widget_type=\"premium-addon-banner.default\">\n\t\t\t\t<div class=\"elementor-widget-container\">\n\t\t\t\t\t<div class=\"premium-banner-ib premium-banner-min-height premium-banner-animation7 none\">\r\n\t\t\t\t\t\t\t<div class=\"premium-banner-border\">\r\n\t\t\t\t\t<div class=\"premium-banner-br premium-banner-bleft premium-banner-brlr\"><\/div>\r\n\t\t\t\t\t<div class=\"premium-banner-br premium-banner-bright premium-banner-brlr\"><\/div>\r\n\t\t\t\t\t<div class=\"premium-banner-br premium-banner-btop premium-banner-brtb\"><\/div>\r\n\t\t\t\t\t<div class=\"premium-banner-br premium-banner-bottom premium-banner-brtb\"><\/div>\r\n\t\t\t\t<\/div>\r\n\t\t\t\t\t\t\t\t\t\t\t\t\t\t\t<img fetchpriority=\"high\" decoding=\"async\" width=\"1600\" height=\"1066\" src=\"https:\/\/transformarqroo.com\/wp-content\/uploads\/2026\/01\/Playa-15_ENE.jpg\" class=\"attachment-full size-full wp-image-44537\" alt=\"\" srcset=\"https:\/\/transformarqroo.com\/wp-content\/uploads\/2026\/01\/Playa-15_ENE.jpg 1600w, https:\/\/transformarqroo.com\/wp-content\/uploads\/2026\/01\/Playa-15_ENE-300x200.jpg 300w, https:\/\/transformarqroo.com\/wp-content\/uploads\/2026\/01\/Playa-15_ENE-1024x682.jpg 1024w, https:\/\/transformarqroo.com\/wp-content\/uploads\/2026\/01\/Playa-15_ENE-768x512.jpg 768w, https:\/\/transformarqroo.com\/wp-content\/uploads\/2026\/01\/Playa-15_ENE-100x67.jpg 100w, https:\/\/transformarqroo.com\/wp-content\/uploads\/2026\/01\/Playa-15_ENE-1536x1023.jpg 1536w\" sizes=\"(max-width: 1600px) 100vw, 1600px\" \/>\t\t\t\t\t\t\t\t\t\t<div class=\"premium-banner-ib-desc\">\r\n\t\t\t\t\t\t\t\t\t<div class=\"premium-banner-desc-centered\">\r\n\t\t\t\t\t\t\t\t\t<h3 class=\"premium-banner-ib-title premium_banner_title\"><\/h3>\t\t\t\t\t\t\t\t\t\t\t\t\t<\/div>\r\n\t\t\t\t\t\t\t<\/div>\r\n\t\t\t\t\t<\/div>\r\n\t\t\t\t\t\t<\/div>\n\t\t\t\t<\/div>\n\t\t\t\t\t<\/div>\n\t\t<\/div>\n\t\t\t\t\t<\/div>\n\t\t<\/section>\n\t\t\t\t<section class=\"elementor-section elementor-top-section elementor-element elementor-element-2b006964 elementor-section-boxed elementor-section-height-default elementor-section-height-default\" data-id=\"2b006964\" data-element_type=\"section\" data-settings=\"{&quot;background_background&quot;:&quot;classic&quot;}\">\n\t\t\t\t\t\t<div class=\"elementor-container elementor-column-gap-default\">\n\t\t\t\t\t<div class=\"elementor-column elementor-col-100 elementor-top-column elementor-element elementor-element-456195d0\" data-id=\"456195d0\" data-element_type=\"column\">\n\t\t\t<div class=\"elementor-widget-wrap elementor-element-populated\">\n\t\t\t\t\t\t<div class=\"elementor-element elementor-element-718901b9 premium-title-icon-row premium-title-color elementor-widget elementor-widget-premium-addon-title\" data-id=\"718901b9\" data-element_type=\"widget\" data-widget_type=\"premium-addon-title.default\">\n\t\t\t\t<div class=\"elementor-widget-container\">\n\t\t\t\r\n\t\t<div class=\"premium-title-container style2\">\r\n\t\t\t<h5 class=\"premium-title-header premium-title-style2\">\r\n\t\t\t\t\r\n\t\t\t\t\t\t\t\t\t\t\t\t\t\t\t<div class=\"premium-title-icon premium-lottie-animation\" data-lottie-url=\"https:\/\/assets8.lottiefiles.com\/packages\/lf20_pcfclxy8.json\" data-lottie-loop=\"true\" data-lottie-reverse=\"\"><\/div>\r\n\t\t\t\t\t\t\t\t\t\r\n\t\t\t\t\t\t\t\t\t\t\t\t<span class=\"premium-title-text\" >\r\n\t\t\t\t\t\t\t\t\t<\/span>\r\n\t\t\t\t\t\r\n\t\t\t\t\t\t\t\t\t\t\t<\/h5>\r\n\t\t<\/div>\r\n\r\n\t\t\t\t<\/div>\n\t\t\t\t<\/div>\n\t\t\t\t\t<\/div>\n\t\t<\/div>\n\t\t\t\t\t<\/div>\n\t\t<\/section>\n\t\t\t\t<section class=\"elementor-section elementor-top-section elementor-element elementor-element-5ac1090e elementor-section-boxed elementor-section-height-default elementor-section-height-default\" data-id=\"5ac1090e\" data-element_type=\"section\">\n\t\t\t\t\t\t<div class=\"elementor-container elementor-column-gap-default\">\n\t\t\t\t\t<div class=\"elementor-column elementor-col-100 elementor-top-column elementor-element elementor-element-2b97b870\" data-id=\"2b97b870\" data-element_type=\"column\">\n\t\t\t<div class=\"elementor-widget-wrap elementor-element-populated\">\n\t\t\t\t\t\t<div class=\"elementor-element elementor-element-50e5cffb elementor-widget elementor-widget-text-editor\" data-id=\"50e5cffb\" data-element_type=\"widget\" data-widget_type=\"text-editor.default\">\n\t\t\t\t<div class=\"elementor-widget-container\">\n\t\t\t\t\t\t\t<p><span style=\"font-weight: 400;\">Playa del Carmen, Quintana Roo, 15 de enero de 2026.\u2014 En sesi\u00f3n extraordinaria de Cabildo, Deyanira Mart\u00ednez Estrada rindi\u00f3 protesta como directora general del Sistema para el Desarrollo Integral de la Familia (DIF) Playa del Carmen, refrendando el compromiso del Gobierno Municipal, encabezado por la presidenta Estefan\u00eda Mercado, de fortalecer la atenci\u00f3n integral a los grupos en situaci\u00f3n de vulnerabilidad y consolidar a la familia como eje del desarrollo social.<\/span><\/p><p>\u00a0<\/p><p><span style=\"font-weight: 400;\">Desde el auditorio Leona Vicario del nuevo Palacio Municipal, donde previamente regidoras y regidores aprobaron por unanimidad la propuesta de la Alcaldesa, Deyanira Mart\u00ednez reiter\u00f3 su compromiso de velar por el bienestar de ni\u00f1as, ni\u00f1os y adolescentes, mujeres, personas adultas mayores, personas con discapacidad y personas en situaci\u00f3n de calle, subrayando que todos los sectores son prioridad para el DIF.<\/span><\/p><p>\u00a0<\/p><p><span style=\"font-weight: 400;\">Se\u00f1al\u00f3 que su gesti\u00f3n estar\u00e1 alineada a las directrices de la presidenta municipal Estefan\u00eda Mercado y del presidente honorario del DIF Playa del Carmen, Eduardo Asencio, con el objetivo de impulsar pol\u00edticas p\u00fablicas basadas en la justicia social, la empat\u00eda y la atenci\u00f3n con sentido humano.<\/span><\/p><p>\u00a0<\/p><p><span style=\"font-weight: 400;\">Asimismo, reconoci\u00f3 el trabajo realizado por su antecesor, Jes\u00fas Rodr\u00edguez Herrera, y afirm\u00f3 que dar\u00e1 continuidad a los programas existentes, al tiempo que se fortalecer\u00e1n \u00e1reas de oportunidad y puntos estrat\u00e9gicos detectados en el municipio, en coordinaci\u00f3n con el DIF estatal y el DIF nacional.<\/span><\/p><p>\u00a0<\/p><p><span style=\"font-weight: 400;\">Atribuy\u00f3 los ajustes internos realizados en la estructura del organismo asistencial a una estrategia de fortalecimiento institucional, orientada a eficientar procesos y mejorar la calidad de atenci\u00f3n a la ciudadan\u00eda.<\/span><\/p><p>\u00a0<\/p><p><span style=\"font-weight: 400;\">Al t\u00e9rmino del evento, el presidente honorario del DIF Playa del Carmen, Eduardo Asencio, expres\u00f3 su respaldo a Deyanira Mart\u00ednez y reiter\u00f3 el compromiso del organismo de trabajar de manera coordinada para fortalecer el tejido social y garantizar una atenci\u00f3n cercana, sensible y con justicia social a las familias del municipio.<\/span><\/p>\t\t\t\t\t\t<\/div>\n\t\t\t\t<\/div>\n\t\t\t\t\t<\/div>\n\t\t<\/div>\n\t\t\t\t\t<\/div>\n\t\t<\/section>\n\t\t\t\t<section class=\"elementor-section elementor-top-section elementor-element elementor-element-3894b776 elementor-section-boxed elementor-section-height-default elementor-section-height-default\" data-id=\"3894b776\" data-element_type=\"section\">\n\t\t\t\t\t\t<div class=\"elementor-container elementor-column-gap-default\">\n\t\t\t\t\t<div class=\"elementor-column elementor-col-100 elementor-top-column elementor-element elementor-element-33b726\" data-id=\"33b726\" data-element_type=\"column\">\n\t\t\t<div class=\"elementor-widget-wrap elementor-element-populated\">\n\t\t\t\t\t\t<div class=\"elementor-element elementor-element-b778ed2 elementor-widget elementor-widget-gallery\" data-id=\"b778ed2\" data-element_type=\"widget\" data-settings=\"{&quot;gallery_layout&quot;:&quot;justified&quot;,&quot;lazyload&quot;:&quot;yes&quot;,&quot;ideal_row_height&quot;:{&quot;unit&quot;:&quot;px&quot;,&quot;size&quot;:200,&quot;sizes&quot;:[]},&quot;ideal_row_height_tablet&quot;:{&quot;unit&quot;:&quot;px&quot;,&quot;size&quot;:150,&quot;sizes&quot;:[]},&quot;ideal_row_height_mobile&quot;:{&quot;unit&quot;:&quot;px&quot;,&quot;size&quot;:150,&quot;sizes&quot;:[]},&quot;gap&quot;:{&quot;unit&quot;:&quot;px&quot;,&quot;size&quot;:10,&quot;sizes&quot;:[]},&quot;gap_tablet&quot;:{&quot;unit&quot;:&quot;px&quot;,&quot;size&quot;:10,&quot;sizes&quot;:[]},&quot;gap_mobile&quot;:{&quot;unit&quot;:&quot;px&quot;,&quot;size&quot;:10,&quot;sizes&quot;:[]},&quot;link_to&quot;:&quot;file&quot;,&quot;overlay_background&quot;:&quot;yes&quot;,&quot;content_hover_animation&quot;:&quot;fade-in&quot;}\" data-widget_type=\"gallery.default\">\n\t\t\t\t<div class=\"elementor-widget-container\">\n\t\t\t\t\t<div class=\"elementor-gallery__container\">\n\t\t\t\t\t\t\t<a class=\"e-gallery-item elementor-gallery-item elementor-animated-content\" href=\"https:\/\/transformarqroo.com\/wp-content\/uploads\/2026\/01\/Playa-15_ENE1.jpg\" data-elementor-open-lightbox=\"yes\" data-elementor-lightbox-slideshow=\"b778ed2\" data-elementor-lightbox-title=\"Playa 15_ENE(1)\" data-e-action-hash=\"#elementor-action%3Aaction%3Dlightbox%26settings%3DeyJpZCI6NDQ1MzUsInVybCI6Imh0dHBzOlwvXC90cmFuc2Zvcm1hcnFyb28uY29tXC93cC1jb250ZW50XC91cGxvYWRzXC8yMDI2XC8wMVwvUGxheWEtMTVfRU5FMS5qcGciLCJzbGlkZXNob3ciOiJiNzc4ZWQyIn0%3D\">\n\t\t\t\t\t<div class=\"e-gallery-image elementor-gallery-item__image\" data-thumbnail=\"https:\/\/transformarqroo.com\/wp-content\/uploads\/2026\/01\/Playa-15_ENE1.jpg\" data-width=\"1280\" data-height=\"854\" aria-label=\"\" role=\"img\" ><\/div>\n\t\t\t\t\t\t\t\t\t\t\t<div class=\"elementor-gallery-item__overlay\"><\/div>\n\t\t\t\t\t\t\t\t\t\t\t\t\t\t<\/a>\n\t\t\t\t\t\t\t<a class=\"e-gallery-item elementor-gallery-item elementor-animated-content\" href=\"https:\/\/transformarqroo.com\/wp-content\/uploads\/2026\/01\/Playa-15_ENE2.jpg\" data-elementor-open-lightbox=\"yes\" data-elementor-lightbox-slideshow=\"b778ed2\" data-elementor-lightbox-title=\"Playa 15_ENE(2)\" data-e-action-hash=\"#elementor-action%3Aaction%3Dlightbox%26settings%3DeyJpZCI6NDQ1MzYsInVybCI6Imh0dHBzOlwvXC90cmFuc2Zvcm1hcnFyb28uY29tXC93cC1jb250ZW50XC91cGxvYWRzXC8yMDI2XC8wMVwvUGxheWEtMTVfRU5FMi5qcGciLCJzbGlkZXNob3ciOiJiNzc4ZWQyIn0%3D\">\n\t\t\t\t\t<div class=\"e-gallery-image elementor-gallery-item__image\" data-thumbnail=\"https:\/\/transformarqroo.com\/wp-content\/uploads\/2026\/01\/Playa-15_ENE2.jpg\" data-width=\"1280\" data-height=\"854\" aria-label=\"\" role=\"img\" ><\/div>\n\t\t\t\t\t\t\t\t\t\t\t<div class=\"elementor-gallery-item__overlay\"><\/div>\n\t\t\t\t\t\t\t\t\t\t\t\t\t\t<\/a>\n\t\t\t\t\t\t\t<a class=\"e-gallery-item elementor-gallery-item elementor-animated-content\" href=\"https:\/\/transformarqroo.com\/wp-content\/uploads\/2026\/01\/Playa-15_ENE.jpg\" data-elementor-open-lightbox=\"yes\" data-elementor-lightbox-slideshow=\"b778ed2\" data-elementor-lightbox-title=\"Playa 15_ENE\" data-e-action-hash=\"#elementor-action%3Aaction%3Dlightbox%26settings%3DeyJpZCI6NDQ1MzcsInVybCI6Imh0dHBzOlwvXC90cmFuc2Zvcm1hcnFyb28uY29tXC93cC1jb250ZW50XC91cGxvYWRzXC8yMDI2XC8wMVwvUGxheWEtMTVfRU5FLmpwZyIsInNsaWRlc2hvdyI6ImI3NzhlZDIifQ%3D%3D\">\n\t\t\t\t\t<div class=\"e-gallery-image elementor-gallery-item__image\" data-thumbnail=\"https:\/\/transformarqroo.com\/wp-content\/uploads\/2026\/01\/Playa-15_ENE.jpg\" data-width=\"1600\" data-height=\"1066\" aria-label=\"\" role=\"img\" ><\/div>\n\t\t\t\t\t\t\t\t\t\t\t<div class=\"elementor-gallery-item__overlay\"><\/div>\n\t\t\t\t\t\t\t\t\t\t\t\t\t\t<\/a>\n\t\t\t\t\t<\/div>\n\t\t\t<\/div>\n\t\t\t\t<\/div>\n\t\t\t\t\t<\/div>\n\t\t<\/div>\n\t\t\t\t\t<\/div>\n\t\t<\/section>\n\t\t\t\t<\/div>\n\t\t","protected":false},"excerpt":{"rendered":"<p>Playa del Carmen, Quintana Roo, 15 de enero de 2026.\u2014 En sesi\u00f3n extraordinaria de Cabildo, Deyanira Mart\u00ednez Estrada rindi\u00f3 protesta como directora general del Sistema para el Desarrollo Integral de la Familia (DIF) Playa del Carmen, refrendando el compromiso del Gobierno Municipal, encabezado por la presidenta Estefan\u00eda Mercado, de fortalecer la atenci\u00f3n integral a los [&hellip;]<\/p>\n","protected":false},"author":1,"featured_media":44537,"comment_status":"closed","ping_status":"closed","sticky":false,"template":"","format":"standard","meta":{"_FSMCFIC_featured_image_caption":"","_FSMCFIC_featured_image_nocaption":"","_FSMCFIC_featured_image_hide":"","footnotes":""},"categories":[32,30],"tags":[],"class_list":["post-44529","post","type-post","status-publish","format-standard","has-post-thumbnail","hentry","category-municipios","category-solidaridad"],"aioseo_notices":[],"_links":{"self":[{"href":"https:\/\/transformarqroo.com\/index.php\/wp-json\/wp\/v2\/posts\/44529","targetHints":{"allow":["GET"]}}],"collection":[{"href":"https:\/\/transformarqroo.com\/index.php\/wp-json\/wp\/v2\/posts"}],"about":[{"href":"https:\/\/transformarqroo.com\/index.php\/wp-json\/wp\/v2\/types\/post"}],"author":[{"embeddable":true,"href":"https:\/\/transformarqroo.com\/index.php\/wp-json\/wp\/v2\/users\/1"}],"replies":[{"embeddable":true,"href":"https:\/\/transformarqroo.com\/index.php\/wp-json\/wp\/v2\/comments?post=44529"}],"version-history":[{"count":4,"href":"https:\/\/transformarqroo.com\/index.php\/wp-json\/wp\/v2\/posts\/44529\/revisions"}],"predecessor-version":[{"id":44562,"href":"https:\/\/transformarqroo.com\/index.php\/wp-json\/wp\/v2\/posts\/44529\/revisions\/44562"}],"wp:featuredmedia":[{"embeddable":true,"href":"https:\/\/transformarqroo.com\/index.php\/wp-json\/wp\/v2\/media\/44537"}],"wp:attachment":[{"href":"https:\/\/transformarqroo.com\/index.php\/wp-json\/wp\/v2\/media?parent=44529"}],"wp:term":[{"taxonomy":"category","embeddable":true,"href":"https:\/\/transformarqroo.com\/index.php\/wp-json\/wp\/v2\/categories?post=44529"},{"taxonomy":"post_tag","embeddable":true,"href":"https:\/\/transformarqroo.com\/index.php\/wp-json\/wp\/v2\/tags?post=44529"}],"curies":[{"name":"wp","href":"https:\/\/api.w.org\/{rel}","templated":true}]}}