{"id":44572,"date":"2026-01-23T15:13:40","date_gmt":"2026-01-23T20:13:40","guid":{"rendered":"https:\/\/transformarqroo.com\/?p=44572"},"modified":"2026-01-24T15:26:17","modified_gmt":"2026-01-24T20:26:17","slug":"acompana-estefania-mercado-entrega-de-las-becas-rita-cetina-del-gobierno-federal","status":"publish","type":"post","link":"https:\/\/transformarqroo.com\/index.php\/2026\/01\/23\/acompana-estefania-mercado-entrega-de-las-becas-rita-cetina-del-gobierno-federal\/","title":{"rendered":"ACOMPA\u00d1A ESTEFAN\u00cdA MERCADO ENTREGA DE LAS BECAS \u201cRITA CETINA\u201d DEL GOBIERNO FEDERAL"},"content":{"rendered":"\t\t<div data-elementor-type=\"wp-post\" data-elementor-id=\"44572\" class=\"elementor elementor-44572\" data-elementor-post-type=\"post\">\n\t\t\t\t\t\t<section class=\"elementor-section elementor-top-section elementor-element elementor-element-6173d241 elementor-section-boxed elementor-section-height-default elementor-section-height-default\" data-id=\"6173d241\" data-element_type=\"section\">\n\t\t\t\t\t\t<div class=\"elementor-container elementor-column-gap-default\">\n\t\t\t\t\t<div class=\"elementor-column elementor-col-100 elementor-top-column elementor-element elementor-element-74b060bc\" data-id=\"74b060bc\" data-element_type=\"column\">\n\t\t\t<div class=\"elementor-widget-wrap elementor-element-populated\">\n\t\t\t\t\t\t<div class=\"elementor-element elementor-element-11b21f22 elementor-widget elementor-widget-premium-addon-banner\" data-id=\"11b21f22\" data-element_type=\"widget\" data-widget_type=\"premium-addon-banner.default\">\n\t\t\t\t<div class=\"elementor-widget-container\">\n\t\t\t\t\t<div class=\"premium-banner-ib premium-banner-min-height premium-banner-animation7 none\">\r\n\t\t\t\t\t\t\t<div class=\"premium-banner-border\">\r\n\t\t\t\t\t<div class=\"premium-banner-br premium-banner-bleft premium-banner-brlr\"><\/div>\r\n\t\t\t\t\t<div class=\"premium-banner-br premium-banner-bright premium-banner-brlr\"><\/div>\r\n\t\t\t\t\t<div class=\"premium-banner-br premium-banner-btop premium-banner-brtb\"><\/div>\r\n\t\t\t\t\t<div class=\"premium-banner-br premium-banner-bottom premium-banner-brtb\"><\/div>\r\n\t\t\t\t<\/div>\r\n\t\t\t\t\t\t\t\t\t\t\t\t\t\t\t<img fetchpriority=\"high\" decoding=\"async\" width=\"1600\" height=\"1066\" src=\"https:\/\/transformarqroo.com\/wp-content\/uploads\/2026\/01\/Playa-23_ENE.jpg\" class=\"attachment-full size-full wp-image-44592\" alt=\"\" srcset=\"https:\/\/transformarqroo.com\/wp-content\/uploads\/2026\/01\/Playa-23_ENE.jpg 1600w, https:\/\/transformarqroo.com\/wp-content\/uploads\/2026\/01\/Playa-23_ENE-300x200.jpg 300w, https:\/\/transformarqroo.com\/wp-content\/uploads\/2026\/01\/Playa-23_ENE-1024x682.jpg 1024w, https:\/\/transformarqroo.com\/wp-content\/uploads\/2026\/01\/Playa-23_ENE-768x512.jpg 768w, https:\/\/transformarqroo.com\/wp-content\/uploads\/2026\/01\/Playa-23_ENE-100x67.jpg 100w, https:\/\/transformarqroo.com\/wp-content\/uploads\/2026\/01\/Playa-23_ENE-1536x1023.jpg 1536w\" sizes=\"(max-width: 1600px) 100vw, 1600px\" \/>\t\t\t\t\t\t\t\t\t\t<div class=\"premium-banner-ib-desc\">\r\n\t\t\t\t\t\t\t\t\t<div class=\"premium-banner-desc-centered\">\r\n\t\t\t\t\t\t\t\t\t<h3 class=\"premium-banner-ib-title premium_banner_title\"><\/h3>\t\t\t\t\t\t\t\t\t\t\t\t\t<\/div>\r\n\t\t\t\t\t\t\t<\/div>\r\n\t\t\t\t\t<\/div>\r\n\t\t\t\t\t\t<\/div>\n\t\t\t\t<\/div>\n\t\t\t\t\t<\/div>\n\t\t<\/div>\n\t\t\t\t\t<\/div>\n\t\t<\/section>\n\t\t\t\t<section class=\"elementor-section elementor-top-section elementor-element elementor-element-14d7f3c7 elementor-section-boxed elementor-section-height-default elementor-section-height-default\" data-id=\"14d7f3c7\" data-element_type=\"section\" data-settings=\"{&quot;background_background&quot;:&quot;classic&quot;}\">\n\t\t\t\t\t\t<div class=\"elementor-container elementor-column-gap-default\">\n\t\t\t\t\t<div class=\"elementor-column elementor-col-100 elementor-top-column elementor-element elementor-element-2be8a4d6\" data-id=\"2be8a4d6\" data-element_type=\"column\">\n\t\t\t<div class=\"elementor-widget-wrap elementor-element-populated\">\n\t\t\t\t\t\t<div class=\"elementor-element elementor-element-4af8e8bc premium-title-icon-row premium-title-color elementor-widget elementor-widget-premium-addon-title\" data-id=\"4af8e8bc\" data-element_type=\"widget\" data-widget_type=\"premium-addon-title.default\">\n\t\t\t\t<div class=\"elementor-widget-container\">\n\t\t\t\r\n\t\t<div class=\"premium-title-container style2\">\r\n\t\t\t<h5 class=\"premium-title-header premium-title-style2\">\r\n\t\t\t\t\r\n\t\t\t\t\t\t\t\t\t\t\t\t\t\t\t<div class=\"premium-title-icon premium-lottie-animation\" data-lottie-url=\"https:\/\/assets8.lottiefiles.com\/packages\/lf20_pcfclxy8.json\" data-lottie-loop=\"true\" data-lottie-reverse=\"\"><\/div>\r\n\t\t\t\t\t\t\t\t\t\r\n\t\t\t\t\t\t\t\t\t\t\t\t<span class=\"premium-title-text\" >\r\n\t\t\t\t\t\t\t\t\t<\/span>\r\n\t\t\t\t\t\r\n\t\t\t\t\t\t\t\t\t\t\t<\/h5>\r\n\t\t<\/div>\r\n\r\n\t\t\t\t<\/div>\n\t\t\t\t<\/div>\n\t\t\t\t\t<\/div>\n\t\t<\/div>\n\t\t\t\t\t<\/div>\n\t\t<\/section>\n\t\t\t\t<section class=\"elementor-section elementor-top-section elementor-element elementor-element-7dcb7996 elementor-section-boxed elementor-section-height-default elementor-section-height-default\" data-id=\"7dcb7996\" data-element_type=\"section\">\n\t\t\t\t\t\t<div class=\"elementor-container elementor-column-gap-default\">\n\t\t\t\t\t<div class=\"elementor-column elementor-col-100 elementor-top-column elementor-element elementor-element-5e2a47cf\" data-id=\"5e2a47cf\" data-element_type=\"column\">\n\t\t\t<div class=\"elementor-widget-wrap elementor-element-populated\">\n\t\t\t\t\t\t<div class=\"elementor-element elementor-element-10a3e4ca elementor-widget elementor-widget-text-editor\" data-id=\"10a3e4ca\" data-element_type=\"widget\" data-widget_type=\"text-editor.default\">\n\t\t\t\t<div class=\"elementor-widget-container\">\n\t\t\t\t\t\t\t<p><span style=\"font-weight: 400;\">Playa del Carmen, Quintana Roo, 23 de enero de 2026.\u2014 Durante su visita al domo de la colonia Nicte H\u00e1, donde tuvo lugar la entrega de tarjetas de la beca federal \u201cRita Cetina\u201d, la presidenta municipal Estefan\u00eda Mercado, expres\u00f3 su reconocimiento a la presidenta de M\u00e9xico, Claudia Sheinbaum, por impulsar una pol\u00edtica educativa con profundo sentido social que coloca a la educaci\u00f3n en el centro de la transformaci\u00f3n del pa\u00eds.<\/span><\/p><p>\u00a0<\/p><p><span style=\"font-weight: 400;\">\u201cDesde Playa del Carmen agradecemos a nuestra presidenta Claudia Sheinbaum por poner la educaci\u00f3n en el coraz\u00f3n de la transformaci\u00f3n, beneficiando a miles de ni\u00f1as, ni\u00f1os y j\u00f3venes playenses\u201d, expres\u00f3 la Alcaldesa, a su llegada a la colonia donde salud\u00f3 a cientos de padres y madres de familia recibieron la beca acad\u00e9mica.<\/span><\/p><p>\u00a0<\/p><p><span style=\"font-weight: 400;\">Adem\u00e1s, dijo: \u201cEste esfuerzo se fortalece con el respaldo permanente de nuestra gobernadora Mara Lezama, que siempre ha estado gestionando apoyos y recursos para nuestro municipio de manera incansable\u201d.<\/span><\/p><p>\u00a0<\/p><p><span style=\"font-weight: 400;\">\u201cLa beca Rita Cetina es esperanza, es futuro y es justicia social para nuestras ni\u00f1as, ni\u00f1os y j\u00f3venes. Porque con educaci\u00f3n, s\u00ed hay transformaci\u00f3n\u201d, agreg\u00f3 Estefan\u00eda Mercado.<\/span><\/p><p>\u00a0<\/p><p><span style=\"font-weight: 400;\">La Presidenta Municipal subray\u00f3 que este programa representa una herramienta real de justicia social, al beneficiar a miles de ni\u00f1as, ni\u00f1os y j\u00f3venes playenses, y contribuir al bienestar de las familias, especialmente de aquellas que hist\u00f3ricamente enfrentaron condiciones de desigualdad.<\/span><\/p><p>\u00a0<\/p><p><span style=\"font-weight: 400;\">Destac\u00f3 que la beca \u201cRita Cetina\u201drepresenta mucho m\u00e1s que un apoyo econ\u00f3mico, se trata de una pol\u00edtica p\u00fablica que brinda esperanza y futuro, al reconocer a la educaci\u00f3n como el principal motor de movilidad social y garantizar que ni\u00f1as, ni\u00f1os y j\u00f3venes puedan continuar sus estudios sin que la falta de recursos sea un obst\u00e1culo.<\/span><\/p><p>\u00a0<\/p><p><span style=\"font-weight: 400;\">Finalmente, reiter\u00f3 su compromiso de seguir trabajando de manera coordinada con los gobiernos federal y estatal, en el marco de la Cuarta Transformaci\u00f3n, para consolidar una educaci\u00f3n incluyente, equitativa y con sentido social en Playa del Carmen.<\/span><\/p>\t\t\t\t\t\t<\/div>\n\t\t\t\t<\/div>\n\t\t\t\t\t<\/div>\n\t\t<\/div>\n\t\t\t\t\t<\/div>\n\t\t<\/section>\n\t\t\t\t<section class=\"elementor-section elementor-top-section elementor-element elementor-element-66713b30 elementor-section-boxed elementor-section-height-default elementor-section-height-default\" data-id=\"66713b30\" data-element_type=\"section\">\n\t\t\t\t\t\t<div class=\"elementor-container elementor-column-gap-default\">\n\t\t\t\t\t<div class=\"elementor-column elementor-col-100 elementor-top-column elementor-element elementor-element-3d08b6c\" data-id=\"3d08b6c\" data-element_type=\"column\">\n\t\t\t<div class=\"elementor-widget-wrap elementor-element-populated\">\n\t\t\t\t\t\t<div class=\"elementor-element elementor-element-627ea4f elementor-widget elementor-widget-gallery\" data-id=\"627ea4f\" data-element_type=\"widget\" data-settings=\"{&quot;gallery_layout&quot;:&quot;justified&quot;,&quot;lazyload&quot;:&quot;yes&quot;,&quot;ideal_row_height&quot;:{&quot;unit&quot;:&quot;px&quot;,&quot;size&quot;:200,&quot;sizes&quot;:[]},&quot;ideal_row_height_tablet&quot;:{&quot;unit&quot;:&quot;px&quot;,&quot;size&quot;:150,&quot;sizes&quot;:[]},&quot;ideal_row_height_mobile&quot;:{&quot;unit&quot;:&quot;px&quot;,&quot;size&quot;:150,&quot;sizes&quot;:[]},&quot;gap&quot;:{&quot;unit&quot;:&quot;px&quot;,&quot;size&quot;:10,&quot;sizes&quot;:[]},&quot;gap_tablet&quot;:{&quot;unit&quot;:&quot;px&quot;,&quot;size&quot;:10,&quot;sizes&quot;:[]},&quot;gap_mobile&quot;:{&quot;unit&quot;:&quot;px&quot;,&quot;size&quot;:10,&quot;sizes&quot;:[]},&quot;link_to&quot;:&quot;file&quot;,&quot;overlay_background&quot;:&quot;yes&quot;,&quot;content_hover_animation&quot;:&quot;fade-in&quot;}\" data-widget_type=\"gallery.default\">\n\t\t\t\t<div class=\"elementor-widget-container\">\n\t\t\t\t\t<div class=\"elementor-gallery__container\">\n\t\t\t\t\t\t\t<a class=\"e-gallery-item elementor-gallery-item elementor-animated-content\" href=\"https:\/\/transformarqroo.com\/wp-content\/uploads\/2026\/01\/Playa-23_ENE1.jpg\" data-elementor-open-lightbox=\"yes\" data-elementor-lightbox-slideshow=\"627ea4f\" data-elementor-lightbox-title=\"Playa 23_ENE(1)\" data-e-action-hash=\"#elementor-action%3Aaction%3Dlightbox%26settings%3DeyJpZCI6NDQ1OTAsInVybCI6Imh0dHBzOlwvXC90cmFuc2Zvcm1hcnFyb28uY29tXC93cC1jb250ZW50XC91cGxvYWRzXC8yMDI2XC8wMVwvUGxheWEtMjNfRU5FMS5qcGciLCJzbGlkZXNob3ciOiI2MjdlYTRmIn0%3D\">\n\t\t\t\t\t<div class=\"e-gallery-image elementor-gallery-item__image\" data-thumbnail=\"https:\/\/transformarqroo.com\/wp-content\/uploads\/2026\/01\/Playa-23_ENE1.jpg\" data-width=\"1600\" data-height=\"1066\" aria-label=\"\" role=\"img\" ><\/div>\n\t\t\t\t\t\t\t\t\t\t\t<div class=\"elementor-gallery-item__overlay\"><\/div>\n\t\t\t\t\t\t\t\t\t\t\t\t\t\t<\/a>\n\t\t\t\t\t\t\t<a class=\"e-gallery-item elementor-gallery-item elementor-animated-content\" href=\"https:\/\/transformarqroo.com\/wp-content\/uploads\/2026\/01\/Playa-23_ENE2.jpg\" data-elementor-open-lightbox=\"yes\" data-elementor-lightbox-slideshow=\"627ea4f\" data-elementor-lightbox-title=\"Playa 23_ENE(2)\" data-e-action-hash=\"#elementor-action%3Aaction%3Dlightbox%26settings%3DeyJpZCI6NDQ1OTEsInVybCI6Imh0dHBzOlwvXC90cmFuc2Zvcm1hcnFyb28uY29tXC93cC1jb250ZW50XC91cGxvYWRzXC8yMDI2XC8wMVwvUGxheWEtMjNfRU5FMi5qcGciLCJzbGlkZXNob3ciOiI2MjdlYTRmIn0%3D\">\n\t\t\t\t\t<div class=\"e-gallery-image elementor-gallery-item__image\" data-thumbnail=\"https:\/\/transformarqroo.com\/wp-content\/uploads\/2026\/01\/Playa-23_ENE2.jpg\" data-width=\"1600\" data-height=\"1066\" aria-label=\"\" role=\"img\" ><\/div>\n\t\t\t\t\t\t\t\t\t\t\t<div class=\"elementor-gallery-item__overlay\"><\/div>\n\t\t\t\t\t\t\t\t\t\t\t\t\t\t<\/a>\n\t\t\t\t\t\t\t<a class=\"e-gallery-item elementor-gallery-item elementor-animated-content\" href=\"https:\/\/transformarqroo.com\/wp-content\/uploads\/2026\/01\/Playa-23_ENE.jpg\" data-elementor-open-lightbox=\"yes\" data-elementor-lightbox-slideshow=\"627ea4f\" data-elementor-lightbox-title=\"Playa 23_ENE\" data-e-action-hash=\"#elementor-action%3Aaction%3Dlightbox%26settings%3DeyJpZCI6NDQ1OTIsInVybCI6Imh0dHBzOlwvXC90cmFuc2Zvcm1hcnFyb28uY29tXC93cC1jb250ZW50XC91cGxvYWRzXC8yMDI2XC8wMVwvUGxheWEtMjNfRU5FLmpwZyIsInNsaWRlc2hvdyI6IjYyN2VhNGYifQ%3D%3D\">\n\t\t\t\t\t<div class=\"e-gallery-image elementor-gallery-item__image\" data-thumbnail=\"https:\/\/transformarqroo.com\/wp-content\/uploads\/2026\/01\/Playa-23_ENE.jpg\" data-width=\"1600\" data-height=\"1066\" aria-label=\"\" role=\"img\" ><\/div>\n\t\t\t\t\t\t\t\t\t\t\t<div class=\"elementor-gallery-item__overlay\"><\/div>\n\t\t\t\t\t\t\t\t\t\t\t\t\t\t<\/a>\n\t\t\t\t\t<\/div>\n\t\t\t<\/div>\n\t\t\t\t<\/div>\n\t\t\t\t\t<\/div>\n\t\t<\/div>\n\t\t\t\t\t<\/div>\n\t\t<\/section>\n\t\t\t\t<\/div>\n\t\t","protected":false},"excerpt":{"rendered":"<p>Playa del Carmen, Quintana Roo, 23 de enero de 2026.\u2014 Durante su visita al domo de la colonia Nicte H\u00e1, donde tuvo lugar la entrega de tarjetas de la beca federal \u201cRita Cetina\u201d, la presidenta municipal Estefan\u00eda Mercado, expres\u00f3 su reconocimiento a la presidenta de M\u00e9xico, Claudia Sheinbaum, por impulsar una pol\u00edtica educativa con profundo [&hellip;]<\/p>\n","protected":false},"author":1,"featured_media":44592,"comment_status":"closed","ping_status":"closed","sticky":false,"template":"","format":"standard","meta":{"_FSMCFIC_featured_image_caption":"","_FSMCFIC_featured_image_nocaption":"","_FSMCFIC_featured_image_hide":"","footnotes":""},"categories":[32,30],"tags":[],"class_list":["post-44572","post","type-post","status-publish","format-standard","has-post-thumbnail","hentry","category-municipios","category-solidaridad"],"aioseo_notices":[],"_links":{"self":[{"href":"https:\/\/transformarqroo.com\/index.php\/wp-json\/wp\/v2\/posts\/44572","targetHints":{"allow":["GET"]}}],"collection":[{"href":"https:\/\/transformarqroo.com\/index.php\/wp-json\/wp\/v2\/posts"}],"about":[{"href":"https:\/\/transformarqroo.com\/index.php\/wp-json\/wp\/v2\/types\/post"}],"author":[{"embeddable":true,"href":"https:\/\/transformarqroo.com\/index.php\/wp-json\/wp\/v2\/users\/1"}],"replies":[{"embeddable":true,"href":"https:\/\/transformarqroo.com\/index.php\/wp-json\/wp\/v2\/comments?post=44572"}],"version-history":[{"count":4,"href":"https:\/\/transformarqroo.com\/index.php\/wp-json\/wp\/v2\/posts\/44572\/revisions"}],"predecessor-version":[{"id":44605,"href":"https:\/\/transformarqroo.com\/index.php\/wp-json\/wp\/v2\/posts\/44572\/revisions\/44605"}],"wp:featuredmedia":[{"embeddable":true,"href":"https:\/\/transformarqroo.com\/index.php\/wp-json\/wp\/v2\/media\/44592"}],"wp:attachment":[{"href":"https:\/\/transformarqroo.com\/index.php\/wp-json\/wp\/v2\/media?parent=44572"}],"wp:term":[{"taxonomy":"category","embeddable":true,"href":"https:\/\/transformarqroo.com\/index.php\/wp-json\/wp\/v2\/categories?post=44572"},{"taxonomy":"post_tag","embeddable":true,"href":"https:\/\/transformarqroo.com\/index.php\/wp-json\/wp\/v2\/tags?post=44572"}],"curies":[{"name":"wp","href":"https:\/\/api.w.org\/{rel}","templated":true}]}}