{"id":4966,"date":"2022-04-08T17:56:00","date_gmt":"2022-04-08T22:56:00","guid":{"rendered":"https:\/\/transformarqroo.com\/?p=4966"},"modified":"2022-04-13T17:59:46","modified_gmt":"2022-04-13T22:59:46","slug":"mara-lezama-primera-mujer-nombrada-nojoch-kiik-hermana-mayor-por-generales-mayas","status":"publish","type":"post","link":"https:\/\/transformarqroo.com\/index.php\/2022\/04\/08\/mara-lezama-primera-mujer-nombrada-nojoch-kiik-hermana-mayor-por-generales-mayas\/","title":{"rendered":"MARA LEZAMA, PRIMERA MUJER NOMBRADA NOJOCH KIIK (HERMANA MAYOR) POR GENERALES MAYAS"},"content":{"rendered":"\t\t<div data-elementor-type=\"wp-post\" data-elementor-id=\"4966\" class=\"elementor elementor-4966\" data-elementor-post-type=\"post\">\n\t\t\t\t\t\t<section class=\"elementor-section elementor-top-section elementor-element elementor-element-75600012 elementor-section-boxed elementor-section-height-default elementor-section-height-default\" data-id=\"75600012\" data-element_type=\"section\">\n\t\t\t\t\t\t<div class=\"elementor-container elementor-column-gap-default\">\n\t\t\t\t\t<div class=\"elementor-column elementor-col-100 elementor-top-column elementor-element elementor-element-24a27900\" data-id=\"24a27900\" data-element_type=\"column\">\n\t\t\t<div class=\"elementor-widget-wrap elementor-element-populated\">\n\t\t\t\t\t\t<div class=\"elementor-element elementor-element-6bd639b4 elementor-widget elementor-widget-premium-addon-banner\" data-id=\"6bd639b4\" data-element_type=\"widget\" data-widget_type=\"premium-addon-banner.default\">\n\t\t\t\t<div class=\"elementor-widget-container\">\n\t\t\t\t\t<div class=\"premium-banner-ib premium-banner-min-height premium-banner-animation7 none\">\r\n\t\t\t\t\t\t\t<div class=\"premium-banner-border\">\r\n\t\t\t\t\t<div class=\"premium-banner-br premium-banner-bleft premium-banner-brlr\"><\/div>\r\n\t\t\t\t\t<div class=\"premium-banner-br premium-banner-bright premium-banner-brlr\"><\/div>\r\n\t\t\t\t\t<div class=\"premium-banner-br premium-banner-btop premium-banner-brtb\"><\/div>\r\n\t\t\t\t\t<div class=\"premium-banner-br premium-banner-bottom premium-banner-brtb\"><\/div>\r\n\t\t\t\t<\/div>\r\n\t\t\t\t\t\t\t\t\t\t\t\t\t\t\t<img fetchpriority=\"high\" decoding=\"async\" width=\"1280\" height=\"853\" src=\"https:\/\/transformarqroo.com\/wp-content\/uploads\/2022\/04\/BJ-08_04_221.jpeg\" class=\"attachment-full size-full wp-image-4967\" alt=\"\" srcset=\"https:\/\/transformarqroo.com\/wp-content\/uploads\/2022\/04\/BJ-08_04_221.jpeg 1280w, https:\/\/transformarqroo.com\/wp-content\/uploads\/2022\/04\/BJ-08_04_221-300x200.jpeg 300w, https:\/\/transformarqroo.com\/wp-content\/uploads\/2022\/04\/BJ-08_04_221-1024x682.jpeg 1024w, https:\/\/transformarqroo.com\/wp-content\/uploads\/2022\/04\/BJ-08_04_221-768x512.jpeg 768w\" sizes=\"(max-width: 1280px) 100vw, 1280px\" \/>\t\t\t\t\t\t\t\t\t\t<div class=\"premium-banner-ib-desc\">\r\n\t\t\t\t\t\t\t\t\t<div class=\"premium-banner-desc-centered\">\r\n\t\t\t\t\t\t\t\t\t<h3 class=\"premium-banner-ib-title premium_banner_title\"><\/h3>\t\t\t\t\t\t\t\t\t\t\t\t\t<\/div>\r\n\t\t\t\t\t\t\t<\/div>\r\n\t\t\t\t\t<\/div>\r\n\t\t\t\t\t\t<\/div>\n\t\t\t\t<\/div>\n\t\t\t\t\t<\/div>\n\t\t<\/div>\n\t\t\t\t\t<\/div>\n\t\t<\/section>\n\t\t\t\t<section class=\"elementor-section elementor-top-section elementor-element elementor-element-4f387ce0 elementor-section-boxed elementor-section-height-default elementor-section-height-default\" data-id=\"4f387ce0\" data-element_type=\"section\" data-settings=\"{&quot;background_background&quot;:&quot;classic&quot;}\">\n\t\t\t\t\t\t<div class=\"elementor-container elementor-column-gap-default\">\n\t\t\t\t\t<div class=\"elementor-column elementor-col-100 elementor-top-column elementor-element elementor-element-27808255\" data-id=\"27808255\" data-element_type=\"column\">\n\t\t\t<div class=\"elementor-widget-wrap elementor-element-populated\">\n\t\t\t\t\t\t<div class=\"elementor-element elementor-element-9b50548 premium-title-icon-row premium-title-color elementor-widget elementor-widget-premium-addon-title\" data-id=\"9b50548\" data-element_type=\"widget\" data-widget_type=\"premium-addon-title.default\">\n\t\t\t\t<div class=\"elementor-widget-container\">\n\t\t\t\r\n\t\t<div class=\"premium-title-container style2\">\r\n\t\t\t<h5 class=\"premium-title-header premium-title-style2\">\r\n\t\t\t\t\r\n\t\t\t\t\t\t\t\t\t\t\t\t\t\t\t<div class=\"premium-title-icon premium-lottie-animation\" data-lottie-url=\"https:\/\/assets8.lottiefiles.com\/packages\/lf20_pcfclxy8.json\" data-lottie-loop=\"true\" data-lottie-reverse=\"\"><\/div>\r\n\t\t\t\t\t\t\t\t\t\r\n\t\t\t\t\t\t\t\t\t\t\t\t<span class=\"premium-title-text\" >\r\n\t\t\t\t\t* La candidata de la coalici\u00f3n \u201cJuntos Hacemos Historia\u201d fue recibida en Tixcacal Guardia por el General Alejandro May Cauich para participar en una ceremonia ajustada a los usos y costumbres de esa etnia.\t\t\t\t<\/span>\r\n\t\t\t\t\t\r\n\t\t\t\t\t\t\t\t\t\t\t<\/h5>\r\n\t\t<\/div>\r\n\r\n\t\t\t\t<\/div>\n\t\t\t\t<\/div>\n\t\t\t\t\t<\/div>\n\t\t<\/div>\n\t\t\t\t\t<\/div>\n\t\t<\/section>\n\t\t\t\t<section class=\"elementor-section elementor-top-section elementor-element elementor-element-16aa9d54 elementor-section-boxed elementor-section-height-default elementor-section-height-default\" data-id=\"16aa9d54\" data-element_type=\"section\" data-settings=\"{&quot;background_background&quot;:&quot;classic&quot;}\">\n\t\t\t\t\t\t<div class=\"elementor-container elementor-column-gap-default\">\n\t\t\t\t\t<div class=\"elementor-column elementor-col-100 elementor-top-column elementor-element elementor-element-5eb47949\" data-id=\"5eb47949\" data-element_type=\"column\">\n\t\t\t<div class=\"elementor-widget-wrap elementor-element-populated\">\n\t\t\t\t\t\t<div class=\"elementor-element elementor-element-67837a2e premium-title-icon-row premium-title-color elementor-widget elementor-widget-premium-addon-title\" data-id=\"67837a2e\" data-element_type=\"widget\" data-widget_type=\"premium-addon-title.default\">\n\t\t\t\t<div class=\"elementor-widget-container\">\n\t\t\t\r\n\t\t<div class=\"premium-title-container style2\">\r\n\t\t\t<h5 class=\"premium-title-header premium-title-style2\">\r\n\t\t\t\t\r\n\t\t\t\t\t\t\t\t\t\t\t\t\t\t\t<div class=\"premium-title-icon premium-lottie-animation\" data-lottie-url=\"https:\/\/assets8.lottiefiles.com\/packages\/lf20_pcfclxy8.json\" data-lottie-loop=\"true\" data-lottie-reverse=\"\"><\/div>\r\n\t\t\t\t\t\t\t\t\t\r\n\t\t\t\t\t\t\t\t\t\t\t\t<span class=\"premium-title-text\" >\r\n\t\t\t\t\t* Este es un momento importante en mi vida como ser humano; he venido con plena conciencia y respeto a este encuentro, dice a los representantes de los cuatro centros de Carrillo Puerto.\t\t\t\t<\/span>\r\n\t\t\t\t\t\r\n\t\t\t\t\t\t\t\t\t\t\t<\/h5>\r\n\t\t<\/div>\r\n\r\n\t\t\t\t<\/div>\n\t\t\t\t<\/div>\n\t\t\t\t\t<\/div>\n\t\t<\/div>\n\t\t\t\t\t<\/div>\n\t\t<\/section>\n\t\t\t\t<section class=\"elementor-section elementor-top-section elementor-element elementor-element-e4db3d5 elementor-section-boxed elementor-section-height-default elementor-section-height-default\" data-id=\"e4db3d5\" data-element_type=\"section\">\n\t\t\t\t\t\t<div class=\"elementor-container elementor-column-gap-default\">\n\t\t\t\t\t<div class=\"elementor-column elementor-col-100 elementor-top-column elementor-element elementor-element-4a269951\" data-id=\"4a269951\" data-element_type=\"column\">\n\t\t\t<div class=\"elementor-widget-wrap elementor-element-populated\">\n\t\t\t\t\t\t<div class=\"elementor-element elementor-element-1e9f2714 elementor-widget elementor-widget-text-editor\" data-id=\"1e9f2714\" data-element_type=\"widget\" data-widget_type=\"text-editor.default\">\n\t\t\t\t<div class=\"elementor-widget-container\">\n\t\t\t\t\t\t\t<p><span style=\"font-weight: 400;\">Tixcacal Guardia, municipio de Felipe Carrillo Puerto, Quintana Roo, 8 de abril.\u2014\u00a0 Mara Lezama Espinosa, candidata de la coalici\u00f3n \u201cJuntos Hacemos Historia\u201d, se convirti\u00f3 hoy en la primera mujer\u00a0 candidata que es nombrada \u201cNojoch kiik\u201d (hermana mayor de los mayas) con el respaldo de los 12 Generales de los centros tradicionales de la Cruz Parlante en Felipe Carrillo Puerto, Tixcacal Guardia, Chump\u00f3n y Chancah Veracruz.<\/span><\/p><p>\u00a0<\/p><p><span style=\"font-weight: 400;\">Como parte de la ceremonia, que se ajusta a los usos y costumbre de esa etnia, la candidata, quien vest\u00eda una blusa bordada, fue recibida por el General Alejandro May Cauich, del centro ceremonial de esta comunidad, quien le dese\u00f3 paz para continuar una excelente campa\u00f1a pol\u00edtica. Luego, junto con sus altos mandos, le puso una corona de flores.\u00a0<\/span><\/p>\t\t\t\t\t\t<\/div>\n\t\t\t\t<\/div>\n\t\t\t\t\t<\/div>\n\t\t<\/div>\n\t\t\t\t\t<\/div>\n\t\t<\/section>\n\t\t\t\t<section class=\"elementor-section elementor-top-section elementor-element elementor-element-6aa154d7 elementor-section-boxed elementor-section-height-default elementor-section-height-default\" data-id=\"6aa154d7\" data-element_type=\"section\">\n\t\t\t\t\t\t<div class=\"elementor-container elementor-column-gap-default\">\n\t\t\t\t\t<div class=\"elementor-column elementor-col-100 elementor-top-column elementor-element elementor-element-7efb0548\" data-id=\"7efb0548\" data-element_type=\"column\">\n\t\t\t<div class=\"elementor-widget-wrap elementor-element-populated\">\n\t\t\t\t\t\t<div class=\"elementor-element elementor-element-7d49d774 premium-testimonial-separator-column elementor-widget elementor-widget-premium-addon-testimonials\" data-id=\"7d49d774\" data-element_type=\"widget\" data-widget_type=\"premium-addon-testimonials.default\">\n\t\t\t\t<div class=\"elementor-widget-container\">\n\t\t\t\r\n\t<div class=\"premium-testimonial-box\">\r\n\t\t<div class=\"premium-testimonial-container\">\r\n\t\t\t<i class=\"fa fa-quote-left premium-testimonial-upper-quote\"><\/i>\r\n\t\t\t<div class=\"premium-testimonial-content-wrapper\">\r\n\t\t\t\t\t\t\t\t\t<div class=\"premium-testimonial-img-wrapper circle\">\r\n\t\t\t\t\t\t<img decoding=\"async\" src=\"https:\/\/transformarqroo.com\/wp-content\/uploads\/2021\/12\/unnamed-1-1.jpg\" alt=\"unnamed-1.jpg\" class=\"premium-testimonial-person-image\">\r\n\t\t\t\t\t<\/div>\r\n\t\t\t\t\r\n\t\t\t\t<div class=\"premium-testimonial-text-wrapper\">\r\n\t\t\t\t\t<div >\r\n\t\t\t\t\t\t<p class=\"MsoNormal\"><span style=\"font-weight: 400;\">Este es un momento importante en mi vida. Vine con plena conciencia y respeto a este encuentro porque, al igual que ustedes, creo que no debemos desviarnos del camino del bien y caer en el del mal, el ego\u00edsmo, la ambici\u00f3n, el odio y la mentira<\/span><\/p>\t\t\t\t\t<\/div>\r\n\t\t\t\t<\/div>\r\n\r\n\t\t\t\t<div class=\"premium-testimonial-author-info\">\r\n\t\t\t\t\t<h3 class=\"premium-testimonial-person-name\">\r\n\t\t\t\t\t\t<span >\r\n\t\t\t\t\t\t\tLic. Mara Lezama Espinosa\t\t\t\t\t\t<\/span>\r\n\t\t\t\t\t<\/h3>\r\n\r\n\t\t\t\t\t<span class=\"premium-testimonial-separator\">-<\/span>\r\n\r\n\t\t\t\t\t<h6 class=\"premium-testimonial-company-name\">\r\n\t\t\t\t\t\t\t\t\t\t\t<span class=\"premium-testimonial-company-link\" >\r\n\t\t\t\t\t\t\tPresidenta Municipal de Benito Ju\u00e1rez\t\t\t\t\t\t<\/span>\r\n\t\t\t\t\t\t\t\t\t\t<\/h6>\r\n\t\t\t\t<\/div>\r\n\t\t\t<\/div>\r\n\t\t\t<i class=\"fa fa-quote-right premium-testimonial-lower-quote\"><\/i>\r\n\t\t<\/div>\r\n\t<\/div>\r\n\t\t\t\t<\/div>\n\t\t\t\t<\/div>\n\t\t\t\t\t<\/div>\n\t\t<\/div>\n\t\t\t\t\t<\/div>\n\t\t<\/section>\n\t\t\t\t<section class=\"elementor-section elementor-top-section elementor-element elementor-element-7dc13ce5 elementor-section-boxed elementor-section-height-default elementor-section-height-default\" data-id=\"7dc13ce5\" data-element_type=\"section\">\n\t\t\t\t\t\t<div class=\"elementor-container elementor-column-gap-default\">\n\t\t\t\t\t<div class=\"elementor-column elementor-col-100 elementor-top-column elementor-element elementor-element-1749093e\" data-id=\"1749093e\" data-element_type=\"column\">\n\t\t\t<div class=\"elementor-widget-wrap elementor-element-populated\">\n\t\t\t\t\t\t<div class=\"elementor-element elementor-element-3a01ccfd elementor-widget elementor-widget-text-editor\" data-id=\"3a01ccfd\" data-element_type=\"widget\" data-widget_type=\"text-editor.default\">\n\t\t\t\t<div class=\"elementor-widget-container\">\n\t\t\t\t\t\t\t<p><span style=\"font-weight: 400;\">Eso es especialmente importante para quien aspira a una responsabilidad pol\u00edtica que tiene que ver con la vida de miles de personas porque debe tener el esp\u00edritu, el coraz\u00f3n y la mente lo m\u00e1s limpio y transparente posible para tomar decisiones y actuar en beneficio de los pueblos, no personal, dijo.<\/span><\/p><p>\u00a0<\/p><p><span style=\"font-weight: 400;\">Gracias a los comandantes y dignatarios, agradezco esta muestra de cari\u00f1o, que me hayan elegido como Hermana Mayor por primera vez en la historia. Estoy convencida de la necesidad de dignificar nuestros centros tradicionales en Quintana Roo, para la etnia m\u00e1s grande de las 68 que hay en el pa\u00eds. Lo vamos a hacer con la ayuda de \u201cya saben qui\u00e9n\u201d, expres\u00f3.<\/span><\/p><p><span style=\"font-weight: 400;\">Asimismo, dijo que sabe de las carencias y del abandono que han padecido durante muchos a\u00f1os, lo cual cambiar\u00e1 el pr\u00f3ximo 5 de junio, los felicit\u00f3 por su \u201cf\u00e9rrea defensa de nuestras ra\u00edces\u201d y les pidi\u00f3 \u201chumildemente su apoyo y respaldo para llegar a la gubernatura\u201d.<\/span><\/p><p>\u00a0<\/p><p><span style=\"font-weight: 400;\">Si tengo el privilegio de que me nombren su gobernadora, como Hermana Mayor estar\u00e9 atenta a sus necesidades y gestionar\u00e9 lo necesario para satisfacerlas y mantener las tradiciones, manifest\u00f3.<\/span><\/p><p>\u00a0<\/p><p><span style=\"font-weight: 400;\">La candidata fue recibida, entre m\u00fasica de maya pax, por el General May Cauich y sus comandantes Pablo Be, Jos\u00e9 Dzul Catz\u00edn, Alejandro Poot Yam, Arturo D\u00edaz, Sixto Cituk, Pedro Pat Poot, Silvano May, Juan Caamal y Tom\u00e1s Pat Yam, quienes le colocaron collares de flores como gesto de amor, paz y confianza.<\/span><\/p><p>\u00a0<\/p><p><span style=\"font-weight: 400;\">Adem\u00e1s, asistieron dignatarios mayas e invitados como: Andr\u00e9s Coh Cen, de Chump\u00f3n; Candelario Yeh, General Maya de Chancah Veracruz; Eulalio Chan, Sacerdote de Chancah Veracruz e Hilario Sulub, en representaci\u00f3n de su padre, Isabel Sulub, General Maya del centro tradicional de la Cruz Parlante de Felipe Carrillo Puerto.<\/span><\/p>\t\t\t\t\t\t<\/div>\n\t\t\t\t<\/div>\n\t\t\t\t\t<\/div>\n\t\t<\/div>\n\t\t\t\t\t<\/div>\n\t\t<\/section>\n\t\t\t\t<section class=\"elementor-section elementor-top-section elementor-element elementor-element-55e9d7e1 elementor-section-boxed elementor-section-height-default elementor-section-height-default\" data-id=\"55e9d7e1\" data-element_type=\"section\">\n\t\t\t\t\t\t<div class=\"elementor-container elementor-column-gap-default\">\n\t\t\t\t\t<div class=\"elementor-column elementor-col-100 elementor-top-column elementor-element elementor-element-1d813d87\" data-id=\"1d813d87\" data-element_type=\"column\">\n\t\t\t<div class=\"elementor-widget-wrap elementor-element-populated\">\n\t\t\t\t\t\t<div class=\"elementor-element elementor-element-3347933a elementor-widget elementor-widget-gallery\" data-id=\"3347933a\" data-element_type=\"widget\" data-settings=\"{&quot;gallery_layout&quot;:&quot;justified&quot;,&quot;lazyload&quot;:&quot;yes&quot;,&quot;ideal_row_height&quot;:{&quot;unit&quot;:&quot;px&quot;,&quot;size&quot;:200,&quot;sizes&quot;:[]},&quot;ideal_row_height_tablet&quot;:{&quot;unit&quot;:&quot;px&quot;,&quot;size&quot;:150,&quot;sizes&quot;:[]},&quot;ideal_row_height_mobile&quot;:{&quot;unit&quot;:&quot;px&quot;,&quot;size&quot;:150,&quot;sizes&quot;:[]},&quot;gap&quot;:{&quot;unit&quot;:&quot;px&quot;,&quot;size&quot;:10,&quot;sizes&quot;:[]},&quot;gap_tablet&quot;:{&quot;unit&quot;:&quot;px&quot;,&quot;size&quot;:10,&quot;sizes&quot;:[]},&quot;gap_mobile&quot;:{&quot;unit&quot;:&quot;px&quot;,&quot;size&quot;:10,&quot;sizes&quot;:[]},&quot;link_to&quot;:&quot;file&quot;,&quot;overlay_background&quot;:&quot;yes&quot;,&quot;content_hover_animation&quot;:&quot;fade-in&quot;}\" data-widget_type=\"gallery.default\">\n\t\t\t\t<div class=\"elementor-widget-container\">\n\t\t\t\t\t<div class=\"elementor-gallery__container\">\n\t\t\t\t\t\t\t<a class=\"e-gallery-item elementor-gallery-item elementor-animated-content\" href=\"https:\/\/transformarqroo.com\/wp-content\/uploads\/2022\/04\/BJ-08_04_22.jpeg\" data-elementor-open-lightbox=\"yes\" data-elementor-lightbox-slideshow=\"3347933a\" data-elementor-lightbox-title=\"BJ 08_04_22\" data-e-action-hash=\"#elementor-action%3Aaction%3Dlightbox%26settings%3DeyJpZCI6NDk2OCwidXJsIjoiaHR0cHM6XC9cL3RyYW5zZm9ybWFycXJvby5jb21cL3dwLWNvbnRlbnRcL3VwbG9hZHNcLzIwMjJcLzA0XC9CSi0wOF8wNF8yMi5qcGVnIiwic2xpZGVzaG93IjoiMzM0NzkzM2EifQ%3D%3D\">\n\t\t\t\t\t<div class=\"e-gallery-image elementor-gallery-item__image\" data-thumbnail=\"https:\/\/transformarqroo.com\/wp-content\/uploads\/2022\/04\/BJ-08_04_22.jpeg\" data-width=\"1280\" data-height=\"853\" aria-label=\"\" role=\"img\" ><\/div>\n\t\t\t\t\t\t\t\t\t\t\t<div class=\"elementor-gallery-item__overlay\"><\/div>\n\t\t\t\t\t\t\t\t\t\t\t\t\t\t<\/a>\n\t\t\t\t\t\t\t<a class=\"e-gallery-item elementor-gallery-item elementor-animated-content\" href=\"https:\/\/transformarqroo.com\/wp-content\/uploads\/2022\/04\/BJ-08_04_221.jpeg\" data-elementor-open-lightbox=\"yes\" data-elementor-lightbox-slideshow=\"3347933a\" data-elementor-lightbox-title=\"BJ 08_04_22(1)\" data-e-action-hash=\"#elementor-action%3Aaction%3Dlightbox%26settings%3DeyJpZCI6NDk2NywidXJsIjoiaHR0cHM6XC9cL3RyYW5zZm9ybWFycXJvby5jb21cL3dwLWNvbnRlbnRcL3VwbG9hZHNcLzIwMjJcLzA0XC9CSi0wOF8wNF8yMjEuanBlZyIsInNsaWRlc2hvdyI6IjMzNDc5MzNhIn0%3D\">\n\t\t\t\t\t<div class=\"e-gallery-image elementor-gallery-item__image\" data-thumbnail=\"https:\/\/transformarqroo.com\/wp-content\/uploads\/2022\/04\/BJ-08_04_221.jpeg\" data-width=\"1280\" data-height=\"853\" aria-label=\"\" role=\"img\" ><\/div>\n\t\t\t\t\t\t\t\t\t\t\t<div class=\"elementor-gallery-item__overlay\"><\/div>\n\t\t\t\t\t\t\t\t\t\t\t\t\t\t<\/a>\n\t\t\t\t\t<\/div>\n\t\t\t<\/div>\n\t\t\t\t<\/div>\n\t\t\t\t\t<\/div>\n\t\t<\/div>\n\t\t\t\t\t<\/div>\n\t\t<\/section>\n\t\t\t\t<\/div>\n\t\t","protected":false},"excerpt":{"rendered":"<p>* La candidata de la coalici\u00f3n \u201cJuntos Hacemos Historia\u201d fue recibida en Tixcacal Guardia por el General Alejandro May Cauich para participar en una ceremonia ajustada a los usos y costumbres de esa etnia. * Este es un momento importante en mi vida como ser humano; he venido con plena conciencia y respeto a este [&hellip;]<\/p>\n","protected":false},"author":1,"featured_media":4967,"comment_status":"closed","ping_status":"closed","sticky":false,"template":"","format":"standard","meta":{"_FSMCFIC_featured_image_caption":"","_FSMCFIC_featured_image_nocaption":"","_FSMCFIC_featured_image_hide":"1","footnotes":""},"categories":[32,24],"tags":[12],"class_list":["post-4966","post","type-post","status-publish","format-standard","has-post-thumbnail","hentry","category-municipios","category-felipe-carrillo-puerto","tag-mara-lezama"],"aioseo_notices":[],"_links":{"self":[{"href":"https:\/\/transformarqroo.com\/index.php\/wp-json\/wp\/v2\/posts\/4966","targetHints":{"allow":["GET"]}}],"collection":[{"href":"https:\/\/transformarqroo.com\/index.php\/wp-json\/wp\/v2\/posts"}],"about":[{"href":"https:\/\/transformarqroo.com\/index.php\/wp-json\/wp\/v2\/types\/post"}],"author":[{"embeddable":true,"href":"https:\/\/transformarqroo.com\/index.php\/wp-json\/wp\/v2\/users\/1"}],"replies":[{"embeddable":true,"href":"https:\/\/transformarqroo.com\/index.php\/wp-json\/wp\/v2\/comments?post=4966"}],"version-history":[{"count":4,"href":"https:\/\/transformarqroo.com\/index.php\/wp-json\/wp\/v2\/posts\/4966\/revisions"}],"predecessor-version":[{"id":4972,"href":"https:\/\/transformarqroo.com\/index.php\/wp-json\/wp\/v2\/posts\/4966\/revisions\/4972"}],"wp:featuredmedia":[{"embeddable":true,"href":"https:\/\/transformarqroo.com\/index.php\/wp-json\/wp\/v2\/media\/4967"}],"wp:attachment":[{"href":"https:\/\/transformarqroo.com\/index.php\/wp-json\/wp\/v2\/media?parent=4966"}],"wp:term":[{"taxonomy":"category","embeddable":true,"href":"https:\/\/transformarqroo.com\/index.php\/wp-json\/wp\/v2\/categories?post=4966"},{"taxonomy":"post_tag","embeddable":true,"href":"https:\/\/transformarqroo.com\/index.php\/wp-json\/wp\/v2\/tags?post=4966"}],"curies":[{"name":"wp","href":"https:\/\/api.w.org\/{rel}","templated":true}]}}