{"id":4973,"date":"2022-04-09T18:00:00","date_gmt":"2022-04-09T23:00:00","guid":{"rendered":"https:\/\/transformarqroo.com\/?p=4973"},"modified":"2022-04-13T18:03:48","modified_gmt":"2022-04-13T23:03:48","slug":"el-pueblo-maya-sera-de-lo-mas-importante-en-mi-gobierno-mara-lezama","status":"publish","type":"post","link":"https:\/\/transformarqroo.com\/index.php\/2022\/04\/09\/el-pueblo-maya-sera-de-lo-mas-importante-en-mi-gobierno-mara-lezama\/","title":{"rendered":"EL PUEBLO MAYA SER\u00c1 DE LO M\u00c1S IMPORTANTE EN MI GOBIERNO: MARA LEZAMA"},"content":{"rendered":"\t\t<div data-elementor-type=\"wp-post\" data-elementor-id=\"4973\" class=\"elementor elementor-4973\" data-elementor-post-type=\"post\">\n\t\t\t\t\t\t<section class=\"elementor-section elementor-top-section elementor-element elementor-element-40c929bc elementor-section-boxed elementor-section-height-default elementor-section-height-default\" data-id=\"40c929bc\" data-element_type=\"section\">\n\t\t\t\t\t\t<div class=\"elementor-container elementor-column-gap-default\">\n\t\t\t\t\t<div class=\"elementor-column elementor-col-100 elementor-top-column elementor-element elementor-element-6ede82de\" data-id=\"6ede82de\" data-element_type=\"column\">\n\t\t\t<div class=\"elementor-widget-wrap elementor-element-populated\">\n\t\t\t\t\t\t<div class=\"elementor-element elementor-element-43ae9593 elementor-widget elementor-widget-premium-addon-banner\" data-id=\"43ae9593\" data-element_type=\"widget\" data-widget_type=\"premium-addon-banner.default\">\n\t\t\t\t<div class=\"elementor-widget-container\">\n\t\t\t\t\t<div class=\"premium-banner-ib premium-banner-min-height premium-banner-animation7 none\">\r\n\t\t\t\t\t\t\t<div class=\"premium-banner-border\">\r\n\t\t\t\t\t<div class=\"premium-banner-br premium-banner-bleft premium-banner-brlr\"><\/div>\r\n\t\t\t\t\t<div class=\"premium-banner-br premium-banner-bright premium-banner-brlr\"><\/div>\r\n\t\t\t\t\t<div class=\"premium-banner-br premium-banner-btop premium-banner-brtb\"><\/div>\r\n\t\t\t\t\t<div class=\"premium-banner-br premium-banner-bottom premium-banner-brtb\"><\/div>\r\n\t\t\t\t<\/div>\r\n\t\t\t\t\t\t\t\t\t\t\t\t\t\t\t<img fetchpriority=\"high\" decoding=\"async\" width=\"1280\" height=\"853\" src=\"https:\/\/transformarqroo.com\/wp-content\/uploads\/2022\/04\/BJ-09_04_222.jpg\" class=\"attachment-full size-full wp-image-4975\" alt=\"\" srcset=\"https:\/\/transformarqroo.com\/wp-content\/uploads\/2022\/04\/BJ-09_04_222.jpg 1280w, https:\/\/transformarqroo.com\/wp-content\/uploads\/2022\/04\/BJ-09_04_222-300x200.jpg 300w, https:\/\/transformarqroo.com\/wp-content\/uploads\/2022\/04\/BJ-09_04_222-1024x682.jpg 1024w, https:\/\/transformarqroo.com\/wp-content\/uploads\/2022\/04\/BJ-09_04_222-768x512.jpg 768w\" sizes=\"(max-width: 1280px) 100vw, 1280px\" \/>\t\t\t\t\t\t\t\t\t\t<div class=\"premium-banner-ib-desc\">\r\n\t\t\t\t\t\t\t\t\t<div class=\"premium-banner-desc-centered\">\r\n\t\t\t\t\t\t\t\t\t<h3 class=\"premium-banner-ib-title premium_banner_title\"><\/h3>\t\t\t\t\t\t\t\t\t\t\t\t\t<\/div>\r\n\t\t\t\t\t\t\t<\/div>\r\n\t\t\t\t\t<\/div>\r\n\t\t\t\t\t\t<\/div>\n\t\t\t\t<\/div>\n\t\t\t\t\t<\/div>\n\t\t<\/div>\n\t\t\t\t\t<\/div>\n\t\t<\/section>\n\t\t\t\t<section class=\"elementor-section elementor-top-section elementor-element elementor-element-54afd1ad elementor-section-boxed elementor-section-height-default elementor-section-height-default\" data-id=\"54afd1ad\" data-element_type=\"section\" data-settings=\"{&quot;background_background&quot;:&quot;classic&quot;}\">\n\t\t\t\t\t\t<div class=\"elementor-container elementor-column-gap-default\">\n\t\t\t\t\t<div class=\"elementor-column elementor-col-100 elementor-top-column elementor-element elementor-element-5a0e9391\" data-id=\"5a0e9391\" data-element_type=\"column\">\n\t\t\t<div class=\"elementor-widget-wrap elementor-element-populated\">\n\t\t\t\t\t\t<div class=\"elementor-element elementor-element-489045b8 premium-title-icon-row premium-title-color elementor-widget elementor-widget-premium-addon-title\" data-id=\"489045b8\" data-element_type=\"widget\" data-widget_type=\"premium-addon-title.default\">\n\t\t\t\t<div class=\"elementor-widget-container\">\n\t\t\t\r\n\t\t<div class=\"premium-title-container style2\">\r\n\t\t\t<h5 class=\"premium-title-header premium-title-style2\">\r\n\t\t\t\t\r\n\t\t\t\t\t\t\t\t\t\t\t\t\t\t\t<div class=\"premium-title-icon premium-lottie-animation\" data-lottie-url=\"https:\/\/assets8.lottiefiles.com\/packages\/lf20_pcfclxy8.json\" data-lottie-loop=\"true\" data-lottie-reverse=\"\"><\/div>\r\n\t\t\t\t\t\t\t\t\t\r\n\t\t\t\t\t\t\t\t\t\t\t\t<span class=\"premium-title-text\" >\r\n\t\t\t\t\t* Convoca a los habitantes de Tihosuco y Se\u00f1or a luchar por la Cuarta Transformaci\u00f3n en Quintana Roo para cambiar la relaci\u00f3n entre el gobierno y la comunidad.\t\t\t\t<\/span>\r\n\t\t\t\t\t\r\n\t\t\t\t\t\t\t\t\t\t\t<\/h5>\r\n\t\t<\/div>\r\n\r\n\t\t\t\t<\/div>\n\t\t\t\t<\/div>\n\t\t\t\t\t<\/div>\n\t\t<\/div>\n\t\t\t\t\t<\/div>\n\t\t<\/section>\n\t\t\t\t<section class=\"elementor-section elementor-top-section elementor-element elementor-element-d9373bd elementor-section-boxed elementor-section-height-default elementor-section-height-default\" data-id=\"d9373bd\" data-element_type=\"section\" data-settings=\"{&quot;background_background&quot;:&quot;classic&quot;}\">\n\t\t\t\t\t\t<div class=\"elementor-container elementor-column-gap-default\">\n\t\t\t\t\t<div class=\"elementor-column elementor-col-100 elementor-top-column elementor-element elementor-element-7b853133\" data-id=\"7b853133\" data-element_type=\"column\">\n\t\t\t<div class=\"elementor-widget-wrap elementor-element-populated\">\n\t\t\t\t\t\t<div class=\"elementor-element elementor-element-4023397e premium-title-icon-row premium-title-color elementor-widget elementor-widget-premium-addon-title\" data-id=\"4023397e\" data-element_type=\"widget\" data-widget_type=\"premium-addon-title.default\">\n\t\t\t\t<div class=\"elementor-widget-container\">\n\t\t\t\r\n\t\t<div class=\"premium-title-container style2\">\r\n\t\t\t<h5 class=\"premium-title-header premium-title-style2\">\r\n\t\t\t\t\r\n\t\t\t\t\t\t\t\t\t\t\t\t\t\t\t<div class=\"premium-title-icon premium-lottie-animation\" data-lottie-url=\"https:\/\/assets8.lottiefiles.com\/packages\/lf20_pcfclxy8.json\" data-lottie-loop=\"true\" data-lottie-reverse=\"\"><\/div>\r\n\t\t\t\t\t\t\t\t\t\r\n\t\t\t\t\t\t\t\t\t\t\t\t<span class=\"premium-title-text\" >\r\n\t\t\t\t\t* Ofrece trabajar \u201cpor y para el pueblo\u201d, pero se\u00f1ala que la unidad es imprescindible la unidad para cerrar el paso \u201ca los padres de la pobreza y corrupci\u00f3n\u201d.\t\t\t\t<\/span>\r\n\t\t\t\t\t\r\n\t\t\t\t\t\t\t\t\t\t\t<\/h5>\r\n\t\t<\/div>\r\n\r\n\t\t\t\t<\/div>\n\t\t\t\t<\/div>\n\t\t\t\t\t<\/div>\n\t\t<\/div>\n\t\t\t\t\t<\/div>\n\t\t<\/section>\n\t\t\t\t<section class=\"elementor-section elementor-top-section elementor-element elementor-element-11c19a51 elementor-section-boxed elementor-section-height-default elementor-section-height-default\" data-id=\"11c19a51\" data-element_type=\"section\">\n\t\t\t\t\t\t<div class=\"elementor-container elementor-column-gap-default\">\n\t\t\t\t\t<div class=\"elementor-column elementor-col-100 elementor-top-column elementor-element elementor-element-6058f797\" data-id=\"6058f797\" data-element_type=\"column\">\n\t\t\t<div class=\"elementor-widget-wrap elementor-element-populated\">\n\t\t\t\t\t\t<div class=\"elementor-element elementor-element-12a1fcc3 elementor-widget elementor-widget-text-editor\" data-id=\"12a1fcc3\" data-element_type=\"widget\" data-widget_type=\"text-editor.default\">\n\t\t\t\t<div class=\"elementor-widget-container\">\n\t\t\t\t\t\t\t<p><span style=\"font-weight: 400;\">Tihosuco, municipio de Felipe Carrillo Puerto, Quintana Roo, 9 de abril.\u2014 Mara Lezama, candidata a la gubernatura de la coalici\u00f3n \u201cJuntos Hacemos Historia\u201d, afirm\u00f3 que con la Cuarta Transformaci\u00f3n se cambiar\u00e1 la relaci\u00f3n con los l\u00edderes y la comunidad, de modo que la zona maya, \u201cnuestro pueblo originario, ser\u00e1 de lo m\u00e1s importante en mi gobierno\u201d.<\/span><\/p><p>\u00a0<\/p><p><span style=\"font-weight: 400;\">Luego de recibir ayer el nombramiento de \u201cNojoch kiik\u201d (hermana mayor) en Tixcacal Guardia, con lo que se convirti\u00f3 en la primera mujer candidata al que se le otorga, hecho al que se refiri\u00f3 como un honor, la abanderada de Morena y de los partidos PVEM, PT y FxM encabez\u00f3 sendos m\u00edtines en esta comunidad y Se\u00f1or.<\/span><\/p><p>\u00a0<\/p><p><span style=\"font-weight: 400;\">En esta poblaci\u00f3n, donde en mayo de 2021 el Presidente pidi\u00f3 perd\u00f3n a la comunidad maya a nombre del Gobierno Federal por los abusos de los que ha sido v\u00edctima, la candidata consider\u00f3 tambi\u00e9n un honor estar con los descendientes de la resistencia maya que encabez\u00f3 Jacinto Pat y convoc\u00f3 a la poblaci\u00f3n a luchar para cambiar la relaci\u00f3n entre el gobierno y la comunidad.<\/span><\/p><p>\u00a0<\/p><p><span style=\"font-weight: 400;\">Ofreci\u00f3 trabajar \u201cpor y para el pueblo\u201d, porque eso es la Cuarta Transformaci\u00f3n, pero dijo que es imprescindible la unidad para cerrar el paso \u201ca los padres de la pobreza y corrupci\u00f3n\u201d. Nos robaron seguridad, comida, medicina, justicia y quieren limitar nuestro futuro, pero no los vamos a dejar. \u00a1Nunca m\u00e1s un gobierno rico con un pueblo pobre!, expres\u00f3.<\/span><\/p><p>\u00a0<\/p><p><span style=\"font-weight: 400;\">En Tihosuco, \u201clugar que representa la fuerza del esp\u00edritu del pueblo maya y el valor de la resistencia contra la tiran\u00eda y opresi\u00f3n\u201d, al igual que en Se\u00f1or, se comprometi\u00f3 a trabajar con las autoridades municipales para que haya mejores caminos, transporte y empleo con salarios justos e implementar programas para reducir el hambre, que haya m\u00e9dicos, medicinas, escuelas y maestros.<\/span><\/p><p>\u00a0<\/p><p><span style=\"font-weight: 400;\">Queremos trabajar para quitar de una vez por todas a los padres de la pobreza, por quienes hoy vivimos marginaci\u00f3n y desigualdad. Estableceremos un gobierno que haga caminos sacacosechas, que vea por los agricultores, los ganaderos, los pescadores y por cada rinc\u00f3n del Estado, subray\u00f3.\u00a0 \u201cQue vivan mejor en la zona maya ser\u00e1 muy importante para m\u00ed, nunca m\u00e1s el olvido y el abandono\u201d.<\/span><\/p><p>\u00a0<\/p><p><span style=\"font-weight: 400;\">En Se\u00f1or, donde fue recibida por seguidores entusiastas, que al final le dedicaron una canci\u00f3n en lengua maya, hizo un reconocimiento especial a los guardianes de la tradici\u00f3n Manuel Nahuat, Juan de la Cruz Puc y Juan Bautista Vega, para luego augurar tajante que nada detendr\u00e1 el cambio verdadero y que en la pr\u00f3xima elecci\u00f3n se ratificar\u00e1n los triunfos obtenidos en 2018, 2019 y 2021.<\/span><\/p><p>\u00a0<\/p><p><span style=\"font-weight: 400;\">Nunca m\u00e1s un gobierno rico y un pueblo pobre, vamos a trabajar con base en los principios de nuestro gran l\u00edder: no robar, no mentir y no traicionar al pueblo. \u201cDesde 2018 ya saben qui\u00e9n demostr\u00f3 que s\u00ed se puede hacer un gobierno diferente\u201d.<\/span><\/p>\t\t\t\t\t\t<\/div>\n\t\t\t\t<\/div>\n\t\t\t\t\t<\/div>\n\t\t<\/div>\n\t\t\t\t\t<\/div>\n\t\t<\/section>\n\t\t\t\t<section class=\"elementor-section elementor-top-section elementor-element elementor-element-3c34cd9f elementor-section-boxed elementor-section-height-default elementor-section-height-default\" data-id=\"3c34cd9f\" data-element_type=\"section\">\n\t\t\t\t\t\t<div class=\"elementor-container elementor-column-gap-default\">\n\t\t\t\t\t<div class=\"elementor-column elementor-col-100 elementor-top-column elementor-element elementor-element-3a820315\" data-id=\"3a820315\" data-element_type=\"column\">\n\t\t\t<div class=\"elementor-widget-wrap elementor-element-populated\">\n\t\t\t\t\t\t<div class=\"elementor-element elementor-element-414568ab elementor-widget elementor-widget-gallery\" data-id=\"414568ab\" data-element_type=\"widget\" data-settings=\"{&quot;gallery_layout&quot;:&quot;justified&quot;,&quot;lazyload&quot;:&quot;yes&quot;,&quot;ideal_row_height&quot;:{&quot;unit&quot;:&quot;px&quot;,&quot;size&quot;:200,&quot;sizes&quot;:[]},&quot;ideal_row_height_tablet&quot;:{&quot;unit&quot;:&quot;px&quot;,&quot;size&quot;:150,&quot;sizes&quot;:[]},&quot;ideal_row_height_mobile&quot;:{&quot;unit&quot;:&quot;px&quot;,&quot;size&quot;:150,&quot;sizes&quot;:[]},&quot;gap&quot;:{&quot;unit&quot;:&quot;px&quot;,&quot;size&quot;:10,&quot;sizes&quot;:[]},&quot;gap_tablet&quot;:{&quot;unit&quot;:&quot;px&quot;,&quot;size&quot;:10,&quot;sizes&quot;:[]},&quot;gap_mobile&quot;:{&quot;unit&quot;:&quot;px&quot;,&quot;size&quot;:10,&quot;sizes&quot;:[]},&quot;link_to&quot;:&quot;file&quot;,&quot;overlay_background&quot;:&quot;yes&quot;,&quot;content_hover_animation&quot;:&quot;fade-in&quot;}\" data-widget_type=\"gallery.default\">\n\t\t\t\t<div class=\"elementor-widget-container\">\n\t\t\t\t\t<div class=\"elementor-gallery__container\">\n\t\t\t\t\t\t\t<a class=\"e-gallery-item elementor-gallery-item elementor-animated-content\" href=\"https:\/\/transformarqroo.com\/wp-content\/uploads\/2022\/04\/BJ-09_04_22.jpg\" data-elementor-open-lightbox=\"yes\" data-elementor-lightbox-slideshow=\"414568ab\" data-elementor-lightbox-title=\"BJ 09_04_22\" data-e-action-hash=\"#elementor-action%3Aaction%3Dlightbox%26settings%3DeyJpZCI6NDk3NiwidXJsIjoiaHR0cHM6XC9cL3RyYW5zZm9ybWFycXJvby5jb21cL3dwLWNvbnRlbnRcL3VwbG9hZHNcLzIwMjJcLzA0XC9CSi0wOV8wNF8yMi5qcGciLCJzbGlkZXNob3ciOiI0MTQ1NjhhYiJ9\">\n\t\t\t\t\t<div class=\"e-gallery-image elementor-gallery-item__image\" data-thumbnail=\"https:\/\/transformarqroo.com\/wp-content\/uploads\/2022\/04\/BJ-09_04_22.jpg\" data-width=\"1280\" data-height=\"918\" aria-label=\"\" role=\"img\" ><\/div>\n\t\t\t\t\t\t\t\t\t\t\t<div class=\"elementor-gallery-item__overlay\"><\/div>\n\t\t\t\t\t\t\t\t\t\t\t\t\t\t<\/a>\n\t\t\t\t\t\t\t<a class=\"e-gallery-item elementor-gallery-item elementor-animated-content\" href=\"https:\/\/transformarqroo.com\/wp-content\/uploads\/2022\/04\/BJ-09_04_222.jpg\" data-elementor-open-lightbox=\"yes\" data-elementor-lightbox-slideshow=\"414568ab\" data-elementor-lightbox-title=\"BJ 09_04_22(2)\" data-e-action-hash=\"#elementor-action%3Aaction%3Dlightbox%26settings%3DeyJpZCI6NDk3NSwidXJsIjoiaHR0cHM6XC9cL3RyYW5zZm9ybWFycXJvby5jb21cL3dwLWNvbnRlbnRcL3VwbG9hZHNcLzIwMjJcLzA0XC9CSi0wOV8wNF8yMjIuanBnIiwic2xpZGVzaG93IjoiNDE0NTY4YWIifQ%3D%3D\">\n\t\t\t\t\t<div class=\"e-gallery-image elementor-gallery-item__image\" data-thumbnail=\"https:\/\/transformarqroo.com\/wp-content\/uploads\/2022\/04\/BJ-09_04_222.jpg\" data-width=\"1280\" data-height=\"853\" aria-label=\"\" role=\"img\" ><\/div>\n\t\t\t\t\t\t\t\t\t\t\t<div class=\"elementor-gallery-item__overlay\"><\/div>\n\t\t\t\t\t\t\t\t\t\t\t\t\t\t<\/a>\n\t\t\t\t\t\t\t<a class=\"e-gallery-item elementor-gallery-item elementor-animated-content\" href=\"https:\/\/transformarqroo.com\/wp-content\/uploads\/2022\/04\/BJ-09_04_221.jpg\" data-elementor-open-lightbox=\"yes\" data-elementor-lightbox-slideshow=\"414568ab\" data-elementor-lightbox-title=\"BJ 09_04_22(1)\" data-e-action-hash=\"#elementor-action%3Aaction%3Dlightbox%26settings%3DeyJpZCI6NDk3NCwidXJsIjoiaHR0cHM6XC9cL3RyYW5zZm9ybWFycXJvby5jb21cL3dwLWNvbnRlbnRcL3VwbG9hZHNcLzIwMjJcLzA0XC9CSi0wOV8wNF8yMjEuanBnIiwic2xpZGVzaG93IjoiNDE0NTY4YWIifQ%3D%3D\">\n\t\t\t\t\t<div class=\"e-gallery-image elementor-gallery-item__image\" data-thumbnail=\"https:\/\/transformarqroo.com\/wp-content\/uploads\/2022\/04\/BJ-09_04_221.jpg\" data-width=\"1280\" data-height=\"853\" aria-label=\"\" role=\"img\" ><\/div>\n\t\t\t\t\t\t\t\t\t\t\t<div class=\"elementor-gallery-item__overlay\"><\/div>\n\t\t\t\t\t\t\t\t\t\t\t\t\t\t<\/a>\n\t\t\t\t\t<\/div>\n\t\t\t<\/div>\n\t\t\t\t<\/div>\n\t\t\t\t\t<\/div>\n\t\t<\/div>\n\t\t\t\t\t<\/div>\n\t\t<\/section>\n\t\t\t\t<\/div>\n\t\t","protected":false},"excerpt":{"rendered":"<p>* Convoca a los habitantes de Tihosuco y Se\u00f1or a luchar por la Cuarta Transformaci\u00f3n en Quintana Roo para cambiar la relaci\u00f3n entre el gobierno y la comunidad. * Ofrece trabajar \u201cpor y para el pueblo\u201d, pero se\u00f1ala que la unidad es imprescindible la unidad para cerrar el paso \u201ca los padres de la pobreza [&hellip;]<\/p>\n","protected":false},"author":1,"featured_media":4975,"comment_status":"closed","ping_status":"closed","sticky":false,"template":"","format":"standard","meta":{"_FSMCFIC_featured_image_caption":"","_FSMCFIC_featured_image_nocaption":"","_FSMCFIC_featured_image_hide":"1","footnotes":""},"categories":[32,24],"tags":[],"class_list":["post-4973","post","type-post","status-publish","format-standard","has-post-thumbnail","hentry","category-municipios","category-felipe-carrillo-puerto"],"aioseo_notices":[],"_links":{"self":[{"href":"https:\/\/transformarqroo.com\/index.php\/wp-json\/wp\/v2\/posts\/4973","targetHints":{"allow":["GET"]}}],"collection":[{"href":"https:\/\/transformarqroo.com\/index.php\/wp-json\/wp\/v2\/posts"}],"about":[{"href":"https:\/\/transformarqroo.com\/index.php\/wp-json\/wp\/v2\/types\/post"}],"author":[{"embeddable":true,"href":"https:\/\/transformarqroo.com\/index.php\/wp-json\/wp\/v2\/users\/1"}],"replies":[{"embeddable":true,"href":"https:\/\/transformarqroo.com\/index.php\/wp-json\/wp\/v2\/comments?post=4973"}],"version-history":[{"count":4,"href":"https:\/\/transformarqroo.com\/index.php\/wp-json\/wp\/v2\/posts\/4973\/revisions"}],"predecessor-version":[{"id":4980,"href":"https:\/\/transformarqroo.com\/index.php\/wp-json\/wp\/v2\/posts\/4973\/revisions\/4980"}],"wp:featuredmedia":[{"embeddable":true,"href":"https:\/\/transformarqroo.com\/index.php\/wp-json\/wp\/v2\/media\/4975"}],"wp:attachment":[{"href":"https:\/\/transformarqroo.com\/index.php\/wp-json\/wp\/v2\/media?parent=4973"}],"wp:term":[{"taxonomy":"category","embeddable":true,"href":"https:\/\/transformarqroo.com\/index.php\/wp-json\/wp\/v2\/categories?post=4973"},{"taxonomy":"post_tag","embeddable":true,"href":"https:\/\/transformarqroo.com\/index.php\/wp-json\/wp\/v2\/tags?post=4973"}],"curies":[{"name":"wp","href":"https:\/\/api.w.org\/{rel}","templated":true}]}}