{"id":5474,"date":"2022-04-28T00:20:00","date_gmt":"2022-04-28T05:20:00","guid":{"rendered":"https:\/\/transformarqroo.com\/?p=5474"},"modified":"2022-05-08T13:45:17","modified_gmt":"2022-05-08T18:45:17","slug":"2a-feria-inclusiva-del-empleo-en-solidaridad","status":"publish","type":"post","link":"https:\/\/transformarqroo.com\/index.php\/2022\/04\/28\/2a-feria-inclusiva-del-empleo-en-solidaridad\/","title":{"rendered":"2A. FERIA INCLUSIVA DEL EMPLEO EN SOLIDARIDAD"},"content":{"rendered":"\t\t<div data-elementor-type=\"wp-post\" data-elementor-id=\"5474\" class=\"elementor elementor-5474\" data-elementor-post-type=\"post\">\n\t\t\t\t\t\t<section class=\"elementor-section elementor-top-section elementor-element elementor-element-25022695 elementor-section-boxed elementor-section-height-default elementor-section-height-default\" data-id=\"25022695\" data-element_type=\"section\">\n\t\t\t\t\t\t<div class=\"elementor-container elementor-column-gap-default\">\n\t\t\t\t\t<div class=\"elementor-column elementor-col-100 elementor-top-column elementor-element elementor-element-5d2b00fc\" data-id=\"5d2b00fc\" data-element_type=\"column\">\n\t\t\t<div class=\"elementor-widget-wrap elementor-element-populated\">\n\t\t\t\t\t\t<div class=\"elementor-element elementor-element-13cfbd66 elementor-widget elementor-widget-premium-addon-banner\" data-id=\"13cfbd66\" data-element_type=\"widget\" data-widget_type=\"premium-addon-banner.default\">\n\t\t\t\t<div class=\"elementor-widget-container\">\n\t\t\t\t\t<div class=\"premium-banner-ib premium-banner-min-height premium-banner-animation7 none\">\r\n\t\t\t\t\t\t\t<div class=\"premium-banner-border\">\r\n\t\t\t\t\t<div class=\"premium-banner-br premium-banner-bleft premium-banner-brlr\"><\/div>\r\n\t\t\t\t\t<div class=\"premium-banner-br premium-banner-bright premium-banner-brlr\"><\/div>\r\n\t\t\t\t\t<div class=\"premium-banner-br premium-banner-btop premium-banner-brtb\"><\/div>\r\n\t\t\t\t\t<div class=\"premium-banner-br premium-banner-bottom premium-banner-brtb\"><\/div>\r\n\t\t\t\t<\/div>\r\n\t\t\t\t\t\t\t\t\t\t\t\t\t\t\t<img fetchpriority=\"high\" decoding=\"async\" width=\"1252\" height=\"1280\" src=\"https:\/\/transformarqroo.com\/wp-content\/uploads\/2022\/05\/SOLIDARIDAD-28_04_22.jpeg\" class=\"attachment-full size-full wp-image-5475\" alt=\"\" srcset=\"https:\/\/transformarqroo.com\/wp-content\/uploads\/2022\/05\/SOLIDARIDAD-28_04_22.jpeg 1252w, https:\/\/transformarqroo.com\/wp-content\/uploads\/2022\/05\/SOLIDARIDAD-28_04_22-293x300.jpeg 293w, https:\/\/transformarqroo.com\/wp-content\/uploads\/2022\/05\/SOLIDARIDAD-28_04_22-1002x1024.jpeg 1002w, https:\/\/transformarqroo.com\/wp-content\/uploads\/2022\/05\/SOLIDARIDAD-28_04_22-768x785.jpeg 768w, https:\/\/transformarqroo.com\/wp-content\/uploads\/2022\/05\/SOLIDARIDAD-28_04_22-24x24.jpeg 24w, https:\/\/transformarqroo.com\/wp-content\/uploads\/2022\/05\/SOLIDARIDAD-28_04_22-48x48.jpeg 48w\" sizes=\"(max-width: 1252px) 100vw, 1252px\" \/>\t\t\t\t\t\t\t\t\t\t<div class=\"premium-banner-ib-desc\">\r\n\t\t\t\t\t\t\t\t\t<div class=\"premium-banner-desc-centered\">\r\n\t\t\t\t\t\t\t\t\t<h3 class=\"premium-banner-ib-title premium_banner_title\"><\/h3>\t\t\t\t\t\t\t\t\t\t\t\t\t<\/div>\r\n\t\t\t\t\t\t\t<\/div>\r\n\t\t\t\t\t<\/div>\r\n\t\t\t\t\t\t<\/div>\n\t\t\t\t<\/div>\n\t\t\t\t\t<\/div>\n\t\t<\/div>\n\t\t\t\t\t<\/div>\n\t\t<\/section>\n\t\t\t\t<section class=\"elementor-section elementor-top-section elementor-element elementor-element-1c030f37 elementor-section-boxed elementor-section-height-default elementor-section-height-default\" data-id=\"1c030f37\" data-element_type=\"section\">\n\t\t\t\t\t\t<div class=\"elementor-container elementor-column-gap-default\">\n\t\t\t\t\t<div class=\"elementor-column elementor-col-100 elementor-top-column elementor-element elementor-element-43efc4dc\" data-id=\"43efc4dc\" data-element_type=\"column\">\n\t\t\t<div class=\"elementor-widget-wrap elementor-element-populated\">\n\t\t\t\t\t\t<div class=\"elementor-element elementor-element-1ca501c1 elementor-widget elementor-widget-text-editor\" data-id=\"1ca501c1\" data-element_type=\"widget\" data-widget_type=\"text-editor.default\">\n\t\t\t\t<div class=\"elementor-widget-container\">\n\t\t\t\t\t\t\t<p><span style=\"font-weight: 400;\">Este 29 de abril, de 9:00 a 13:00 horas se llevar\u00e1 a cabo la segunda edici\u00f3n de la Feria del Empleo, en la explanada de la plaza 28 de Julio, ubicada en 20 avenida norte entre calles 8 y 10 norte, colonia centro, beneficiando a m\u00e1s de 13 mil 500 personas con discapacidad en el municipio.<\/span><\/p><p>\u00a0<\/p><p><span style=\"font-weight: 400;\">El evento que se desarrolla con la coordinaci\u00f3n de la Unidad de Atenci\u00f3n a Personas con Discapacidad de la Tercera Edad, as\u00ed como como la Secretar\u00eda de Desarrollo Econ\u00f3mico y de Atracci\u00f3n de Inversiones, se llevar\u00e1 a cabo con todas las medidas sanitarias por lo que se solicita el uso obligatorio de cubre bocas.<\/span><\/p><p>\u00a0<\/p><p><span style=\"font-weight: 400;\">De acuerdo con la \u00faltima edici\u00f3n de dicho censo en la entidad, el 13 por ciento de la poblaci\u00f3n de Quintana Roo, padece alguna discapacidad o limitaci\u00f3n mental, siendo la poblaci\u00f3n econ\u00f3micamente activa, -personas de entre 30 a 59 a\u00f1os- los m\u00e1s afectados ya sea en su condici\u00f3n motriz o cognitiva, sumando 23 mil 554 personas.<\/span><\/p><p>\u00a0<\/p><p><span style=\"font-weight: 400;\">En ese mismo sentido, con el censo de Poblaci\u00f3n y Vivienda 2020, en M\u00e9xico hay 6 millones 179 mil 890 personas con algo tipo de discapacidad lo que representa 4.9 por ciento de la poblaci\u00f3n total del pa\u00eds. De ellas 53 por ciento son mujeres, y 47 por ciento son hombres.<\/span><\/p><p><br \/><br \/><\/p>\t\t\t\t\t\t<\/div>\n\t\t\t\t<\/div>\n\t\t\t\t\t<\/div>\n\t\t<\/div>\n\t\t\t\t\t<\/div>\n\t\t<\/section>\n\t\t\t\t<\/div>\n\t\t","protected":false},"excerpt":{"rendered":"<p>Este 29 de abril, de 9:00 a 13:00 horas se llevar\u00e1 a cabo la segunda edici\u00f3n de la Feria del Empleo, en la explanada de la plaza 28 de Julio, ubicada en 20 avenida norte entre calles 8 y 10 norte, colonia centro, beneficiando a m\u00e1s de 13 mil 500 personas con discapacidad en el [&hellip;]<\/p>\n","protected":false},"author":1,"featured_media":5475,"comment_status":"closed","ping_status":"closed","sticky":false,"template":"","format":"standard","meta":{"_FSMCFIC_featured_image_caption":"","_FSMCFIC_featured_image_nocaption":"","_FSMCFIC_featured_image_hide":"1","footnotes":""},"categories":[32,30],"tags":[],"class_list":["post-5474","post","type-post","status-publish","format-standard","has-post-thumbnail","hentry","category-municipios","category-solidaridad"],"aioseo_notices":[],"_links":{"self":[{"href":"https:\/\/transformarqroo.com\/index.php\/wp-json\/wp\/v2\/posts\/5474","targetHints":{"allow":["GET"]}}],"collection":[{"href":"https:\/\/transformarqroo.com\/index.php\/wp-json\/wp\/v2\/posts"}],"about":[{"href":"https:\/\/transformarqroo.com\/index.php\/wp-json\/wp\/v2\/types\/post"}],"author":[{"embeddable":true,"href":"https:\/\/transformarqroo.com\/index.php\/wp-json\/wp\/v2\/users\/1"}],"replies":[{"embeddable":true,"href":"https:\/\/transformarqroo.com\/index.php\/wp-json\/wp\/v2\/comments?post=5474"}],"version-history":[{"count":5,"href":"https:\/\/transformarqroo.com\/index.php\/wp-json\/wp\/v2\/posts\/5474\/revisions"}],"predecessor-version":[{"id":5520,"href":"https:\/\/transformarqroo.com\/index.php\/wp-json\/wp\/v2\/posts\/5474\/revisions\/5520"}],"wp:featuredmedia":[{"embeddable":true,"href":"https:\/\/transformarqroo.com\/index.php\/wp-json\/wp\/v2\/media\/5475"}],"wp:attachment":[{"href":"https:\/\/transformarqroo.com\/index.php\/wp-json\/wp\/v2\/media?parent=5474"}],"wp:term":[{"taxonomy":"category","embeddable":true,"href":"https:\/\/transformarqroo.com\/index.php\/wp-json\/wp\/v2\/categories?post=5474"},{"taxonomy":"post_tag","embeddable":true,"href":"https:\/\/transformarqroo.com\/index.php\/wp-json\/wp\/v2\/tags?post=5474"}],"curies":[{"name":"wp","href":"https:\/\/api.w.org\/{rel}","templated":true}]}}