{"id":5663,"date":"2022-05-28T22:10:00","date_gmt":"2022-05-29T03:10:00","guid":{"rendered":"https:\/\/transformarqroo.com\/?p=5663"},"modified":"2022-05-08T22:15:33","modified_gmt":"2022-05-09T03:15:33","slug":"nunca-mas-olvido-y-abandono-a-nuestras-comunidades-mayas-mara-lezama","status":"publish","type":"post","link":"https:\/\/transformarqroo.com\/index.php\/2022\/05\/28\/nunca-mas-olvido-y-abandono-a-nuestras-comunidades-mayas-mara-lezama\/","title":{"rendered":"\u00a1NUNCA M\u00c1S OLVIDO Y ABANDONO A NUESTRAS COMUNIDADES MAYAS!: MARA LEZAMA"},"content":{"rendered":"\t\t<div data-elementor-type=\"wp-post\" data-elementor-id=\"5663\" class=\"elementor elementor-5663\" data-elementor-post-type=\"post\">\n\t\t\t\t\t\t<section class=\"elementor-section elementor-top-section elementor-element elementor-element-36c1cdcf elementor-section-boxed elementor-section-height-default elementor-section-height-default\" data-id=\"36c1cdcf\" data-element_type=\"section\">\n\t\t\t\t\t\t<div class=\"elementor-container elementor-column-gap-default\">\n\t\t\t\t\t<div class=\"elementor-column elementor-col-100 elementor-top-column elementor-element elementor-element-62c45493\" data-id=\"62c45493\" data-element_type=\"column\">\n\t\t\t<div class=\"elementor-widget-wrap elementor-element-populated\">\n\t\t\t\t\t\t<div class=\"elementor-element elementor-element-731fc177 elementor-widget elementor-widget-premium-addon-banner\" data-id=\"731fc177\" data-element_type=\"widget\" data-widget_type=\"premium-addon-banner.default\">\n\t\t\t\t<div class=\"elementor-widget-container\">\n\t\t\t\t\t<div class=\"premium-banner-ib premium-banner-min-height premium-banner-animation7 none\">\r\n\t\t\t\t\t\t\t<div class=\"premium-banner-border\">\r\n\t\t\t\t\t<div class=\"premium-banner-br premium-banner-bleft premium-banner-brlr\"><\/div>\r\n\t\t\t\t\t<div class=\"premium-banner-br premium-banner-bright premium-banner-brlr\"><\/div>\r\n\t\t\t\t\t<div class=\"premium-banner-br premium-banner-btop premium-banner-brtb\"><\/div>\r\n\t\t\t\t\t<div class=\"premium-banner-br premium-banner-bottom premium-banner-brtb\"><\/div>\r\n\t\t\t\t<\/div>\r\n\t\t\t\t\t\t\t\t\t\t\t\t\t\t\t<img fetchpriority=\"high\" decoding=\"async\" width=\"1280\" height=\"853\" src=\"https:\/\/transformarqroo.com\/wp-content\/uploads\/2022\/05\/BJ-28_04_22-F2.jpeg\" class=\"attachment-full size-full wp-image-5669\" alt=\"\" srcset=\"https:\/\/transformarqroo.com\/wp-content\/uploads\/2022\/05\/BJ-28_04_22-F2.jpeg 1280w, https:\/\/transformarqroo.com\/wp-content\/uploads\/2022\/05\/BJ-28_04_22-F2-300x200.jpeg 300w, https:\/\/transformarqroo.com\/wp-content\/uploads\/2022\/05\/BJ-28_04_22-F2-1024x682.jpeg 1024w, https:\/\/transformarqroo.com\/wp-content\/uploads\/2022\/05\/BJ-28_04_22-F2-768x512.jpeg 768w\" sizes=\"(max-width: 1280px) 100vw, 1280px\" \/>\t\t\t\t\t\t\t\t\t\t<div class=\"premium-banner-ib-desc\">\r\n\t\t\t\t\t\t\t\t\t<div class=\"premium-banner-desc-centered\">\r\n\t\t\t\t\t\t\t\t\t<h3 class=\"premium-banner-ib-title premium_banner_title\"><\/h3>\t\t\t\t\t\t\t\t\t\t\t\t\t<\/div>\r\n\t\t\t\t\t\t\t<\/div>\r\n\t\t\t\t\t<\/div>\r\n\t\t\t\t\t\t<\/div>\n\t\t\t\t<\/div>\n\t\t\t\t\t<\/div>\n\t\t<\/div>\n\t\t\t\t\t<\/div>\n\t\t<\/section>\n\t\t\t\t<section class=\"elementor-section elementor-top-section elementor-element elementor-element-31af6bce elementor-section-boxed elementor-section-height-default elementor-section-height-default\" data-id=\"31af6bce\" data-element_type=\"section\" data-settings=\"{&quot;background_background&quot;:&quot;classic&quot;}\">\n\t\t\t\t\t\t<div class=\"elementor-container elementor-column-gap-default\">\n\t\t\t\t\t<div class=\"elementor-column elementor-col-100 elementor-top-column elementor-element elementor-element-39a264ff\" data-id=\"39a264ff\" data-element_type=\"column\">\n\t\t\t<div class=\"elementor-widget-wrap elementor-element-populated\">\n\t\t\t\t\t\t<div class=\"elementor-element elementor-element-ab2e10c premium-title-icon-row premium-title-color elementor-widget elementor-widget-premium-addon-title\" data-id=\"ab2e10c\" data-element_type=\"widget\" data-widget_type=\"premium-addon-title.default\">\n\t\t\t\t<div class=\"elementor-widget-container\">\n\t\t\t\r\n\t\t<div class=\"premium-title-container style2\">\r\n\t\t\t<h5 class=\"premium-title-header premium-title-style2\">\r\n\t\t\t\t\r\n\t\t\t\t\t\t\t\t\t\t\t\t\t\t\t<div class=\"premium-title-icon premium-lottie-animation\" data-lottie-url=\"https:\/\/assets8.lottiefiles.com\/packages\/lf20_pcfclxy8.json\" data-lottie-loop=\"true\" data-lottie-reverse=\"\"><\/div>\r\n\t\t\t\t\t\t\t\t\t\r\n\t\t\t\t\t\t\t\t\t\t\t\t<span class=\"premium-title-text\" >\r\n\t\t\t\t\t* La candidata de Morena a la gubernatura afirma que nuestro pueblo originario ser\u00e1 de lo m\u00e1s importante en su gobierno porque debe tener los mismos servicios que los quintanarroenses que viven en Canc\u00fan o Playa del Carmen. \t\t\t\t<\/span>\r\n\t\t\t\t\t\r\n\t\t\t\t\t\t\t\t\t\t\t<\/h5>\r\n\t\t<\/div>\r\n\r\n\t\t\t\t<\/div>\n\t\t\t\t<\/div>\n\t\t\t\t\t<\/div>\n\t\t<\/div>\n\t\t\t\t\t<\/div>\n\t\t<\/section>\n\t\t\t\t<section class=\"elementor-section elementor-top-section elementor-element elementor-element-26605df3 elementor-section-boxed elementor-section-height-default elementor-section-height-default\" data-id=\"26605df3\" data-element_type=\"section\">\n\t\t\t\t\t\t<div class=\"elementor-container elementor-column-gap-default\">\n\t\t\t\t\t<div class=\"elementor-column elementor-col-100 elementor-top-column elementor-element elementor-element-232bddd5\" data-id=\"232bddd5\" data-element_type=\"column\">\n\t\t\t<div class=\"elementor-widget-wrap elementor-element-populated\">\n\t\t\t\t\t\t<div class=\"elementor-element elementor-element-6d0b1ebc elementor-widget elementor-widget-text-editor\" data-id=\"6d0b1ebc\" data-element_type=\"widget\" data-widget_type=\"text-editor.default\">\n\t\t\t\t<div class=\"elementor-widget-container\">\n\t\t\t\t\t\t\t<p><span style=\"font-weight: 400;\">Altos de Sevilla, municipio de Bacalar, Quintana Roo, 28 de abril.\u2014 Luego de se\u00f1alar que Quintana Roo, en especial el sur del Estado, necesita una gran transformaci\u00f3n, Mara Lezama, candidata de Morena a la gubernatura, se comprometi\u00f3 a \u201cdevolver la dignidad a nuestros pueblos mayas y saldar la deuda hist\u00f3rica que tenemos con ustedes\u201d, porque merecen tener los mismos servicios que los quintanarroenses que viven en Canc\u00fan o Playa del Carmen.<\/span><\/p><p><span style=\"font-weight: 400;\">\u00a1Nunca m\u00e1s olvido y abandono! Las 58 comunidades del municipio tendr\u00e1n escuelas, caminos saca-cosecha e inversi\u00f3n para que la prosperidad compartida llegue a todos, con un gobierno que trabaje de frente a la gente, que acabe con la arrogancia del poder, expres\u00f3 entre porras y consignas de apoyo.<\/span><\/p><p><span style=\"font-weight: 400;\">La zona maya, nuestro pueblo originario, ser\u00e1 de lo m\u00e1s importante en mi gobierno, pues, como afirma nuestro Presidente: por el bien de todos, primero los pobres\u201d, a\u00f1adi\u00f3. Me comprometo a trabajar de la mano con la presidencia municipal para solucionar sus problemas, mejorar los servicios, gestionar un centro de salud que atienda tanto a \u00e9sta como a las comunidades aleda\u00f1as y que las viviendas tengan piso firme y servicios b\u00e1sicos.<\/span><\/p><p><span style=\"font-weight: 400;\">Luego de se\u00f1alar que es omento de escuchar a la gente de Bacalar y sus comunidades, que sabe del abandono y olvido, se comprometi\u00f3 a poner en marcha el Fondo de Recuperaci\u00f3n para el Campo, impulsar nuevos proyectos de inversi\u00f3n en el campo y apoyar al productor para transportar y vender sus cosechas en la zona centro y norte del Estado mediante la Agencia Alimentaria de Quintana Roo.<\/span><\/p>\t\t\t\t\t\t<\/div>\n\t\t\t\t<\/div>\n\t\t\t\t\t<\/div>\n\t\t<\/div>\n\t\t\t\t\t<\/div>\n\t\t<\/section>\n\t\t\t\t<section class=\"elementor-section elementor-top-section elementor-element elementor-element-54130444 elementor-section-boxed elementor-section-height-default elementor-section-height-default\" data-id=\"54130444\" data-element_type=\"section\">\n\t\t\t\t\t\t<div class=\"elementor-container elementor-column-gap-default\">\n\t\t\t\t\t<div class=\"elementor-column elementor-col-100 elementor-top-column elementor-element elementor-element-5d8eb401\" data-id=\"5d8eb401\" data-element_type=\"column\">\n\t\t\t<div class=\"elementor-widget-wrap elementor-element-populated\">\n\t\t\t\t\t\t<div class=\"elementor-element elementor-element-26bc13eb premium-testimonial-separator-column elementor-widget elementor-widget-premium-addon-testimonials\" data-id=\"26bc13eb\" data-element_type=\"widget\" data-widget_type=\"premium-addon-testimonials.default\">\n\t\t\t\t<div class=\"elementor-widget-container\">\n\t\t\t\r\n\t<div class=\"premium-testimonial-box\">\r\n\t\t<div class=\"premium-testimonial-container\">\r\n\t\t\t<i class=\"fa fa-quote-left premium-testimonial-upper-quote\"><\/i>\r\n\t\t\t<div class=\"premium-testimonial-content-wrapper\">\r\n\t\t\t\t\t\t\t\t\t<div class=\"premium-testimonial-img-wrapper circle\">\r\n\t\t\t\t\t\t<img decoding=\"async\" src=\"https:\/\/transformarqroo.com\/wp-content\/uploads\/2021\/12\/unnamed-1-1.jpg\" alt=\"unnamed-1.jpg\" class=\"premium-testimonial-person-image\">\r\n\t\t\t\t\t<\/div>\r\n\t\t\t\t\r\n\t\t\t\t<div class=\"premium-testimonial-text-wrapper\">\r\n\t\t\t\t\t<div >\r\n\t\t\t\t\t\t<p class=\"MsoNormal\"><span style=\"font-weight: 400;\">Como lo hace el Presidente, impulsaremos el programa Sembrando Vida para rescatar al campo, reactivar la econom\u00eda local y regenerar el tejido social de las comunidades<\/span><\/p>\t\t\t\t\t<\/div>\r\n\t\t\t\t<\/div>\r\n\r\n\t\t\t\t<div class=\"premium-testimonial-author-info\">\r\n\t\t\t\t\t<h3 class=\"premium-testimonial-person-name\">\r\n\t\t\t\t\t\t<span >\r\n\t\t\t\t\t\t\tLic. Mara Lezama Espinosa\t\t\t\t\t\t<\/span>\r\n\t\t\t\t\t<\/h3>\r\n\r\n\t\t\t\t\t<span class=\"premium-testimonial-separator\">-<\/span>\r\n\r\n\t\t\t\t\t<h6 class=\"premium-testimonial-company-name\">\r\n\t\t\t\t\t\t\t\t\t\t\t<span class=\"premium-testimonial-company-link\" >\r\n\t\t\t\t\t\t\tPresidenta Municipal de Benito Ju\u00e1rez\t\t\t\t\t\t<\/span>\r\n\t\t\t\t\t\t\t\t\t\t<\/h6>\r\n\t\t\t\t<\/div>\r\n\t\t\t<\/div>\r\n\t\t\t<i class=\"fa fa-quote-right premium-testimonial-lower-quote\"><\/i>\r\n\t\t<\/div>\r\n\t<\/div>\r\n\t\t\t\t<\/div>\n\t\t\t\t<\/div>\n\t\t\t\t\t<\/div>\n\t\t<\/div>\n\t\t\t\t\t<\/div>\n\t\t<\/section>\n\t\t\t\t<section class=\"elementor-section elementor-top-section elementor-element elementor-element-6798718d elementor-section-boxed elementor-section-height-default elementor-section-height-default\" data-id=\"6798718d\" data-element_type=\"section\">\n\t\t\t\t\t\t<div class=\"elementor-container elementor-column-gap-default\">\n\t\t\t\t\t<div class=\"elementor-column elementor-col-100 elementor-top-column elementor-element elementor-element-100fa72e\" data-id=\"100fa72e\" data-element_type=\"column\">\n\t\t\t<div class=\"elementor-widget-wrap elementor-element-populated\">\n\t\t\t\t\t\t<div class=\"elementor-element elementor-element-7a295b45 elementor-widget elementor-widget-text-editor\" data-id=\"7a295b45\" data-element_type=\"widget\" data-widget_type=\"text-editor.default\">\n\t\t\t\t<div class=\"elementor-widget-container\">\n\t\t\t\t\t\t\t<p><span style=\"font-weight: 400;\">Adem\u00e1s, indic\u00f3 que el Tren Maya ser\u00e1 el gran motor del desarrollo del Sureste. \u201cNos ayudar\u00e1, no solo a acercar turismo al sur del Estado, sino tambi\u00e9n a comunicarlo con el resto del pa\u00eds, y as\u00ed podremos vender m\u00e1s de lo que se produce aqu\u00ed\u201d.\u00a0<\/span><\/p><p><span style=\"font-weight: 400;\">Por \u00faltimo, afirm\u00f3 que el 5 de junio culminar\u00e1 un proceso democr\u00e1tico en el que los candidatos de Morena arrasar\u00e1n en la contienda por la gubernatura y las diputaciones locales, le duela a quien le duela y le pese a quien le pese.<\/span><\/p><p><span style=\"font-weight: 400;\">Al mediod\u00eda, Mara Lezama sostuvo una reuni\u00f3n con empresarios del municipio, con quienes coincidi\u00f3 en la importancia de impulsar, junto con el gobierno municipal, un Plan de Desarrollo Urbano para poner orden y certeza en el desarrollo del municipio y ofreci\u00f3 atender sus necesidades de infraestructura y servicios.<\/span><\/p><p><br \/><br \/><\/p>\t\t\t\t\t\t<\/div>\n\t\t\t\t<\/div>\n\t\t\t\t\t<\/div>\n\t\t<\/div>\n\t\t\t\t\t<\/div>\n\t\t<\/section>\n\t\t\t\t<section class=\"elementor-section elementor-top-section elementor-element elementor-element-62179e90 elementor-section-boxed elementor-section-height-default elementor-section-height-default\" data-id=\"62179e90\" data-element_type=\"section\">\n\t\t\t\t\t\t<div class=\"elementor-container elementor-column-gap-default\">\n\t\t\t\t\t<div class=\"elementor-column elementor-col-100 elementor-top-column elementor-element elementor-element-4cff8f30\" data-id=\"4cff8f30\" data-element_type=\"column\">\n\t\t\t<div class=\"elementor-widget-wrap elementor-element-populated\">\n\t\t\t\t\t\t<div class=\"elementor-element elementor-element-6e4d72f9 elementor-widget elementor-widget-gallery\" data-id=\"6e4d72f9\" data-element_type=\"widget\" data-settings=\"{&quot;gallery_layout&quot;:&quot;justified&quot;,&quot;lazyload&quot;:&quot;yes&quot;,&quot;ideal_row_height&quot;:{&quot;unit&quot;:&quot;px&quot;,&quot;size&quot;:200,&quot;sizes&quot;:[]},&quot;ideal_row_height_tablet&quot;:{&quot;unit&quot;:&quot;px&quot;,&quot;size&quot;:150,&quot;sizes&quot;:[]},&quot;ideal_row_height_mobile&quot;:{&quot;unit&quot;:&quot;px&quot;,&quot;size&quot;:150,&quot;sizes&quot;:[]},&quot;gap&quot;:{&quot;unit&quot;:&quot;px&quot;,&quot;size&quot;:10,&quot;sizes&quot;:[]},&quot;gap_tablet&quot;:{&quot;unit&quot;:&quot;px&quot;,&quot;size&quot;:10,&quot;sizes&quot;:[]},&quot;gap_mobile&quot;:{&quot;unit&quot;:&quot;px&quot;,&quot;size&quot;:10,&quot;sizes&quot;:[]},&quot;link_to&quot;:&quot;file&quot;,&quot;overlay_background&quot;:&quot;yes&quot;,&quot;content_hover_animation&quot;:&quot;fade-in&quot;}\" data-widget_type=\"gallery.default\">\n\t\t\t\t<div class=\"elementor-widget-container\">\n\t\t\t\t\t<div class=\"elementor-gallery__container\">\n\t\t\t\t\t\t\t<a class=\"e-gallery-item elementor-gallery-item elementor-animated-content\" href=\"https:\/\/transformarqroo.com\/wp-content\/uploads\/2022\/05\/BJ-28_04_22-F2.jpeg\" data-elementor-open-lightbox=\"yes\" data-elementor-lightbox-slideshow=\"6e4d72f9\" data-elementor-lightbox-title=\"BJ 28_04_22 F2\" data-e-action-hash=\"#elementor-action%3Aaction%3Dlightbox%26settings%3DeyJpZCI6NTY2OSwidXJsIjoiaHR0cHM6XC9cL3RyYW5zZm9ybWFycXJvby5jb21cL3dwLWNvbnRlbnRcL3VwbG9hZHNcLzIwMjJcLzA1XC9CSi0yOF8wNF8yMi1GMi5qcGVnIiwic2xpZGVzaG93IjoiNmU0ZDcyZjkifQ%3D%3D\">\n\t\t\t\t\t<div class=\"e-gallery-image elementor-gallery-item__image\" data-thumbnail=\"https:\/\/transformarqroo.com\/wp-content\/uploads\/2022\/05\/BJ-28_04_22-F2.jpeg\" data-width=\"1280\" data-height=\"853\" aria-label=\"\" role=\"img\" ><\/div>\n\t\t\t\t\t\t\t\t\t\t\t<div class=\"elementor-gallery-item__overlay\"><\/div>\n\t\t\t\t\t\t\t\t\t\t\t\t\t\t<\/a>\n\t\t\t\t\t\t\t<a class=\"e-gallery-item elementor-gallery-item elementor-animated-content\" href=\"https:\/\/transformarqroo.com\/wp-content\/uploads\/2022\/05\/BJ-28_04_22-F25.jpeg\" data-elementor-open-lightbox=\"yes\" data-elementor-lightbox-slideshow=\"6e4d72f9\" data-elementor-lightbox-title=\"BJ 28_04_22 F2(5)\" data-e-action-hash=\"#elementor-action%3Aaction%3Dlightbox%26settings%3DeyJpZCI6NTY2OCwidXJsIjoiaHR0cHM6XC9cL3RyYW5zZm9ybWFycXJvby5jb21cL3dwLWNvbnRlbnRcL3VwbG9hZHNcLzIwMjJcLzA1XC9CSi0yOF8wNF8yMi1GMjUuanBlZyIsInNsaWRlc2hvdyI6IjZlNGQ3MmY5In0%3D\">\n\t\t\t\t\t<div class=\"e-gallery-image elementor-gallery-item__image\" data-thumbnail=\"https:\/\/transformarqroo.com\/wp-content\/uploads\/2022\/05\/BJ-28_04_22-F25.jpeg\" data-width=\"1280\" data-height=\"853\" aria-label=\"\" role=\"img\" ><\/div>\n\t\t\t\t\t\t\t\t\t\t\t<div class=\"elementor-gallery-item__overlay\"><\/div>\n\t\t\t\t\t\t\t\t\t\t\t\t\t\t<\/a>\n\t\t\t\t\t\t\t<a class=\"e-gallery-item elementor-gallery-item elementor-animated-content\" href=\"https:\/\/transformarqroo.com\/wp-content\/uploads\/2022\/05\/BJ-28_04_22-F24.jpeg\" data-elementor-open-lightbox=\"yes\" data-elementor-lightbox-slideshow=\"6e4d72f9\" data-elementor-lightbox-title=\"BJ 28_04_22 F2(4)\" data-e-action-hash=\"#elementor-action%3Aaction%3Dlightbox%26settings%3DeyJpZCI6NTY2NywidXJsIjoiaHR0cHM6XC9cL3RyYW5zZm9ybWFycXJvby5jb21cL3dwLWNvbnRlbnRcL3VwbG9hZHNcLzIwMjJcLzA1XC9CSi0yOF8wNF8yMi1GMjQuanBlZyIsInNsaWRlc2hvdyI6IjZlNGQ3MmY5In0%3D\">\n\t\t\t\t\t<div class=\"e-gallery-image elementor-gallery-item__image\" data-thumbnail=\"https:\/\/transformarqroo.com\/wp-content\/uploads\/2022\/05\/BJ-28_04_22-F24.jpeg\" data-width=\"1280\" data-height=\"853\" aria-label=\"\" role=\"img\" ><\/div>\n\t\t\t\t\t\t\t\t\t\t\t<div class=\"elementor-gallery-item__overlay\"><\/div>\n\t\t\t\t\t\t\t\t\t\t\t\t\t\t<\/a>\n\t\t\t\t\t\t\t<a class=\"e-gallery-item elementor-gallery-item elementor-animated-content\" href=\"https:\/\/transformarqroo.com\/wp-content\/uploads\/2022\/05\/BJ-28_04_22-F23.jpeg\" data-elementor-open-lightbox=\"yes\" data-elementor-lightbox-slideshow=\"6e4d72f9\" data-elementor-lightbox-title=\"BJ 28_04_22 F2(3)\" data-e-action-hash=\"#elementor-action%3Aaction%3Dlightbox%26settings%3DeyJpZCI6NTY2NiwidXJsIjoiaHR0cHM6XC9cL3RyYW5zZm9ybWFycXJvby5jb21cL3dwLWNvbnRlbnRcL3VwbG9hZHNcLzIwMjJcLzA1XC9CSi0yOF8wNF8yMi1GMjMuanBlZyIsInNsaWRlc2hvdyI6IjZlNGQ3MmY5In0%3D\">\n\t\t\t\t\t<div class=\"e-gallery-image elementor-gallery-item__image\" data-thumbnail=\"https:\/\/transformarqroo.com\/wp-content\/uploads\/2022\/05\/BJ-28_04_22-F23.jpeg\" data-width=\"1280\" data-height=\"853\" aria-label=\"\" role=\"img\" ><\/div>\n\t\t\t\t\t\t\t\t\t\t\t<div class=\"elementor-gallery-item__overlay\"><\/div>\n\t\t\t\t\t\t\t\t\t\t\t\t\t\t<\/a>\n\t\t\t\t\t\t\t<a class=\"e-gallery-item elementor-gallery-item elementor-animated-content\" href=\"https:\/\/transformarqroo.com\/wp-content\/uploads\/2022\/05\/BJ-28_04_22-F22.jpeg\" data-elementor-open-lightbox=\"yes\" data-elementor-lightbox-slideshow=\"6e4d72f9\" data-elementor-lightbox-title=\"BJ 28_04_22 F2(2)\" data-e-action-hash=\"#elementor-action%3Aaction%3Dlightbox%26settings%3DeyJpZCI6NTY2NSwidXJsIjoiaHR0cHM6XC9cL3RyYW5zZm9ybWFycXJvby5jb21cL3dwLWNvbnRlbnRcL3VwbG9hZHNcLzIwMjJcLzA1XC9CSi0yOF8wNF8yMi1GMjIuanBlZyIsInNsaWRlc2hvdyI6IjZlNGQ3MmY5In0%3D\">\n\t\t\t\t\t<div class=\"e-gallery-image elementor-gallery-item__image\" data-thumbnail=\"https:\/\/transformarqroo.com\/wp-content\/uploads\/2022\/05\/BJ-28_04_22-F22.jpeg\" data-width=\"1280\" data-height=\"853\" aria-label=\"\" role=\"img\" ><\/div>\n\t\t\t\t\t\t\t\t\t\t\t<div class=\"elementor-gallery-item__overlay\"><\/div>\n\t\t\t\t\t\t\t\t\t\t\t\t\t\t<\/a>\n\t\t\t\t\t\t\t<a class=\"e-gallery-item elementor-gallery-item elementor-animated-content\" href=\"https:\/\/transformarqroo.com\/wp-content\/uploads\/2022\/05\/BJ-28_04_22-F21.jpeg\" data-elementor-open-lightbox=\"yes\" data-elementor-lightbox-slideshow=\"6e4d72f9\" data-elementor-lightbox-title=\"BJ 28_04_22 F2(1)\" data-e-action-hash=\"#elementor-action%3Aaction%3Dlightbox%26settings%3DeyJpZCI6NTY2NCwidXJsIjoiaHR0cHM6XC9cL3RyYW5zZm9ybWFycXJvby5jb21cL3dwLWNvbnRlbnRcL3VwbG9hZHNcLzIwMjJcLzA1XC9CSi0yOF8wNF8yMi1GMjEuanBlZyIsInNsaWRlc2hvdyI6IjZlNGQ3MmY5In0%3D\">\n\t\t\t\t\t<div class=\"e-gallery-image elementor-gallery-item__image\" data-thumbnail=\"https:\/\/transformarqroo.com\/wp-content\/uploads\/2022\/05\/BJ-28_04_22-F21.jpeg\" data-width=\"1280\" data-height=\"853\" aria-label=\"\" role=\"img\" ><\/div>\n\t\t\t\t\t\t\t\t\t\t\t<div class=\"elementor-gallery-item__overlay\"><\/div>\n\t\t\t\t\t\t\t\t\t\t\t\t\t\t<\/a>\n\t\t\t\t\t<\/div>\n\t\t\t<\/div>\n\t\t\t\t<\/div>\n\t\t\t\t\t<\/div>\n\t\t<\/div>\n\t\t\t\t\t<\/div>\n\t\t<\/section>\n\t\t\t\t<\/div>\n\t\t","protected":false},"excerpt":{"rendered":"<p>* La candidata de Morena a la gubernatura afirma que nuestro pueblo originario ser\u00e1 de lo m\u00e1s importante en su gobierno porque debe tener los mismos servicios que los quintanarroenses que viven en Canc\u00fan o Playa del Carmen. Altos de Sevilla, municipio de Bacalar, Quintana Roo, 28 de abril.\u2014 Luego de se\u00f1alar que Quintana Roo, [&hellip;]<\/p>\n","protected":false},"author":1,"featured_media":5669,"comment_status":"closed","ping_status":"closed","sticky":false,"template":"","format":"standard","meta":{"_FSMCFIC_featured_image_caption":"","_FSMCFIC_featured_image_nocaption":"","_FSMCFIC_featured_image_hide":"1","footnotes":""},"categories":[32,22],"tags":[12],"class_list":["post-5663","post","type-post","status-publish","format-standard","has-post-thumbnail","hentry","category-municipios","category-bacalar","tag-mara-lezama"],"aioseo_notices":[],"_links":{"self":[{"href":"https:\/\/transformarqroo.com\/index.php\/wp-json\/wp\/v2\/posts\/5663","targetHints":{"allow":["GET"]}}],"collection":[{"href":"https:\/\/transformarqroo.com\/index.php\/wp-json\/wp\/v2\/posts"}],"about":[{"href":"https:\/\/transformarqroo.com\/index.php\/wp-json\/wp\/v2\/types\/post"}],"author":[{"embeddable":true,"href":"https:\/\/transformarqroo.com\/index.php\/wp-json\/wp\/v2\/users\/1"}],"replies":[{"embeddable":true,"href":"https:\/\/transformarqroo.com\/index.php\/wp-json\/wp\/v2\/comments?post=5663"}],"version-history":[{"count":4,"href":"https:\/\/transformarqroo.com\/index.php\/wp-json\/wp\/v2\/posts\/5663\/revisions"}],"predecessor-version":[{"id":5673,"href":"https:\/\/transformarqroo.com\/index.php\/wp-json\/wp\/v2\/posts\/5663\/revisions\/5673"}],"wp:featuredmedia":[{"embeddable":true,"href":"https:\/\/transformarqroo.com\/index.php\/wp-json\/wp\/v2\/media\/5669"}],"wp:attachment":[{"href":"https:\/\/transformarqroo.com\/index.php\/wp-json\/wp\/v2\/media?parent=5663"}],"wp:term":[{"taxonomy":"category","embeddable":true,"href":"https:\/\/transformarqroo.com\/index.php\/wp-json\/wp\/v2\/categories?post=5663"},{"taxonomy":"post_tag","embeddable":true,"href":"https:\/\/transformarqroo.com\/index.php\/wp-json\/wp\/v2\/tags?post=5663"}],"curies":[{"name":"wp","href":"https:\/\/api.w.org\/{rel}","templated":true}]}}