{"id":574,"date":"2021-11-26T00:14:00","date_gmt":"2021-11-26T00:14:00","guid":{"rendered":"https:\/\/transformarqroo.com\/?p=574"},"modified":"2021-12-10T00:21:55","modified_gmt":"2021-12-10T00:21:55","slug":"redoblan-politicas-para-alcanzar-prosperidad-en-benito-juarez","status":"publish","type":"post","link":"https:\/\/transformarqroo.com\/index.php\/2021\/11\/26\/redoblan-politicas-para-alcanzar-prosperidad-en-benito-juarez\/","title":{"rendered":"REDOBLAN POL\u00cdTICAS PARA ALCANZAR PROSPERIDAD EN BENITO JU\u00c1REZ"},"content":{"rendered":"\n<div class=\"wp-block-media-text alignwide is-stacked-on-mobile has-white-color has-text-color has-background\" style=\"background-color:#6b1b15\"><figure class=\"wp-block-media-text__media\"><img fetchpriority=\"high\" decoding=\"async\" width=\"1024\" height=\"626\" src=\"https:\/\/transformarqroo.com\/wp-content\/uploads\/2021\/12\/26_11_21-1024x626.jpg\" alt=\"\" class=\"wp-image-576 size-full\" srcset=\"https:\/\/transformarqroo.com\/wp-content\/uploads\/2021\/12\/26_11_21-1024x626.jpg 1024w, https:\/\/transformarqroo.com\/wp-content\/uploads\/2021\/12\/26_11_21-300x183.jpg 300w, https:\/\/transformarqroo.com\/wp-content\/uploads\/2021\/12\/26_11_21-768x469.jpg 768w, https:\/\/transformarqroo.com\/wp-content\/uploads\/2021\/12\/26_11_21.jpg 1463w\" sizes=\"(max-width: 1024px) 100vw, 1024px\" \/><\/figure><div class=\"wp-block-media-text__content\">\n<p>El gobierno de Benito Ju\u00e1rez instal\u00f3 el Consejo Municipal de Poblaci\u00f3n para la administraci\u00f3n 2021-2024 y firm\u00f3 un convenio para la descentralizaci\u00f3n de la pol\u00edtica en esta materia, ambas acciones que permitir\u00e1n reforzar todas las estrategias necesarias para beneficio de los habitantes.&nbsp;<\/p>\n\n\n\n<p>La Presidenta Municipal Mara Lezama tom\u00f3 la protesta a los integrantes del Consejo Municipal de Poblaci\u00f3n para la administraci\u00f3n 2021-2024 en un evento realizado en el \u201cSal\u00f3n Presidentes\u201d del Palacio Municipal, en el cual reiter\u00f3 la importancia de estudiar y regular los fen\u00f3menos demogr\u00e1ficos, as\u00ed como vincular los objetivos y pol\u00edticas p\u00fablicas hacia las necesidades particulares de este municipio en constante evoluci\u00f3n.&nbsp;<\/p>\n<\/div><\/div>\n\n\n\n<div style=\"height:30px\" aria-hidden=\"true\" class=\"wp-block-spacer\"><\/div>\n\n\n\n<blockquote class=\"wp-block-quote is-style-large is-layout-flow wp-block-quote-is-layout-flow\"><p>Los alcances de la firma y aplicaci\u00f3n del convenio de coordinaci\u00f3n, se suman a nuestros esfuerzos para implementar los 17 Objetivos de Desarrollo de la Agenda 2030 y seguir promoviendo una prosperidad econ\u00f3mica compartida, un verdadero desarrollo social y la protecci\u00f3n ambiental en Canc\u00fan\u201d\u00a0<\/p><cite> Mara Lezama <\/cite><\/blockquote>\n\n\n\n<p>Mara Lezama indic\u00f3 que en la pasada administraci\u00f3n, el Cabildo aprob\u00f3 el Reglamento Interior del Consejo Municipal de Poblaci\u00f3n, documento normativo que permite regular y potenciar las actividades de este organismo,&nbsp;<\/p>\n\n\n\n<p>\u201cEn colaboraci\u00f3n con el Gobierno del Estado y el Gobierno de M\u00e9xico, hemos hecho acopio de un gran acervo de datos estad\u00edsticos que nos permiten conocer nuestra estructura poblacional, as\u00ed como datos espec\u00edficos municipales, que son la hoja de ruta en la toma de decisiones, siempre situando en la prioridad de lo p\u00fablico a la gente\u201d, dijo.<\/p>\n\n\n\n<div style=\"height:30px\" aria-hidden=\"true\" class=\"wp-block-spacer\"><\/div>\n\n\n\n<div class=\"wp-block-media-text alignwide has-media-on-the-right is-stacked-on-mobile has-white-color has-text-color has-background\" style=\"background-color:#747d84\"><figure class=\"wp-block-media-text__media\"><img decoding=\"async\" width=\"1024\" height=\"683\" src=\"https:\/\/transformarqroo.com\/wp-content\/uploads\/2021\/12\/26_11_211-1024x683.jpg\" alt=\"\" class=\"wp-image-575 size-full\" srcset=\"https:\/\/transformarqroo.com\/wp-content\/uploads\/2021\/12\/26_11_211-1024x683.jpg 1024w, https:\/\/transformarqroo.com\/wp-content\/uploads\/2021\/12\/26_11_211-300x200.jpg 300w, https:\/\/transformarqroo.com\/wp-content\/uploads\/2021\/12\/26_11_211-768x512.jpg 768w, https:\/\/transformarqroo.com\/wp-content\/uploads\/2021\/12\/26_11_211.jpg 1430w\" sizes=\"(max-width: 1024px) 100vw, 1024px\" \/><\/figure><div class=\"wp-block-media-text__content\">\n<p>La secretaria T\u00e9cnica del Consejo Estatal de Poblaci\u00f3n, Claudette Yanell Gonz\u00e1lez Arellano, en representaci\u00f3n de la Secretar\u00eda de Gobierno del Estado, manifest\u00f3 que por ejemplo que la meta de reducir los embarazos en adolescentes, en sinton\u00eda a objetivos de bienestar enmarcados en la Agenda 2030.&nbsp;<\/p>\n\n\n\n<p>\u201cComo municipio, Gobierno del Estado y Gobierno de M\u00e9xico, tenemos que erradicar los embarazos adolescentes en menores de 14 a 10 a\u00f1os y bajarlos al 50 por ciento en quienes tienen entre 15 y 19 a\u00f1os. Actualmente las cifras nos favorecen porque nos encontramos debajo de la media nacional\u201d, explic\u00f3.&nbsp;<\/p>\n<\/div><\/div>\n\n\n\n<div style=\"height:30px\" aria-hidden=\"true\" class=\"wp-block-spacer\"><\/div>\n\n\n\n<p>Previo al evento, la Presidenta Municipal firm\u00f3 con esa dependencia estatal el Convenio de Coordinaci\u00f3n para la Descentralizaci\u00f3n de la Pol\u00edtica Poblacional, en cumplimiento al acuerdo de Cabildo del pasado 18 de noviembre.\u00a0<\/p>\n\n\n\n<div class=\"wp-block-mowomo-bloques-bloque-alerta mwm-bloques mwm-bloques-bloque-alerta bloque-alerta-info\" style=\"padding-top:15px;padding-right:15px;padding-bottom:15px;padding-left:15px\" data-t=\"info\" data-pv=\"15\" data-ph=\"15\" data-aos=\"fade-up\">\n<h2 class=\"wp-block-heading\">Integrantes del Consejo Municipal de Poblaci\u00f3n de Benito Ju\u00e1rez:<\/h2>\n\n\n\n<div class=\"wp-block-columns is-layout-flex wp-container-core-columns-is-layout-9d6595d7 wp-block-columns-is-layout-flex\">\n<div class=\"wp-block-column is-layout-flow wp-block-column-is-layout-flow\">\n<p>Regidores&nbsp;<\/p>\n\n\n\n<p>Secretarios&nbsp;<\/p>\n\n\n\n<p>Directores&nbsp;<\/p>\n\n\n\n<p>Sistema Municipal Para la Protecci\u00f3n Integral de Ni\u00f1as, Ni\u00f1os y Adolescentes (SIPINNA)<\/p>\n\n\n\n<p>Instituto Municipal de la Cultura y las Artes&nbsp;<\/p>\n<\/div>\n\n\n\n<div class=\"wp-block-column is-layout-flow wp-block-column-is-layout-flow\">\n<p>Instituto Municipal de la Mujer (IMM)<\/p>\n\n\n\n<p>Instituto Municipal del Deporte (IMD)<\/p>\n\n\n\n<p>Universidad La Salle Canc\u00fan<\/p>\n\n\n\n<p>Instituto Tecnol\u00f3gico de Canc\u00fan<\/p>\n\n\n\n<p>Universidad del Caribe<\/p>\n<\/div>\n<\/div>\n<\/div>\n","protected":false},"excerpt":{"rendered":"<p>El gobierno de Benito Ju\u00e1rez instal\u00f3 el Consejo Municipal de Poblaci\u00f3n para la administraci\u00f3n 2021-2024 y firm\u00f3 un convenio para la descentralizaci\u00f3n de la pol\u00edtica en esta materia, ambas acciones que permitir\u00e1n reforzar todas las estrategias necesarias para beneficio de los habitantes.&nbsp; La Presidenta Municipal Mara Lezama tom\u00f3 la protesta a los integrantes del Consejo [&hellip;]<\/p>\n","protected":false},"author":1,"featured_media":576,"comment_status":"closed","ping_status":"closed","sticky":false,"template":"","format":"standard","meta":{"_FSMCFIC_featured_image_caption":"","_FSMCFIC_featured_image_nocaption":"","_FSMCFIC_featured_image_hide":"1","footnotes":""},"categories":[21],"tags":[12],"class_list":["post-574","post","type-post","status-publish","format-standard","has-post-thumbnail","hentry","category-benito-juarez","tag-mara-lezama"],"aioseo_notices":[],"_links":{"self":[{"href":"https:\/\/transformarqroo.com\/index.php\/wp-json\/wp\/v2\/posts\/574","targetHints":{"allow":["GET"]}}],"collection":[{"href":"https:\/\/transformarqroo.com\/index.php\/wp-json\/wp\/v2\/posts"}],"about":[{"href":"https:\/\/transformarqroo.com\/index.php\/wp-json\/wp\/v2\/types\/post"}],"author":[{"embeddable":true,"href":"https:\/\/transformarqroo.com\/index.php\/wp-json\/wp\/v2\/users\/1"}],"replies":[{"embeddable":true,"href":"https:\/\/transformarqroo.com\/index.php\/wp-json\/wp\/v2\/comments?post=574"}],"version-history":[{"count":1,"href":"https:\/\/transformarqroo.com\/index.php\/wp-json\/wp\/v2\/posts\/574\/revisions"}],"predecessor-version":[{"id":577,"href":"https:\/\/transformarqroo.com\/index.php\/wp-json\/wp\/v2\/posts\/574\/revisions\/577"}],"wp:featuredmedia":[{"embeddable":true,"href":"https:\/\/transformarqroo.com\/index.php\/wp-json\/wp\/v2\/media\/576"}],"wp:attachment":[{"href":"https:\/\/transformarqroo.com\/index.php\/wp-json\/wp\/v2\/media?parent=574"}],"wp:term":[{"taxonomy":"category","embeddable":true,"href":"https:\/\/transformarqroo.com\/index.php\/wp-json\/wp\/v2\/categories?post=574"},{"taxonomy":"post_tag","embeddable":true,"href":"https:\/\/transformarqroo.com\/index.php\/wp-json\/wp\/v2\/tags?post=574"}],"curies":[{"name":"wp","href":"https:\/\/api.w.org\/{rel}","templated":true}]}}