{"id":6544,"date":"2022-06-23T12:02:00","date_gmt":"2022-06-23T17:02:00","guid":{"rendered":"https:\/\/transformarqroo.com\/?p=6544"},"modified":"2022-06-29T12:34:27","modified_gmt":"2022-06-29T17:34:27","slug":"participara-playa-del-carmen-en-festival-gastronomico-del-caribe-mexicano","status":"publish","type":"post","link":"https:\/\/transformarqroo.com\/index.php\/2022\/06\/23\/participara-playa-del-carmen-en-festival-gastronomico-del-caribe-mexicano\/","title":{"rendered":"PARTICIPAR\u00c1 PLAYA DEL CARMEN EN FESTIVAL GASTRON\u00d3MICO DEL CARIBE MEXICANO"},"content":{"rendered":"\t\t<div data-elementor-type=\"wp-post\" data-elementor-id=\"6544\" class=\"elementor elementor-6544\" data-elementor-post-type=\"post\">\n\t\t\t\t\t\t<section class=\"elementor-section elementor-top-section elementor-element elementor-element-1a3e0984 elementor-section-boxed elementor-section-height-default elementor-section-height-default\" data-id=\"1a3e0984\" data-element_type=\"section\">\n\t\t\t\t\t\t<div class=\"elementor-container elementor-column-gap-default\">\n\t\t\t\t\t<div class=\"elementor-column elementor-col-100 elementor-top-column elementor-element elementor-element-752ec846\" data-id=\"752ec846\" data-element_type=\"column\">\n\t\t\t<div class=\"elementor-widget-wrap elementor-element-populated\">\n\t\t\t\t\t\t<div class=\"elementor-element elementor-element-6b0b39cb elementor-widget elementor-widget-premium-addon-banner\" data-id=\"6b0b39cb\" data-element_type=\"widget\" data-widget_type=\"premium-addon-banner.default\">\n\t\t\t\t<div class=\"elementor-widget-container\">\n\t\t\t\t\t<div class=\"premium-banner-ib premium-banner-min-height premium-banner-animation7 none\">\r\n\t\t\t\t\t\t\t<div class=\"premium-banner-border\">\r\n\t\t\t\t\t<div class=\"premium-banner-br premium-banner-bleft premium-banner-brlr\"><\/div>\r\n\t\t\t\t\t<div class=\"premium-banner-br premium-banner-bright premium-banner-brlr\"><\/div>\r\n\t\t\t\t\t<div class=\"premium-banner-br premium-banner-btop premium-banner-brtb\"><\/div>\r\n\t\t\t\t\t<div class=\"premium-banner-br premium-banner-bottom premium-banner-brtb\"><\/div>\r\n\t\t\t\t<\/div>\r\n\t\t\t\t\t\t\t\t\t\t\t\t\t\t\t<img fetchpriority=\"high\" decoding=\"async\" width=\"960\" height=\"640\" src=\"https:\/\/transformarqroo.com\/wp-content\/uploads\/2022\/06\/Solidaridad-23_06_22-F15.jpg\" class=\"attachment-full size-full wp-image-6549\" alt=\"\" srcset=\"https:\/\/transformarqroo.com\/wp-content\/uploads\/2022\/06\/Solidaridad-23_06_22-F15.jpg 960w, https:\/\/transformarqroo.com\/wp-content\/uploads\/2022\/06\/Solidaridad-23_06_22-F15-300x200.jpg 300w, https:\/\/transformarqroo.com\/wp-content\/uploads\/2022\/06\/Solidaridad-23_06_22-F15-768x512.jpg 768w\" sizes=\"(max-width: 960px) 100vw, 960px\" \/>\t\t\t\t\t\t\t\t\t\t<div class=\"premium-banner-ib-desc\">\r\n\t\t\t\t\t\t\t\t\t<div class=\"premium-banner-desc-centered\">\r\n\t\t\t\t\t\t\t\t\t<h3 class=\"premium-banner-ib-title premium_banner_title\"><\/h3>\t\t\t\t\t\t\t\t\t\t\t\t\t<\/div>\r\n\t\t\t\t\t\t\t<\/div>\r\n\t\t\t\t\t<\/div>\r\n\t\t\t\t\t\t<\/div>\n\t\t\t\t<\/div>\n\t\t\t\t\t<\/div>\n\t\t<\/div>\n\t\t\t\t\t<\/div>\n\t\t<\/section>\n\t\t\t\t<section class=\"elementor-section elementor-top-section elementor-element elementor-element-3e011cd1 elementor-section-boxed elementor-section-height-default elementor-section-height-default\" data-id=\"3e011cd1\" data-element_type=\"section\">\n\t\t\t\t\t\t<div class=\"elementor-container elementor-column-gap-default\">\n\t\t\t\t\t<div class=\"elementor-column elementor-col-100 elementor-top-column elementor-element elementor-element-7deb42f6\" data-id=\"7deb42f6\" data-element_type=\"column\">\n\t\t\t<div class=\"elementor-widget-wrap elementor-element-populated\">\n\t\t\t\t\t\t<div class=\"elementor-element elementor-element-4e583150 elementor-widget elementor-widget-text-editor\" data-id=\"4e583150\" data-element_type=\"widget\" data-widget_type=\"text-editor.default\">\n\t\t\t\t<div class=\"elementor-widget-container\">\n\t\t\t\t\t\t\t<p><span style=\"font-weight: 400;\">Playa del Carmen, Solidaridad a 23 de junio del 2022.- Con el objetivo de difundir la riqueza de los productos locales del municipio y aportar a la oferta gastron\u00f3mica que existe en Quintana Roo, Lili Campos, presidenta municipal de Solidaridad, anunci\u00f3 la participaci\u00f3n de Playa del Carmen en el primer Festival Gastron\u00f3mico del Caribe Mexicano que se llevar\u00e1 a cabo este 24 y 25 de junio teniendo como sede Puerto Ju\u00e1rez.<\/span><\/p>\t\t\t\t\t\t<\/div>\n\t\t\t\t<\/div>\n\t\t\t\t\t<\/div>\n\t\t<\/div>\n\t\t\t\t\t<\/div>\n\t\t<\/section>\n\t\t\t\t<section class=\"elementor-section elementor-top-section elementor-element elementor-element-271e4855 elementor-section-boxed elementor-section-height-default elementor-section-height-default\" data-id=\"271e4855\" data-element_type=\"section\">\n\t\t\t\t\t\t<div class=\"elementor-container elementor-column-gap-default\">\n\t\t\t\t\t<div class=\"elementor-column elementor-col-100 elementor-top-column elementor-element elementor-element-1194810e\" data-id=\"1194810e\" data-element_type=\"column\">\n\t\t\t<div class=\"elementor-widget-wrap elementor-element-populated\">\n\t\t\t\t\t\t<div class=\"elementor-element elementor-element-56d4d48d premium-testimonial-separator-column elementor-widget elementor-widget-premium-addon-testimonials\" data-id=\"56d4d48d\" data-element_type=\"widget\" data-widget_type=\"premium-addon-testimonials.default\">\n\t\t\t\t<div class=\"elementor-widget-container\">\n\t\t\t\r\n\t<div class=\"premium-testimonial-box\">\r\n\t\t<div class=\"premium-testimonial-container\">\r\n\t\t\t<i class=\"fa fa-quote-left premium-testimonial-upper-quote\"><\/i>\r\n\t\t\t<div class=\"premium-testimonial-content-wrapper\">\r\n\t\t\t\t\t\t\t\t\t<div class=\"premium-testimonial-img-wrapper circle\">\r\n\t\t\t\t\t\t<img decoding=\"async\" src=\"https:\/\/transformarqroo.com\/wp-content\/uploads\/2021\/12\/lili-principal-scaled-2.jpg\" alt=\"lili-principal-scaled\" class=\"premium-testimonial-person-image\">\r\n\t\t\t\t\t<\/div>\r\n\t\t\t\t\r\n\t\t\t\t<div class=\"premium-testimonial-text-wrapper\">\r\n\t\t\t\t\t<div >\r\n\t\t\t\t\t\t<p class=\"MsoNormal\"><span style=\"font-weight: 400;\">Estaremos bien representados con la participaci\u00f3n de platillos como: Tamales de Chocolate, tamal de pulpo y chile chawa, ma\u00edces ancestrales y hurac\u00e1n de pulpo<\/span><\/p>\t\t\t\t\t<\/div>\r\n\t\t\t\t<\/div>\r\n\r\n\t\t\t\t<div class=\"premium-testimonial-author-info\">\r\n\t\t\t\t\t<h3 class=\"premium-testimonial-person-name\">\r\n\t\t\t\t\t\t<span >\r\n\t\t\t\t\t\t\tLic. Roxana Lili Campos Miranda\t\t\t\t\t\t<\/span>\r\n\t\t\t\t\t<\/h3>\r\n\r\n\t\t\t\t\t<span class=\"premium-testimonial-separator\">-<\/span>\r\n\r\n\t\t\t\t\t<h6 class=\"premium-testimonial-company-name\">\r\n\t\t\t\t\t\t\t\t\t\t\t<span class=\"premium-testimonial-company-link\" >\r\n\t\t\t\t\t\t\tPresidenta Municipal de Solidaridad\t\t\t\t\t\t<\/span>\r\n\t\t\t\t\t\t\t\t\t\t<\/h6>\r\n\t\t\t\t<\/div>\r\n\t\t\t<\/div>\r\n\t\t\t<i class=\"fa fa-quote-right premium-testimonial-lower-quote\"><\/i>\r\n\t\t<\/div>\r\n\t<\/div>\r\n\t\t\t\t<\/div>\n\t\t\t\t<\/div>\n\t\t\t\t\t<\/div>\n\t\t<\/div>\n\t\t\t\t\t<\/div>\n\t\t<\/section>\n\t\t\t\t<section class=\"elementor-section elementor-top-section elementor-element elementor-element-7f7f020b elementor-section-boxed elementor-section-height-default elementor-section-height-default\" data-id=\"7f7f020b\" data-element_type=\"section\">\n\t\t\t\t\t\t<div class=\"elementor-container elementor-column-gap-default\">\n\t\t\t\t\t<div class=\"elementor-column elementor-col-100 elementor-top-column elementor-element elementor-element-12f69e26\" data-id=\"12f69e26\" data-element_type=\"column\">\n\t\t\t<div class=\"elementor-widget-wrap elementor-element-populated\">\n\t\t\t\t\t\t<div class=\"elementor-element elementor-element-68069da1 elementor-widget elementor-widget-text-editor\" data-id=\"68069da1\" data-element_type=\"widget\" data-widget_type=\"text-editor.default\">\n\t\t\t\t<div class=\"elementor-widget-container\">\n\t\t\t\t\t\t\t<p><span style=\"font-weight: 400;\">Los visitantes podr\u00e1n conocer las variedades gastron\u00f3micas, culturales y artesanales producidas por manos solidarenses con ingredientes y productos propios de la regi\u00f3n, lo cual permite ampliar la oferta tur\u00edstica y atraer otros segmentos, como los \u201cfoodies\u201d destac\u00f3 la mun\u00edcipe de Solidaridad.<\/span><\/p><p>\u00a0<\/p><p><span style=\"font-weight: 400;\">Ser\u00e1n los estudiantes de la carrera de gastronom\u00eda de la Universidad Tecnol\u00f3gica de la Riviera Maya, as\u00ed como el restaurante La Perla Pix\u00e1n, el restaurante Axiote y Pasi\u00f3n de Cacao que oferta productos con dicha semilla, quienes en conjunto con 4 artesanos representar\u00e1n la marca \u201cHecho en Playa del Carmen\u201d poniendo en alto el nombre del municipio, que pretende ser la sede en la segunda edici\u00f3n de dicho festival itinerante.\u00a0<\/span><\/p><p>\u00a0<\/p><p><span style=\"font-weight: 400;\">En el evento tambi\u00e9n se promover\u00e1 la marca Playa del Carmen, tal y como se ha venido haciendo en las distintas ferias donde el gobierno municipal ha participado y se compartir\u00e1 el c\u00f3digo QR de la gu\u00eda tur\u00edstica de Playa del Carmen, a los entre 2000 y mil visitantes del sector p\u00fablico, privado y acad\u00e9mico que se espera se den cita en esta primera edici\u00f3n organizada por SEDETUR y el Comit\u00e9 de Fomento a la Gastronom\u00eda de Quintana Roo.<\/span><\/p><p>\u00a0<\/p><p><span style=\"font-weight: 400;\">Adem\u00e1s de Playa del Carmen, participan en la muestra gastron\u00f3mica que tendr\u00e1 un costo de recuperaci\u00f3n, destinos tales como: Canc\u00fan, Costa Mujeres, Bacalar, Chetumal, Mahahual, Puerto Morelos, Tulum, Cozumel, Holbox, Isla Mujeres y Maya Ka\u00b4an. Cabe se\u00f1alar que el acceso ser\u00e1\u00a0 gratuito y parte de lo recaudado se destinar\u00e1 a diversos proyectos de conservaci\u00f3n de los ecosistemas de los sitios donde se lleva a cabo el festival.<\/span><\/p>\t\t\t\t\t\t<\/div>\n\t\t\t\t<\/div>\n\t\t\t\t\t<\/div>\n\t\t<\/div>\n\t\t\t\t\t<\/div>\n\t\t<\/section>\n\t\t\t\t<section class=\"elementor-section elementor-top-section elementor-element elementor-element-63994851 elementor-section-boxed elementor-section-height-default elementor-section-height-default\" data-id=\"63994851\" data-element_type=\"section\">\n\t\t\t\t\t\t<div class=\"elementor-container elementor-column-gap-default\">\n\t\t\t\t\t<div class=\"elementor-column elementor-col-100 elementor-top-column elementor-element elementor-element-6b827999\" data-id=\"6b827999\" data-element_type=\"column\">\n\t\t\t<div class=\"elementor-widget-wrap elementor-element-populated\">\n\t\t\t\t\t\t<div class=\"elementor-element elementor-element-b40aafb elementor-widget elementor-widget-gallery\" data-id=\"b40aafb\" data-element_type=\"widget\" data-settings=\"{&quot;gallery_layout&quot;:&quot;justified&quot;,&quot;lazyload&quot;:&quot;yes&quot;,&quot;ideal_row_height&quot;:{&quot;unit&quot;:&quot;px&quot;,&quot;size&quot;:200,&quot;sizes&quot;:[]},&quot;ideal_row_height_tablet&quot;:{&quot;unit&quot;:&quot;px&quot;,&quot;size&quot;:150,&quot;sizes&quot;:[]},&quot;ideal_row_height_mobile&quot;:{&quot;unit&quot;:&quot;px&quot;,&quot;size&quot;:150,&quot;sizes&quot;:[]},&quot;gap&quot;:{&quot;unit&quot;:&quot;px&quot;,&quot;size&quot;:10,&quot;sizes&quot;:[]},&quot;gap_tablet&quot;:{&quot;unit&quot;:&quot;px&quot;,&quot;size&quot;:10,&quot;sizes&quot;:[]},&quot;gap_mobile&quot;:{&quot;unit&quot;:&quot;px&quot;,&quot;size&quot;:10,&quot;sizes&quot;:[]},&quot;link_to&quot;:&quot;file&quot;,&quot;overlay_background&quot;:&quot;yes&quot;,&quot;content_hover_animation&quot;:&quot;fade-in&quot;}\" data-widget_type=\"gallery.default\">\n\t\t\t\t<div class=\"elementor-widget-container\">\n\t\t\t\t\t<div class=\"elementor-gallery__container\">\n\t\t\t\t\t\t\t<a class=\"e-gallery-item elementor-gallery-item elementor-animated-content\" href=\"https:\/\/transformarqroo.com\/wp-content\/uploads\/2022\/06\/Solidaridad-23_06_22-F1.jpg\" data-elementor-open-lightbox=\"yes\" data-elementor-lightbox-slideshow=\"b40aafb\" data-elementor-lightbox-title=\"Solidaridad 23_06_22 F1\" data-e-action-hash=\"#elementor-action%3Aaction%3Dlightbox%26settings%3DeyJpZCI6NjU1MCwidXJsIjoiaHR0cHM6XC9cL3RyYW5zZm9ybWFycXJvby5jb21cL3dwLWNvbnRlbnRcL3VwbG9hZHNcLzIwMjJcLzA2XC9Tb2xpZGFyaWRhZC0yM18wNl8yMi1GMS5qcGciLCJzbGlkZXNob3ciOiJiNDBhYWZiIn0%3D\">\n\t\t\t\t\t<div class=\"e-gallery-image elementor-gallery-item__image\" data-thumbnail=\"https:\/\/transformarqroo.com\/wp-content\/uploads\/2022\/06\/Solidaridad-23_06_22-F1.jpg\" data-width=\"675\" data-height=\"960\" aria-label=\"\" role=\"img\" ><\/div>\n\t\t\t\t\t\t\t\t\t\t\t<div class=\"elementor-gallery-item__overlay\"><\/div>\n\t\t\t\t\t\t\t\t\t\t\t\t\t\t<\/a>\n\t\t\t\t\t\t\t<a class=\"e-gallery-item elementor-gallery-item elementor-animated-content\" href=\"https:\/\/transformarqroo.com\/wp-content\/uploads\/2022\/06\/Solidaridad-23_06_22-F12.jpg\" data-elementor-open-lightbox=\"yes\" data-elementor-lightbox-slideshow=\"b40aafb\" data-elementor-lightbox-title=\"Solidaridad 23_06_22 F1(2)\" data-e-action-hash=\"#elementor-action%3Aaction%3Dlightbox%26settings%3DeyJpZCI6NjU0NiwidXJsIjoiaHR0cHM6XC9cL3RyYW5zZm9ybWFycXJvby5jb21cL3dwLWNvbnRlbnRcL3VwbG9hZHNcLzIwMjJcLzA2XC9Tb2xpZGFyaWRhZC0yM18wNl8yMi1GMTIuanBnIiwic2xpZGVzaG93IjoiYjQwYWFmYiJ9\">\n\t\t\t\t\t<div class=\"e-gallery-image elementor-gallery-item__image\" data-thumbnail=\"https:\/\/transformarqroo.com\/wp-content\/uploads\/2022\/06\/Solidaridad-23_06_22-F12.jpg\" data-width=\"1124\" data-height=\"1600\" aria-label=\"\" role=\"img\" ><\/div>\n\t\t\t\t\t\t\t\t\t\t\t<div class=\"elementor-gallery-item__overlay\"><\/div>\n\t\t\t\t\t\t\t\t\t\t\t\t\t\t<\/a>\n\t\t\t\t\t\t\t<a class=\"e-gallery-item elementor-gallery-item elementor-animated-content\" href=\"https:\/\/transformarqroo.com\/wp-content\/uploads\/2022\/06\/Solidaridad-23_06_22-F15.jpg\" data-elementor-open-lightbox=\"yes\" data-elementor-lightbox-slideshow=\"b40aafb\" data-elementor-lightbox-title=\"Solidaridad 23_06_22 F1(5)\" data-e-action-hash=\"#elementor-action%3Aaction%3Dlightbox%26settings%3DeyJpZCI6NjU0OSwidXJsIjoiaHR0cHM6XC9cL3RyYW5zZm9ybWFycXJvby5jb21cL3dwLWNvbnRlbnRcL3VwbG9hZHNcLzIwMjJcLzA2XC9Tb2xpZGFyaWRhZC0yM18wNl8yMi1GMTUuanBnIiwic2xpZGVzaG93IjoiYjQwYWFmYiJ9\">\n\t\t\t\t\t<div class=\"e-gallery-image elementor-gallery-item__image\" data-thumbnail=\"https:\/\/transformarqroo.com\/wp-content\/uploads\/2022\/06\/Solidaridad-23_06_22-F15.jpg\" data-width=\"960\" data-height=\"640\" aria-label=\"\" role=\"img\" ><\/div>\n\t\t\t\t\t\t\t\t\t\t\t<div class=\"elementor-gallery-item__overlay\"><\/div>\n\t\t\t\t\t\t\t\t\t\t\t\t\t\t<\/a>\n\t\t\t\t\t\t\t<a class=\"e-gallery-item elementor-gallery-item elementor-animated-content\" href=\"https:\/\/transformarqroo.com\/wp-content\/uploads\/2022\/06\/Solidaridad-23_06_22-F14.jpg\" data-elementor-open-lightbox=\"yes\" data-elementor-lightbox-slideshow=\"b40aafb\" data-elementor-lightbox-title=\"Solidaridad 23_06_22 F1(4)\" data-e-action-hash=\"#elementor-action%3Aaction%3Dlightbox%26settings%3DeyJpZCI6NjU0OCwidXJsIjoiaHR0cHM6XC9cL3RyYW5zZm9ybWFycXJvby5jb21cL3dwLWNvbnRlbnRcL3VwbG9hZHNcLzIwMjJcLzA2XC9Tb2xpZGFyaWRhZC0yM18wNl8yMi1GMTQuanBnIiwic2xpZGVzaG93IjoiYjQwYWFmYiJ9\">\n\t\t\t\t\t<div class=\"e-gallery-image elementor-gallery-item__image\" data-thumbnail=\"https:\/\/transformarqroo.com\/wp-content\/uploads\/2022\/06\/Solidaridad-23_06_22-F14.jpg\" data-width=\"1280\" data-height=\"853\" aria-label=\"\" role=\"img\" ><\/div>\n\t\t\t\t\t\t\t\t\t\t\t<div class=\"elementor-gallery-item__overlay\"><\/div>\n\t\t\t\t\t\t\t\t\t\t\t\t\t\t<\/a>\n\t\t\t\t\t\t\t<a class=\"e-gallery-item elementor-gallery-item elementor-animated-content\" href=\"https:\/\/transformarqroo.com\/wp-content\/uploads\/2022\/06\/Solidaridad-23_06_22-F13.jpg\" data-elementor-open-lightbox=\"yes\" data-elementor-lightbox-slideshow=\"b40aafb\" data-elementor-lightbox-title=\"Solidaridad 23_06_22 F1(3)\" data-e-action-hash=\"#elementor-action%3Aaction%3Dlightbox%26settings%3DeyJpZCI6NjU0NywidXJsIjoiaHR0cHM6XC9cL3RyYW5zZm9ybWFycXJvby5jb21cL3dwLWNvbnRlbnRcL3VwbG9hZHNcLzIwMjJcLzA2XC9Tb2xpZGFyaWRhZC0yM18wNl8yMi1GMTMuanBnIiwic2xpZGVzaG93IjoiYjQwYWFmYiJ9\">\n\t\t\t\t\t<div class=\"e-gallery-image elementor-gallery-item__image\" data-thumbnail=\"https:\/\/transformarqroo.com\/wp-content\/uploads\/2022\/06\/Solidaridad-23_06_22-F13.jpg\" data-width=\"1069\" data-height=\"735\" aria-label=\"\" role=\"img\" ><\/div>\n\t\t\t\t\t\t\t\t\t\t\t<div class=\"elementor-gallery-item__overlay\"><\/div>\n\t\t\t\t\t\t\t\t\t\t\t\t\t\t<\/a>\n\t\t\t\t\t\t\t<a class=\"e-gallery-item elementor-gallery-item elementor-animated-content\" href=\"https:\/\/transformarqroo.com\/wp-content\/uploads\/2022\/06\/Solidaridad-23_06_22-F11.jpg\" data-elementor-open-lightbox=\"yes\" data-elementor-lightbox-slideshow=\"b40aafb\" data-elementor-lightbox-title=\"Solidaridad 23_06_22 F1(1)\" data-e-action-hash=\"#elementor-action%3Aaction%3Dlightbox%26settings%3DeyJpZCI6NjU0NSwidXJsIjoiaHR0cHM6XC9cL3RyYW5zZm9ybWFycXJvby5jb21cL3dwLWNvbnRlbnRcL3VwbG9hZHNcLzIwMjJcLzA2XC9Tb2xpZGFyaWRhZC0yM18wNl8yMi1GMTEuanBnIiwic2xpZGVzaG93IjoiYjQwYWFmYiJ9\">\n\t\t\t\t\t<div class=\"e-gallery-image elementor-gallery-item__image\" data-thumbnail=\"https:\/\/transformarqroo.com\/wp-content\/uploads\/2022\/06\/Solidaridad-23_06_22-F11.jpg\" data-width=\"1280\" data-height=\"942\" aria-label=\"\" role=\"img\" ><\/div>\n\t\t\t\t\t\t\t\t\t\t\t<div class=\"elementor-gallery-item__overlay\"><\/div>\n\t\t\t\t\t\t\t\t\t\t\t\t\t\t<\/a>\n\t\t\t\t\t<\/div>\n\t\t\t<\/div>\n\t\t\t\t<\/div>\n\t\t\t\t\t<\/div>\n\t\t<\/div>\n\t\t\t\t\t<\/div>\n\t\t<\/section>\n\t\t\t\t<\/div>\n\t\t","protected":false},"excerpt":{"rendered":"<p>Playa del Carmen, Solidaridad a 23 de junio del 2022.- Con el objetivo de difundir la riqueza de los productos locales del municipio y aportar a la oferta gastron\u00f3mica que existe en Quintana Roo, Lili Campos, presidenta municipal de Solidaridad, anunci\u00f3 la participaci\u00f3n de Playa del Carmen en el primer Festival Gastron\u00f3mico del Caribe Mexicano [&hellip;]<\/p>\n","protected":false},"author":1,"featured_media":6549,"comment_status":"closed","ping_status":"closed","sticky":false,"template":"","format":"standard","meta":{"_FSMCFIC_featured_image_caption":"","_FSMCFIC_featured_image_nocaption":"","_FSMCFIC_featured_image_hide":"1","footnotes":""},"categories":[32,30],"tags":[],"class_list":["post-6544","post","type-post","status-publish","format-standard","has-post-thumbnail","hentry","category-municipios","category-solidaridad"],"aioseo_notices":[],"_links":{"self":[{"href":"https:\/\/transformarqroo.com\/index.php\/wp-json\/wp\/v2\/posts\/6544","targetHints":{"allow":["GET"]}}],"collection":[{"href":"https:\/\/transformarqroo.com\/index.php\/wp-json\/wp\/v2\/posts"}],"about":[{"href":"https:\/\/transformarqroo.com\/index.php\/wp-json\/wp\/v2\/types\/post"}],"author":[{"embeddable":true,"href":"https:\/\/transformarqroo.com\/index.php\/wp-json\/wp\/v2\/users\/1"}],"replies":[{"embeddable":true,"href":"https:\/\/transformarqroo.com\/index.php\/wp-json\/wp\/v2\/comments?post=6544"}],"version-history":[{"count":5,"href":"https:\/\/transformarqroo.com\/index.php\/wp-json\/wp\/v2\/posts\/6544\/revisions"}],"predecessor-version":[{"id":6586,"href":"https:\/\/transformarqroo.com\/index.php\/wp-json\/wp\/v2\/posts\/6544\/revisions\/6586"}],"wp:featuredmedia":[{"embeddable":true,"href":"https:\/\/transformarqroo.com\/index.php\/wp-json\/wp\/v2\/media\/6549"}],"wp:attachment":[{"href":"https:\/\/transformarqroo.com\/index.php\/wp-json\/wp\/v2\/media?parent=6544"}],"wp:term":[{"taxonomy":"category","embeddable":true,"href":"https:\/\/transformarqroo.com\/index.php\/wp-json\/wp\/v2\/categories?post=6544"},{"taxonomy":"post_tag","embeddable":true,"href":"https:\/\/transformarqroo.com\/index.php\/wp-json\/wp\/v2\/tags?post=6544"}],"curies":[{"name":"wp","href":"https:\/\/api.w.org\/{rel}","templated":true}]}}