{"id":7141,"date":"2022-07-03T13:36:00","date_gmt":"2022-07-03T18:36:00","guid":{"rendered":"https:\/\/transformarqroo.com\/?p=7141"},"modified":"2022-07-04T13:38:41","modified_gmt":"2022-07-04T18:38:41","slug":"regreso-con-gran-exito-la-feria-del-coco-de-chetumal","status":"publish","type":"post","link":"https:\/\/transformarqroo.com\/index.php\/2022\/07\/03\/regreso-con-gran-exito-la-feria-del-coco-de-chetumal\/","title":{"rendered":"REGRES\u00d3 CON GRAN \u00c9XITO LA FERIA DEL COCO DE CHETUMAL"},"content":{"rendered":"\t\t<div data-elementor-type=\"wp-post\" data-elementor-id=\"7141\" class=\"elementor elementor-7141\" data-elementor-post-type=\"post\">\n\t\t\t\t\t\t<section class=\"elementor-section elementor-top-section elementor-element elementor-element-26209dd1 elementor-section-boxed elementor-section-height-default elementor-section-height-default\" data-id=\"26209dd1\" data-element_type=\"section\">\n\t\t\t\t\t\t<div class=\"elementor-container elementor-column-gap-default\">\n\t\t\t\t\t<div class=\"elementor-column elementor-col-100 elementor-top-column elementor-element elementor-element-7f9a80e1\" data-id=\"7f9a80e1\" data-element_type=\"column\">\n\t\t\t<div class=\"elementor-widget-wrap elementor-element-populated\">\n\t\t\t\t\t\t<div class=\"elementor-element elementor-element-128e9bc2 elementor-widget elementor-widget-premium-addon-banner\" data-id=\"128e9bc2\" data-element_type=\"widget\" data-widget_type=\"premium-addon-banner.default\">\n\t\t\t\t<div class=\"elementor-widget-container\">\n\t\t\t\t\t<div class=\"premium-banner-ib premium-banner-min-height premium-banner-animation7 none\">\r\n\t\t\t\t\t\t\t<div class=\"premium-banner-border\">\r\n\t\t\t\t\t<div class=\"premium-banner-br premium-banner-bleft premium-banner-brlr\"><\/div>\r\n\t\t\t\t\t<div class=\"premium-banner-br premium-banner-bright premium-banner-brlr\"><\/div>\r\n\t\t\t\t\t<div class=\"premium-banner-br premium-banner-btop premium-banner-brtb\"><\/div>\r\n\t\t\t\t\t<div class=\"premium-banner-br premium-banner-bottom premium-banner-brtb\"><\/div>\r\n\t\t\t\t<\/div>\r\n\t\t\t\t\t\t\t\t\t\t\t\t\t\t\t<img fetchpriority=\"high\" decoding=\"async\" width=\"1024\" height=\"555\" src=\"https:\/\/transformarqroo.com\/wp-content\/uploads\/2022\/07\/OPB-03_07_222.jpg\" class=\"attachment-full size-full wp-image-7143\" alt=\"\" srcset=\"https:\/\/transformarqroo.com\/wp-content\/uploads\/2022\/07\/OPB-03_07_222.jpg 1024w, https:\/\/transformarqroo.com\/wp-content\/uploads\/2022\/07\/OPB-03_07_222-300x163.jpg 300w, https:\/\/transformarqroo.com\/wp-content\/uploads\/2022\/07\/OPB-03_07_222-768x416.jpg 768w\" sizes=\"(max-width: 1024px) 100vw, 1024px\" \/>\t\t\t\t\t\t\t\t\t\t<div class=\"premium-banner-ib-desc\">\r\n\t\t\t\t\t\t\t\t\t<div class=\"premium-banner-desc-centered\">\r\n\t\t\t\t\t\t\t\t\t<h3 class=\"premium-banner-ib-title premium_banner_title\"><\/h3>\t\t\t\t\t\t\t\t\t\t\t\t\t<\/div>\r\n\t\t\t\t\t\t\t<\/div>\r\n\t\t\t\t\t<\/div>\r\n\t\t\t\t\t\t<\/div>\n\t\t\t\t<\/div>\n\t\t\t\t\t<\/div>\n\t\t<\/div>\n\t\t\t\t\t<\/div>\n\t\t<\/section>\n\t\t\t\t<section class=\"elementor-section elementor-top-section elementor-element elementor-element-70625880 elementor-section-boxed elementor-section-height-default elementor-section-height-default\" data-id=\"70625880\" data-element_type=\"section\" data-settings=\"{&quot;background_background&quot;:&quot;classic&quot;}\">\n\t\t\t\t\t\t<div class=\"elementor-container elementor-column-gap-default\">\n\t\t\t\t\t<div class=\"elementor-column elementor-col-100 elementor-top-column elementor-element elementor-element-7346b0c1\" data-id=\"7346b0c1\" data-element_type=\"column\">\n\t\t\t<div class=\"elementor-widget-wrap elementor-element-populated\">\n\t\t\t\t\t\t<div class=\"elementor-element elementor-element-198c0912 premium-title-icon-row premium-title-color elementor-widget elementor-widget-premium-addon-title\" data-id=\"198c0912\" data-element_type=\"widget\" data-widget_type=\"premium-addon-title.default\">\n\t\t\t\t<div class=\"elementor-widget-container\">\n\t\t\t\r\n\t\t<div class=\"premium-title-container style2\">\r\n\t\t\t<h5 class=\"premium-title-header premium-title-style2\">\r\n\t\t\t\t\r\n\t\t\t\t\t\t\t\t\t\t\t\t\t\t\t<div class=\"premium-title-icon premium-lottie-animation\" data-lottie-url=\"https:\/\/assets8.lottiefiles.com\/packages\/lf20_pcfclxy8.json\" data-lottie-loop=\"true\" data-lottie-reverse=\"\"><\/div>\r\n\t\t\t\t\t\t\t\t\t\r\n\t\t\t\t\t\t\t\t\t\t\t\t<span class=\"premium-title-text\" >\r\n\t\t\t\t\t* Tras dos a\u00f1o de pandemia, la octava edici\u00f3n atrajo de nueva cuenta la atenci\u00f3n de expositores, acad\u00e9micos, sector gastron\u00f3mico, cultural,  y p\u00fablico en general. \t\t\t\t<\/span>\r\n\t\t\t\t\t\r\n\t\t\t\t\t\t\t\t\t\t\t<\/h5>\r\n\t\t<\/div>\r\n\r\n\t\t\t\t<\/div>\n\t\t\t\t<\/div>\n\t\t\t\t\t<\/div>\n\t\t<\/div>\n\t\t\t\t\t<\/div>\n\t\t<\/section>\n\t\t\t\t<section class=\"elementor-section elementor-top-section elementor-element elementor-element-64bde548 elementor-section-boxed elementor-section-height-default elementor-section-height-default\" data-id=\"64bde548\" data-element_type=\"section\">\n\t\t\t\t\t\t<div class=\"elementor-container elementor-column-gap-default\">\n\t\t\t\t\t<div class=\"elementor-column elementor-col-100 elementor-top-column elementor-element elementor-element-5bcafb66\" data-id=\"5bcafb66\" data-element_type=\"column\">\n\t\t\t<div class=\"elementor-widget-wrap elementor-element-populated\">\n\t\t\t\t\t\t<div class=\"elementor-element elementor-element-6d718084 elementor-widget elementor-widget-text-editor\" data-id=\"6d718084\" data-element_type=\"widget\" data-widget_type=\"text-editor.default\">\n\t\t\t\t<div class=\"elementor-widget-container\">\n\t\t\t\t\t\t\t<p><span style=\"font-weight: 400;\">Chetumal, Quintana Roo a 3 de julio.- Como parte de la reactivaci\u00f3n econ\u00f3mica que prev\u00e9 el primer eje prioritario de la actual administraci\u00f3n municipal, el Ayuntamiento de Oth\u00f3n P. Blanco respald\u00f3 la octava edici\u00f3n de la Feria del Coco de Chetumal, actividad que en su regreso fue exitosa y cont\u00f3 con la participaci\u00f3n de diversos sectores de la sociedad a trav\u00e9s de la creaci\u00f3n de espacios para la exposici\u00f3n de bienes y servicios locales, as\u00ed como presentaciones acad\u00e9micas para la concientizaci\u00f3n de los beneficios derivados de la planta.<\/span><\/p><p>\u00a0<\/p><p><span style=\"font-weight: 400;\">Y es que la presidenta municipal Yensunni Mart\u00ednez Hern\u00e1ndez, ha se\u00f1alado que el primer eje prioritario es la reactivaci\u00f3n econ\u00f3mica, tur\u00edstica y social de Oth\u00f3n P. Blanco, de ah\u00ed que se tiene como objetivo la visibilizaci\u00f3n de los distintos sectores productivos.<\/span><\/p><p>\u00a0<\/p><p><span style=\"font-weight: 400;\">La octava edici\u00f3n de la Feria del Coco tuvo como sede el balneario Dos Mulas en el Boulevard Bah\u00eda y de aliados, cont\u00f3 tambi\u00e9n con instituciones educativas como la Universidad Vizcaya que alberg\u00f3 el foro acad\u00e9mico de dos d\u00edas, as\u00ed como el concurso gastron\u00f3mico donde participaron nueve competidores de dos categor\u00edas.<\/span><\/p><p>\u00a0<\/p><p><span style=\"font-weight: 400;\">En la categor\u00eda estudiantil con equipos de cuatro alumnos, el tercer lugar fue para la Universidad Polit\u00e9cnica de Bacalar y su creaci\u00f3n \u201cTostadas de Coco\u201d; el segundo puesto qued\u00f3 para el CECYTE plantel Chetumal con \u201cPescado de Coco\u201d; y el sitio de honor fue para la Universidad Vizcaya y su platillo denominado \u201cCostra de Coco\u201d.<\/span><\/p><p>\u00a0<\/p><p><span style=\"font-weight: 400;\">En cuanto a la categor\u00eda libre, en tercer puesto qued\u00f3 Jos\u00e9 Sosa y su plato de \u201cArroz Hawaiano a la Chetumal\u201d; segundo lugar Edder Canul con \u201cQueso relleno de mariscos con crema de coco y almejas\u201d; mientras que el platillo ganador de entre seis propuestas, fue \u201cSalpic\u00f3n de Coco con crema de champi\u00f1ones\u201d de Mar\u00eda Jos\u00e9 Lara.<\/span><\/p><p>\u00a0<\/p><p><span style=\"font-weight: 400;\">Cabe mencionar que hubo seis ponencias acad\u00e9micas de instituciones como el INIFAP; Instituto Tecnol\u00f3gico de M\u00e9rida que present\u00f3 el proceso de construcci\u00f3n de una m\u00e1quina de extracci\u00f3n de aceite virgen de coco; el Comit\u00e9 de Sanidad Vegetal de QRoo; el ITZM; la UPB; as\u00ed como una del sector empresarial donde destac\u00f3 el proyecto de una gesti\u00f3n en proceso para una planta procesadora de sustrato de coco en Laguna Guerrero.<\/span><\/p><p>\u00a0<\/p><p><span style=\"font-weight: 400;\">De igual manera, contaron con la participaci\u00f3n de 40 expositores y una presentaci\u00f3n de cartelera cultural de s\u00e1bado y domingo con 17 artistas locales ante m\u00e1s de mil 500 personas asistentes durante la celebraci\u00f3n de la octava Feria del Coco.<\/span><\/p><p>\u00a0<\/p><p><span style=\"font-weight: 400;\">El comit\u00e9 organizador encabezado por el coordinador general y representante de la Cooperativa de Productores de Coco y sus derivados de Laguna Guerrero, Ruty Carlos Buenfil Maga\u00f1a, agradeci\u00f3 las facilidades brindadas y la solidaridad de gobierno municipal, sector empresarial, instituciones acad\u00e9micas y sociedad en general para realizar la exitosa nueva edici\u00f3n.<\/span><\/p>\t\t\t\t\t\t<\/div>\n\t\t\t\t<\/div>\n\t\t\t\t\t<\/div>\n\t\t<\/div>\n\t\t\t\t\t<\/div>\n\t\t<\/section>\n\t\t\t\t<section class=\"elementor-section elementor-top-section elementor-element elementor-element-6f49f723 elementor-section-boxed elementor-section-height-default elementor-section-height-default\" data-id=\"6f49f723\" data-element_type=\"section\">\n\t\t\t\t\t\t<div class=\"elementor-container elementor-column-gap-default\">\n\t\t\t\t\t<div class=\"elementor-column elementor-col-100 elementor-top-column elementor-element elementor-element-7b92358a\" data-id=\"7b92358a\" data-element_type=\"column\">\n\t\t\t<div class=\"elementor-widget-wrap elementor-element-populated\">\n\t\t\t\t\t\t<div class=\"elementor-element elementor-element-7d2f4333 elementor-widget elementor-widget-gallery\" data-id=\"7d2f4333\" data-element_type=\"widget\" data-settings=\"{&quot;gallery_layout&quot;:&quot;justified&quot;,&quot;lazyload&quot;:&quot;yes&quot;,&quot;ideal_row_height&quot;:{&quot;unit&quot;:&quot;px&quot;,&quot;size&quot;:200,&quot;sizes&quot;:[]},&quot;ideal_row_height_tablet&quot;:{&quot;unit&quot;:&quot;px&quot;,&quot;size&quot;:150,&quot;sizes&quot;:[]},&quot;ideal_row_height_mobile&quot;:{&quot;unit&quot;:&quot;px&quot;,&quot;size&quot;:150,&quot;sizes&quot;:[]},&quot;gap&quot;:{&quot;unit&quot;:&quot;px&quot;,&quot;size&quot;:10,&quot;sizes&quot;:[]},&quot;gap_tablet&quot;:{&quot;unit&quot;:&quot;px&quot;,&quot;size&quot;:10,&quot;sizes&quot;:[]},&quot;gap_mobile&quot;:{&quot;unit&quot;:&quot;px&quot;,&quot;size&quot;:10,&quot;sizes&quot;:[]},&quot;link_to&quot;:&quot;file&quot;,&quot;overlay_background&quot;:&quot;yes&quot;,&quot;content_hover_animation&quot;:&quot;fade-in&quot;}\" data-widget_type=\"gallery.default\">\n\t\t\t\t<div class=\"elementor-widget-container\">\n\t\t\t\t\t<div class=\"elementor-gallery__container\">\n\t\t\t\t\t\t\t<a class=\"e-gallery-item elementor-gallery-item elementor-animated-content\" href=\"https:\/\/transformarqroo.com\/wp-content\/uploads\/2022\/07\/OPB-03_07_22.jpg\" data-elementor-open-lightbox=\"yes\" data-elementor-lightbox-slideshow=\"7d2f4333\" data-elementor-lightbox-title=\"OPB 03_07_22\" data-e-action-hash=\"#elementor-action%3Aaction%3Dlightbox%26settings%3DeyJpZCI6NzE0NCwidXJsIjoiaHR0cHM6XC9cL3RyYW5zZm9ybWFycXJvby5jb21cL3dwLWNvbnRlbnRcL3VwbG9hZHNcLzIwMjJcLzA3XC9PUEItMDNfMDdfMjIuanBnIiwic2xpZGVzaG93IjoiN2QyZjQzMzMifQ%3D%3D\">\n\t\t\t\t\t<div class=\"e-gallery-image elementor-gallery-item__image\" data-thumbnail=\"https:\/\/transformarqroo.com\/wp-content\/uploads\/2022\/07\/OPB-03_07_22.jpg\" data-width=\"1024\" data-height=\"768\" aria-label=\"\" role=\"img\" ><\/div>\n\t\t\t\t\t\t\t\t\t\t\t<div class=\"elementor-gallery-item__overlay\"><\/div>\n\t\t\t\t\t\t\t\t\t\t\t\t\t\t<\/a>\n\t\t\t\t\t\t\t<a class=\"e-gallery-item elementor-gallery-item elementor-animated-content\" href=\"https:\/\/transformarqroo.com\/wp-content\/uploads\/2022\/07\/OPB-03_07_222.jpg\" data-elementor-open-lightbox=\"yes\" data-elementor-lightbox-slideshow=\"7d2f4333\" data-elementor-lightbox-title=\"OPB 03_07_22(2)\" data-e-action-hash=\"#elementor-action%3Aaction%3Dlightbox%26settings%3DeyJpZCI6NzE0MywidXJsIjoiaHR0cHM6XC9cL3RyYW5zZm9ybWFycXJvby5jb21cL3dwLWNvbnRlbnRcL3VwbG9hZHNcLzIwMjJcLzA3XC9PUEItMDNfMDdfMjIyLmpwZyIsInNsaWRlc2hvdyI6IjdkMmY0MzMzIn0%3D\">\n\t\t\t\t\t<div class=\"e-gallery-image elementor-gallery-item__image\" data-thumbnail=\"https:\/\/transformarqroo.com\/wp-content\/uploads\/2022\/07\/OPB-03_07_222.jpg\" data-width=\"1024\" data-height=\"555\" aria-label=\"\" role=\"img\" ><\/div>\n\t\t\t\t\t\t\t\t\t\t\t<div class=\"elementor-gallery-item__overlay\"><\/div>\n\t\t\t\t\t\t\t\t\t\t\t\t\t\t<\/a>\n\t\t\t\t\t\t\t<a class=\"e-gallery-item elementor-gallery-item elementor-animated-content\" href=\"https:\/\/transformarqroo.com\/wp-content\/uploads\/2022\/07\/OPB-03_07_221.jpg\" data-elementor-open-lightbox=\"yes\" data-elementor-lightbox-slideshow=\"7d2f4333\" data-elementor-lightbox-title=\"OPB 03_07_22(1)\" data-e-action-hash=\"#elementor-action%3Aaction%3Dlightbox%26settings%3DeyJpZCI6NzE0MiwidXJsIjoiaHR0cHM6XC9cL3RyYW5zZm9ybWFycXJvby5jb21cL3dwLWNvbnRlbnRcL3VwbG9hZHNcLzIwMjJcLzA3XC9PUEItMDNfMDdfMjIxLmpwZyIsInNsaWRlc2hvdyI6IjdkMmY0MzMzIn0%3D\">\n\t\t\t\t\t<div class=\"e-gallery-image elementor-gallery-item__image\" data-thumbnail=\"https:\/\/transformarqroo.com\/wp-content\/uploads\/2022\/07\/OPB-03_07_221.jpg\" data-width=\"1024\" data-height=\"472\" aria-label=\"\" role=\"img\" ><\/div>\n\t\t\t\t\t\t\t\t\t\t\t<div class=\"elementor-gallery-item__overlay\"><\/div>\n\t\t\t\t\t\t\t\t\t\t\t\t\t\t<\/a>\n\t\t\t\t\t<\/div>\n\t\t\t<\/div>\n\t\t\t\t<\/div>\n\t\t\t\t\t<\/div>\n\t\t<\/div>\n\t\t\t\t\t<\/div>\n\t\t<\/section>\n\t\t\t\t<\/div>\n\t\t","protected":false},"excerpt":{"rendered":"<p>* Tras dos a\u00f1o de pandemia, la octava edici\u00f3n atrajo de nueva cuenta la atenci\u00f3n de expositores, acad\u00e9micos, sector gastron\u00f3mico, cultural, y p\u00fablico en general. Chetumal, Quintana Roo a 3 de julio.- Como parte de la reactivaci\u00f3n econ\u00f3mica que prev\u00e9 el primer eje prioritario de la actual administraci\u00f3n municipal, el Ayuntamiento de Oth\u00f3n P. Blanco [&hellip;]<\/p>\n","protected":false},"author":1,"featured_media":7143,"comment_status":"closed","ping_status":"closed","sticky":false,"template":"","format":"standard","meta":{"_FSMCFIC_featured_image_caption":"","_FSMCFIC_featured_image_nocaption":"","_FSMCFIC_featured_image_hide":"1","footnotes":""},"categories":[32,28],"tags":[35],"class_list":["post-7141","post","type-post","status-publish","format-standard","has-post-thumbnail","hentry","category-municipios","category-othon-pompeyo-blanco","tag-yensunni-martinez"],"aioseo_notices":[],"_links":{"self":[{"href":"https:\/\/transformarqroo.com\/index.php\/wp-json\/wp\/v2\/posts\/7141","targetHints":{"allow":["GET"]}}],"collection":[{"href":"https:\/\/transformarqroo.com\/index.php\/wp-json\/wp\/v2\/posts"}],"about":[{"href":"https:\/\/transformarqroo.com\/index.php\/wp-json\/wp\/v2\/types\/post"}],"author":[{"embeddable":true,"href":"https:\/\/transformarqroo.com\/index.php\/wp-json\/wp\/v2\/users\/1"}],"replies":[{"embeddable":true,"href":"https:\/\/transformarqroo.com\/index.php\/wp-json\/wp\/v2\/comments?post=7141"}],"version-history":[{"count":4,"href":"https:\/\/transformarqroo.com\/index.php\/wp-json\/wp\/v2\/posts\/7141\/revisions"}],"predecessor-version":[{"id":7148,"href":"https:\/\/transformarqroo.com\/index.php\/wp-json\/wp\/v2\/posts\/7141\/revisions\/7148"}],"wp:featuredmedia":[{"embeddable":true,"href":"https:\/\/transformarqroo.com\/index.php\/wp-json\/wp\/v2\/media\/7143"}],"wp:attachment":[{"href":"https:\/\/transformarqroo.com\/index.php\/wp-json\/wp\/v2\/media?parent=7141"}],"wp:term":[{"taxonomy":"category","embeddable":true,"href":"https:\/\/transformarqroo.com\/index.php\/wp-json\/wp\/v2\/categories?post=7141"},{"taxonomy":"post_tag","embeddable":true,"href":"https:\/\/transformarqroo.com\/index.php\/wp-json\/wp\/v2\/tags?post=7141"}],"curies":[{"name":"wp","href":"https:\/\/api.w.org\/{rel}","templated":true}]}}