{"id":7281,"date":"2022-07-05T13:54:00","date_gmt":"2022-07-05T18:54:00","guid":{"rendered":"https:\/\/transformarqroo.com\/?p=7281"},"modified":"2022-07-06T14:00:09","modified_gmt":"2022-07-06T19:00:09","slug":"instituto-de-la-cultura-tendra-curso-de-verano","status":"publish","type":"post","link":"https:\/\/transformarqroo.com\/index.php\/2022\/07\/05\/instituto-de-la-cultura-tendra-curso-de-verano\/","title":{"rendered":"INSTITUTO DE LA CULTURA TENDR\u00c1 CURSO DE VERANO"},"content":{"rendered":"\t\t<div data-elementor-type=\"wp-post\" data-elementor-id=\"7281\" class=\"elementor elementor-7281\" data-elementor-post-type=\"post\">\n\t\t\t\t\t\t<section class=\"elementor-section elementor-top-section elementor-element elementor-element-7af098ff elementor-section-boxed elementor-section-height-default elementor-section-height-default\" data-id=\"7af098ff\" data-element_type=\"section\">\n\t\t\t\t\t\t<div class=\"elementor-container elementor-column-gap-default\">\n\t\t\t\t\t<div class=\"elementor-column elementor-col-100 elementor-top-column elementor-element elementor-element-62b81ae8\" data-id=\"62b81ae8\" data-element_type=\"column\">\n\t\t\t<div class=\"elementor-widget-wrap elementor-element-populated\">\n\t\t\t\t\t\t<div class=\"elementor-element elementor-element-14bb965a elementor-widget elementor-widget-premium-addon-banner\" data-id=\"14bb965a\" data-element_type=\"widget\" data-widget_type=\"premium-addon-banner.default\">\n\t\t\t\t<div class=\"elementor-widget-container\">\n\t\t\t\t\t<div class=\"premium-banner-ib premium-banner-min-height premium-banner-animation7 none\">\r\n\t\t\t\t\t\t\t<div class=\"premium-banner-border\">\r\n\t\t\t\t\t<div class=\"premium-banner-br premium-banner-bleft premium-banner-brlr\"><\/div>\r\n\t\t\t\t\t<div class=\"premium-banner-br premium-banner-bright premium-banner-brlr\"><\/div>\r\n\t\t\t\t\t<div class=\"premium-banner-br premium-banner-btop premium-banner-brtb\"><\/div>\r\n\t\t\t\t\t<div class=\"premium-banner-br premium-banner-bottom premium-banner-brtb\"><\/div>\r\n\t\t\t\t<\/div>\r\n\t\t\t\t\t\t\t\t\t\t\t\t\t\t\t<img fetchpriority=\"high\" decoding=\"async\" width=\"1024\" height=\"1024\" src=\"https:\/\/transformarqroo.com\/wp-content\/uploads\/2022\/07\/Solidaridad-05_07_22-F2-1-1.jpg\" class=\"attachment-full size-full wp-image-7283\" alt=\"\" srcset=\"https:\/\/transformarqroo.com\/wp-content\/uploads\/2022\/07\/Solidaridad-05_07_22-F2-1-1.jpg 1024w, https:\/\/transformarqroo.com\/wp-content\/uploads\/2022\/07\/Solidaridad-05_07_22-F2-1-1-300x300.jpg 300w, https:\/\/transformarqroo.com\/wp-content\/uploads\/2022\/07\/Solidaridad-05_07_22-F2-1-1-150x150.jpg 150w, https:\/\/transformarqroo.com\/wp-content\/uploads\/2022\/07\/Solidaridad-05_07_22-F2-1-1-768x768.jpg 768w, https:\/\/transformarqroo.com\/wp-content\/uploads\/2022\/07\/Solidaridad-05_07_22-F2-1-1-24x24.jpg 24w, https:\/\/transformarqroo.com\/wp-content\/uploads\/2022\/07\/Solidaridad-05_07_22-F2-1-1-48x48.jpg 48w, https:\/\/transformarqroo.com\/wp-content\/uploads\/2022\/07\/Solidaridad-05_07_22-F2-1-1-96x96.jpg 96w\" sizes=\"(max-width: 1024px) 100vw, 1024px\" \/>\t\t\t\t\t\t\t\t\t\t<div class=\"premium-banner-ib-desc\">\r\n\t\t\t\t\t\t\t\t\t<div class=\"premium-banner-desc-centered\">\r\n\t\t\t\t\t\t\t\t\t<h3 class=\"premium-banner-ib-title premium_banner_title\"><\/h3>\t\t\t\t\t\t\t\t\t\t\t\t\t<\/div>\r\n\t\t\t\t\t\t\t<\/div>\r\n\t\t\t\t\t<\/div>\r\n\t\t\t\t\t\t<\/div>\n\t\t\t\t<\/div>\n\t\t\t\t\t<\/div>\n\t\t<\/div>\n\t\t\t\t\t<\/div>\n\t\t<\/section>\n\t\t\t\t<section class=\"elementor-section elementor-top-section elementor-element elementor-element-5ee6bf92 elementor-section-boxed elementor-section-height-default elementor-section-height-default\" data-id=\"5ee6bf92\" data-element_type=\"section\" data-settings=\"{&quot;background_background&quot;:&quot;classic&quot;}\">\n\t\t\t\t\t\t<div class=\"elementor-container elementor-column-gap-default\">\n\t\t\t\t\t<div class=\"elementor-column elementor-col-100 elementor-top-column elementor-element elementor-element-1d16beb9\" data-id=\"1d16beb9\" data-element_type=\"column\">\n\t\t\t<div class=\"elementor-widget-wrap elementor-element-populated\">\n\t\t\t\t\t\t<div class=\"elementor-element elementor-element-7cfda752 premium-title-icon-row premium-title-color elementor-widget elementor-widget-premium-addon-title\" data-id=\"7cfda752\" data-element_type=\"widget\" data-widget_type=\"premium-addon-title.default\">\n\t\t\t\t<div class=\"elementor-widget-container\">\n\t\t\t\r\n\t\t<div class=\"premium-title-container style2\">\r\n\t\t\t<h5 class=\"premium-title-header premium-title-style2\">\r\n\t\t\t\t\r\n\t\t\t\t\t\t\t\t\t\t\t\t\t\t\t<div class=\"premium-title-icon premium-lottie-animation\" data-lottie-url=\"https:\/\/assets8.lottiefiles.com\/packages\/lf20_pcfclxy8.json\" data-lottie-loop=\"true\" data-lottie-reverse=\"\"><\/div>\r\n\t\t\t\t\t\t\t\t\t\r\n\t\t\t\t\t\t\t\t\t\t\t\t<span class=\"premium-title-text\" >\r\n\t\t\t\t\t* Del 3 al 17 de agosto habr\u00e1 un curso de verano para ni\u00f1as y ni\u00f1os de entre 8 y 13 a\u00f1os. Las inscripciones se abren el 18 de julio en el Centro Cultural. \t\t\t\t<\/span>\r\n\t\t\t\t\t\r\n\t\t\t\t\t\t\t\t\t\t\t<\/h5>\r\n\t\t<\/div>\r\n\r\n\t\t\t\t<\/div>\n\t\t\t\t<\/div>\n\t\t\t\t\t<\/div>\n\t\t<\/div>\n\t\t\t\t\t<\/div>\n\t\t<\/section>\n\t\t\t\t<section class=\"elementor-section elementor-top-section elementor-element elementor-element-19c928a7 elementor-section-boxed elementor-section-height-default elementor-section-height-default\" data-id=\"19c928a7\" data-element_type=\"section\">\n\t\t\t\t\t\t<div class=\"elementor-container elementor-column-gap-default\">\n\t\t\t\t\t<div class=\"elementor-column elementor-col-100 elementor-top-column elementor-element elementor-element-55888179\" data-id=\"55888179\" data-element_type=\"column\">\n\t\t\t<div class=\"elementor-widget-wrap elementor-element-populated\">\n\t\t\t\t\t\t<div class=\"elementor-element elementor-element-68d3e4da elementor-widget elementor-widget-text-editor\" data-id=\"68d3e4da\" data-element_type=\"widget\" data-widget_type=\"text-editor.default\">\n\t\t\t\t<div class=\"elementor-widget-container\">\n\t\t\t\t\t\t\t<p><span style=\"font-weight: 400;\">Playa del Carmen, Solidaridad, 5 de julio del 2022.- Para que la ni\u00f1ez pueda desarrollar sus capacidades art\u00edsticas y culturales, el ayuntamiento de Solidaridad, encabezado por Lili Campos, convoc\u00f3 a un curso de verano organizado por la coordinaci\u00f3n de talleres del Instituto Municipal de la Cultura y las Artes (IMCAS).<\/span><\/p><p>\u00a0<\/p><p><span style=\"font-weight: 400;\">La presidenta municipal expres\u00f3 que la convocatoria es abierta para ni\u00f1as y ni\u00f1os en edades de entre 8 y 13 a\u00f1os. Podr\u00e1n participar en la creaci\u00f3n de un mural, actividades de te\u00f1ido de telas con (batik) y pigmentos naturales, en la elaboraci\u00f3n de cuentos con ilustraciones, arte con reciclaje, entre otras actividades.\u00a0<\/span><\/p><p>\u00a0<\/p><p><span style=\"font-weight: 400;\">Jorge Luis Borroto Alfonso, director general del IMCAS, inform\u00f3 que el curso durar\u00e1 del 3 al 17 de agosto, en horario de 09:00 a 13:00 horas.\u00a0<\/span><\/p><p>\u00a0<\/p><p><span style=\"font-weight: 400;\">Las inscripciones ser\u00e1n del 18 al 29 de julio, en horario de 9:00 a 16:00 horas. Se requiere presentar una copia del acta de nacimiento y una fotograf\u00eda tama\u00f1o infantil. Todos los tr\u00e1mites se realizar\u00e1n en el Centro Cultural, ubicado en la avenida CTM entre AV. 115 y 125. Quienes requieran m\u00e1s informaci\u00f3n pueden comunicarse al n\u00famero 984 109 49 45.<\/span><\/p><p>\u00a0<\/p><p><span style=\"font-weight: 400;\">Borroto Alfonso precis\u00f3 que, para el cuidado de la salud de los infantes, se aplicar\u00e1n todos los protocolos de higiene en los espacios donde se realizar\u00e1n las actividades, a fin de evitar contagios por covid-19.<\/span><\/p>\t\t\t\t\t\t<\/div>\n\t\t\t\t<\/div>\n\t\t\t\t\t<\/div>\n\t\t<\/div>\n\t\t\t\t\t<\/div>\n\t\t<\/section>\n\t\t\t\t<\/div>\n\t\t","protected":false},"excerpt":{"rendered":"<p>* Del 3 al 17 de agosto habr\u00e1 un curso de verano para ni\u00f1as y ni\u00f1os de entre 8 y 13 a\u00f1os. Las inscripciones se abren el 18 de julio en el Centro Cultural. Playa del Carmen, Solidaridad, 5 de julio del 2022.- Para que la ni\u00f1ez pueda desarrollar sus capacidades art\u00edsticas y culturales, el [&hellip;]<\/p>\n","protected":false},"author":1,"featured_media":7282,"comment_status":"closed","ping_status":"closed","sticky":false,"template":"","format":"standard","meta":{"_FSMCFIC_featured_image_caption":"","_FSMCFIC_featured_image_nocaption":"","_FSMCFIC_featured_image_hide":"1","footnotes":""},"categories":[32,30],"tags":[],"class_list":["post-7281","post","type-post","status-publish","format-standard","has-post-thumbnail","hentry","category-municipios","category-solidaridad"],"aioseo_notices":[],"_links":{"self":[{"href":"https:\/\/transformarqroo.com\/index.php\/wp-json\/wp\/v2\/posts\/7281","targetHints":{"allow":["GET"]}}],"collection":[{"href":"https:\/\/transformarqroo.com\/index.php\/wp-json\/wp\/v2\/posts"}],"about":[{"href":"https:\/\/transformarqroo.com\/index.php\/wp-json\/wp\/v2\/types\/post"}],"author":[{"embeddable":true,"href":"https:\/\/transformarqroo.com\/index.php\/wp-json\/wp\/v2\/users\/1"}],"replies":[{"embeddable":true,"href":"https:\/\/transformarqroo.com\/index.php\/wp-json\/wp\/v2\/comments?post=7281"}],"version-history":[{"count":4,"href":"https:\/\/transformarqroo.com\/index.php\/wp-json\/wp\/v2\/posts\/7281\/revisions"}],"predecessor-version":[{"id":7287,"href":"https:\/\/transformarqroo.com\/index.php\/wp-json\/wp\/v2\/posts\/7281\/revisions\/7287"}],"wp:featuredmedia":[{"embeddable":true,"href":"https:\/\/transformarqroo.com\/index.php\/wp-json\/wp\/v2\/media\/7282"}],"wp:attachment":[{"href":"https:\/\/transformarqroo.com\/index.php\/wp-json\/wp\/v2\/media?parent=7281"}],"wp:term":[{"taxonomy":"category","embeddable":true,"href":"https:\/\/transformarqroo.com\/index.php\/wp-json\/wp\/v2\/categories?post=7281"},{"taxonomy":"post_tag","embeddable":true,"href":"https:\/\/transformarqroo.com\/index.php\/wp-json\/wp\/v2\/tags?post=7281"}],"curies":[{"name":"wp","href":"https:\/\/api.w.org\/{rel}","templated":true}]}}