{"id":7529,"date":"2022-07-10T10:32:00","date_gmt":"2022-07-10T15:32:00","guid":{"rendered":"https:\/\/transformarqroo.com\/?p=7529"},"modified":"2022-07-12T10:43:22","modified_gmt":"2022-07-12T15:43:22","slug":"gloria-trevi-abre-espectacularmente-los-conciertos-en-la-plaza-28-de-julio","status":"publish","type":"post","link":"https:\/\/transformarqroo.com\/index.php\/2022\/07\/10\/gloria-trevi-abre-espectacularmente-los-conciertos-en-la-plaza-28-de-julio\/","title":{"rendered":"GLORIA TREVI ABRE ESPECTACULARMENTE LOS CONCIERTOS EN LA PLAZA 28 DE JULIO"},"content":{"rendered":"\t\t<div data-elementor-type=\"wp-post\" data-elementor-id=\"7529\" class=\"elementor elementor-7529\" data-elementor-post-type=\"post\">\n\t\t\t\t\t\t<section class=\"elementor-section elementor-top-section elementor-element elementor-element-53babcce elementor-section-boxed elementor-section-height-default elementor-section-height-default\" data-id=\"53babcce\" data-element_type=\"section\">\n\t\t\t\t\t\t<div class=\"elementor-container elementor-column-gap-default\">\n\t\t\t\t\t<div class=\"elementor-column elementor-col-100 elementor-top-column elementor-element elementor-element-49d341bd\" data-id=\"49d341bd\" data-element_type=\"column\">\n\t\t\t<div class=\"elementor-widget-wrap elementor-element-populated\">\n\t\t\t\t\t\t<div class=\"elementor-element elementor-element-6a148046 elementor-widget elementor-widget-premium-addon-banner\" data-id=\"6a148046\" data-element_type=\"widget\" data-widget_type=\"premium-addon-banner.default\">\n\t\t\t\t<div class=\"elementor-widget-container\">\n\t\t\t\t\t<div class=\"premium-banner-ib premium-banner-min-height premium-banner-animation7 none\">\r\n\t\t\t\t\t\t\t<div class=\"premium-banner-border\">\r\n\t\t\t\t\t<div class=\"premium-banner-br premium-banner-bleft premium-banner-brlr\"><\/div>\r\n\t\t\t\t\t<div class=\"premium-banner-br premium-banner-bright premium-banner-brlr\"><\/div>\r\n\t\t\t\t\t<div class=\"premium-banner-br premium-banner-btop premium-banner-brtb\"><\/div>\r\n\t\t\t\t\t<div class=\"premium-banner-br premium-banner-bottom premium-banner-brtb\"><\/div>\r\n\t\t\t\t<\/div>\r\n\t\t\t\t\t\t\t\t\t\t\t\t\t\t\t<img fetchpriority=\"high\" decoding=\"async\" width=\"1280\" height=\"880\" src=\"https:\/\/transformarqroo.com\/wp-content\/uploads\/2022\/07\/Solidaridad-10_07_22-F41.jpg\" class=\"attachment-full size-full wp-image-7530\" alt=\"\" srcset=\"https:\/\/transformarqroo.com\/wp-content\/uploads\/2022\/07\/Solidaridad-10_07_22-F41.jpg 1280w, https:\/\/transformarqroo.com\/wp-content\/uploads\/2022\/07\/Solidaridad-10_07_22-F41-300x206.jpg 300w, https:\/\/transformarqroo.com\/wp-content\/uploads\/2022\/07\/Solidaridad-10_07_22-F41-1024x704.jpg 1024w, https:\/\/transformarqroo.com\/wp-content\/uploads\/2022\/07\/Solidaridad-10_07_22-F41-768x528.jpg 768w\" sizes=\"(max-width: 1280px) 100vw, 1280px\" \/>\t\t\t\t\t\t\t\t\t\t<div class=\"premium-banner-ib-desc\">\r\n\t\t\t\t\t\t\t\t\t<div class=\"premium-banner-desc-centered\">\r\n\t\t\t\t\t\t\t\t\t<h3 class=\"premium-banner-ib-title premium_banner_title\"><\/h3>\t\t\t\t\t\t\t\t\t\t\t\t\t<\/div>\r\n\t\t\t\t\t\t\t<\/div>\r\n\t\t\t\t\t<\/div>\r\n\t\t\t\t\t\t<\/div>\n\t\t\t\t<\/div>\n\t\t\t\t\t<\/div>\n\t\t<\/div>\n\t\t\t\t\t<\/div>\n\t\t<\/section>\n\t\t\t\t<section class=\"elementor-section elementor-top-section elementor-element elementor-element-4c43174f elementor-section-boxed elementor-section-height-default elementor-section-height-default\" data-id=\"4c43174f\" data-element_type=\"section\" data-settings=\"{&quot;background_background&quot;:&quot;classic&quot;}\">\n\t\t\t\t\t\t<div class=\"elementor-container elementor-column-gap-default\">\n\t\t\t\t\t<div class=\"elementor-column elementor-col-100 elementor-top-column elementor-element elementor-element-15a640fb\" data-id=\"15a640fb\" data-element_type=\"column\">\n\t\t\t<div class=\"elementor-widget-wrap elementor-element-populated\">\n\t\t\t\t\t\t<div class=\"elementor-element elementor-element-5a9b7e7a premium-title-icon-row premium-title-color elementor-widget elementor-widget-premium-addon-title\" data-id=\"5a9b7e7a\" data-element_type=\"widget\" data-widget_type=\"premium-addon-title.default\">\n\t\t\t\t<div class=\"elementor-widget-container\">\n\t\t\t\r\n\t\t<div class=\"premium-title-container style2\">\r\n\t\t\t<h5 class=\"premium-title-header premium-title-style2\">\r\n\t\t\t\t\r\n\t\t\t\t\t\t\t\t\t\t\t\t\t\t\t<div class=\"premium-title-icon premium-lottie-animation\" data-lottie-url=\"https:\/\/assets8.lottiefiles.com\/packages\/lf20_pcfclxy8.json\" data-lottie-loop=\"true\" data-lottie-reverse=\"\"><\/div>\r\n\t\t\t\t\t\t\t\t\t\r\n\t\t\t\t\t\t\t\t\t\t\t\t<span class=\"premium-title-text\" >\r\n\t\t\t\t\t* La sede de los magnos eventos en ocasi\u00f3n de la Feria del Carmen 2022 cuyas actividades se concentran en el recinto ferial de las avenidas CTM con 75. \t\t\t\t<\/span>\r\n\t\t\t\t\t\r\n\t\t\t\t\t\t\t\t\t\t\t<\/h5>\r\n\t\t<\/div>\r\n\r\n\t\t\t\t<\/div>\n\t\t\t\t<\/div>\n\t\t\t\t\t<\/div>\n\t\t<\/div>\n\t\t\t\t\t<\/div>\n\t\t<\/section>\n\t\t\t\t<section class=\"elementor-section elementor-top-section elementor-element elementor-element-294aa251 elementor-section-boxed elementor-section-height-default elementor-section-height-default\" data-id=\"294aa251\" data-element_type=\"section\">\n\t\t\t\t\t\t<div class=\"elementor-container elementor-column-gap-default\">\n\t\t\t\t\t<div class=\"elementor-column elementor-col-100 elementor-top-column elementor-element elementor-element-2e084dee\" data-id=\"2e084dee\" data-element_type=\"column\">\n\t\t\t<div class=\"elementor-widget-wrap elementor-element-populated\">\n\t\t\t\t\t\t<div class=\"elementor-element elementor-element-508ea404 elementor-widget elementor-widget-text-editor\" data-id=\"508ea404\" data-element_type=\"widget\" data-widget_type=\"text-editor.default\">\n\t\t\t\t<div class=\"elementor-widget-container\">\n\t\t\t\t\t\t\t<p><span style=\"font-weight: 400;\">Playa del Carmen, Solidaridad, 10 de julio del 2022.- La presidenta municipal Lili Campos expres\u00f3, ante familias locales, visitantes nacionales y extranjeros, que Solidaridad se merece espect\u00e1culos de talla internacional, que se reconozca al destino tur\u00edstico por sus tradiciones y qu\u00e9 mejor momento que en el marco de la Feria del Carmen.<\/span><\/p><p>\u00a0<\/p><p><span style=\"font-weight: 400;\">Lili Campos se refiri\u00f3 a la presentaci\u00f3n de la artista Gloria Trevi antes de su presentaci\u00f3n ante el p\u00fablico reunido frente al Palacio municipal del centro. Extern\u00f3 que Playa del Carmen la esperaba con el coraz\u00f3n abierto, con un espect\u00e1culo totalmente gratuito, que posiciona a Playa del Carmen, coraz\u00f3n tur\u00edstico de la Riviera Maya, como destino tur\u00edstico n\u00famero uno en el estado y cinco en el top mundial.\u00a0<\/span><\/p><p>\u00a0<\/p><p><span style=\"font-weight: 400;\">La Feria del Carmen se desarrolla en el recinto ferial ubicado en la avenida CTM con avenida 75, mismo que es amenizado con grupos musicales de la regi\u00f3n y juegos mec\u00e1nicos.<\/span><\/p><p>\u00a0<\/p><p><span style=\"font-weight: 400;\">En la presentaci\u00f3n de Gloria Trevi estuvo presente, c\u00f3mo invitada de honor, la presidenta del Sistema DIF Quintana Roo, Gabriela Rej\u00f3n de Joaqu\u00edn, entre otras personalidades.<\/span><\/p><p>\u00a0<\/p><p><span style=\"font-weight: 400;\">Gloria Trevi, era esperada por el p\u00fablico, ovacionada y recordada por sus canciones de anta\u00f1o: El recuento de los a\u00f1os, Pelo suelto,\u00a0 Con los ojos cerrados, entre otras.<\/span><\/p>\t\t\t\t\t\t<\/div>\n\t\t\t\t<\/div>\n\t\t\t\t\t<\/div>\n\t\t<\/div>\n\t\t\t\t\t<\/div>\n\t\t<\/section>\n\t\t\t\t<section class=\"elementor-section elementor-top-section elementor-element elementor-element-29a3fb66 elementor-section-boxed elementor-section-height-default elementor-section-height-default\" data-id=\"29a3fb66\" data-element_type=\"section\">\n\t\t\t\t\t\t<div class=\"elementor-container elementor-column-gap-default\">\n\t\t\t\t\t<div class=\"elementor-column elementor-col-100 elementor-top-column elementor-element elementor-element-2c365a44\" data-id=\"2c365a44\" data-element_type=\"column\">\n\t\t\t<div class=\"elementor-widget-wrap elementor-element-populated\">\n\t\t\t\t\t\t<div class=\"elementor-element elementor-element-3313d1a4 elementor-widget elementor-widget-gallery\" data-id=\"3313d1a4\" data-element_type=\"widget\" data-settings=\"{&quot;gallery_layout&quot;:&quot;justified&quot;,&quot;lazyload&quot;:&quot;yes&quot;,&quot;ideal_row_height&quot;:{&quot;unit&quot;:&quot;px&quot;,&quot;size&quot;:200,&quot;sizes&quot;:[]},&quot;ideal_row_height_tablet&quot;:{&quot;unit&quot;:&quot;px&quot;,&quot;size&quot;:150,&quot;sizes&quot;:[]},&quot;ideal_row_height_mobile&quot;:{&quot;unit&quot;:&quot;px&quot;,&quot;size&quot;:150,&quot;sizes&quot;:[]},&quot;gap&quot;:{&quot;unit&quot;:&quot;px&quot;,&quot;size&quot;:10,&quot;sizes&quot;:[]},&quot;gap_tablet&quot;:{&quot;unit&quot;:&quot;px&quot;,&quot;size&quot;:10,&quot;sizes&quot;:[]},&quot;gap_mobile&quot;:{&quot;unit&quot;:&quot;px&quot;,&quot;size&quot;:10,&quot;sizes&quot;:[]},&quot;link_to&quot;:&quot;file&quot;,&quot;overlay_background&quot;:&quot;yes&quot;,&quot;content_hover_animation&quot;:&quot;fade-in&quot;}\" data-widget_type=\"gallery.default\">\n\t\t\t\t<div class=\"elementor-widget-container\">\n\t\t\t\t\t<div class=\"elementor-gallery__container\">\n\t\t\t\t\t\t\t<a class=\"e-gallery-item elementor-gallery-item elementor-animated-content\" href=\"https:\/\/transformarqroo.com\/wp-content\/uploads\/2022\/07\/Solidaridad-10_07_22-F4.jpg\" data-elementor-open-lightbox=\"yes\" data-elementor-lightbox-slideshow=\"3313d1a4\" data-elementor-lightbox-title=\"Solidaridad 10_07_22 F4\" data-e-action-hash=\"#elementor-action%3Aaction%3Dlightbox%26settings%3DeyJpZCI6NzUzMiwidXJsIjoiaHR0cHM6XC9cL3RyYW5zZm9ybWFycXJvby5jb21cL3dwLWNvbnRlbnRcL3VwbG9hZHNcLzIwMjJcLzA3XC9Tb2xpZGFyaWRhZC0xMF8wN18yMi1GNC5qcGciLCJzbGlkZXNob3ciOiIzMzEzZDFhNCJ9\">\n\t\t\t\t\t<div class=\"e-gallery-image elementor-gallery-item__image\" data-thumbnail=\"https:\/\/transformarqroo.com\/wp-content\/uploads\/2022\/07\/Solidaridad-10_07_22-F4.jpg\" data-width=\"1280\" data-height=\"912\" aria-label=\"\" role=\"img\" ><\/div>\n\t\t\t\t\t\t\t\t\t\t\t<div class=\"elementor-gallery-item__overlay\"><\/div>\n\t\t\t\t\t\t\t\t\t\t\t\t\t\t<\/a>\n\t\t\t\t\t\t\t<a class=\"e-gallery-item elementor-gallery-item elementor-animated-content\" href=\"https:\/\/transformarqroo.com\/wp-content\/uploads\/2022\/07\/Solidaridad-10_07_22-F42.jpg\" data-elementor-open-lightbox=\"yes\" data-elementor-lightbox-slideshow=\"3313d1a4\" data-elementor-lightbox-title=\"Solidaridad 10_07_22 F4(2)\" data-e-action-hash=\"#elementor-action%3Aaction%3Dlightbox%26settings%3DeyJpZCI6NzUzMSwidXJsIjoiaHR0cHM6XC9cL3RyYW5zZm9ybWFycXJvby5jb21cL3dwLWNvbnRlbnRcL3VwbG9hZHNcLzIwMjJcLzA3XC9Tb2xpZGFyaWRhZC0xMF8wN18yMi1GNDIuanBnIiwic2xpZGVzaG93IjoiMzMxM2QxYTQifQ%3D%3D\">\n\t\t\t\t\t<div class=\"e-gallery-image elementor-gallery-item__image\" data-thumbnail=\"https:\/\/transformarqroo.com\/wp-content\/uploads\/2022\/07\/Solidaridad-10_07_22-F42.jpg\" data-width=\"1280\" data-height=\"961\" aria-label=\"\" role=\"img\" ><\/div>\n\t\t\t\t\t\t\t\t\t\t\t<div class=\"elementor-gallery-item__overlay\"><\/div>\n\t\t\t\t\t\t\t\t\t\t\t\t\t\t<\/a>\n\t\t\t\t\t\t\t<a class=\"e-gallery-item elementor-gallery-item elementor-animated-content\" href=\"https:\/\/transformarqroo.com\/wp-content\/uploads\/2022\/07\/Solidaridad-10_07_22-F41.jpg\" data-elementor-open-lightbox=\"yes\" data-elementor-lightbox-slideshow=\"3313d1a4\" data-elementor-lightbox-title=\"Solidaridad 10_07_22 F4(1)\" data-e-action-hash=\"#elementor-action%3Aaction%3Dlightbox%26settings%3DeyJpZCI6NzUzMCwidXJsIjoiaHR0cHM6XC9cL3RyYW5zZm9ybWFycXJvby5jb21cL3dwLWNvbnRlbnRcL3VwbG9hZHNcLzIwMjJcLzA3XC9Tb2xpZGFyaWRhZC0xMF8wN18yMi1GNDEuanBnIiwic2xpZGVzaG93IjoiMzMxM2QxYTQifQ%3D%3D\">\n\t\t\t\t\t<div class=\"e-gallery-image elementor-gallery-item__image\" data-thumbnail=\"https:\/\/transformarqroo.com\/wp-content\/uploads\/2022\/07\/Solidaridad-10_07_22-F41.jpg\" data-width=\"1280\" data-height=\"880\" aria-label=\"\" role=\"img\" ><\/div>\n\t\t\t\t\t\t\t\t\t\t\t<div class=\"elementor-gallery-item__overlay\"><\/div>\n\t\t\t\t\t\t\t\t\t\t\t\t\t\t<\/a>\n\t\t\t\t\t<\/div>\n\t\t\t<\/div>\n\t\t\t\t<\/div>\n\t\t\t\t\t<\/div>\n\t\t<\/div>\n\t\t\t\t\t<\/div>\n\t\t<\/section>\n\t\t\t\t<\/div>\n\t\t","protected":false},"excerpt":{"rendered":"<p>* La sede de los magnos eventos en ocasi\u00f3n de la Feria del Carmen 2022 cuyas actividades se concentran en el recinto ferial de las avenidas CTM con 75. Playa del Carmen, Solidaridad, 10 de julio del 2022.- La presidenta municipal Lili Campos expres\u00f3, ante familias locales, visitantes nacionales y extranjeros, que Solidaridad se merece [&hellip;]<\/p>\n","protected":false},"author":1,"featured_media":7530,"comment_status":"closed","ping_status":"closed","sticky":false,"template":"","format":"standard","meta":{"_FSMCFIC_featured_image_caption":"","_FSMCFIC_featured_image_nocaption":"","_FSMCFIC_featured_image_hide":"1","footnotes":""},"categories":[32,30],"tags":[36],"class_list":["post-7529","post","type-post","status-publish","format-standard","has-post-thumbnail","hentry","category-municipios","category-solidaridad","tag-lili-campos-miranda"],"aioseo_notices":[],"_links":{"self":[{"href":"https:\/\/transformarqroo.com\/index.php\/wp-json\/wp\/v2\/posts\/7529","targetHints":{"allow":["GET"]}}],"collection":[{"href":"https:\/\/transformarqroo.com\/index.php\/wp-json\/wp\/v2\/posts"}],"about":[{"href":"https:\/\/transformarqroo.com\/index.php\/wp-json\/wp\/v2\/types\/post"}],"author":[{"embeddable":true,"href":"https:\/\/transformarqroo.com\/index.php\/wp-json\/wp\/v2\/users\/1"}],"replies":[{"embeddable":true,"href":"https:\/\/transformarqroo.com\/index.php\/wp-json\/wp\/v2\/comments?post=7529"}],"version-history":[{"count":4,"href":"https:\/\/transformarqroo.com\/index.php\/wp-json\/wp\/v2\/posts\/7529\/revisions"}],"predecessor-version":[{"id":7536,"href":"https:\/\/transformarqroo.com\/index.php\/wp-json\/wp\/v2\/posts\/7529\/revisions\/7536"}],"wp:featuredmedia":[{"embeddable":true,"href":"https:\/\/transformarqroo.com\/index.php\/wp-json\/wp\/v2\/media\/7530"}],"wp:attachment":[{"href":"https:\/\/transformarqroo.com\/index.php\/wp-json\/wp\/v2\/media?parent=7529"}],"wp:term":[{"taxonomy":"category","embeddable":true,"href":"https:\/\/transformarqroo.com\/index.php\/wp-json\/wp\/v2\/categories?post=7529"},{"taxonomy":"post_tag","embeddable":true,"href":"https:\/\/transformarqroo.com\/index.php\/wp-json\/wp\/v2\/tags?post=7529"}],"curies":[{"name":"wp","href":"https:\/\/api.w.org\/{rel}","templated":true}]}}