{"id":8124,"date":"2022-08-02T14:33:00","date_gmt":"2022-08-02T19:33:00","guid":{"rendered":"https:\/\/transformarqroo.com\/?p=8124"},"modified":"2022-08-13T14:36:14","modified_gmt":"2022-08-13T19:36:14","slug":"agosto-sera-mes-para-las-y-los-jovenes-solidarenses","status":"publish","type":"post","link":"https:\/\/transformarqroo.com\/index.php\/2022\/08\/02\/agosto-sera-mes-para-las-y-los-jovenes-solidarenses\/","title":{"rendered":"AGOSTO SER\u00c1 MES PARA LAS Y LOS J\u00d3VENES SOLIDARENSES"},"content":{"rendered":"\t\t<div data-elementor-type=\"wp-post\" data-elementor-id=\"8124\" class=\"elementor elementor-8124\" data-elementor-post-type=\"post\">\n\t\t\t\t\t\t<section class=\"elementor-section elementor-top-section elementor-element elementor-element-6ec710cb elementor-section-boxed elementor-section-height-default elementor-section-height-default\" data-id=\"6ec710cb\" data-element_type=\"section\">\n\t\t\t\t\t\t<div class=\"elementor-container elementor-column-gap-default\">\n\t\t\t\t\t<div class=\"elementor-column elementor-col-100 elementor-top-column elementor-element elementor-element-38f3c43e\" data-id=\"38f3c43e\" data-element_type=\"column\">\n\t\t\t<div class=\"elementor-widget-wrap elementor-element-populated\">\n\t\t\t\t\t\t<div class=\"elementor-element elementor-element-596db020 elementor-widget elementor-widget-premium-addon-banner\" data-id=\"596db020\" data-element_type=\"widget\" data-widget_type=\"premium-addon-banner.default\">\n\t\t\t\t<div class=\"elementor-widget-container\">\n\t\t\t\t\t<div class=\"premium-banner-ib premium-banner-min-height premium-banner-animation7 none\">\r\n\t\t\t\t\t\t\t<div class=\"premium-banner-border\">\r\n\t\t\t\t\t<div class=\"premium-banner-br premium-banner-bleft premium-banner-brlr\"><\/div>\r\n\t\t\t\t\t<div class=\"premium-banner-br premium-banner-bright premium-banner-brlr\"><\/div>\r\n\t\t\t\t\t<div class=\"premium-banner-br premium-banner-btop premium-banner-brtb\"><\/div>\r\n\t\t\t\t\t<div class=\"premium-banner-br premium-banner-bottom premium-banner-brtb\"><\/div>\r\n\t\t\t\t<\/div>\r\n\t\t\t\t\t\t\t\t\t\t\t\t\t\t\t<img fetchpriority=\"high\" decoding=\"async\" width=\"1280\" height=\"853\" src=\"https:\/\/transformarqroo.com\/wp-content\/uploads\/2022\/08\/Solidaridad-02_08_22-F23.jpg\" class=\"attachment-full size-full wp-image-8113\" alt=\"\" srcset=\"https:\/\/transformarqroo.com\/wp-content\/uploads\/2022\/08\/Solidaridad-02_08_22-F23.jpg 1280w, https:\/\/transformarqroo.com\/wp-content\/uploads\/2022\/08\/Solidaridad-02_08_22-F23-300x200.jpg 300w, https:\/\/transformarqroo.com\/wp-content\/uploads\/2022\/08\/Solidaridad-02_08_22-F23-1024x682.jpg 1024w, https:\/\/transformarqroo.com\/wp-content\/uploads\/2022\/08\/Solidaridad-02_08_22-F23-768x512.jpg 768w\" sizes=\"(max-width: 1280px) 100vw, 1280px\" \/>\t\t\t\t\t\t\t\t\t\t<div class=\"premium-banner-ib-desc\">\r\n\t\t\t\t\t\t\t\t\t<div class=\"premium-banner-desc-centered\">\r\n\t\t\t\t\t\t\t\t\t<h3 class=\"premium-banner-ib-title premium_banner_title\"><\/h3>\t\t\t\t\t\t\t\t\t\t\t\t\t<\/div>\r\n\t\t\t\t\t\t\t<\/div>\r\n\t\t\t\t\t<\/div>\r\n\t\t\t\t\t\t<\/div>\n\t\t\t\t<\/div>\n\t\t\t\t\t<\/div>\n\t\t<\/div>\n\t\t\t\t\t<\/div>\n\t\t<\/section>\n\t\t\t\t<section class=\"elementor-section elementor-top-section elementor-element elementor-element-968ebb4 elementor-section-boxed elementor-section-height-default elementor-section-height-default\" data-id=\"968ebb4\" data-element_type=\"section\" data-settings=\"{&quot;background_background&quot;:&quot;classic&quot;}\">\n\t\t\t\t\t\t<div class=\"elementor-container elementor-column-gap-default\">\n\t\t\t\t\t<div class=\"elementor-column elementor-col-100 elementor-top-column elementor-element elementor-element-34e27abf\" data-id=\"34e27abf\" data-element_type=\"column\">\n\t\t\t<div class=\"elementor-widget-wrap elementor-element-populated\">\n\t\t\t\t\t\t<div class=\"elementor-element elementor-element-58094161 premium-title-icon-row premium-title-color elementor-widget elementor-widget-premium-addon-title\" data-id=\"58094161\" data-element_type=\"widget\" data-widget_type=\"premium-addon-title.default\">\n\t\t\t\t<div class=\"elementor-widget-container\">\n\t\t\t\r\n\t\t<div class=\"premium-title-container style2\">\r\n\t\t\t<h5 class=\"premium-title-header premium-title-style2\">\r\n\t\t\t\t\r\n\t\t\t\t\t\t\t\t\t\t\t\t\t\t\t<div class=\"premium-title-icon premium-lottie-animation\" data-lottie-url=\"https:\/\/assets8.lottiefiles.com\/packages\/lf20_pcfclxy8.json\" data-lottie-loop=\"true\" data-lottie-reverse=\"\"><\/div>\r\n\t\t\t\t\t\t\t\t\t\r\n\t\t\t\t\t\t\t\t\t\t\t\t<span class=\"premium-title-text\" >\r\n\t\t\t\t\t* Durante agosto, con motivo del D\u00eda Internacional de la Juventud, la presidenta Lili Campos dispuso la organizaci\u00f3n de eventos diversos. \t\t\t\t<\/span>\r\n\t\t\t\t\t\r\n\t\t\t\t\t\t\t\t\t\t\t<\/h5>\r\n\t\t<\/div>\r\n\r\n\t\t\t\t<\/div>\n\t\t\t\t<\/div>\n\t\t\t\t\t<\/div>\n\t\t<\/div>\n\t\t\t\t\t<\/div>\n\t\t<\/section>\n\t\t\t\t<section class=\"elementor-section elementor-top-section elementor-element elementor-element-23720be0 elementor-section-boxed elementor-section-height-default elementor-section-height-default\" data-id=\"23720be0\" data-element_type=\"section\">\n\t\t\t\t\t\t<div class=\"elementor-container elementor-column-gap-default\">\n\t\t\t\t\t<div class=\"elementor-column elementor-col-100 elementor-top-column elementor-element elementor-element-11417596\" data-id=\"11417596\" data-element_type=\"column\">\n\t\t\t<div class=\"elementor-widget-wrap elementor-element-populated\">\n\t\t\t\t\t\t<div class=\"elementor-element elementor-element-8145ed1 elementor-widget elementor-widget-text-editor\" data-id=\"8145ed1\" data-element_type=\"widget\" data-widget_type=\"text-editor.default\">\n\t\t\t\t<div class=\"elementor-widget-container\">\n\t\t\t\t\t\t\t<p><span style=\"font-weight: 400;\">Playa del Carmen, Solidaridad, 2 de agosto de 2022.- El ayuntamiento de Solidaridad, que preside Lili Campos, lleva a cabo diversas actividades culturales y concursos como parte de la celebraci\u00f3n del D\u00eda Internacional de la Juventud, el pr\u00f3ximo 12 de agosto.<\/span><\/p><p>\u00a0<\/p><p><span style=\"font-weight: 400;\">La presidenta municipal dijo que agosto ser\u00e1 de las y los j\u00f3venes, e invit\u00f3 a integrarse a estas actividades.<\/span><\/p><p>\u00a0<\/p><p><span style=\"font-weight: 400;\">Por su parte, el director del Instituto de la Juventud Enrique Giovanni Mart\u00ednez inaugur\u00f3 el muro de la juventud -conmemorativo por ese d\u00eda- ubicado en las instalaciones del ayuntamiento, sobre la avenida CTM. Este mural, realizado por Julio C\u00e9sar Jim\u00e9nez conocido popularmente como Porkchop ink, representa la diversidad y gustos de los j\u00f3venes.<\/span><\/p><p>\u00a0<\/p><p><span style=\"font-weight: 400;\">Enrique Giovanni Mart\u00ednez inform\u00f3 que agosto estar\u00e1 lleno de actividades para el beneficio y goce de los j\u00f3venes, como la guerra de bandas que se llevar\u00e1 a cabo el 6 de agosto, a partir de las 12:00 hrs., en el Parque Fundadores, a fin de promover la sana convivencia, adem\u00e1s de ofrecerles un foro para expresar su m\u00fasica y con ello fomentar la cultura y evitar conductas nocivas.\u00a0<\/span><\/p><p>\u00a0<\/p><p><span style=\"font-weight: 400;\">Asimismo, manifest\u00f3 que el premio \u201cM\u00e9rito Juventud\u201d reconoce la dedicaci\u00f3n y el talento juvenil en distintas disciplinas: acad\u00e9mico, art\u00edstico y cultural, protecci\u00f3n al ambiente, emprendimiento, deportivo, discapacidad e integraci\u00f3n y derechos humanos. El premio para cada una consistir\u00e1 en 10 mil pesos. Para poder postularse se requiere haber destacado en alguno de los temas mencionados, entre otros requisitos.<\/span><\/p><p><span style=\"font-weight: 400;\">Este evento tendr\u00e1 lugar el 12 de agosto a las 11 de la ma\u00f1ana en las instalaciones del Ayuntamiento, en la avenida CTM.<\/span><\/p><p>\u00a0<\/p><p><span style=\"font-weight: 400;\">Por \u00faltimo, coment\u00f3 que tambi\u00e9n se realizar\u00e1 el certamen de belleza, la primera carrera \u201cP\u00edntate por la Juventud\u201d, conferencias magistrales, torneos deportivos, as\u00ed como talleres de dise\u00f1o gr\u00e1fico, de lengua maya e ingl\u00e9s.<\/span><\/p><p>\u00a0<\/p><p><span style=\"font-weight: 400;\">Para mayores informes y especificaciones de las convocatorias, los interesados pueden acudir a las oficinas del Instituto de la Juventud, ubicado en Ciudad Juventud, en calle 17 sur con avenida 150 en la colonia Bella Vista, tel\u00e9fono 984 222 45 52<\/span><\/p>\t\t\t\t\t\t<\/div>\n\t\t\t\t<\/div>\n\t\t\t\t\t<\/div>\n\t\t<\/div>\n\t\t\t\t\t<\/div>\n\t\t<\/section>\n\t\t\t\t<section class=\"elementor-section elementor-top-section elementor-element elementor-element-1d56aadf elementor-section-boxed elementor-section-height-default elementor-section-height-default\" data-id=\"1d56aadf\" data-element_type=\"section\">\n\t\t\t\t\t\t<div class=\"elementor-container elementor-column-gap-default\">\n\t\t\t\t\t<div class=\"elementor-column elementor-col-100 elementor-top-column elementor-element elementor-element-5c55f156\" data-id=\"5c55f156\" data-element_type=\"column\">\n\t\t\t<div class=\"elementor-widget-wrap elementor-element-populated\">\n\t\t\t\t\t\t<div class=\"elementor-element elementor-element-24ee94b0 elementor-widget elementor-widget-gallery\" data-id=\"24ee94b0\" data-element_type=\"widget\" data-settings=\"{&quot;gallery_layout&quot;:&quot;justified&quot;,&quot;lazyload&quot;:&quot;yes&quot;,&quot;ideal_row_height&quot;:{&quot;unit&quot;:&quot;px&quot;,&quot;size&quot;:200,&quot;sizes&quot;:[]},&quot;ideal_row_height_tablet&quot;:{&quot;unit&quot;:&quot;px&quot;,&quot;size&quot;:150,&quot;sizes&quot;:[]},&quot;ideal_row_height_mobile&quot;:{&quot;unit&quot;:&quot;px&quot;,&quot;size&quot;:150,&quot;sizes&quot;:[]},&quot;gap&quot;:{&quot;unit&quot;:&quot;px&quot;,&quot;size&quot;:10,&quot;sizes&quot;:[]},&quot;gap_tablet&quot;:{&quot;unit&quot;:&quot;px&quot;,&quot;size&quot;:10,&quot;sizes&quot;:[]},&quot;gap_mobile&quot;:{&quot;unit&quot;:&quot;px&quot;,&quot;size&quot;:10,&quot;sizes&quot;:[]},&quot;link_to&quot;:&quot;file&quot;,&quot;overlay_background&quot;:&quot;yes&quot;,&quot;content_hover_animation&quot;:&quot;fade-in&quot;}\" data-widget_type=\"gallery.default\">\n\t\t\t\t<div class=\"elementor-widget-container\">\n\t\t\t\t\t<div class=\"elementor-gallery__container\">\n\t\t\t\t\t\t\t<a class=\"e-gallery-item elementor-gallery-item elementor-animated-content\" href=\"https:\/\/transformarqroo.com\/wp-content\/uploads\/2022\/08\/Solidaridad-02_08_22-F21.jpg\" data-elementor-open-lightbox=\"yes\" data-elementor-lightbox-slideshow=\"24ee94b0\" data-elementor-lightbox-title=\"Solidaridad 02_08_22 F2(1)\" data-e-action-hash=\"#elementor-action%3Aaction%3Dlightbox%26settings%3DeyJpZCI6ODExNSwidXJsIjoiaHR0cHM6XC9cL3RyYW5zZm9ybWFycXJvby5jb21cL3dwLWNvbnRlbnRcL3VwbG9hZHNcLzIwMjJcLzA4XC9Tb2xpZGFyaWRhZC0wMl8wOF8yMi1GMjEuanBnIiwic2xpZGVzaG93IjoiMjRlZTk0YjAifQ%3D%3D\">\n\t\t\t\t\t<div class=\"e-gallery-image elementor-gallery-item__image\" data-thumbnail=\"https:\/\/transformarqroo.com\/wp-content\/uploads\/2022\/08\/Solidaridad-02_08_22-F21.jpg\" data-width=\"1280\" data-height=\"853\" aria-label=\"\" role=\"img\" ><\/div>\n\t\t\t\t\t\t\t\t\t\t\t<div class=\"elementor-gallery-item__overlay\"><\/div>\n\t\t\t\t\t\t\t\t\t\t\t\t\t\t<\/a>\n\t\t\t\t\t\t\t<a class=\"e-gallery-item elementor-gallery-item elementor-animated-content\" href=\"https:\/\/transformarqroo.com\/wp-content\/uploads\/2022\/08\/Solidaridad-02_08_22-F22.jpg\" data-elementor-open-lightbox=\"yes\" data-elementor-lightbox-slideshow=\"24ee94b0\" data-elementor-lightbox-title=\"Solidaridad 02_08_22 F2(2)\" data-e-action-hash=\"#elementor-action%3Aaction%3Dlightbox%26settings%3DeyJpZCI6ODExNCwidXJsIjoiaHR0cHM6XC9cL3RyYW5zZm9ybWFycXJvby5jb21cL3dwLWNvbnRlbnRcL3VwbG9hZHNcLzIwMjJcLzA4XC9Tb2xpZGFyaWRhZC0wMl8wOF8yMi1GMjIuanBnIiwic2xpZGVzaG93IjoiMjRlZTk0YjAifQ%3D%3D\">\n\t\t\t\t\t<div class=\"e-gallery-image elementor-gallery-item__image\" data-thumbnail=\"https:\/\/transformarqroo.com\/wp-content\/uploads\/2022\/08\/Solidaridad-02_08_22-F22.jpg\" data-width=\"721\" data-height=\"1090\" aria-label=\"\" role=\"img\" ><\/div>\n\t\t\t\t\t\t\t\t\t\t\t<div class=\"elementor-gallery-item__overlay\"><\/div>\n\t\t\t\t\t\t\t\t\t\t\t\t\t\t<\/a>\n\t\t\t\t\t\t\t<a class=\"e-gallery-item elementor-gallery-item elementor-animated-content\" href=\"https:\/\/transformarqroo.com\/wp-content\/uploads\/2022\/08\/Solidaridad-02_08_22-F23.jpg\" data-elementor-open-lightbox=\"yes\" data-elementor-lightbox-slideshow=\"24ee94b0\" data-elementor-lightbox-title=\"Solidaridad 02_08_22 F2(3)\" data-e-action-hash=\"#elementor-action%3Aaction%3Dlightbox%26settings%3DeyJpZCI6ODExMywidXJsIjoiaHR0cHM6XC9cL3RyYW5zZm9ybWFycXJvby5jb21cL3dwLWNvbnRlbnRcL3VwbG9hZHNcLzIwMjJcLzA4XC9Tb2xpZGFyaWRhZC0wMl8wOF8yMi1GMjMuanBnIiwic2xpZGVzaG93IjoiMjRlZTk0YjAifQ%3D%3D\">\n\t\t\t\t\t<div class=\"e-gallery-image elementor-gallery-item__image\" data-thumbnail=\"https:\/\/transformarqroo.com\/wp-content\/uploads\/2022\/08\/Solidaridad-02_08_22-F23.jpg\" data-width=\"1280\" data-height=\"853\" aria-label=\"\" role=\"img\" ><\/div>\n\t\t\t\t\t\t\t\t\t\t\t<div class=\"elementor-gallery-item__overlay\"><\/div>\n\t\t\t\t\t\t\t\t\t\t\t\t\t\t<\/a>\n\t\t\t\t\t\t\t<a class=\"e-gallery-item elementor-gallery-item elementor-animated-content\" href=\"https:\/\/transformarqroo.com\/wp-content\/uploads\/2022\/08\/Solidaridad-02_08_22-F2.jpg\" data-elementor-open-lightbox=\"yes\" data-elementor-lightbox-slideshow=\"24ee94b0\" data-elementor-lightbox-title=\"Solidaridad 02_08_22 F2\" data-e-action-hash=\"#elementor-action%3Aaction%3Dlightbox%26settings%3DeyJpZCI6ODExMiwidXJsIjoiaHR0cHM6XC9cL3RyYW5zZm9ybWFycXJvby5jb21cL3dwLWNvbnRlbnRcL3VwbG9hZHNcLzIwMjJcLzA4XC9Tb2xpZGFyaWRhZC0wMl8wOF8yMi1GMi5qcGciLCJzbGlkZXNob3ciOiIyNGVlOTRiMCJ9\">\n\t\t\t\t\t<div class=\"e-gallery-image elementor-gallery-item__image\" data-thumbnail=\"https:\/\/transformarqroo.com\/wp-content\/uploads\/2022\/08\/Solidaridad-02_08_22-F2.jpg\" data-width=\"1280\" data-height=\"853\" aria-label=\"\" role=\"img\" ><\/div>\n\t\t\t\t\t\t\t\t\t\t\t<div class=\"elementor-gallery-item__overlay\"><\/div>\n\t\t\t\t\t\t\t\t\t\t\t\t\t\t<\/a>\n\t\t\t\t\t<\/div>\n\t\t\t<\/div>\n\t\t\t\t<\/div>\n\t\t\t\t\t<\/div>\n\t\t<\/div>\n\t\t\t\t\t<\/div>\n\t\t<\/section>\n\t\t\t\t<\/div>\n\t\t","protected":false},"excerpt":{"rendered":"<p>* Durante agosto, con motivo del D\u00eda Internacional de la Juventud, la presidenta Lili Campos dispuso la organizaci\u00f3n de eventos diversos. Playa del Carmen, Solidaridad, 2 de agosto de 2022.- El ayuntamiento de Solidaridad, que preside Lili Campos, lleva a cabo diversas actividades culturales y concursos como parte de la celebraci\u00f3n del D\u00eda Internacional de [&hellip;]<\/p>\n","protected":false},"author":1,"featured_media":8113,"comment_status":"closed","ping_status":"closed","sticky":false,"template":"","format":"standard","meta":{"_FSMCFIC_featured_image_caption":"","_FSMCFIC_featured_image_nocaption":"","_FSMCFIC_featured_image_hide":"1","footnotes":""},"categories":[32,30],"tags":[36],"class_list":["post-8124","post","type-post","status-publish","format-standard","has-post-thumbnail","hentry","category-municipios","category-solidaridad","tag-lili-campos-miranda"],"aioseo_notices":[],"_links":{"self":[{"href":"https:\/\/transformarqroo.com\/index.php\/wp-json\/wp\/v2\/posts\/8124","targetHints":{"allow":["GET"]}}],"collection":[{"href":"https:\/\/transformarqroo.com\/index.php\/wp-json\/wp\/v2\/posts"}],"about":[{"href":"https:\/\/transformarqroo.com\/index.php\/wp-json\/wp\/v2\/types\/post"}],"author":[{"embeddable":true,"href":"https:\/\/transformarqroo.com\/index.php\/wp-json\/wp\/v2\/users\/1"}],"replies":[{"embeddable":true,"href":"https:\/\/transformarqroo.com\/index.php\/wp-json\/wp\/v2\/comments?post=8124"}],"version-history":[{"count":4,"href":"https:\/\/transformarqroo.com\/index.php\/wp-json\/wp\/v2\/posts\/8124\/revisions"}],"predecessor-version":[{"id":8128,"href":"https:\/\/transformarqroo.com\/index.php\/wp-json\/wp\/v2\/posts\/8124\/revisions\/8128"}],"wp:featuredmedia":[{"embeddable":true,"href":"https:\/\/transformarqroo.com\/index.php\/wp-json\/wp\/v2\/media\/8113"}],"wp:attachment":[{"href":"https:\/\/transformarqroo.com\/index.php\/wp-json\/wp\/v2\/media?parent=8124"}],"wp:term":[{"taxonomy":"category","embeddable":true,"href":"https:\/\/transformarqroo.com\/index.php\/wp-json\/wp\/v2\/categories?post=8124"},{"taxonomy":"post_tag","embeddable":true,"href":"https:\/\/transformarqroo.com\/index.php\/wp-json\/wp\/v2\/tags?post=8124"}],"curies":[{"name":"wp","href":"https:\/\/api.w.org\/{rel}","templated":true}]}}