{"id":8175,"date":"2022-08-06T15:02:00","date_gmt":"2022-08-06T20:02:00","guid":{"rendered":"https:\/\/transformarqroo.com\/?p=8175"},"modified":"2022-08-13T15:06:11","modified_gmt":"2022-08-13T20:06:11","slug":"ayuntamiento-apoya-el-talento-juvenil","status":"publish","type":"post","link":"https:\/\/transformarqroo.com\/index.php\/2022\/08\/06\/ayuntamiento-apoya-el-talento-juvenil\/","title":{"rendered":"AYUNTAMIENTO APOYA EL TALENTO JUVENIL"},"content":{"rendered":"\t\t<div data-elementor-type=\"wp-post\" data-elementor-id=\"8175\" class=\"elementor elementor-8175\" data-elementor-post-type=\"post\">\n\t\t\t\t\t\t<section class=\"elementor-section elementor-top-section elementor-element elementor-element-66473fb7 elementor-section-boxed elementor-section-height-default elementor-section-height-default\" data-id=\"66473fb7\" data-element_type=\"section\">\n\t\t\t\t\t\t<div class=\"elementor-container elementor-column-gap-default\">\n\t\t\t\t\t<div class=\"elementor-column elementor-col-100 elementor-top-column elementor-element elementor-element-40c48608\" data-id=\"40c48608\" data-element_type=\"column\">\n\t\t\t<div class=\"elementor-widget-wrap elementor-element-populated\">\n\t\t\t\t\t\t<div class=\"elementor-element elementor-element-2014e7f7 elementor-widget elementor-widget-premium-addon-banner\" data-id=\"2014e7f7\" data-element_type=\"widget\" data-widget_type=\"premium-addon-banner.default\">\n\t\t\t\t<div class=\"elementor-widget-container\">\n\t\t\t\t\t<div class=\"premium-banner-ib premium-banner-min-height premium-banner-animation7 none\">\r\n\t\t\t\t\t\t\t<div class=\"premium-banner-border\">\r\n\t\t\t\t\t<div class=\"premium-banner-br premium-banner-bleft premium-banner-brlr\"><\/div>\r\n\t\t\t\t\t<div class=\"premium-banner-br premium-banner-bright premium-banner-brlr\"><\/div>\r\n\t\t\t\t\t<div class=\"premium-banner-br premium-banner-btop premium-banner-brtb\"><\/div>\r\n\t\t\t\t\t<div class=\"premium-banner-br premium-banner-bottom premium-banner-brtb\"><\/div>\r\n\t\t\t\t<\/div>\r\n\t\t\t\t\t\t\t\t\t\t\t\t\t\t\t<img fetchpriority=\"high\" decoding=\"async\" width=\"1280\" height=\"853\" src=\"https:\/\/transformarqroo.com\/wp-content\/uploads\/2022\/08\/Solidaridad-06_08_221.jpg\" class=\"attachment-full size-full wp-image-8179\" alt=\"\" srcset=\"https:\/\/transformarqroo.com\/wp-content\/uploads\/2022\/08\/Solidaridad-06_08_221.jpg 1280w, https:\/\/transformarqroo.com\/wp-content\/uploads\/2022\/08\/Solidaridad-06_08_221-300x200.jpg 300w, https:\/\/transformarqroo.com\/wp-content\/uploads\/2022\/08\/Solidaridad-06_08_221-1024x682.jpg 1024w, https:\/\/transformarqroo.com\/wp-content\/uploads\/2022\/08\/Solidaridad-06_08_221-768x512.jpg 768w\" sizes=\"(max-width: 1280px) 100vw, 1280px\" \/>\t\t\t\t\t\t\t\t\t\t<div class=\"premium-banner-ib-desc\">\r\n\t\t\t\t\t\t\t\t\t<div class=\"premium-banner-desc-centered\">\r\n\t\t\t\t\t\t\t\t\t<h3 class=\"premium-banner-ib-title premium_banner_title\"><\/h3>\t\t\t\t\t\t\t\t\t\t\t\t\t<\/div>\r\n\t\t\t\t\t\t\t<\/div>\r\n\t\t\t\t\t<\/div>\r\n\t\t\t\t\t\t<\/div>\n\t\t\t\t<\/div>\n\t\t\t\t\t<\/div>\n\t\t<\/div>\n\t\t\t\t\t<\/div>\n\t\t<\/section>\n\t\t\t\t<section class=\"elementor-section elementor-top-section elementor-element elementor-element-215fa0f0 elementor-section-boxed elementor-section-height-default elementor-section-height-default\" data-id=\"215fa0f0\" data-element_type=\"section\">\n\t\t\t\t\t\t<div class=\"elementor-container elementor-column-gap-default\">\n\t\t\t\t\t<div class=\"elementor-column elementor-col-100 elementor-top-column elementor-element elementor-element-6c072a38\" data-id=\"6c072a38\" data-element_type=\"column\">\n\t\t\t<div class=\"elementor-widget-wrap elementor-element-populated\">\n\t\t\t\t\t\t<div class=\"elementor-element elementor-element-19ef4899 elementor-widget elementor-widget-text-editor\" data-id=\"19ef4899\" data-element_type=\"widget\" data-widget_type=\"text-editor.default\">\n\t\t\t\t<div class=\"elementor-widget-container\">\n\t\t\t\t\t\t\t<p><span style=\"font-weight: 400;\">Playa del Carmen, Solidaridad a 06 de agosto del 2022.-\u00a0 Con el objetivo de brindar m\u00e1s espacios a j\u00f3venes emprendedores, el gobierno de Solidaridad presidido por Lili Campos, a trav\u00e9s del Instituto de la juventud llev\u00f3 a cabo ante cientos de asistentes el evento musical \u201cBatalla de bandas Juvenrock\u201d en la plaza c\u00edvica frente al palacio del centro. Llev\u00e1ndose el primer lugar la agrupaci\u00f3n \u00abHeadbang\u00bb.<\/span><\/p><p>\u00a0<\/p><p><span style=\"font-weight: 400;\">Enrique Mart\u00ednez, titular de ese Instituto, record\u00f3 que agosto fue denominado por la edil municipal como \u201cel mes de la juventud\u201d comprometi\u00e9ndose a proporcionar m\u00e1s espacios p\u00fablicos para que las juventudes expresen su talento art\u00edstico y al mismo tiempo fortalezcan lazos de integraci\u00f3n y convivencia, como fue entre los integrantes de las ocho bandas participantes, la noche del viernes.<\/span><\/p><p><br \/><br \/><\/p><p><span style=\"font-weight: 400;\">En representaci\u00f3n de la edil Lili Campos, el secretario general Juan Novelo Zapata,\u00a0 afirm\u00f3 que la actual administraci\u00f3n impulsa d\u00eda a d\u00eda a los j\u00f3venes a desarrollarse, como lo est\u00e1n haciendo emprendedores del bazar juvenil, a quienes la autoridad les brinda un espacio para promocionar, vender sus artesan\u00edas y dem\u00e1s art\u00edculos, que les permita independencia econ\u00f3mica y mayor calidad de vida.<\/span><\/p><p>\u00a0<\/p><p><span style=\"font-weight: 400;\">El jurado calificador estuvo integrado por: el s\u00edndico Adri\u00e1n P\u00e9rez Vera,\u00a0 regidor Luis Alan Ochoa; el director del IMCAS Jorge Luis Borroto, el experto en bandas William Aguilar y la cantante Itzel\u00a0 Manzanero, quienes determinaron que los ganadores fueron: Headbang, Oveja Negra y Red cigarrettes, respectivamente.<\/span><\/p><p><span style=\"font-weight: 400;\">Las otras bandas participantes fueron: Siluet, Monabby, Hell Wolves, Headbang, The Akami y Venus.<\/span><\/p>\t\t\t\t\t\t<\/div>\n\t\t\t\t<\/div>\n\t\t\t\t\t<\/div>\n\t\t<\/div>\n\t\t\t\t\t<\/div>\n\t\t<\/section>\n\t\t\t\t<section class=\"elementor-section elementor-top-section elementor-element elementor-element-17c22905 elementor-section-boxed elementor-section-height-default elementor-section-height-default\" data-id=\"17c22905\" data-element_type=\"section\">\n\t\t\t\t\t\t<div class=\"elementor-container elementor-column-gap-default\">\n\t\t\t\t\t<div class=\"elementor-column elementor-col-100 elementor-top-column elementor-element elementor-element-50674065\" data-id=\"50674065\" data-element_type=\"column\">\n\t\t\t<div class=\"elementor-widget-wrap elementor-element-populated\">\n\t\t\t\t\t\t<div class=\"elementor-element elementor-element-a28ff4d elementor-widget elementor-widget-gallery\" data-id=\"a28ff4d\" data-element_type=\"widget\" data-settings=\"{&quot;gallery_layout&quot;:&quot;justified&quot;,&quot;lazyload&quot;:&quot;yes&quot;,&quot;ideal_row_height&quot;:{&quot;unit&quot;:&quot;px&quot;,&quot;size&quot;:200,&quot;sizes&quot;:[]},&quot;ideal_row_height_tablet&quot;:{&quot;unit&quot;:&quot;px&quot;,&quot;size&quot;:150,&quot;sizes&quot;:[]},&quot;ideal_row_height_mobile&quot;:{&quot;unit&quot;:&quot;px&quot;,&quot;size&quot;:150,&quot;sizes&quot;:[]},&quot;gap&quot;:{&quot;unit&quot;:&quot;px&quot;,&quot;size&quot;:10,&quot;sizes&quot;:[]},&quot;gap_tablet&quot;:{&quot;unit&quot;:&quot;px&quot;,&quot;size&quot;:10,&quot;sizes&quot;:[]},&quot;gap_mobile&quot;:{&quot;unit&quot;:&quot;px&quot;,&quot;size&quot;:10,&quot;sizes&quot;:[]},&quot;link_to&quot;:&quot;file&quot;,&quot;overlay_background&quot;:&quot;yes&quot;,&quot;content_hover_animation&quot;:&quot;fade-in&quot;}\" data-widget_type=\"gallery.default\">\n\t\t\t\t<div class=\"elementor-widget-container\">\n\t\t\t\t\t<div class=\"elementor-gallery__container\">\n\t\t\t\t\t\t\t<a class=\"e-gallery-item elementor-gallery-item elementor-animated-content\" href=\"https:\/\/transformarqroo.com\/wp-content\/uploads\/2022\/08\/Solidaridad-06_08_221.jpg\" data-elementor-open-lightbox=\"yes\" data-elementor-lightbox-slideshow=\"a28ff4d\" data-elementor-lightbox-title=\"Solidaridad 06_08_22(1)\" data-e-action-hash=\"#elementor-action%3Aaction%3Dlightbox%26settings%3DeyJpZCI6ODE3OSwidXJsIjoiaHR0cHM6XC9cL3RyYW5zZm9ybWFycXJvby5jb21cL3dwLWNvbnRlbnRcL3VwbG9hZHNcLzIwMjJcLzA4XC9Tb2xpZGFyaWRhZC0wNl8wOF8yMjEuanBnIiwic2xpZGVzaG93IjoiYTI4ZmY0ZCJ9\">\n\t\t\t\t\t<div class=\"e-gallery-image elementor-gallery-item__image\" data-thumbnail=\"https:\/\/transformarqroo.com\/wp-content\/uploads\/2022\/08\/Solidaridad-06_08_221.jpg\" data-width=\"1280\" data-height=\"853\" aria-label=\"\" role=\"img\" ><\/div>\n\t\t\t\t\t\t\t\t\t\t\t<div class=\"elementor-gallery-item__overlay\"><\/div>\n\t\t\t\t\t\t\t\t\t\t\t\t\t\t<\/a>\n\t\t\t\t\t\t\t<a class=\"e-gallery-item elementor-gallery-item elementor-animated-content\" href=\"https:\/\/transformarqroo.com\/wp-content\/uploads\/2022\/08\/Solidaridad-06_08_222.jpg\" data-elementor-open-lightbox=\"yes\" data-elementor-lightbox-slideshow=\"a28ff4d\" data-elementor-lightbox-title=\"Solidaridad 06_08_22(2)\" data-e-action-hash=\"#elementor-action%3Aaction%3Dlightbox%26settings%3DeyJpZCI6ODE3OCwidXJsIjoiaHR0cHM6XC9cL3RyYW5zZm9ybWFycXJvby5jb21cL3dwLWNvbnRlbnRcL3VwbG9hZHNcLzIwMjJcLzA4XC9Tb2xpZGFyaWRhZC0wNl8wOF8yMjIuanBnIiwic2xpZGVzaG93IjoiYTI4ZmY0ZCJ9\">\n\t\t\t\t\t<div class=\"e-gallery-image elementor-gallery-item__image\" data-thumbnail=\"https:\/\/transformarqroo.com\/wp-content\/uploads\/2022\/08\/Solidaridad-06_08_222.jpg\" data-width=\"1280\" data-height=\"853\" aria-label=\"\" role=\"img\" ><\/div>\n\t\t\t\t\t\t\t\t\t\t\t<div class=\"elementor-gallery-item__overlay\"><\/div>\n\t\t\t\t\t\t\t\t\t\t\t\t\t\t<\/a>\n\t\t\t\t\t\t\t<a class=\"e-gallery-item elementor-gallery-item elementor-animated-content\" href=\"https:\/\/transformarqroo.com\/wp-content\/uploads\/2022\/08\/Solidaridad-06_08_223.jpg\" data-elementor-open-lightbox=\"yes\" data-elementor-lightbox-slideshow=\"a28ff4d\" data-elementor-lightbox-title=\"Solidaridad 06_08_22(3)\" data-e-action-hash=\"#elementor-action%3Aaction%3Dlightbox%26settings%3DeyJpZCI6ODE3NywidXJsIjoiaHR0cHM6XC9cL3RyYW5zZm9ybWFycXJvby5jb21cL3dwLWNvbnRlbnRcL3VwbG9hZHNcLzIwMjJcLzA4XC9Tb2xpZGFyaWRhZC0wNl8wOF8yMjMuanBnIiwic2xpZGVzaG93IjoiYTI4ZmY0ZCJ9\">\n\t\t\t\t\t<div class=\"e-gallery-image elementor-gallery-item__image\" data-thumbnail=\"https:\/\/transformarqroo.com\/wp-content\/uploads\/2022\/08\/Solidaridad-06_08_223.jpg\" data-width=\"1280\" data-height=\"853\" aria-label=\"\" role=\"img\" ><\/div>\n\t\t\t\t\t\t\t\t\t\t\t<div class=\"elementor-gallery-item__overlay\"><\/div>\n\t\t\t\t\t\t\t\t\t\t\t\t\t\t<\/a>\n\t\t\t\t\t\t\t<a class=\"e-gallery-item elementor-gallery-item elementor-animated-content\" href=\"https:\/\/transformarqroo.com\/wp-content\/uploads\/2022\/08\/Solidaridad-06_08_22.jpg\" data-elementor-open-lightbox=\"yes\" data-elementor-lightbox-slideshow=\"a28ff4d\" data-elementor-lightbox-title=\"Solidaridad 06_08_22\" data-e-action-hash=\"#elementor-action%3Aaction%3Dlightbox%26settings%3DeyJpZCI6ODE3NiwidXJsIjoiaHR0cHM6XC9cL3RyYW5zZm9ybWFycXJvby5jb21cL3dwLWNvbnRlbnRcL3VwbG9hZHNcLzIwMjJcLzA4XC9Tb2xpZGFyaWRhZC0wNl8wOF8yMi5qcGciLCJzbGlkZXNob3ciOiJhMjhmZjRkIn0%3D\">\n\t\t\t\t\t<div class=\"e-gallery-image elementor-gallery-item__image\" data-thumbnail=\"https:\/\/transformarqroo.com\/wp-content\/uploads\/2022\/08\/Solidaridad-06_08_22.jpg\" data-width=\"1280\" data-height=\"853\" aria-label=\"\" role=\"img\" ><\/div>\n\t\t\t\t\t\t\t\t\t\t\t<div class=\"elementor-gallery-item__overlay\"><\/div>\n\t\t\t\t\t\t\t\t\t\t\t\t\t\t<\/a>\n\t\t\t\t\t<\/div>\n\t\t\t<\/div>\n\t\t\t\t<\/div>\n\t\t\t\t\t<\/div>\n\t\t<\/div>\n\t\t\t\t\t<\/div>\n\t\t<\/section>\n\t\t\t\t<\/div>\n\t\t","protected":false},"excerpt":{"rendered":"<p>Playa del Carmen, Solidaridad a 06 de agosto del 2022.-\u00a0 Con el objetivo de brindar m\u00e1s espacios a j\u00f3venes emprendedores, el gobierno de Solidaridad presidido por Lili Campos, a trav\u00e9s del Instituto de la juventud llev\u00f3 a cabo ante cientos de asistentes el evento musical \u201cBatalla de bandas Juvenrock\u201d en la plaza c\u00edvica frente al [&hellip;]<\/p>\n","protected":false},"author":1,"featured_media":8179,"comment_status":"closed","ping_status":"closed","sticky":false,"template":"","format":"standard","meta":{"_FSMCFIC_featured_image_caption":"","_FSMCFIC_featured_image_nocaption":"","_FSMCFIC_featured_image_hide":"1","footnotes":""},"categories":[32,30],"tags":[36],"class_list":["post-8175","post","type-post","status-publish","format-standard","has-post-thumbnail","hentry","category-municipios","category-solidaridad","tag-lili-campos-miranda"],"aioseo_notices":[],"_links":{"self":[{"href":"https:\/\/transformarqroo.com\/index.php\/wp-json\/wp\/v2\/posts\/8175","targetHints":{"allow":["GET"]}}],"collection":[{"href":"https:\/\/transformarqroo.com\/index.php\/wp-json\/wp\/v2\/posts"}],"about":[{"href":"https:\/\/transformarqroo.com\/index.php\/wp-json\/wp\/v2\/types\/post"}],"author":[{"embeddable":true,"href":"https:\/\/transformarqroo.com\/index.php\/wp-json\/wp\/v2\/users\/1"}],"replies":[{"embeddable":true,"href":"https:\/\/transformarqroo.com\/index.php\/wp-json\/wp\/v2\/comments?post=8175"}],"version-history":[{"count":4,"href":"https:\/\/transformarqroo.com\/index.php\/wp-json\/wp\/v2\/posts\/8175\/revisions"}],"predecessor-version":[{"id":8183,"href":"https:\/\/transformarqroo.com\/index.php\/wp-json\/wp\/v2\/posts\/8175\/revisions\/8183"}],"wp:featuredmedia":[{"embeddable":true,"href":"https:\/\/transformarqroo.com\/index.php\/wp-json\/wp\/v2\/media\/8179"}],"wp:attachment":[{"href":"https:\/\/transformarqroo.com\/index.php\/wp-json\/wp\/v2\/media?parent=8175"}],"wp:term":[{"taxonomy":"category","embeddable":true,"href":"https:\/\/transformarqroo.com\/index.php\/wp-json\/wp\/v2\/categories?post=8175"},{"taxonomy":"post_tag","embeddable":true,"href":"https:\/\/transformarqroo.com\/index.php\/wp-json\/wp\/v2\/tags?post=8175"}],"curies":[{"name":"wp","href":"https:\/\/api.w.org\/{rel}","templated":true}]}}