{"id":8281,"date":"2022-07-13T16:27:00","date_gmt":"2022-07-13T21:27:00","guid":{"rendered":"https:\/\/transformarqroo.com\/?p=8281"},"modified":"2022-08-13T16:30:28","modified_gmt":"2022-08-13T21:30:28","slug":"anuncia-gobierno-municipal-el-curso-deportivo-de-verano-baaxloob-palaloob","status":"publish","type":"post","link":"https:\/\/transformarqroo.com\/index.php\/2022\/07\/13\/anuncia-gobierno-municipal-el-curso-deportivo-de-verano-baaxloob-palaloob\/","title":{"rendered":"ANUNCIA GOBIERNO MUNICIPAL EL CURSO DEPORTIVO DE VERANO \u201cBAAXLO\u00b4OB PALALO\u00b4OB\u201d"},"content":{"rendered":"\t\t<div data-elementor-type=\"wp-post\" data-elementor-id=\"8281\" class=\"elementor elementor-8281\" data-elementor-post-type=\"post\">\n\t\t\t\t\t\t<section class=\"elementor-section elementor-top-section elementor-element elementor-element-3c37b973 elementor-section-boxed elementor-section-height-default elementor-section-height-default\" data-id=\"3c37b973\" data-element_type=\"section\">\n\t\t\t\t\t\t<div class=\"elementor-container elementor-column-gap-default\">\n\t\t\t\t\t<div class=\"elementor-column elementor-col-100 elementor-top-column elementor-element elementor-element-3a6353ec\" data-id=\"3a6353ec\" data-element_type=\"column\">\n\t\t\t<div class=\"elementor-widget-wrap elementor-element-populated\">\n\t\t\t\t\t\t<div class=\"elementor-element elementor-element-1643c9ce elementor-widget elementor-widget-premium-addon-banner\" data-id=\"1643c9ce\" data-element_type=\"widget\" data-widget_type=\"premium-addon-banner.default\">\n\t\t\t\t<div class=\"elementor-widget-container\">\n\t\t\t\t\t<div class=\"premium-banner-ib premium-banner-min-height premium-banner-animation7 none\">\r\n\t\t\t\t\t\t\t<div class=\"premium-banner-border\">\r\n\t\t\t\t\t<div class=\"premium-banner-br premium-banner-bleft premium-banner-brlr\"><\/div>\r\n\t\t\t\t\t<div class=\"premium-banner-br premium-banner-bright premium-banner-brlr\"><\/div>\r\n\t\t\t\t\t<div class=\"premium-banner-br premium-banner-btop premium-banner-brtb\"><\/div>\r\n\t\t\t\t\t<div class=\"premium-banner-br premium-banner-bottom premium-banner-brtb\"><\/div>\r\n\t\t\t\t<\/div>\r\n\t\t\t\t\t\t\t\t\t\t\t\t\t\t\t<img fetchpriority=\"high\" decoding=\"async\" width=\"800\" height=\"430\" src=\"https:\/\/transformarqroo.com\/wp-content\/uploads\/2022\/08\/Solidaridad-13_07_22-F11.jpg\" class=\"attachment-full size-full wp-image-8283\" alt=\"\" srcset=\"https:\/\/transformarqroo.com\/wp-content\/uploads\/2022\/08\/Solidaridad-13_07_22-F11.jpg 800w, https:\/\/transformarqroo.com\/wp-content\/uploads\/2022\/08\/Solidaridad-13_07_22-F11-300x161.jpg 300w, https:\/\/transformarqroo.com\/wp-content\/uploads\/2022\/08\/Solidaridad-13_07_22-F11-768x413.jpg 768w\" sizes=\"(max-width: 800px) 100vw, 800px\" \/>\t\t\t\t\t\t\t\t\t\t<div class=\"premium-banner-ib-desc\">\r\n\t\t\t\t\t\t\t\t\t<div class=\"premium-banner-desc-centered\">\r\n\t\t\t\t\t\t\t\t\t<h3 class=\"premium-banner-ib-title premium_banner_title\"><\/h3>\t\t\t\t\t\t\t\t\t\t\t\t\t<\/div>\r\n\t\t\t\t\t\t\t<\/div>\r\n\t\t\t\t\t<\/div>\r\n\t\t\t\t\t\t<\/div>\n\t\t\t\t<\/div>\n\t\t\t\t\t<\/div>\n\t\t<\/div>\n\t\t\t\t\t<\/div>\n\t\t<\/section>\n\t\t\t\t<section class=\"elementor-section elementor-top-section elementor-element elementor-element-50f8411e elementor-section-boxed elementor-section-height-default elementor-section-height-default\" data-id=\"50f8411e\" data-element_type=\"section\" data-settings=\"{&quot;background_background&quot;:&quot;classic&quot;}\">\n\t\t\t\t\t\t<div class=\"elementor-container elementor-column-gap-default\">\n\t\t\t\t\t<div class=\"elementor-column elementor-col-100 elementor-top-column elementor-element elementor-element-38deb38e\" data-id=\"38deb38e\" data-element_type=\"column\">\n\t\t\t<div class=\"elementor-widget-wrap elementor-element-populated\">\n\t\t\t\t\t\t<div class=\"elementor-element elementor-element-2de4deb premium-title-icon-row premium-title-color elementor-widget elementor-widget-premium-addon-title\" data-id=\"2de4deb\" data-element_type=\"widget\" data-widget_type=\"premium-addon-title.default\">\n\t\t\t\t<div class=\"elementor-widget-container\">\n\t\t\t\r\n\t\t<div class=\"premium-title-container style2\">\r\n\t\t\t<h5 class=\"premium-title-header premium-title-style2\">\r\n\t\t\t\t\r\n\t\t\t\t\t\t\t\t\t\t\t\t\t\t\t<div class=\"premium-title-icon premium-lottie-animation\" data-lottie-url=\"https:\/\/assets8.lottiefiles.com\/packages\/lf20_pcfclxy8.json\" data-lottie-loop=\"true\" data-lottie-reverse=\"\"><\/div>\r\n\t\t\t\t\t\t\t\t\t\r\n\t\t\t\t\t\t\t\t\t\t\t\t<span class=\"premium-title-text\" >\r\n\t\t\t\t\t* Podr\u00e1n participar ni\u00f1as y ni\u00f1os de 6 a 13 a\u00f1os de edad en las unidades deportivas de la Riviera Maya, y de Puerto Maya en Puerto Aventuras, del 1 al 19 de agosto. \t\t\t\t<\/span>\r\n\t\t\t\t\t\r\n\t\t\t\t\t\t\t\t\t\t\t<\/h5>\r\n\t\t<\/div>\r\n\r\n\t\t\t\t<\/div>\n\t\t\t\t<\/div>\n\t\t\t\t\t<\/div>\n\t\t<\/div>\n\t\t\t\t\t<\/div>\n\t\t<\/section>\n\t\t\t\t<section class=\"elementor-section elementor-top-section elementor-element elementor-element-39d9dcdb elementor-section-boxed elementor-section-height-default elementor-section-height-default\" data-id=\"39d9dcdb\" data-element_type=\"section\">\n\t\t\t\t\t\t<div class=\"elementor-container elementor-column-gap-default\">\n\t\t\t\t\t<div class=\"elementor-column elementor-col-100 elementor-top-column elementor-element elementor-element-63222092\" data-id=\"63222092\" data-element_type=\"column\">\n\t\t\t<div class=\"elementor-widget-wrap elementor-element-populated\">\n\t\t\t\t\t\t<div class=\"elementor-element elementor-element-64ef5f75 elementor-widget elementor-widget-text-editor\" data-id=\"64ef5f75\" data-element_type=\"widget\" data-widget_type=\"text-editor.default\">\n\t\t\t\t<div class=\"elementor-widget-container\">\n\t\t\t\t\t\t\t<p><span style=\"font-weight: 400;\">Playa del Carmen, Solidaridad, 13 de julio de 2022.- Con el objetivo de promover espacios recreativos y deportivos para las ni\u00f1as y ni\u00f1os de Solidaridad durante este periodo vacacional, el gobierno de Lili Campos impulsa el regreso del Curso Deportivo de Verano \u201cBaaxlo\u00b4ob Palalo\u00b4ob\u201d (juego de ni\u00f1o, en traducci\u00f3n de la lengua maya al espa\u00f1ol).<\/span><\/p><p>\u00a0<\/p><p><span style=\"font-weight: 400;\">En conferencia de prensa encabezado por el director general del Instituto del Deporte Municipal (IDM) Amador Guti\u00e9rrez Guigui, se anunci\u00f3 que el curso ser\u00e1 del 1 al 19 de agosto, en las unidades deportivas Riviera Maya, y de Puerto Maya en la alcald\u00eda de Puerto Aventuras, para ni\u00f1os de 6 a los 13 a\u00f1os de edad.<\/span><\/p><p>\u00a0<\/p><p><span style=\"font-weight: 400;\">Guti\u00e9rrez Guigui explic\u00f3 que, con el impulso de la presidenta Lili Campos, se logr\u00f3 regresar este curso de verano que da a los padres de familia un espacio para que sus hijos se diviertan y practiquen deportes como el voleibol de sala, voleibol de playa, futbol, baloncesto, tenis, nataci\u00f3n, boxeo y otros, de las ocho de la ma\u00f1ana a una de la tarde.<\/span><\/p><p>\u00a0<\/p><p><span style=\"font-weight: 400;\">Las inscripciones se abren a partir de ma\u00f1ana jueves en las unidades deportivas de la Riviera Maya y de Puerto Maya, desde las nueve de la ma\u00f1ana a cuatro de la tarde. Se requiere presentar dos fotograf\u00edas tama\u00f1o infantil, copia del acta de nacimiento, de la CURP, certificado m\u00e9dico, copia del INE del tutor y llenar un formato. Se estima una asistencia de mil ni\u00f1as y ni\u00f1os en ambas sedes; tendr\u00e1 un costo de 400 pesos por ni\u00f1o y 250 en caso de llevar hermanos.<\/span><\/p>\t\t\t\t\t\t<\/div>\n\t\t\t\t<\/div>\n\t\t\t\t\t<\/div>\n\t\t<\/div>\n\t\t\t\t\t<\/div>\n\t\t<\/section>\n\t\t\t\t<section class=\"elementor-section elementor-top-section elementor-element elementor-element-364e457 elementor-section-boxed elementor-section-height-default elementor-section-height-default\" data-id=\"364e457\" data-element_type=\"section\">\n\t\t\t\t\t\t<div class=\"elementor-container elementor-column-gap-default\">\n\t\t\t\t\t<div class=\"elementor-column elementor-col-100 elementor-top-column elementor-element elementor-element-683b0778\" data-id=\"683b0778\" data-element_type=\"column\">\n\t\t\t<div class=\"elementor-widget-wrap elementor-element-populated\">\n\t\t\t\t\t\t<div class=\"elementor-element elementor-element-346d3d08 elementor-widget elementor-widget-gallery\" data-id=\"346d3d08\" data-element_type=\"widget\" data-settings=\"{&quot;gallery_layout&quot;:&quot;justified&quot;,&quot;lazyload&quot;:&quot;yes&quot;,&quot;ideal_row_height&quot;:{&quot;unit&quot;:&quot;px&quot;,&quot;size&quot;:200,&quot;sizes&quot;:[]},&quot;ideal_row_height_tablet&quot;:{&quot;unit&quot;:&quot;px&quot;,&quot;size&quot;:150,&quot;sizes&quot;:[]},&quot;ideal_row_height_mobile&quot;:{&quot;unit&quot;:&quot;px&quot;,&quot;size&quot;:150,&quot;sizes&quot;:[]},&quot;gap&quot;:{&quot;unit&quot;:&quot;px&quot;,&quot;size&quot;:10,&quot;sizes&quot;:[]},&quot;gap_tablet&quot;:{&quot;unit&quot;:&quot;px&quot;,&quot;size&quot;:10,&quot;sizes&quot;:[]},&quot;gap_mobile&quot;:{&quot;unit&quot;:&quot;px&quot;,&quot;size&quot;:10,&quot;sizes&quot;:[]},&quot;link_to&quot;:&quot;file&quot;,&quot;overlay_background&quot;:&quot;yes&quot;,&quot;content_hover_animation&quot;:&quot;fade-in&quot;}\" data-widget_type=\"gallery.default\">\n\t\t\t\t<div class=\"elementor-widget-container\">\n\t\t\t\t\t<div class=\"elementor-gallery__container\">\n\t\t\t\t\t\t\t<a class=\"e-gallery-item elementor-gallery-item elementor-animated-content\" href=\"https:\/\/transformarqroo.com\/wp-content\/uploads\/2022\/08\/Solidaridad-13_07_22-F11.jpg\" data-elementor-open-lightbox=\"yes\" data-elementor-lightbox-slideshow=\"346d3d08\" data-elementor-lightbox-title=\"Solidaridad 13_07_22 F1(1)\" data-e-action-hash=\"#elementor-action%3Aaction%3Dlightbox%26settings%3DeyJpZCI6ODI4MywidXJsIjoiaHR0cHM6XC9cL3RyYW5zZm9ybWFycXJvby5jb21cL3dwLWNvbnRlbnRcL3VwbG9hZHNcLzIwMjJcLzA4XC9Tb2xpZGFyaWRhZC0xM18wN18yMi1GMTEuanBnIiwic2xpZGVzaG93IjoiMzQ2ZDNkMDgifQ%3D%3D\">\n\t\t\t\t\t<div class=\"e-gallery-image elementor-gallery-item__image\" data-thumbnail=\"https:\/\/transformarqroo.com\/wp-content\/uploads\/2022\/08\/Solidaridad-13_07_22-F11.jpg\" data-width=\"800\" data-height=\"430\" aria-label=\"\" role=\"img\" ><\/div>\n\t\t\t\t\t\t\t\t\t\t\t<div class=\"elementor-gallery-item__overlay\"><\/div>\n\t\t\t\t\t\t\t\t\t\t\t\t\t\t<\/a>\n\t\t\t\t\t\t\t<a class=\"e-gallery-item elementor-gallery-item elementor-animated-content\" href=\"https:\/\/transformarqroo.com\/wp-content\/uploads\/2022\/08\/Solidaridad-13_07_22-F1.jpg\" data-elementor-open-lightbox=\"yes\" data-elementor-lightbox-slideshow=\"346d3d08\" data-elementor-lightbox-title=\"Solidaridad 13_07_22 F1\" data-e-action-hash=\"#elementor-action%3Aaction%3Dlightbox%26settings%3DeyJpZCI6ODI4MiwidXJsIjoiaHR0cHM6XC9cL3RyYW5zZm9ybWFycXJvby5jb21cL3dwLWNvbnRlbnRcL3VwbG9hZHNcLzIwMjJcLzA4XC9Tb2xpZGFyaWRhZC0xM18wN18yMi1GMS5qcGciLCJzbGlkZXNob3ciOiIzNDZkM2QwOCJ9\">\n\t\t\t\t\t<div class=\"e-gallery-image elementor-gallery-item__image\" data-thumbnail=\"https:\/\/transformarqroo.com\/wp-content\/uploads\/2022\/08\/Solidaridad-13_07_22-F1.jpg\" data-width=\"1280\" data-height=\"788\" aria-label=\"\" role=\"img\" ><\/div>\n\t\t\t\t\t\t\t\t\t\t\t<div class=\"elementor-gallery-item__overlay\"><\/div>\n\t\t\t\t\t\t\t\t\t\t\t\t\t\t<\/a>\n\t\t\t\t\t<\/div>\n\t\t\t<\/div>\n\t\t\t\t<\/div>\n\t\t\t\t\t<\/div>\n\t\t<\/div>\n\t\t\t\t\t<\/div>\n\t\t<\/section>\n\t\t\t\t<\/div>\n\t\t","protected":false},"excerpt":{"rendered":"<p>* Podr\u00e1n participar ni\u00f1as y ni\u00f1os de 6 a 13 a\u00f1os de edad en las unidades deportivas de la Riviera Maya, y de Puerto Maya en Puerto Aventuras, del 1 al 19 de agosto. Playa del Carmen, Solidaridad, 13 de julio de 2022.- Con el objetivo de promover espacios recreativos y deportivos para las ni\u00f1as [&hellip;]<\/p>\n","protected":false},"author":1,"featured_media":8283,"comment_status":"closed","ping_status":"closed","sticky":false,"template":"","format":"standard","meta":{"_FSMCFIC_featured_image_caption":"","_FSMCFIC_featured_image_nocaption":"","_FSMCFIC_featured_image_hide":"1","footnotes":""},"categories":[32,30],"tags":[36],"class_list":["post-8281","post","type-post","status-publish","format-standard","has-post-thumbnail","hentry","category-municipios","category-solidaridad","tag-lili-campos-miranda"],"aioseo_notices":[],"_links":{"self":[{"href":"https:\/\/transformarqroo.com\/index.php\/wp-json\/wp\/v2\/posts\/8281","targetHints":{"allow":["GET"]}}],"collection":[{"href":"https:\/\/transformarqroo.com\/index.php\/wp-json\/wp\/v2\/posts"}],"about":[{"href":"https:\/\/transformarqroo.com\/index.php\/wp-json\/wp\/v2\/types\/post"}],"author":[{"embeddable":true,"href":"https:\/\/transformarqroo.com\/index.php\/wp-json\/wp\/v2\/users\/1"}],"replies":[{"embeddable":true,"href":"https:\/\/transformarqroo.com\/index.php\/wp-json\/wp\/v2\/comments?post=8281"}],"version-history":[{"count":4,"href":"https:\/\/transformarqroo.com\/index.php\/wp-json\/wp\/v2\/posts\/8281\/revisions"}],"predecessor-version":[{"id":8287,"href":"https:\/\/transformarqroo.com\/index.php\/wp-json\/wp\/v2\/posts\/8281\/revisions\/8287"}],"wp:featuredmedia":[{"embeddable":true,"href":"https:\/\/transformarqroo.com\/index.php\/wp-json\/wp\/v2\/media\/8283"}],"wp:attachment":[{"href":"https:\/\/transformarqroo.com\/index.php\/wp-json\/wp\/v2\/media?parent=8281"}],"wp:term":[{"taxonomy":"category","embeddable":true,"href":"https:\/\/transformarqroo.com\/index.php\/wp-json\/wp\/v2\/categories?post=8281"},{"taxonomy":"post_tag","embeddable":true,"href":"https:\/\/transformarqroo.com\/index.php\/wp-json\/wp\/v2\/tags?post=8281"}],"curies":[{"name":"wp","href":"https:\/\/api.w.org\/{rel}","templated":true}]}}