{"id":8464,"date":"2022-07-28T18:21:00","date_gmt":"2022-07-28T23:21:00","guid":{"rendered":"https:\/\/transformarqroo.com\/?p=8464"},"modified":"2022-08-13T18:24:26","modified_gmt":"2022-08-13T23:24:26","slug":"para-comercializar-productos-los-indigenas-tendran-espacios","status":"publish","type":"post","link":"https:\/\/transformarqroo.com\/index.php\/2022\/07\/28\/para-comercializar-productos-los-indigenas-tendran-espacios\/","title":{"rendered":"PARA COMERCIALIZAR PRODUCTOS, LOS IND\u00cdGENAS TENDR\u00c1N ESPACIOS"},"content":{"rendered":"\t\t<div data-elementor-type=\"wp-post\" data-elementor-id=\"8464\" class=\"elementor elementor-8464\" data-elementor-post-type=\"post\">\n\t\t\t\t\t\t<section class=\"elementor-section elementor-top-section elementor-element elementor-element-69573cc6 elementor-section-boxed elementor-section-height-default elementor-section-height-default\" data-id=\"69573cc6\" data-element_type=\"section\">\n\t\t\t\t\t\t<div class=\"elementor-container elementor-column-gap-default\">\n\t\t\t\t\t<div class=\"elementor-column elementor-col-100 elementor-top-column elementor-element elementor-element-4ce142ed\" data-id=\"4ce142ed\" data-element_type=\"column\">\n\t\t\t<div class=\"elementor-widget-wrap elementor-element-populated\">\n\t\t\t\t\t\t<div class=\"elementor-element elementor-element-5d040dcb elementor-widget elementor-widget-premium-addon-banner\" data-id=\"5d040dcb\" data-element_type=\"widget\" data-widget_type=\"premium-addon-banner.default\">\n\t\t\t\t<div class=\"elementor-widget-container\">\n\t\t\t\t\t<div class=\"premium-banner-ib premium-banner-min-height premium-banner-animation7 none\">\r\n\t\t\t\t\t\t\t<div class=\"premium-banner-border\">\r\n\t\t\t\t\t<div class=\"premium-banner-br premium-banner-bleft premium-banner-brlr\"><\/div>\r\n\t\t\t\t\t<div class=\"premium-banner-br premium-banner-bright premium-banner-brlr\"><\/div>\r\n\t\t\t\t\t<div class=\"premium-banner-br premium-banner-btop premium-banner-brtb\"><\/div>\r\n\t\t\t\t\t<div class=\"premium-banner-br premium-banner-bottom premium-banner-brtb\"><\/div>\r\n\t\t\t\t<\/div>\r\n\t\t\t\t\t\t\t\t\t\t\t\t\t\t\t<img fetchpriority=\"high\" decoding=\"async\" width=\"1086\" height=\"724\" src=\"https:\/\/transformarqroo.com\/wp-content\/uploads\/2022\/08\/Solidaridad-28_07_22-F12.jpg\" class=\"attachment-full size-full wp-image-8466\" alt=\"\" srcset=\"https:\/\/transformarqroo.com\/wp-content\/uploads\/2022\/08\/Solidaridad-28_07_22-F12.jpg 1086w, https:\/\/transformarqroo.com\/wp-content\/uploads\/2022\/08\/Solidaridad-28_07_22-F12-300x200.jpg 300w, https:\/\/transformarqroo.com\/wp-content\/uploads\/2022\/08\/Solidaridad-28_07_22-F12-1024x683.jpg 1024w, https:\/\/transformarqroo.com\/wp-content\/uploads\/2022\/08\/Solidaridad-28_07_22-F12-768x512.jpg 768w\" sizes=\"(max-width: 1086px) 100vw, 1086px\" \/>\t\t\t\t\t\t\t\t\t\t<div class=\"premium-banner-ib-desc\">\r\n\t\t\t\t\t\t\t\t\t<div class=\"premium-banner-desc-centered\">\r\n\t\t\t\t\t\t\t\t\t<h3 class=\"premium-banner-ib-title premium_banner_title\"><\/h3>\t\t\t\t\t\t\t\t\t\t\t\t\t<\/div>\r\n\t\t\t\t\t\t\t<\/div>\r\n\t\t\t\t\t<\/div>\r\n\t\t\t\t\t\t<\/div>\n\t\t\t\t<\/div>\n\t\t\t\t\t<\/div>\n\t\t<\/div>\n\t\t\t\t\t<\/div>\n\t\t<\/section>\n\t\t\t\t<section class=\"elementor-section elementor-top-section elementor-element elementor-element-2a34ebec elementor-section-boxed elementor-section-height-default elementor-section-height-default\" data-id=\"2a34ebec\" data-element_type=\"section\" data-settings=\"{&quot;background_background&quot;:&quot;classic&quot;}\">\n\t\t\t\t\t\t<div class=\"elementor-container elementor-column-gap-default\">\n\t\t\t\t\t<div class=\"elementor-column elementor-col-100 elementor-top-column elementor-element elementor-element-7bbe6c4c\" data-id=\"7bbe6c4c\" data-element_type=\"column\">\n\t\t\t<div class=\"elementor-widget-wrap elementor-element-populated\">\n\t\t\t\t\t\t<div class=\"elementor-element elementor-element-237c7612 premium-title-icon-row premium-title-color elementor-widget elementor-widget-premium-addon-title\" data-id=\"237c7612\" data-element_type=\"widget\" data-widget_type=\"premium-addon-title.default\">\n\t\t\t\t<div class=\"elementor-widget-container\">\n\t\t\t\r\n\t\t<div class=\"premium-title-container style2\">\r\n\t\t\t<h5 class=\"premium-title-header premium-title-style2\">\r\n\t\t\t\t\r\n\t\t\t\t\t\t\t\t\t\t\t\t\t\t\t<div class=\"premium-title-icon premium-lottie-animation\" data-lottie-url=\"https:\/\/assets8.lottiefiles.com\/packages\/lf20_pcfclxy8.json\" data-lottie-loop=\"true\" data-lottie-reverse=\"\"><\/div>\r\n\t\t\t\t\t\t\t\t\t\r\n\t\t\t\t\t\t\t\t\t\t\t\t<span class=\"premium-title-text\" >\r\n\t\t\t\t\t* La presidenta Lili Campos gestionar\u00e1 donarles un local en la futura central de abasto y un local en alg\u00fan mercado municipal. \t\t\t\t<\/span>\r\n\t\t\t\t\t\r\n\t\t\t\t\t\t\t\t\t\t\t<\/h5>\r\n\t\t<\/div>\r\n\r\n\t\t\t\t<\/div>\n\t\t\t\t<\/div>\n\t\t\t\t\t<\/div>\n\t\t<\/div>\n\t\t\t\t\t<\/div>\n\t\t<\/section>\n\t\t\t\t<section class=\"elementor-section elementor-top-section elementor-element elementor-element-7ff499d elementor-section-boxed elementor-section-height-default elementor-section-height-default\" data-id=\"7ff499d\" data-element_type=\"section\">\n\t\t\t\t\t\t<div class=\"elementor-container elementor-column-gap-default\">\n\t\t\t\t\t<div class=\"elementor-column elementor-col-100 elementor-top-column elementor-element elementor-element-4b4439fc\" data-id=\"4b4439fc\" data-element_type=\"column\">\n\t\t\t<div class=\"elementor-widget-wrap elementor-element-populated\">\n\t\t\t\t\t\t<div class=\"elementor-element elementor-element-ebbcde elementor-widget elementor-widget-text-editor\" data-id=\"ebbcde\" data-element_type=\"widget\" data-widget_type=\"text-editor.default\">\n\t\t\t\t<div class=\"elementor-widget-container\">\n\t\t\t\t\t\t\t<p><span style=\"font-weight: 400;\">Playa del Carmen, Solidaridad, 28 de julio de 2022.- En el marco de la conmemoraci\u00f3n del 175 aniversario de la lucha social maya, la presidenta Lili Campos ofreci\u00f3 gestionar la donaci\u00f3n de un local en la futura central de abastos para que la comunidad ind\u00edgena pueda comercializar sus productos.\u00a0<\/span><\/p><p>\u00a0<\/p><p><span style=\"font-weight: 400;\">Adem\u00e1s, la edil se comprometi\u00f3 a obtener, con el apoyo del Cabildo, un local en un mercado municipal destinado a la comunidad ind\u00edgena. \u201cLa administraci\u00f3n municipal trabaja en acciones en la parte econ\u00f3mica, pero tambi\u00e9n en los servicios p\u00fablicos, de salud, educaci\u00f3n y en lo necesario para el beneficio de las familias\u201d expres\u00f3 Lili Campos.<\/span><\/p><p>\u00a0<\/p><p><span style=\"font-weight: 400;\">La presidenta municipal de Solidaridad resalt\u00f3 que la lucha social en la que nuestros fundadores, pioneros y dignatarios mayas han estado siempre, debe ser un legado que seguir\u00e1 forj\u00e1ndose con el ejemplo, pasando de generaci\u00f3n tras generaci\u00f3n, \u201cporque solo as\u00ed podemos hacer que este municipio siga brillando y creciendo, que Quintana Roo sea pr\u00f3spero y nos de la mejor calidad de vida para todos los ciudadanos\u201d puntualiz\u00f3.<\/span><\/p><p>\u00a0<\/p><p><span style=\"font-weight: 400;\">Por \u00faltimo, la presidenta municipal manifest\u00f3 que trabaja por y para los solidarenses, en compa\u00f1\u00eda de todo el gabinete y equipo de gobierno. Tenemos la camiseta bien puesta para sacar adelante al municipio, sacar adelante a las familias de solidaridad, verlos felices, libres de violencia, juntas y unidas para lograr un tejido social fuerte, renovar para crecer, con compromiso, con beneficio para las personas.<\/span><\/p><p>\u00a0<\/p><p><span style=\"font-weight: 400;\">Por su parte, Hermelindo Be Cituk, jefe de la Unidad de Asuntos Ind\u00edgenas, manifest\u00f3 la renovaci\u00f3n de una relaci\u00f3n de respeto con las autoridades de la administraci\u00f3n que encabeza Lili Campos. \u201cA trav\u00e9s de la Unidad de Asuntos Ind\u00edgenas se trabaja en una agenda inclusiva, con pol\u00edticas p\u00fablicas compensatorias ante el rezago hist\u00f3rico, con esto se abre un nuevo camino de justicia para los pueblos ind\u00edgenas\u201d manifest\u00f3.<\/span><\/p>\t\t\t\t\t\t<\/div>\n\t\t\t\t<\/div>\n\t\t\t\t\t<\/div>\n\t\t<\/div>\n\t\t\t\t\t<\/div>\n\t\t<\/section>\n\t\t\t\t<section class=\"elementor-section elementor-top-section elementor-element elementor-element-333d936f elementor-section-boxed elementor-section-height-default elementor-section-height-default\" data-id=\"333d936f\" data-element_type=\"section\">\n\t\t\t\t\t\t<div class=\"elementor-container elementor-column-gap-default\">\n\t\t\t\t\t<div class=\"elementor-column elementor-col-100 elementor-top-column elementor-element elementor-element-2b114b94\" data-id=\"2b114b94\" data-element_type=\"column\">\n\t\t\t<div class=\"elementor-widget-wrap elementor-element-populated\">\n\t\t\t\t\t\t<div class=\"elementor-element elementor-element-59de4435 elementor-widget elementor-widget-gallery\" data-id=\"59de4435\" data-element_type=\"widget\" data-settings=\"{&quot;gallery_layout&quot;:&quot;justified&quot;,&quot;lazyload&quot;:&quot;yes&quot;,&quot;ideal_row_height&quot;:{&quot;unit&quot;:&quot;px&quot;,&quot;size&quot;:200,&quot;sizes&quot;:[]},&quot;ideal_row_height_tablet&quot;:{&quot;unit&quot;:&quot;px&quot;,&quot;size&quot;:150,&quot;sizes&quot;:[]},&quot;ideal_row_height_mobile&quot;:{&quot;unit&quot;:&quot;px&quot;,&quot;size&quot;:150,&quot;sizes&quot;:[]},&quot;gap&quot;:{&quot;unit&quot;:&quot;px&quot;,&quot;size&quot;:10,&quot;sizes&quot;:[]},&quot;gap_tablet&quot;:{&quot;unit&quot;:&quot;px&quot;,&quot;size&quot;:10,&quot;sizes&quot;:[]},&quot;gap_mobile&quot;:{&quot;unit&quot;:&quot;px&quot;,&quot;size&quot;:10,&quot;sizes&quot;:[]},&quot;link_to&quot;:&quot;file&quot;,&quot;overlay_background&quot;:&quot;yes&quot;,&quot;content_hover_animation&quot;:&quot;fade-in&quot;}\" data-widget_type=\"gallery.default\">\n\t\t\t\t<div class=\"elementor-widget-container\">\n\t\t\t\t\t<div class=\"elementor-gallery__container\">\n\t\t\t\t\t\t\t<a class=\"e-gallery-item elementor-gallery-item elementor-animated-content\" href=\"https:\/\/transformarqroo.com\/wp-content\/uploads\/2022\/08\/Solidaridad-28_07_22-F12.jpg\" data-elementor-open-lightbox=\"yes\" data-elementor-lightbox-slideshow=\"59de4435\" data-elementor-lightbox-title=\"Solidaridad 28_07_22 F1(2)\" data-e-action-hash=\"#elementor-action%3Aaction%3Dlightbox%26settings%3DeyJpZCI6ODQ2NiwidXJsIjoiaHR0cHM6XC9cL3RyYW5zZm9ybWFycXJvby5jb21cL3dwLWNvbnRlbnRcL3VwbG9hZHNcLzIwMjJcLzA4XC9Tb2xpZGFyaWRhZC0yOF8wN18yMi1GMTIuanBnIiwic2xpZGVzaG93IjoiNTlkZTQ0MzUifQ%3D%3D\">\n\t\t\t\t\t<div class=\"e-gallery-image elementor-gallery-item__image\" data-thumbnail=\"https:\/\/transformarqroo.com\/wp-content\/uploads\/2022\/08\/Solidaridad-28_07_22-F12.jpg\" data-width=\"1086\" data-height=\"724\" aria-label=\"\" role=\"img\" ><\/div>\n\t\t\t\t\t\t\t\t\t\t\t<div class=\"elementor-gallery-item__overlay\"><\/div>\n\t\t\t\t\t\t\t\t\t\t\t\t\t\t<\/a>\n\t\t\t\t\t\t\t<a class=\"e-gallery-item elementor-gallery-item elementor-animated-content\" href=\"https:\/\/transformarqroo.com\/wp-content\/uploads\/2022\/08\/Solidaridad-28_07_22-F11.jpg\" data-elementor-open-lightbox=\"yes\" data-elementor-lightbox-slideshow=\"59de4435\" data-elementor-lightbox-title=\"Solidaridad 28_07_22 F1(1)\" data-e-action-hash=\"#elementor-action%3Aaction%3Dlightbox%26settings%3DeyJpZCI6ODQ2NywidXJsIjoiaHR0cHM6XC9cL3RyYW5zZm9ybWFycXJvby5jb21cL3dwLWNvbnRlbnRcL3VwbG9hZHNcLzIwMjJcLzA4XC9Tb2xpZGFyaWRhZC0yOF8wN18yMi1GMTEuanBnIiwic2xpZGVzaG93IjoiNTlkZTQ0MzUifQ%3D%3D\">\n\t\t\t\t\t<div class=\"e-gallery-image elementor-gallery-item__image\" data-thumbnail=\"https:\/\/transformarqroo.com\/wp-content\/uploads\/2022\/08\/Solidaridad-28_07_22-F11.jpg\" data-width=\"878\" data-height=\"1280\" aria-label=\"\" role=\"img\" ><\/div>\n\t\t\t\t\t\t\t\t\t\t\t<div class=\"elementor-gallery-item__overlay\"><\/div>\n\t\t\t\t\t\t\t\t\t\t\t\t\t\t<\/a>\n\t\t\t\t\t\t\t<a class=\"e-gallery-item elementor-gallery-item elementor-animated-content\" href=\"https:\/\/transformarqroo.com\/wp-content\/uploads\/2022\/08\/Solidaridad-28_07_22-F1.jpg\" data-elementor-open-lightbox=\"yes\" data-elementor-lightbox-slideshow=\"59de4435\" data-elementor-lightbox-title=\"Solidaridad 28_07_22 F1\" data-e-action-hash=\"#elementor-action%3Aaction%3Dlightbox%26settings%3DeyJpZCI6ODQ2NSwidXJsIjoiaHR0cHM6XC9cL3RyYW5zZm9ybWFycXJvby5jb21cL3dwLWNvbnRlbnRcL3VwbG9hZHNcLzIwMjJcLzA4XC9Tb2xpZGFyaWRhZC0yOF8wN18yMi1GMS5qcGciLCJzbGlkZXNob3ciOiI1OWRlNDQzNSJ9\">\n\t\t\t\t\t<div class=\"e-gallery-image elementor-gallery-item__image\" data-thumbnail=\"https:\/\/transformarqroo.com\/wp-content\/uploads\/2022\/08\/Solidaridad-28_07_22-F1.jpg\" data-width=\"1280\" data-height=\"908\" aria-label=\"\" role=\"img\" ><\/div>\n\t\t\t\t\t\t\t\t\t\t\t<div class=\"elementor-gallery-item__overlay\"><\/div>\n\t\t\t\t\t\t\t\t\t\t\t\t\t\t<\/a>\n\t\t\t\t\t<\/div>\n\t\t\t<\/div>\n\t\t\t\t<\/div>\n\t\t\t\t\t<\/div>\n\t\t<\/div>\n\t\t\t\t\t<\/div>\n\t\t<\/section>\n\t\t\t\t<\/div>\n\t\t","protected":false},"excerpt":{"rendered":"<p>* La presidenta Lili Campos gestionar\u00e1 donarles un local en la futura central de abasto y un local en alg\u00fan mercado municipal. Playa del Carmen, Solidaridad, 28 de julio de 2022.- En el marco de la conmemoraci\u00f3n del 175 aniversario de la lucha social maya, la presidenta Lili Campos ofreci\u00f3 gestionar la donaci\u00f3n de un [&hellip;]<\/p>\n","protected":false},"author":1,"featured_media":8466,"comment_status":"closed","ping_status":"closed","sticky":false,"template":"","format":"standard","meta":{"_FSMCFIC_featured_image_caption":"","_FSMCFIC_featured_image_nocaption":"","_FSMCFIC_featured_image_hide":"1","footnotes":""},"categories":[32,30],"tags":[36],"class_list":["post-8464","post","type-post","status-publish","format-standard","has-post-thumbnail","hentry","category-municipios","category-solidaridad","tag-lili-campos-miranda"],"aioseo_notices":[],"_links":{"self":[{"href":"https:\/\/transformarqroo.com\/index.php\/wp-json\/wp\/v2\/posts\/8464","targetHints":{"allow":["GET"]}}],"collection":[{"href":"https:\/\/transformarqroo.com\/index.php\/wp-json\/wp\/v2\/posts"}],"about":[{"href":"https:\/\/transformarqroo.com\/index.php\/wp-json\/wp\/v2\/types\/post"}],"author":[{"embeddable":true,"href":"https:\/\/transformarqroo.com\/index.php\/wp-json\/wp\/v2\/users\/1"}],"replies":[{"embeddable":true,"href":"https:\/\/transformarqroo.com\/index.php\/wp-json\/wp\/v2\/comments?post=8464"}],"version-history":[{"count":4,"href":"https:\/\/transformarqroo.com\/index.php\/wp-json\/wp\/v2\/posts\/8464\/revisions"}],"predecessor-version":[{"id":8471,"href":"https:\/\/transformarqroo.com\/index.php\/wp-json\/wp\/v2\/posts\/8464\/revisions\/8471"}],"wp:featuredmedia":[{"embeddable":true,"href":"https:\/\/transformarqroo.com\/index.php\/wp-json\/wp\/v2\/media\/8466"}],"wp:attachment":[{"href":"https:\/\/transformarqroo.com\/index.php\/wp-json\/wp\/v2\/media?parent=8464"}],"wp:term":[{"taxonomy":"category","embeddable":true,"href":"https:\/\/transformarqroo.com\/index.php\/wp-json\/wp\/v2\/categories?post=8464"},{"taxonomy":"post_tag","embeddable":true,"href":"https:\/\/transformarqroo.com\/index.php\/wp-json\/wp\/v2\/tags?post=8464"}],"curies":[{"name":"wp","href":"https:\/\/api.w.org\/{rel}","templated":true}]}}